{"id":787,"date":"2018-01-29T11:19:50","date_gmt":"2018-01-29T11:19:50","guid":{"rendered":"https:\/\/www.lacestitadelbebe.es\/blog\/?p=787"},"modified":"2018-01-29T11:19:50","modified_gmt":"2018-01-29T11:19:50","slug":"caidas-los-ninos","status":"publish","type":"post","link":"https:\/\/www.lacestitadelbebe.es\/blog\/caidas-los-ninos\/","title":{"rendered":"Ca\u00eddas en los ni\u00f1os"},"content":{"rendered":"<p>Hoy desde nuestro blog vamos a tratar este importante tema, las ca\u00eddas en los ni\u00f1os. Y es que todos pasamos por estos traumas, forman parte de nuestra vida, en el aprendizaje para andar, saltar y correr. Desde <a href=\"https:\/\/www.lacestitadelbebe.es\/es\">lacestitadelbebe<\/a> vamos a hablaros un poco y ofreceros algunos consejos pr\u00e1cticos de c\u00f3mo actuar si ocurren estas temidas ca\u00eddas.<\/p><div id=\"ez-toc-container\" class=\"ez-toc-v2_0_82_2 ez-toc-wrap-center counter-hierarchy ez-toc-counter ez-toc-custom ez-toc-container-direction\">\n<div class=\"ez-toc-title-container\">\n<p class=\"ez-toc-title\" style=\"cursor:inherit\">Contenidos<\/p>\n<span class=\"ez-toc-title-toggle\"><a href=\"#\" class=\"ez-toc-pull-right ez-toc-btn ez-toc-btn-xs ez-toc-btn-default ez-toc-toggle\" aria-label=\"Alternar tabla de contenidos\"><span class=\"ez-toc-js-icon-con\"><span class=\"\"><span class=\"eztoc-hide\" style=\"display:none;\">Toggle<\/span><span class=\"ez-toc-icon-toggle-span\"><svg style=\"fill: #222222;color:#222222\" xmlns=\"http:\/\/www.w3.org\/2000\/svg\" class=\"list-377408\" width=\"20px\" height=\"20px\" viewBox=\"0 0 24 24\" fill=\"none\"><path d=\"M6 6H4v2h2V6zm14 0H8v2h12V6zM4 11h2v2H4v-2zm16 0H8v2h12v-2zM4 16h2v2H4v-2zm16 0H8v2h12v-2z\" fill=\"currentColor\"><\/path><\/svg><svg style=\"fill: #222222;color:#222222\" class=\"arrow-unsorted-368013\" xmlns=\"http:\/\/www.w3.org\/2000\/svg\" width=\"10px\" height=\"10px\" viewBox=\"0 0 24 24\" version=\"1.2\" baseProfile=\"tiny\"><path d=\"M18.2 9.3l-6.2-6.3-6.2 6.3c-.2.2-.3.4-.3.7s.1.5.3.7c.2.2.4.3.7.3h11c.3 0 .5-.1.7-.3.2-.2.3-.5.3-.7s-.1-.5-.3-.7zM5.8 14.7l6.2 6.3 6.2-6.3c.2-.2.3-.5.3-.7s-.1-.5-.3-.7c-.2-.2-.4-.3-.7-.3h-11c-.3 0-.5.1-.7.3-.2.2-.3.5-.3.7s.1.5.3.7z\"\/><\/svg><\/span><\/span><\/span><\/a><\/span><\/div>\n<nav><ul class='ez-toc-list ez-toc-list-level-1 eztoc-toggle-hide-by-default' ><li class='ez-toc-page-1 ez-toc-heading-level-3'><a class=\"ez-toc-link ez-toc-heading-1\" href=\"https:\/\/www.lacestitadelbebe.es\/blog\/caidas-los-ninos\/#Los_tipicos_consuelos\" >Los t\u00edpicos consuelos<\/a><\/li><li class='ez-toc-page-1 ez-toc-heading-level-3'><a class=\"ez-toc-link ez-toc-heading-2\" href=\"https:\/\/www.lacestitadelbebe.es\/blog\/caidas-los-ninos\/#Como_proceder_ante_golpes_serios_y_en_la_cabeza\" >Como proceder ante golpes serios y en la cabeza<\/a><\/li><\/ul><\/nav><\/div>\n\n<p><img decoding=\"async\" class=\"aligncenter size-full wp-image-788 lazyload\" data-src=\"https:\/\/www.lacestitadelbebe.es\/blog\/wp-content\/uploads\/2018\/01\/d5d592_88b2965f657649b4b9a6a3da36663f0b_mv2.jpg\" alt=\"\" width=\"270\" height=\"224\" src=\"data:image\/svg+xml;base64,PHN2ZyB3aWR0aD0iMSIgaGVpZ2h0PSIxIiB4bWxucz0iaHR0cDovL3d3dy53My5vcmcvMjAwMC9zdmciPjwvc3ZnPg==\" style=\"--smush-placeholder-width: 270px; --smush-placeholder-aspect-ratio: 270\/224;\" \/><\/p>\n<p><strong>A todos nos ha costado esfuerzo y alg\u00fan que otro porrazo y chich\u00f3n, el aprender a andar, correr, saltar y trepar<\/strong>. Son actividades que <strong>requieren coordinaci\u00f3n y esfuerzo f\u00edsico y en el aprendizaje e incluso fuera de \u00e9l van acompa\u00f1adas de traspi\u00e9s y ca\u00eddas<\/strong>.<\/p>\n<p><strong>Por suerte la mayor\u00eda de las veces estos golpes y ca\u00eddas no requieren mayor importancia<\/strong>, as\u00ed que los <strong>pap\u00e1s y mam\u00e1s<\/strong> debemos tomarlo como parte de esta fase <strong>y mostrarnos tolerantes y comprensivos para que los peques no pierdan la confianza y cojan miedo<\/strong>. Estamos gen\u00e9ticamente programados para superar cualquier barrera y aprender a superarse en la vida.<\/p>\n<p>Es importante que <strong>cuando el peque se caiga no estar d\u00e1ndole excesiva importancia y ponerse nerviosos y gritar ya que esto lo ir\u00e1 interiorizando y al final los ni\u00f1os le dar\u00e1n excesiva importancia y tendr\u00e1n miedo<\/strong>, y probablemente ocasionar\u00e1 otras ca\u00eddas o que el aprendizaje sea m\u00e1s lento. De esta forma, siempre que se sufre una ca\u00edda todos nos viene la inseguridad a la mente y nos hace dudar de nuestras capacidades ante ese obst\u00e1culo o problema, <strong>lo mejor es cuando suceda y no pase nada, ayudarle a levantarse y decirle frases como \u00a1Arriba campe\u00f3n, que lejos has llegado! \u00a1Muy bien, no pasa nada!<\/strong> Esto <strong>les transmitir\u00e1 m\u00e1s fuerza y motivaci\u00f3n<\/strong>, dejando as\u00ed de lado la inseguridad.<\/p>\n<p>&nbsp;<\/p>\n<h3><span class=\"ez-toc-section\" id=\"Los_tipicos_consuelos\"><\/span><strong>Los t\u00edpicos consuelos<\/strong><span class=\"ez-toc-section-end\"><\/span><\/h3>\n<p>Muchas veces para evitar el susto, la rabieta o el dolor est\u00e1n bien pasar p\u00e1gina con <strong>remedios como, cantar el cura sana, culito de rana, o dar un beso en la zona lastimada y fuerte abrazo que les reconforte<\/strong>.<\/p>\n<p><strong>Otra t\u00e9cnica suele ser el rega\u00f1ar al objeto que ha sido culpable del golpe<\/strong>, aunque todos sabemos que la culpa la tenemos nosotros o ellos, esta t\u00e9cnica <strong>no la recomendamos utilizar mucho, ya que al final el ni\u00f1o puede vincular que cualquier problema ha tenido la culpa otro o un objeto de alrededor<\/strong> y puede acabar haci\u00e9ndose cr\u00f3nica.<\/p>\n<p><strong>Si se hace una herida debemos calmarle e ir explic\u00e1ndole lo que vamos a hacerle para curarle<\/strong>, as\u00ed ellos aprenden a curarse. Por ejemplo, primero lavamos con agua fr\u00eda, secamos con cuidado, ponemos agua oxigenada, limpiamos y acabamos poniendo una tirita. En fin, es un ejemplo y esto calma a los peques, <strong>tambi\u00e9n puede ayudarles a darles una visi\u00f3n de heroicidad o proeza a su ca\u00edda y la tirita o la cicatriz mostrar\u00e1n su valor y gesta<\/strong>.<\/p>\n<p>&nbsp;<\/p>\n<h3><span class=\"ez-toc-section\" id=\"Como_proceder_ante_golpes_serios_y_en_la_cabeza\"><\/span><strong>Como proceder ante golpes serios y en la cabeza<\/strong><span class=\"ez-toc-section-end\"><\/span><\/h3>\n<p><strong>S\u00ed el golpe ha sido fuerte debemos vigilar que el peque est\u00e9 consciente, y c\u00f3mo evoluciona, vigilar su actitud y reacciones las 24 horas siguientes<\/strong>. Si le sale <strong>un chich\u00f3n, lo m\u00e1s efectivo es aplicar \u00e1rnica<\/strong>, es como m\u00e1gico basta aplicarle que vienen en roll on y le calma, refresca y frena la salida del chich\u00f3n, 100% recomendable llevar en el bolso de paseo y tener en casa.<\/p>\n<p><strong>Debemos ir r\u00e1pido a urgencias si tras el golpe<\/strong>:<\/p>\n<ul>\n<li><strong>Sangra mucho y no se corta<\/strong>, m\u00e1s si es en la cabeza, puede ser que requiera puntos y una placa.<\/li>\n<li><strong>Si pierde el conocimiento<\/strong> tras el impacto o unos minutos despu\u00e9s o se duerme.<\/li>\n<li><strong>Parece mareado o vomita<\/strong>, normalmente se le denomina en estado shock.<\/li>\n<li><strong>Llora mucho y se queja, aparece un gran bulto y hematoma<\/strong>, y no puede mover la articulaci\u00f3n donde se ha golpeado.<\/li>\n<\/ul>\n<p>Hasta aqu\u00ed nuestros consejos de hoy de c\u00f3mo salir airosos de esos peque\u00f1os traumas las ca\u00eddas, esperamos os sean de utilizad en este bonito y complicado mundo de la crianza y aprendizaje de nuestros peques.<\/p>\n<p>Antes de iros recordaros que si est\u00e1is buscando un regalo para beb\u00e9 para ese momento especial o detalles de boda, bautizo y comuni\u00f3n, en la web hemos actualizado los regalos este 2018 para dejaros las \u00faltimas tendencias en <a href=\"https:\/\/lacestitadelbebe.es\/es\/6-canastillas-regalos-bebe\">canastillas bebe<\/a> y <a href=\"https:\/\/lacestitadelbebe.es\/es\/9-tartas-de-panales\">tartas de pa\u00f1ales<\/a>.<\/p>\n","protected":false},"excerpt":{"rendered":"<p>Hoy desde nuestro blog vamos a tratar este importante tema, las ca\u00eddas en los ni\u00f1os. Y es que todos pasamos por estos traumas, forman parte de nuestra vida, en el aprendizaje para andar, saltar y correr. Desde lacestitadelbebe vamos a hablaros un poco y ofreceros algunos consejos pr\u00e1cticos de c\u00f3mo actuar si ocurren estas temidas &#8230; <a title=\"Ca\u00eddas en los ni\u00f1os\" class=\"read-more\" href=\"https:\/\/www.lacestitadelbebe.es\/blog\/caidas-los-ninos\/\" aria-label=\"Leer m\u00e1s sobre Ca\u00eddas en los ni\u00f1os\">Leer m\u00e1s<\/a><\/p>\n","protected":false},"author":1,"featured_media":789,"comment_status":"open","ping_status":"open","sticky":false,"template":"","format":"standard","meta":{"_exactmetrics_skip_tracking":false,"_exactmetrics_sitenote_active":false,"_exactmetrics_sitenote_note":"","_exactmetrics_sitenote_category":0,"footnotes":""},"categories":[89,102],"tags":[163,164,165],"class_list":["post-787","post","type-post","status-publish","format-standard","has-post-thumbnail","hentry","category-aprendizaje-y-estimulacion","category-cuidados","tag-caidas","tag-golpes-peques","tag-ninos-caidas"],"yoast_head":"<!-- This site is optimized with the Yoast SEO plugin v27.4 - https:\/\/yoast.com\/product\/yoast-seo-wordpress\/ -->\n<title>Ca\u00eddas en los ni\u00f1os - Blog la Cestita del Beb\u00e9<\/title>\n<meta name=\"description\" content=\"Hoy hemos tratado este importante tema que forma parte de nuestas y vidas y aprendizaje, las ca\u00eddas y como actuar ante ellas, para evitar la inseguridad en los peques!\" \/>\n<meta name=\"robots\" content=\"index, follow, max-snippet:-1, max-image-preview:large, max-video-preview:-1\" \/>\n<link rel=\"canonical\" href=\"https:\/\/www.lacestitadelbebe.es\/blog\/caidas-los-ninos\/\" \/>\n<meta property=\"og:locale\" content=\"es_ES\" \/>\n<meta property=\"og:type\" content=\"article\" \/>\n<meta property=\"og:title\" content=\"Ca\u00eddas en los ni\u00f1os - Blog la Cestita del Beb\u00e9\" \/>\n<meta property=\"og:description\" content=\"Hoy hemos tratado este importante tema que forma parte de nuestas y vidas y aprendizaje, las ca\u00eddas y como actuar ante ellas, para evitar la inseguridad en los peques!\" \/>\n<meta property=\"og:url\" content=\"https:\/\/www.lacestitadelbebe.es\/blog\/caidas-los-ninos\/\" \/>\n<meta property=\"og:site_name\" content=\"Blog la Cestita del Beb\u00e9\" \/>\n<meta property=\"article:publisher\" content=\"https:\/\/www.facebook.com\/lacestitadelbebe.es\" \/>\n<meta property=\"article:published_time\" content=\"2018-01-29T11:19:50+00:00\" \/>\n<meta property=\"og:image\" content=\"https:\/\/www.lacestitadelbebe.es\/blog\/wp-content\/uploads\/2018\/01\/hang-out-1521663_960_720.jpg\" \/>\n\t<meta property=\"og:image:width\" content=\"485\" \/>\n\t<meta property=\"og:image:height\" content=\"324\" \/>\n\t<meta property=\"og:image:type\" content=\"image\/jpeg\" \/>\n<meta name=\"author\" content=\"La Cestita\" \/>\n<meta name=\"twitter:card\" content=\"summary_large_image\" \/>\n<meta name=\"twitter:creator\" content=\"@LaCestitaBebe\" \/>\n<meta name=\"twitter:site\" content=\"@LaCestitaBebe\" \/>\n<meta name=\"twitter:label1\" content=\"Escrito por\" \/>\n\t<meta name=\"twitter:data1\" content=\"La Cestita\" \/>\n\t<meta name=\"twitter:label2\" content=\"Tiempo de lectura\" \/>\n\t<meta name=\"twitter:data2\" content=\"4 minutos\" \/>\n<script type=\"application\/ld+json\" class=\"yoast-schema-graph\">{\"@context\":\"https:\\\/\\\/schema.org\",\"@graph\":[{\"@type\":\"Article\",\"@id\":\"https:\\\/\\\/www.lacestitadelbebe.es\\\/blog\\\/caidas-los-ninos\\\/#article\",\"isPartOf\":{\"@id\":\"https:\\\/\\\/www.lacestitadelbebe.es\\\/blog\\\/caidas-los-ninos\\\/\"},\"author\":{\"name\":\"La Cestita\",\"@id\":\"https:\\\/\\\/www.lacestitadelbebe.es\\\/blog\\\/#\\\/schema\\\/person\\\/4302d1284b0024ab11dca99558de40b4\"},\"headline\":\"Ca\u00eddas en los ni\u00f1os\",\"datePublished\":\"2018-01-29T11:19:50+00:00\",\"mainEntityOfPage\":{\"@id\":\"https:\\\/\\\/www.lacestitadelbebe.es\\\/blog\\\/caidas-los-ninos\\\/\"},\"wordCount\":746,\"commentCount\":0,\"publisher\":{\"@id\":\"https:\\\/\\\/www.lacestitadelbebe.es\\\/blog\\\/#organization\"},\"image\":{\"@id\":\"https:\\\/\\\/www.lacestitadelbebe.es\\\/blog\\\/caidas-los-ninos\\\/#primaryimage\"},\"thumbnailUrl\":\"https:\\\/\\\/www.lacestitadelbebe.es\\\/blog\\\/wp-content\\\/uploads\\\/2018\\\/01\\\/hang-out-1521663_960_720.jpg\",\"keywords\":[\"caidas\",\"golpes peques\",\"ni\u00f1os caidas\"],\"articleSection\":[\"aprendizaje y estimulaci\u00f3n\",\"cuidados\"],\"inLanguage\":\"es\",\"potentialAction\":[{\"@type\":\"CommentAction\",\"name\":\"Comment\",\"target\":[\"https:\\\/\\\/www.lacestitadelbebe.es\\\/blog\\\/caidas-los-ninos\\\/#respond\"]}]},{\"@type\":\"WebPage\",\"@id\":\"https:\\\/\\\/www.lacestitadelbebe.es\\\/blog\\\/caidas-los-ninos\\\/\",\"url\":\"https:\\\/\\\/www.lacestitadelbebe.es\\\/blog\\\/caidas-los-ninos\\\/\",\"name\":\"Ca\u00eddas en los ni\u00f1os - Blog la Cestita del Beb\u00e9\",\"isPartOf\":{\"@id\":\"https:\\\/\\\/www.lacestitadelbebe.es\\\/blog\\\/#website\"},\"primaryImageOfPage\":{\"@id\":\"https:\\\/\\\/www.lacestitadelbebe.es\\\/blog\\\/caidas-los-ninos\\\/#primaryimage\"},\"image\":{\"@id\":\"https:\\\/\\\/www.lacestitadelbebe.es\\\/blog\\\/caidas-los-ninos\\\/#primaryimage\"},\"thumbnailUrl\":\"https:\\\/\\\/www.lacestitadelbebe.es\\\/blog\\\/wp-content\\\/uploads\\\/2018\\\/01\\\/hang-out-1521663_960_720.jpg\",\"datePublished\":\"2018-01-29T11:19:50+00:00\",\"description\":\"Hoy hemos tratado este importante tema que forma parte de nuestas y vidas y aprendizaje, las ca\u00eddas y como actuar ante ellas, para evitar la inseguridad en los peques!\",\"breadcrumb\":{\"@id\":\"https:\\\/\\\/www.lacestitadelbebe.es\\\/blog\\\/caidas-los-ninos\\\/#breadcrumb\"},\"inLanguage\":\"es\",\"potentialAction\":[{\"@type\":\"ReadAction\",\"target\":[\"https:\\\/\\\/www.lacestitadelbebe.es\\\/blog\\\/caidas-los-ninos\\\/\"]}]},{\"@type\":\"ImageObject\",\"inLanguage\":\"es\",\"@id\":\"https:\\\/\\\/www.lacestitadelbebe.es\\\/blog\\\/caidas-los-ninos\\\/#primaryimage\",\"url\":\"https:\\\/\\\/www.lacestitadelbebe.es\\\/blog\\\/wp-content\\\/uploads\\\/2018\\\/01\\\/hang-out-1521663_960_720.jpg\",\"contentUrl\":\"https:\\\/\\\/www.lacestitadelbebe.es\\\/blog\\\/wp-content\\\/uploads\\\/2018\\\/01\\\/hang-out-1521663_960_720.jpg\",\"width\":485,\"height\":324},{\"@type\":\"BreadcrumbList\",\"@id\":\"https:\\\/\\\/www.lacestitadelbebe.es\\\/blog\\\/caidas-los-ninos\\\/#breadcrumb\",\"itemListElement\":[{\"@type\":\"ListItem\",\"position\":1,\"name\":\"Portada\",\"item\":\"https:\\\/\\\/www.lacestitadelbebe.es\\\/blog\\\/\"},{\"@type\":\"ListItem\",\"position\":2,\"name\":\"Ca\u00eddas en los ni\u00f1os\"}]},{\"@type\":\"WebSite\",\"@id\":\"https:\\\/\\\/www.lacestitadelbebe.es\\\/blog\\\/#website\",\"url\":\"https:\\\/\\\/www.lacestitadelbebe.es\\\/blog\\\/\",\"name\":\"Blog la Cestita del Beb\u00e9\",\"description\":\"Hablamos de todo lo relacionado con beb\u00e9s\",\"publisher\":{\"@id\":\"https:\\\/\\\/www.lacestitadelbebe.es\\\/blog\\\/#organization\"},\"potentialAction\":[{\"@type\":\"SearchAction\",\"target\":{\"@type\":\"EntryPoint\",\"urlTemplate\":\"https:\\\/\\\/www.lacestitadelbebe.es\\\/blog\\\/?s={search_term_string}\"},\"query-input\":{\"@type\":\"PropertyValueSpecification\",\"valueRequired\":true,\"valueName\":\"search_term_string\"}}],\"inLanguage\":\"es\"},{\"@type\":\"Organization\",\"@id\":\"https:\\\/\\\/www.lacestitadelbebe.es\\\/blog\\\/#organization\",\"name\":\"La Cestita del Beb\u00e9\",\"url\":\"https:\\\/\\\/www.lacestitadelbebe.es\\\/blog\\\/\",\"logo\":{\"@type\":\"ImageObject\",\"inLanguage\":\"es\",\"@id\":\"https:\\\/\\\/www.lacestitadelbebe.es\\\/blog\\\/#\\\/schema\\\/logo\\\/image\\\/\",\"url\":\"https:\\\/\\\/www.lacestitadelbebe.es\\\/blog\\\/wp-content\\\/uploads\\\/2017\\\/10\\\/la_cestita_del_bebe_blog.png\",\"contentUrl\":\"https:\\\/\\\/www.lacestitadelbebe.es\\\/blog\\\/wp-content\\\/uploads\\\/2017\\\/10\\\/la_cestita_del_bebe_blog.png\",\"width\":375,\"height\":70,\"caption\":\"La Cestita del Beb\u00e9\"},\"image\":{\"@id\":\"https:\\\/\\\/www.lacestitadelbebe.es\\\/blog\\\/#\\\/schema\\\/logo\\\/image\\\/\"},\"sameAs\":[\"https:\\\/\\\/www.facebook.com\\\/lacestitadelbebe.es\",\"https:\\\/\\\/x.com\\\/LaCestitaBebe\"]},{\"@type\":\"Person\",\"@id\":\"https:\\\/\\\/www.lacestitadelbebe.es\\\/blog\\\/#\\\/schema\\\/person\\\/4302d1284b0024ab11dca99558de40b4\",\"name\":\"La Cestita\",\"image\":{\"@type\":\"ImageObject\",\"inLanguage\":\"es\",\"@id\":\"https:\\\/\\\/secure.gravatar.com\\\/avatar\\\/533b503d3fc1781cdd76eacd2aa8f68348cdb3201605fe5b4616e6032a228068?s=96&d=mm&r=g\",\"url\":\"https:\\\/\\\/secure.gravatar.com\\\/avatar\\\/533b503d3fc1781cdd76eacd2aa8f68348cdb3201605fe5b4616e6032a228068?s=96&d=mm&r=g\",\"contentUrl\":\"https:\\\/\\\/secure.gravatar.com\\\/avatar\\\/533b503d3fc1781cdd76eacd2aa8f68348cdb3201605fe5b4616e6032a228068?s=96&d=mm&r=g\",\"caption\":\"La Cestita\"},\"sameAs\":[\"https:\\\/\\\/www.lacestitadelbebe.es\"]}]}<\/script>\n<!-- \/ Yoast SEO plugin. -->","yoast_head_json":{"title":"Ca\u00eddas en los ni\u00f1os - Blog la Cestita del Beb\u00e9","description":"Hoy hemos tratado este importante tema que forma parte de nuestas y vidas y aprendizaje, las ca\u00eddas y como actuar ante ellas, para evitar la inseguridad en los peques!","robots":{"index":"index","follow":"follow","max-snippet":"max-snippet:-1","max-image-preview":"max-image-preview:large","max-video-preview":"max-video-preview:-1"},"canonical":"https:\/\/www.lacestitadelbebe.es\/blog\/caidas-los-ninos\/","og_locale":"es_ES","og_type":"article","og_title":"Ca\u00eddas en los ni\u00f1os - Blog la Cestita del Beb\u00e9","og_description":"Hoy hemos tratado este importante tema que forma parte de nuestas y vidas y aprendizaje, las ca\u00eddas y como actuar ante ellas, para evitar la inseguridad en los peques!","og_url":"https:\/\/www.lacestitadelbebe.es\/blog\/caidas-los-ninos\/","og_site_name":"Blog la Cestita del Beb\u00e9","article_publisher":"https:\/\/www.facebook.com\/lacestitadelbebe.es","article_published_time":"2018-01-29T11:19:50+00:00","og_image":[{"width":485,"height":324,"url":"https:\/\/www.lacestitadelbebe.es\/blog\/wp-content\/uploads\/2018\/01\/hang-out-1521663_960_720.jpg","type":"image\/jpeg"}],"author":"La Cestita","twitter_card":"summary_large_image","twitter_creator":"@LaCestitaBebe","twitter_site":"@LaCestitaBebe","twitter_misc":{"Escrito por":"La Cestita","Tiempo de lectura":"4 minutos"},"schema":{"@context":"https:\/\/schema.org","@graph":[{"@type":"Article","@id":"https:\/\/www.lacestitadelbebe.es\/blog\/caidas-los-ninos\/#article","isPartOf":{"@id":"https:\/\/www.lacestitadelbebe.es\/blog\/caidas-los-ninos\/"},"author":{"name":"La Cestita","@id":"https:\/\/www.lacestitadelbebe.es\/blog\/#\/schema\/person\/4302d1284b0024ab11dca99558de40b4"},"headline":"Ca\u00eddas en los ni\u00f1os","datePublished":"2018-01-29T11:19:50+00:00","mainEntityOfPage":{"@id":"https:\/\/www.lacestitadelbebe.es\/blog\/caidas-los-ninos\/"},"wordCount":746,"commentCount":0,"publisher":{"@id":"https:\/\/www.lacestitadelbebe.es\/blog\/#organization"},"image":{"@id":"https:\/\/www.lacestitadelbebe.es\/blog\/caidas-los-ninos\/#primaryimage"},"thumbnailUrl":"https:\/\/www.lacestitadelbebe.es\/blog\/wp-content\/uploads\/2018\/01\/hang-out-1521663_960_720.jpg","keywords":["caidas","golpes peques","ni\u00f1os caidas"],"articleSection":["aprendizaje y estimulaci\u00f3n","cuidados"],"inLanguage":"es","potentialAction":[{"@type":"CommentAction","name":"Comment","target":["https:\/\/www.lacestitadelbebe.es\/blog\/caidas-los-ninos\/#respond"]}]},{"@type":"WebPage","@id":"https:\/\/www.lacestitadelbebe.es\/blog\/caidas-los-ninos\/","url":"https:\/\/www.lacestitadelbebe.es\/blog\/caidas-los-ninos\/","name":"Ca\u00eddas en los ni\u00f1os - Blog la Cestita del Beb\u00e9","isPartOf":{"@id":"https:\/\/www.lacestitadelbebe.es\/blog\/#website"},"primaryImageOfPage":{"@id":"https:\/\/www.lacestitadelbebe.es\/blog\/caidas-los-ninos\/#primaryimage"},"image":{"@id":"https:\/\/www.lacestitadelbebe.es\/blog\/caidas-los-ninos\/#primaryimage"},"thumbnailUrl":"https:\/\/www.lacestitadelbebe.es\/blog\/wp-content\/uploads\/2018\/01\/hang-out-1521663_960_720.jpg","datePublished":"2018-01-29T11:19:50+00:00","description":"Hoy hemos tratado este importante tema que forma parte de nuestas y vidas y aprendizaje, las ca\u00eddas y como actuar ante ellas, para evitar la inseguridad en los peques!","breadcrumb":{"@id":"https:\/\/www.lacestitadelbebe.es\/blog\/caidas-los-ninos\/#breadcrumb"},"inLanguage":"es","potentialAction":[{"@type":"ReadAction","target":["https:\/\/www.lacestitadelbebe.es\/blog\/caidas-los-ninos\/"]}]},{"@type":"ImageObject","inLanguage":"es","@id":"https:\/\/www.lacestitadelbebe.es\/blog\/caidas-los-ninos\/#primaryimage","url":"https:\/\/www.lacestitadelbebe.es\/blog\/wp-content\/uploads\/2018\/01\/hang-out-1521663_960_720.jpg","contentUrl":"https:\/\/www.lacestitadelbebe.es\/blog\/wp-content\/uploads\/2018\/01\/hang-out-1521663_960_720.jpg","width":485,"height":324},{"@type":"BreadcrumbList","@id":"https:\/\/www.lacestitadelbebe.es\/blog\/caidas-los-ninos\/#breadcrumb","itemListElement":[{"@type":"ListItem","position":1,"name":"Portada","item":"https:\/\/www.lacestitadelbebe.es\/blog\/"},{"@type":"ListItem","position":2,"name":"Ca\u00eddas en los ni\u00f1os"}]},{"@type":"WebSite","@id":"https:\/\/www.lacestitadelbebe.es\/blog\/#website","url":"https:\/\/www.lacestitadelbebe.es\/blog\/","name":"Blog la Cestita del Beb\u00e9","description":"Hablamos de todo lo relacionado con beb\u00e9s","publisher":{"@id":"https:\/\/www.lacestitadelbebe.es\/blog\/#organization"},"potentialAction":[{"@type":"SearchAction","target":{"@type":"EntryPoint","urlTemplate":"https:\/\/www.lacestitadelbebe.es\/blog\/?s={search_term_string}"},"query-input":{"@type":"PropertyValueSpecification","valueRequired":true,"valueName":"search_term_string"}}],"inLanguage":"es"},{"@type":"Organization","@id":"https:\/\/www.lacestitadelbebe.es\/blog\/#organization","name":"La Cestita del Beb\u00e9","url":"https:\/\/www.lacestitadelbebe.es\/blog\/","logo":{"@type":"ImageObject","inLanguage":"es","@id":"https:\/\/www.lacestitadelbebe.es\/blog\/#\/schema\/logo\/image\/","url":"https:\/\/www.lacestitadelbebe.es\/blog\/wp-content\/uploads\/2017\/10\/la_cestita_del_bebe_blog.png","contentUrl":"https:\/\/www.lacestitadelbebe.es\/blog\/wp-content\/uploads\/2017\/10\/la_cestita_del_bebe_blog.png","width":375,"height":70,"caption":"La Cestita del Beb\u00e9"},"image":{"@id":"https:\/\/www.lacestitadelbebe.es\/blog\/#\/schema\/logo\/image\/"},"sameAs":["https:\/\/www.facebook.com\/lacestitadelbebe.es","https:\/\/x.com\/LaCestitaBebe"]},{"@type":"Person","@id":"https:\/\/www.lacestitadelbebe.es\/blog\/#\/schema\/person\/4302d1284b0024ab11dca99558de40b4","name":"La Cestita","image":{"@type":"ImageObject","inLanguage":"es","@id":"https:\/\/secure.gravatar.com\/avatar\/533b503d3fc1781cdd76eacd2aa8f68348cdb3201605fe5b4616e6032a228068?s=96&d=mm&r=g","url":"https:\/\/secure.gravatar.com\/avatar\/533b503d3fc1781cdd76eacd2aa8f68348cdb3201605fe5b4616e6032a228068?s=96&d=mm&r=g","contentUrl":"https:\/\/secure.gravatar.com\/avatar\/533b503d3fc1781cdd76eacd2aa8f68348cdb3201605fe5b4616e6032a228068?s=96&d=mm&r=g","caption":"La Cestita"},"sameAs":["https:\/\/www.lacestitadelbebe.es"]}]}},"_links":{"self":[{"href":"https:\/\/www.lacestitadelbebe.es\/blog\/wp-json\/wp\/v2\/posts\/787","targetHints":{"allow":["GET"]}}],"collection":[{"href":"https:\/\/www.lacestitadelbebe.es\/blog\/wp-json\/wp\/v2\/posts"}],"about":[{"href":"https:\/\/www.lacestitadelbebe.es\/blog\/wp-json\/wp\/v2\/types\/post"}],"author":[{"embeddable":true,"href":"https:\/\/www.lacestitadelbebe.es\/blog\/wp-json\/wp\/v2\/users\/1"}],"replies":[{"embeddable":true,"href":"https:\/\/www.lacestitadelbebe.es\/blog\/wp-json\/wp\/v2\/comments?post=787"}],"version-history":[{"count":1,"href":"https:\/\/www.lacestitadelbebe.es\/blog\/wp-json\/wp\/v2\/posts\/787\/revisions"}],"predecessor-version":[{"id":790,"href":"https:\/\/www.lacestitadelbebe.es\/blog\/wp-json\/wp\/v2\/posts\/787\/revisions\/790"}],"wp:featuredmedia":[{"embeddable":true,"href":"https:\/\/www.lacestitadelbebe.es\/blog\/wp-json\/wp\/v2\/media\/789"}],"wp:attachment":[{"href":"https:\/\/www.lacestitadelbebe.es\/blog\/wp-json\/wp\/v2\/media?parent=787"}],"wp:term":[{"taxonomy":"category","embeddable":true,"href":"https:\/\/www.lacestitadelbebe.es\/blog\/wp-json\/wp\/v2\/categories?post=787"},{"taxonomy":"post_tag","embeddable":true,"href":"https:\/\/www.lacestitadelbebe.es\/blog\/wp-json\/wp\/v2\/tags?post=787"}],"curies":[{"name":"wp","href":"https:\/\/api.w.org\/{rel}","templated":true}]}}