{"id":5835,"date":"2026-07-22T04:36:22","date_gmt":"2026-07-22T04:36:22","guid":{"rendered":"https:\/\/www.lacestitadelbebe.es\/blog\/?p=5835"},"modified":"2026-07-22T04:36:23","modified_gmt":"2026-07-22T04:36:23","slug":"cuando-empiezan-los-bebes-a-senalar-guia-para-familias","status":"publish","type":"post","link":"https:\/\/www.lacestitadelbebe.es\/blog\/cuando-empiezan-los-bebes-a-senalar-guia-para-familias\/","title":{"rendered":"\u00bfCu\u00e1ndo empiezan los beb\u00e9s a se\u00f1alar con el dedo y por qu\u00e9 este gesto es tan importante?"},"content":{"rendered":"\n<p class=\"wp-block-paragraph\">Los beb\u00e9s crecen r\u00e1pido y uno de los momentos m\u00e1s emocionantes para cualquier familia llega cuando el beb\u00e9 deja de comunicarse \u00fanicamente con sonrisas, balbuceos o llantos y comienza a <strong>se\u00f1alar con el dedo<\/strong> aquello que llama su atenci\u00f3n.<\/p><div id=\"ez-toc-container\" class=\"ez-toc-v2_0_87 ez-toc-wrap-center counter-hierarchy ez-toc-counter ez-toc-custom ez-toc-container-direction\">\n<div class=\"ez-toc-title-container\">\n<p class=\"ez-toc-title\" style=\"cursor:inherit\">Contenidos<\/p>\n<span class=\"ez-toc-title-toggle\"><a href=\"#\" class=\"ez-toc-pull-right ez-toc-btn ez-toc-btn-xs ez-toc-btn-default ez-toc-toggle\" aria-label=\"Alternar tabla de contenidos\"><span class=\"ez-toc-js-icon-con\"><span class=\"\"><span class=\"eztoc-hide\" style=\"display:none;\">Toggle<\/span><span class=\"ez-toc-icon-toggle-span\"><svg style=\"fill: #222222;color:#222222\" xmlns=\"http:\/\/www.w3.org\/2000\/svg\" class=\"list-377408\" width=\"20px\" height=\"20px\" viewBox=\"0 0 24 24\" fill=\"none\"><path d=\"M6 6H4v2h2V6zm14 0H8v2h12V6zM4 11h2v2H4v-2zm16 0H8v2h12v-2zM4 16h2v2H4v-2zm16 0H8v2h12v-2z\" fill=\"currentColor\"><\/path><\/svg><svg style=\"fill: #222222;color:#222222\" class=\"arrow-unsorted-368013\" xmlns=\"http:\/\/www.w3.org\/2000\/svg\" width=\"10px\" height=\"10px\" viewBox=\"0 0 24 24\" version=\"1.2\" baseProfile=\"tiny\"><path d=\"M18.2 9.3l-6.2-6.3-6.2 6.3c-.2.2-.3.4-.3.7s.1.5.3.7c.2.2.4.3.7.3h11c.3 0 .5-.1.7-.3.2-.2.3-.5.3-.7s-.1-.5-.3-.7zM5.8 14.7l6.2 6.3 6.2-6.3c.2-.2.3-.5.3-.7s-.1-.5-.3-.7c-.2-.2-.4-.3-.7-.3h-11c-.3 0-.5.1-.7.3-.2.2-.3.5-.3.7s.1.5.3.7z\"\/><\/svg><\/span><\/span><\/span><\/a><\/span><\/div>\n<nav><ul class='ez-toc-list ez-toc-list-level-1 eztoc-toggle-hide-by-default' ><li class='ez-toc-page-1 ez-toc-heading-level-2'><a class=\"ez-toc-link ez-toc-heading-1\" href=\"https:\/\/www.lacestitadelbebe.es\/blog\/cuando-empiezan-los-bebes-a-senalar-guia-para-familias\/#%C2%BFA_que_edad_empiezan_los_bebes_a_senalar\" >\u00bfA qu\u00e9 edad empiezan los beb\u00e9s a se\u00f1alar?<\/a><\/li><li class='ez-toc-page-1 ez-toc-heading-level-2'><a class=\"ez-toc-link ez-toc-heading-2\" href=\"https:\/\/www.lacestitadelbebe.es\/blog\/cuando-empiezan-los-bebes-a-senalar-guia-para-familias\/#Mucho_mas_que_senalar_un_juguete\" >Mucho m\u00e1s que se\u00f1alar un juguete<\/a><\/li><li class='ez-toc-page-1 ez-toc-heading-level-2'><a class=\"ez-toc-link ez-toc-heading-3\" href=\"https:\/\/www.lacestitadelbebe.es\/blog\/cuando-empiezan-los-bebes-a-senalar-guia-para-familias\/#Un_paso_importante_hacia_el_lenguaje\" >Un paso importante hacia el lenguaje<\/a><\/li><li class='ez-toc-page-1 ez-toc-heading-level-2'><a class=\"ez-toc-link ez-toc-heading-4\" href=\"https:\/\/www.lacestitadelbebe.es\/blog\/cuando-empiezan-los-bebes-a-senalar-guia-para-familias\/#%C2%BFComo_puedes_estimular_este_aprendizaje\" >\u00bfC\u00f3mo puedes estimular este aprendizaje?<\/a><\/li><li class='ez-toc-page-1 ez-toc-heading-level-2'><a class=\"ez-toc-link ez-toc-heading-5\" href=\"https:\/\/www.lacestitadelbebe.es\/blog\/cuando-empiezan-los-bebes-a-senalar-guia-para-familias\/#%C2%BFY_si_todavia_no_senala\" >\u00bfY si todav\u00eda no se\u00f1ala?<\/a><\/li><li class='ez-toc-page-1 ez-toc-heading-level-2'><a class=\"ez-toc-link ez-toc-heading-6\" href=\"https:\/\/www.lacestitadelbebe.es\/blog\/cuando-empiezan-los-bebes-a-senalar-guia-para-familias\/#Un_pequeno_gesto_que_abre_la_puerta_a_un_gran_aprendizaje\" >Un peque\u00f1o gesto que abre la puerta a un gran aprendizaje<\/a><\/li><\/ul><\/nav><\/div>\n\n\n\n\n<p class=\"wp-block-paragraph\">Puede parecer un gesto sencillo, pero detr\u00e1s de \u00e9l se esconde uno de los avances m\u00e1s importantes del desarrollo infantil. Se\u00f1alar no solo significa que el beb\u00e9 quiere un juguete o mostrar algo interesante; tambi\u00e9n indica que est\u00e1 aprendiendo a comunicarse, compartir experiencias y comprender mejor el mundo que le rodea.<\/p>\n\n\n\n<p class=\"wp-block-paragraph\">En este art\u00edculo descubrir\u00e1s <strong>cu\u00e1ndo empiezan los beb\u00e9s a se\u00f1alar<\/strong>, por qu\u00e9 este comportamiento es tan importante y c\u00f3mo puedes acompa\u00f1ar esta etapa de forma natural.<\/p>\n\n\n<div class=\"wp-block-image\">\n<figure class=\"aligncenter size-large\"><img decoding=\"async\" width=\"1024\" height=\"683\" data-src=\"https:\/\/www.lacestitadelbebe.es\/blog\/wp-content\/uploads\/2026\/07\/beb_sealando_con_el_dedo-1024x683.jpg\" alt=\"Beb Sealando Con El Dedo\" class=\"wp-image-5836 lazyload\" data-srcset=\"https:\/\/www.lacestitadelbebe.es\/blog\/wp-content\/uploads\/2026\/07\/beb_sealando_con_el_dedo-1024x683.jpg 1024w, https:\/\/www.lacestitadelbebe.es\/blog\/wp-content\/uploads\/2026\/07\/beb_sealando_con_el_dedo-300x200.jpg 300w, https:\/\/www.lacestitadelbebe.es\/blog\/wp-content\/uploads\/2026\/07\/beb_sealando_con_el_dedo-768x512.jpg 768w, https:\/\/www.lacestitadelbebe.es\/blog\/wp-content\/uploads\/2026\/07\/beb_sealando_con_el_dedo.jpg 1248w\" data-sizes=\"(max-width: 1024px) 100vw, 1024px\" src=\"data:image\/svg+xml;base64,PHN2ZyB3aWR0aD0iMSIgaGVpZ2h0PSIxIiB4bWxucz0iaHR0cDovL3d3dy53My5vcmcvMjAwMC9zdmciPjwvc3ZnPg==\" style=\"--smush-placeholder-width: 1024px; --smush-placeholder-aspect-ratio: 1024\/683;\" \/><figcaption class=\"wp-element-caption\">Beb Sealando Con El Dedo<\/figcaption><\/figure>\n<\/div>\n\n\n<hr class=\"wp-block-separator has-alpha-channel-opacity\"\/>\n\n\n\n<h2 class=\"wp-block-heading\"><span class=\"ez-toc-section\" id=\"%C2%BFA_que_edad_empiezan_los_bebes_a_senalar\"><\/span>\u00bfA qu\u00e9 edad empiezan los beb\u00e9s a se\u00f1alar?<span class=\"ez-toc-section-end\"><\/span><\/h2>\n\n\n\n<p class=\"wp-block-paragraph\">Aunque cada ni\u00f1o sigue su propio ritmo, <strong>la mayor\u00eda de los beb\u00e9s comienzan a se\u00f1alar entre los 9 y los 14 meses de edad<\/strong>.<\/p>\n\n\n\n<p class=\"wp-block-paragraph\">Antes de llegar a este momento, el peque\u00f1o ya ha recorrido un largo camino. Ha aprendido a seguir con la mirada a las personas, reconocer voces familiares, observar objetos y mostrar inter\u00e9s por todo lo que ocurre a su alrededor.<\/p>\n\n\n\n<p class=\"wp-block-paragraph\">Cuando finalmente se\u00f1ala con el dedo, est\u00e1 dando un enorme paso en su desarrollo porque comienza a compartir su atenci\u00f3n con otra persona.<\/p>\n\n\n\n<p class=\"wp-block-paragraph\">Ya no solo mira un objeto.<\/p>\n\n\n\n<p class=\"wp-block-paragraph\">Quiere que t\u00fa tambi\u00e9n lo mires.<\/p>\n\n\n\n<p class=\"wp-block-paragraph\">Y eso cambia completamente la forma en la que se comunica.<\/p>\n\n\n\n<hr class=\"wp-block-separator has-alpha-channel-opacity\"\/>\n\n\n\n<h2 class=\"wp-block-heading\"><span class=\"ez-toc-section\" id=\"Mucho_mas_que_senalar_un_juguete\"><\/span>Mucho m\u00e1s que se\u00f1alar un juguete<span class=\"ez-toc-section-end\"><\/span><\/h2>\n\n\n\n<p class=\"wp-block-paragraph\">Cuando un beb\u00e9 apunta hacia un perro, un avi\u00f3n o una pelota, no siempre est\u00e1 pidiendo que se lo entreguen.<\/p>\n\n\n\n<p class=\"wp-block-paragraph\">Muchas veces simplemente quiere decir:<\/p>\n\n\n\n<ul class=\"wp-block-list\">\n<li><strong>\u00ab\u00bfLo has visto?\u00bb<\/strong><\/li>\n\n\n\n<li><strong>\u00abMira qu\u00e9 interesante.\u00bb<\/strong><\/li>\n\n\n\n<li><strong>\u00abQuiero compartir esto contigo.\u00bb<\/strong><\/li>\n<\/ul>\n\n\n\n<p class=\"wp-block-paragraph\">Este tipo de comunicaci\u00f3n recibe el nombre de <strong>atenci\u00f3n conjunta<\/strong>, una habilidad fundamental para el desarrollo del lenguaje y las relaciones sociales.<\/p>\n\n\n\n<p class=\"wp-block-paragraph\">Cada vez que respondes a ese gesto con una sonrisa, una palabra o una explicaci\u00f3n, ayudas a fortalecer su aprendizaje.<\/p>\n\n\n\n<hr class=\"wp-block-separator has-alpha-channel-opacity\"\/>\n\n\n\n<h2 class=\"wp-block-heading\"><span class=\"ez-toc-section\" id=\"Un_paso_importante_hacia_el_lenguaje\"><\/span>Un paso importante hacia el lenguaje<span class=\"ez-toc-section-end\"><\/span><\/h2>\n\n\n\n<p class=\"wp-block-paragraph\">Antes de pronunciar sus primeras palabras, los beb\u00e9s ya est\u00e1n aprendiendo c\u00f3mo funciona la comunicaci\u00f3n.<\/p>\n\n\n\n<p class=\"wp-block-paragraph\">Se\u00f1alar les permite descubrir que los gestos tambi\u00e9n transmiten mensajes y que las personas responden cuando intentan compartir algo con ellas.<\/p>\n\n\n\n<p class=\"wp-block-paragraph\">Por eso, muchos especialistas consideran este comportamiento como uno de los mejores indicadores del desarrollo comunicativo durante el primer a\u00f1o de vida.<\/p>\n\n\n\n<p class=\"wp-block-paragraph\">No es casualidad que, poco despu\u00e9s de comenzar a se\u00f1alar, aparezcan muchas de sus primeras palabras.<\/p>\n\n\n\n<hr class=\"wp-block-separator has-alpha-channel-opacity\"\/>\n\n\n\n<h2 class=\"wp-block-heading\"><span class=\"ez-toc-section\" id=\"%C2%BFComo_puedes_estimular_este_aprendizaje\"><\/span>\u00bfC\u00f3mo puedes estimular este aprendizaje?<span class=\"ez-toc-section-end\"><\/span><\/h2>\n\n\n\n<p class=\"wp-block-paragraph\">No hace falta realizar ejercicios complicados.<\/p>\n\n\n\n<p class=\"wp-block-paragraph\">Las mejores oportunidades aparecen durante las actividades cotidianas.<\/p>\n\n\n\n<p class=\"wp-block-paragraph\">Por ejemplo:<\/p>\n\n\n\n<ul class=\"wp-block-list\">\n<li><strong>Nombrar los objetos<\/strong> que llaman su atenci\u00f3n.<\/li>\n\n\n\n<li><strong>Leer cuentos ilustrados<\/strong> y se\u00f1alar juntos las im\u00e1genes.<\/li>\n\n\n\n<li><strong>Hablar durante los paseos<\/strong>, describiendo lo que veis.<\/li>\n\n\n\n<li><strong>Responder siempre a sus gestos<\/strong> con inter\u00e9s y entusiasmo.<\/li>\n<\/ul>\n\n\n\n<p class=\"wp-block-paragraph\">Lo m\u00e1s importante no es que aprenda deprisa, sino que disfrute descubriendo el mundo acompa\u00f1ado por las personas que m\u00e1s quiere.<\/p>\n\n\n\n<hr class=\"wp-block-separator has-alpha-channel-opacity\"\/>\n\n\n\n<h2 class=\"wp-block-heading\"><span class=\"ez-toc-section\" id=\"%C2%BFY_si_todavia_no_senala\"><\/span>\u00bfY si todav\u00eda no se\u00f1ala?<span class=\"ez-toc-section-end\"><\/span><\/h2>\n\n\n\n<p class=\"wp-block-paragraph\">Cada beb\u00e9 evoluciona a un ritmo diferente.<\/p>\n\n\n\n<p class=\"wp-block-paragraph\">Algunos comienzan antes del primer cumplea\u00f1os y otros necesitan unas semanas o meses m\u00e1s.<\/p>\n\n\n\n<p class=\"wp-block-paragraph\">Lo importante es observar el conjunto de su desarrollo.<\/p>\n\n\n\n<p class=\"wp-block-paragraph\">Si mantiene contacto visual, responde a su nombre, muestra inter\u00e9s por las personas y se comunica mediante gestos o sonidos, normalmente no existe motivo para preocuparse.<\/p>\n\n\n\n<p class=\"wp-block-paragraph\">En cualquier caso, si alrededor de los <strong>18 meses<\/strong> no se\u00f1ala ni utiliza otros gestos comunicativos, es recomendable comentarlo con el pediatra para valorar su evoluci\u00f3n.<\/p>\n\n\n\n<hr class=\"wp-block-separator has-alpha-channel-opacity\"\/>\n\n\n\n<h2 class=\"wp-block-heading\"><span class=\"ez-toc-section\" id=\"Un_pequeno_gesto_que_abre_la_puerta_a_un_gran_aprendizaje\"><\/span>Un peque\u00f1o gesto que abre la puerta a un gran aprendizaje<span class=\"ez-toc-section-end\"><\/span><\/h2>\n\n\n\n<p class=\"wp-block-paragraph\">Cuando un beb\u00e9 se\u00f1ala con el dedo, est\u00e1 haciendo mucho m\u00e1s que indicar un objeto.<\/p>\n\n\n\n<p class=\"wp-block-paragraph\">Est\u00e1 aprendiendo a compartir experiencias, a comunicarse con quienes le rodean y a construir las bases del lenguaje que utilizar\u00e1 durante toda su vida.<\/p>\n\n\n\n<p class=\"wp-block-paragraph\">Por eso merece la pena detenerse unos segundos, seguir la direcci\u00f3n de su dedo y responder con una sonrisa.<\/p>\n\n\n\n<p class=\"wp-block-paragraph\">Puede parecer un gesto cotidiano.<\/p>\n\n\n\n<p class=\"wp-block-paragraph\">En realidad, es uno de los momentos m\u00e1s importantes de su desarrollo.<\/p>\n\n\n\n<p class=\"wp-block-paragraph\">Si te apasiona descubrir c\u00f3mo aprenden y crecen los m\u00e1s peque\u00f1os, en <strong>La Cestita del Beb\u00e9<\/strong> encontrar\u00e1s m\u00e1s art\u00edculos sobre desarrollo infantil, crianza y consejos para familias, adem\u00e1s de una cuidada selecci\u00f3n de <strong>regalos personalizados para beb\u00e9s<\/strong>, <strong>canastillas de nacimiento<\/strong> y detalles \u00fanicos para celebrar la llegada de un nuevo miembro a la familia.<\/p>\n\n\n\n<p class=\"wp-block-paragraph\">\ud83d\udc49 <strong><a href=\"https:\/\/www.lacestitadelbebe.es\/\">https:\/\/www.lacestitadelbebe.es\/<\/a><\/strong><\/p>\n\n\n\n<p class=\"wp-block-paragraph\">Cuidaros mucho y nos leemos en la pr\u00f3xima ocasi\u00f3n!<\/p>\n\n\n\n<p class=\"wp-block-paragraph\"><\/p>\n","protected":false},"excerpt":{"rendered":"<p>Los beb\u00e9s crecen r\u00e1pido y uno de los momentos m\u00e1s emocionantes para cualquier familia llega cuando el beb\u00e9 deja de comunicarse \u00fanicamente con sonrisas, balbuceos o llantos y comienza a se\u00f1alar con el dedo aquello que llama su atenci\u00f3n. Puede parecer un gesto sencillo, pero detr\u00e1s de \u00e9l se esconde uno de los avances m\u00e1s &#8230; <a title=\"\u00bfCu\u00e1ndo empiezan los beb\u00e9s a se\u00f1alar con el dedo y por qu\u00e9 este gesto es tan importante?\" class=\"read-more\" href=\"https:\/\/www.lacestitadelbebe.es\/blog\/cuando-empiezan-los-bebes-a-senalar-guia-para-familias\/\" aria-label=\"Leer m\u00e1s sobre \u00bfCu\u00e1ndo empiezan los beb\u00e9s a se\u00f1alar con el dedo y por qu\u00e9 este gesto es tan importante?\">Leer m\u00e1s<\/a><\/p>\n","protected":false},"author":1,"featured_media":5837,"comment_status":"open","ping_status":"open","sticky":false,"template":"","format":"standard","meta":{"_exactmetrics_skip_tracking":false,"footnotes":""},"categories":[89,78,102,455,82],"tags":[975],"class_list":["post-5835","post","type-post","status-publish","format-standard","has-post-thumbnail","hentry","category-aprendizaje-y-estimulacion","category-bebes","category-cuidados","category-educacion","category-maternidad","tag-senalando-con-el-dedo"],"yoast_head":"<!-- This site is optimized with the Yoast SEO plugin v28.4 - https:\/\/yoast.com\/product\/yoast-seo-wordpress\/ -->\n<title>\u00bfCu\u00e1ndo empiezan los beb\u00e9s a se\u00f1alar con el dedo y por qu\u00e9 este gesto es tan importante? - Blog la Cestita del Beb\u00e9<\/title>\n<meta name=\"description\" content=\"Desde el blog de LaCestitadelBeb\u00e9 os dejamos informaci\u00f3n sobre cuando vuestro beb\u00e9 se\u00f1ala con el dedo!\" \/>\n<meta name=\"robots\" content=\"index, follow, max-snippet:-1, max-image-preview:large, max-video-preview:-1\" \/>\n<link rel=\"canonical\" href=\"https:\/\/www.lacestitadelbebe.es\/blog\/cuando-empiezan-los-bebes-a-senalar-guia-para-familias\/\" \/>\n<meta property=\"og:locale\" content=\"es_ES\" \/>\n<meta property=\"og:type\" content=\"article\" \/>\n<meta property=\"og:title\" content=\"\u00bfCu\u00e1ndo empiezan los beb\u00e9s a se\u00f1alar con el dedo y por qu\u00e9 este gesto es tan importante? - Blog la Cestita del Beb\u00e9\" \/>\n<meta property=\"og:description\" content=\"Desde el blog de LaCestitadelBeb\u00e9 os dejamos informaci\u00f3n sobre cuando vuestro beb\u00e9 se\u00f1ala con el dedo!\" \/>\n<meta property=\"og:url\" content=\"https:\/\/www.lacestitadelbebe.es\/blog\/cuando-empiezan-los-bebes-a-senalar-guia-para-familias\/\" \/>\n<meta property=\"og:site_name\" content=\"Blog la Cestita del Beb\u00e9\" \/>\n<meta property=\"article:publisher\" content=\"https:\/\/www.facebook.com\/lacestitadelbebe.es\" \/>\n<meta property=\"article:published_time\" content=\"2026-07-22T04:36:22+00:00\" \/>\n<meta property=\"article:modified_time\" content=\"2026-07-22T04:36:23+00:00\" \/>\n<meta property=\"og:image\" content=\"https:\/\/www.lacestitadelbebe.es\/blog\/wp-content\/uploads\/2026\/07\/beb_sealando_con_el_dedo-1.jpg\" \/>\n\t<meta property=\"og:image:width\" content=\"1248\" \/>\n\t<meta property=\"og:image:height\" content=\"832\" \/>\n\t<meta property=\"og:image:type\" content=\"image\/jpeg\" \/>\n<meta name=\"author\" content=\"La Cestita\" \/>\n<meta name=\"twitter:card\" content=\"summary_large_image\" \/>\n<meta name=\"twitter:creator\" content=\"@LaCestitaBebe\" \/>\n<meta name=\"twitter:site\" content=\"@LaCestitaBebe\" \/>\n<meta name=\"twitter:label1\" content=\"Escrito por\" \/>\n\t<meta name=\"twitter:data1\" content=\"La Cestita\" \/>\n\t<meta name=\"twitter:label2\" content=\"Tiempo de lectura\" \/>\n\t<meta name=\"twitter:data2\" content=\"4 minutos\" \/>\n<script type=\"application\/ld+json\" class=\"yoast-schema-graph\">{\"@context\":\"https:\\\/\\\/schema.org\",\"@graph\":[{\"@type\":\"Article\",\"@id\":\"https:\\\/\\\/www.lacestitadelbebe.es\\\/blog\\\/cuando-empiezan-los-bebes-a-senalar-guia-para-familias\\\/#article\",\"isPartOf\":{\"@id\":\"https:\\\/\\\/www.lacestitadelbebe.es\\\/blog\\\/cuando-empiezan-los-bebes-a-senalar-guia-para-familias\\\/\"},\"author\":{\"name\":\"La Cestita\",\"@id\":\"https:\\\/\\\/www.lacestitadelbebe.es\\\/blog\\\/#\\\/schema\\\/person\\\/4302d1284b0024ab11dca99558de40b4\"},\"headline\":\"\u00bfCu\u00e1ndo empiezan los beb\u00e9s a se\u00f1alar con el dedo y por qu\u00e9 este gesto es tan importante?\",\"datePublished\":\"2026-07-22T04:36:22+00:00\",\"dateModified\":\"2026-07-22T04:36:23+00:00\",\"mainEntityOfPage\":{\"@id\":\"https:\\\/\\\/www.lacestitadelbebe.es\\\/blog\\\/cuando-empiezan-los-bebes-a-senalar-guia-para-familias\\\/\"},\"wordCount\":806,\"commentCount\":0,\"publisher\":{\"@id\":\"https:\\\/\\\/www.lacestitadelbebe.es\\\/blog\\\/#organization\"},\"image\":{\"@id\":\"https:\\\/\\\/www.lacestitadelbebe.es\\\/blog\\\/cuando-empiezan-los-bebes-a-senalar-guia-para-familias\\\/#primaryimage\"},\"thumbnailUrl\":\"https:\\\/\\\/www.lacestitadelbebe.es\\\/blog\\\/wp-content\\\/uploads\\\/2026\\\/07\\\/beb_sealando_con_el_dedo-1.jpg\",\"keywords\":[\"se\u00f1alando con el dedo\"],\"articleSection\":[\"aprendizaje y estimulaci\u00f3n\",\"Beb\u00e9s\",\"cuidados\",\"educaci\u00f3n\",\"maternidad\"],\"inLanguage\":\"es\",\"potentialAction\":[{\"@type\":\"CommentAction\",\"name\":\"Comment\",\"target\":[\"https:\\\/\\\/www.lacestitadelbebe.es\\\/blog\\\/cuando-empiezan-los-bebes-a-senalar-guia-para-familias\\\/#respond\"]}]},{\"@type\":\"WebPage\",\"@id\":\"https:\\\/\\\/www.lacestitadelbebe.es\\\/blog\\\/cuando-empiezan-los-bebes-a-senalar-guia-para-familias\\\/\",\"url\":\"https:\\\/\\\/www.lacestitadelbebe.es\\\/blog\\\/cuando-empiezan-los-bebes-a-senalar-guia-para-familias\\\/\",\"name\":\"\u00bfCu\u00e1ndo empiezan los beb\u00e9s a se\u00f1alar con el dedo y por qu\u00e9 este gesto es tan importante? - Blog la Cestita del Beb\u00e9\",\"isPartOf\":{\"@id\":\"https:\\\/\\\/www.lacestitadelbebe.es\\\/blog\\\/#website\"},\"primaryImageOfPage\":{\"@id\":\"https:\\\/\\\/www.lacestitadelbebe.es\\\/blog\\\/cuando-empiezan-los-bebes-a-senalar-guia-para-familias\\\/#primaryimage\"},\"image\":{\"@id\":\"https:\\\/\\\/www.lacestitadelbebe.es\\\/blog\\\/cuando-empiezan-los-bebes-a-senalar-guia-para-familias\\\/#primaryimage\"},\"thumbnailUrl\":\"https:\\\/\\\/www.lacestitadelbebe.es\\\/blog\\\/wp-content\\\/uploads\\\/2026\\\/07\\\/beb_sealando_con_el_dedo-1.jpg\",\"datePublished\":\"2026-07-22T04:36:22+00:00\",\"dateModified\":\"2026-07-22T04:36:23+00:00\",\"description\":\"Desde el blog de LaCestitadelBeb\u00e9 os dejamos informaci\u00f3n sobre cuando vuestro beb\u00e9 se\u00f1ala con el dedo!\",\"breadcrumb\":{\"@id\":\"https:\\\/\\\/www.lacestitadelbebe.es\\\/blog\\\/cuando-empiezan-los-bebes-a-senalar-guia-para-familias\\\/#breadcrumb\"},\"inLanguage\":\"es\",\"potentialAction\":[{\"@type\":\"ReadAction\",\"target\":[\"https:\\\/\\\/www.lacestitadelbebe.es\\\/blog\\\/cuando-empiezan-los-bebes-a-senalar-guia-para-familias\\\/\"]}]},{\"@type\":\"ImageObject\",\"inLanguage\":\"es\",\"@id\":\"https:\\\/\\\/www.lacestitadelbebe.es\\\/blog\\\/cuando-empiezan-los-bebes-a-senalar-guia-para-familias\\\/#primaryimage\",\"url\":\"https:\\\/\\\/www.lacestitadelbebe.es\\\/blog\\\/wp-content\\\/uploads\\\/2026\\\/07\\\/beb_sealando_con_el_dedo-1.jpg\",\"contentUrl\":\"https:\\\/\\\/www.lacestitadelbebe.es\\\/blog\\\/wp-content\\\/uploads\\\/2026\\\/07\\\/beb_sealando_con_el_dedo-1.jpg\",\"width\":1248,\"height\":832,\"caption\":\"Beb Sealando Con El Dedo 1\"},{\"@type\":\"BreadcrumbList\",\"@id\":\"https:\\\/\\\/www.lacestitadelbebe.es\\\/blog\\\/cuando-empiezan-los-bebes-a-senalar-guia-para-familias\\\/#breadcrumb\",\"itemListElement\":[{\"@type\":\"ListItem\",\"position\":1,\"name\":\"Portada\",\"item\":\"https:\\\/\\\/www.lacestitadelbebe.es\\\/blog\\\/\"},{\"@type\":\"ListItem\",\"position\":2,\"name\":\"\u00bfCu\u00e1ndo empiezan los beb\u00e9s a se\u00f1alar con el dedo y por qu\u00e9 este gesto es tan importante?\"}]},{\"@type\":\"WebSite\",\"@id\":\"https:\\\/\\\/www.lacestitadelbebe.es\\\/blog\\\/#website\",\"url\":\"https:\\\/\\\/www.lacestitadelbebe.es\\\/blog\\\/\",\"name\":\"Blog la Cestita del Beb\u00e9\",\"description\":\"Hablamos de todo lo relacionado con beb\u00e9s\",\"publisher\":{\"@id\":\"https:\\\/\\\/www.lacestitadelbebe.es\\\/blog\\\/#organization\"},\"potentialAction\":[{\"@type\":\"SearchAction\",\"target\":{\"@type\":\"EntryPoint\",\"urlTemplate\":\"https:\\\/\\\/www.lacestitadelbebe.es\\\/blog\\\/?s={search_term_string}\"},\"query-input\":{\"@type\":\"PropertyValueSpecification\",\"valueRequired\":true,\"valueName\":\"search_term_string\"}}],\"inLanguage\":\"es\"},{\"@type\":\"Organization\",\"@id\":\"https:\\\/\\\/www.lacestitadelbebe.es\\\/blog\\\/#organization\",\"name\":\"La Cestita del Beb\u00e9\",\"url\":\"https:\\\/\\\/www.lacestitadelbebe.es\\\/blog\\\/\",\"logo\":{\"@type\":\"ImageObject\",\"inLanguage\":\"es\",\"@id\":\"https:\\\/\\\/www.lacestitadelbebe.es\\\/blog\\\/#\\\/schema\\\/logo\\\/image\\\/\",\"url\":\"https:\\\/\\\/www.lacestitadelbebe.es\\\/blog\\\/wp-content\\\/uploads\\\/2017\\\/10\\\/la_cestita_del_bebe_blog.png\",\"contentUrl\":\"https:\\\/\\\/www.lacestitadelbebe.es\\\/blog\\\/wp-content\\\/uploads\\\/2017\\\/10\\\/la_cestita_del_bebe_blog.png\",\"width\":375,\"height\":70,\"caption\":\"La Cestita del Beb\u00e9\"},\"image\":{\"@id\":\"https:\\\/\\\/www.lacestitadelbebe.es\\\/blog\\\/#\\\/schema\\\/logo\\\/image\\\/\"},\"sameAs\":[\"https:\\\/\\\/www.facebook.com\\\/lacestitadelbebe.es\",\"https:\\\/\\\/x.com\\\/LaCestitaBebe\"]},{\"@type\":\"Person\",\"@id\":\"https:\\\/\\\/www.lacestitadelbebe.es\\\/blog\\\/#\\\/schema\\\/person\\\/4302d1284b0024ab11dca99558de40b4\",\"name\":\"La Cestita\",\"image\":{\"@type\":\"ImageObject\",\"inLanguage\":\"es\",\"@id\":\"https:\\\/\\\/secure.gravatar.com\\\/avatar\\\/533b503d3fc1781cdd76eacd2aa8f68348cdb3201605fe5b4616e6032a228068?s=96&d=mm&r=g\",\"url\":\"https:\\\/\\\/secure.gravatar.com\\\/avatar\\\/533b503d3fc1781cdd76eacd2aa8f68348cdb3201605fe5b4616e6032a228068?s=96&d=mm&r=g\",\"contentUrl\":\"https:\\\/\\\/secure.gravatar.com\\\/avatar\\\/533b503d3fc1781cdd76eacd2aa8f68348cdb3201605fe5b4616e6032a228068?s=96&d=mm&r=g\",\"caption\":\"La Cestita\"},\"sameAs\":[\"https:\\\/\\\/www.lacestitadelbebe.es\"]}]}<\/script>\n<!-- \/ Yoast SEO plugin. -->","yoast_head_json":{"title":"\u00bfCu\u00e1ndo empiezan los beb\u00e9s a se\u00f1alar con el dedo y por qu\u00e9 este gesto es tan importante? - Blog la Cestita del Beb\u00e9","description":"Desde el blog de LaCestitadelBeb\u00e9 os dejamos informaci\u00f3n sobre cuando vuestro beb\u00e9 se\u00f1ala con el dedo!","robots":{"index":"index","follow":"follow","max-snippet":"max-snippet:-1","max-image-preview":"max-image-preview:large","max-video-preview":"max-video-preview:-1"},"canonical":"https:\/\/www.lacestitadelbebe.es\/blog\/cuando-empiezan-los-bebes-a-senalar-guia-para-familias\/","og_locale":"es_ES","og_type":"article","og_title":"\u00bfCu\u00e1ndo empiezan los beb\u00e9s a se\u00f1alar con el dedo y por qu\u00e9 este gesto es tan importante? - Blog la Cestita del Beb\u00e9","og_description":"Desde el blog de LaCestitadelBeb\u00e9 os dejamos informaci\u00f3n sobre cuando vuestro beb\u00e9 se\u00f1ala con el dedo!","og_url":"https:\/\/www.lacestitadelbebe.es\/blog\/cuando-empiezan-los-bebes-a-senalar-guia-para-familias\/","og_site_name":"Blog la Cestita del Beb\u00e9","article_publisher":"https:\/\/www.facebook.com\/lacestitadelbebe.es","article_published_time":"2026-07-22T04:36:22+00:00","article_modified_time":"2026-07-22T04:36:23+00:00","og_image":[{"width":1248,"height":832,"url":"https:\/\/www.lacestitadelbebe.es\/blog\/wp-content\/uploads\/2026\/07\/beb_sealando_con_el_dedo-1.jpg","type":"image\/jpeg"}],"author":"La Cestita","twitter_card":"summary_large_image","twitter_creator":"@LaCestitaBebe","twitter_site":"@LaCestitaBebe","twitter_misc":{"Escrito por":"La Cestita","Tiempo de lectura":"4 minutos"},"schema":{"@context":"https:\/\/schema.org","@graph":[{"@type":"Article","@id":"https:\/\/www.lacestitadelbebe.es\/blog\/cuando-empiezan-los-bebes-a-senalar-guia-para-familias\/#article","isPartOf":{"@id":"https:\/\/www.lacestitadelbebe.es\/blog\/cuando-empiezan-los-bebes-a-senalar-guia-para-familias\/"},"author":{"name":"La Cestita","@id":"https:\/\/www.lacestitadelbebe.es\/blog\/#\/schema\/person\/4302d1284b0024ab11dca99558de40b4"},"headline":"\u00bfCu\u00e1ndo empiezan los beb\u00e9s a se\u00f1alar con el dedo y por qu\u00e9 este gesto es tan importante?","datePublished":"2026-07-22T04:36:22+00:00","dateModified":"2026-07-22T04:36:23+00:00","mainEntityOfPage":{"@id":"https:\/\/www.lacestitadelbebe.es\/blog\/cuando-empiezan-los-bebes-a-senalar-guia-para-familias\/"},"wordCount":806,"commentCount":0,"publisher":{"@id":"https:\/\/www.lacestitadelbebe.es\/blog\/#organization"},"image":{"@id":"https:\/\/www.lacestitadelbebe.es\/blog\/cuando-empiezan-los-bebes-a-senalar-guia-para-familias\/#primaryimage"},"thumbnailUrl":"https:\/\/www.lacestitadelbebe.es\/blog\/wp-content\/uploads\/2026\/07\/beb_sealando_con_el_dedo-1.jpg","keywords":["se\u00f1alando con el dedo"],"articleSection":["aprendizaje y estimulaci\u00f3n","Beb\u00e9s","cuidados","educaci\u00f3n","maternidad"],"inLanguage":"es","potentialAction":[{"@type":"CommentAction","name":"Comment","target":["https:\/\/www.lacestitadelbebe.es\/blog\/cuando-empiezan-los-bebes-a-senalar-guia-para-familias\/#respond"]}]},{"@type":"WebPage","@id":"https:\/\/www.lacestitadelbebe.es\/blog\/cuando-empiezan-los-bebes-a-senalar-guia-para-familias\/","url":"https:\/\/www.lacestitadelbebe.es\/blog\/cuando-empiezan-los-bebes-a-senalar-guia-para-familias\/","name":"\u00bfCu\u00e1ndo empiezan los beb\u00e9s a se\u00f1alar con el dedo y por qu\u00e9 este gesto es tan importante? - Blog la Cestita del Beb\u00e9","isPartOf":{"@id":"https:\/\/www.lacestitadelbebe.es\/blog\/#website"},"primaryImageOfPage":{"@id":"https:\/\/www.lacestitadelbebe.es\/blog\/cuando-empiezan-los-bebes-a-senalar-guia-para-familias\/#primaryimage"},"image":{"@id":"https:\/\/www.lacestitadelbebe.es\/blog\/cuando-empiezan-los-bebes-a-senalar-guia-para-familias\/#primaryimage"},"thumbnailUrl":"https:\/\/www.lacestitadelbebe.es\/blog\/wp-content\/uploads\/2026\/07\/beb_sealando_con_el_dedo-1.jpg","datePublished":"2026-07-22T04:36:22+00:00","dateModified":"2026-07-22T04:36:23+00:00","description":"Desde el blog de LaCestitadelBeb\u00e9 os dejamos informaci\u00f3n sobre cuando vuestro beb\u00e9 se\u00f1ala con el dedo!","breadcrumb":{"@id":"https:\/\/www.lacestitadelbebe.es\/blog\/cuando-empiezan-los-bebes-a-senalar-guia-para-familias\/#breadcrumb"},"inLanguage":"es","potentialAction":[{"@type":"ReadAction","target":["https:\/\/www.lacestitadelbebe.es\/blog\/cuando-empiezan-los-bebes-a-senalar-guia-para-familias\/"]}]},{"@type":"ImageObject","inLanguage":"es","@id":"https:\/\/www.lacestitadelbebe.es\/blog\/cuando-empiezan-los-bebes-a-senalar-guia-para-familias\/#primaryimage","url":"https:\/\/www.lacestitadelbebe.es\/blog\/wp-content\/uploads\/2026\/07\/beb_sealando_con_el_dedo-1.jpg","contentUrl":"https:\/\/www.lacestitadelbebe.es\/blog\/wp-content\/uploads\/2026\/07\/beb_sealando_con_el_dedo-1.jpg","width":1248,"height":832,"caption":"Beb Sealando Con El Dedo 1"},{"@type":"BreadcrumbList","@id":"https:\/\/www.lacestitadelbebe.es\/blog\/cuando-empiezan-los-bebes-a-senalar-guia-para-familias\/#breadcrumb","itemListElement":[{"@type":"ListItem","position":1,"name":"Portada","item":"https:\/\/www.lacestitadelbebe.es\/blog\/"},{"@type":"ListItem","position":2,"name":"\u00bfCu\u00e1ndo empiezan los beb\u00e9s a se\u00f1alar con el dedo y por qu\u00e9 este gesto es tan importante?"}]},{"@type":"WebSite","@id":"https:\/\/www.lacestitadelbebe.es\/blog\/#website","url":"https:\/\/www.lacestitadelbebe.es\/blog\/","name":"Blog la Cestita del Beb\u00e9","description":"Hablamos de todo lo relacionado con beb\u00e9s","publisher":{"@id":"https:\/\/www.lacestitadelbebe.es\/blog\/#organization"},"potentialAction":[{"@type":"SearchAction","target":{"@type":"EntryPoint","urlTemplate":"https:\/\/www.lacestitadelbebe.es\/blog\/?s={search_term_string}"},"query-input":{"@type":"PropertyValueSpecification","valueRequired":true,"valueName":"search_term_string"}}],"inLanguage":"es"},{"@type":"Organization","@id":"https:\/\/www.lacestitadelbebe.es\/blog\/#organization","name":"La Cestita del Beb\u00e9","url":"https:\/\/www.lacestitadelbebe.es\/blog\/","logo":{"@type":"ImageObject","inLanguage":"es","@id":"https:\/\/www.lacestitadelbebe.es\/blog\/#\/schema\/logo\/image\/","url":"https:\/\/www.lacestitadelbebe.es\/blog\/wp-content\/uploads\/2017\/10\/la_cestita_del_bebe_blog.png","contentUrl":"https:\/\/www.lacestitadelbebe.es\/blog\/wp-content\/uploads\/2017\/10\/la_cestita_del_bebe_blog.png","width":375,"height":70,"caption":"La Cestita del Beb\u00e9"},"image":{"@id":"https:\/\/www.lacestitadelbebe.es\/blog\/#\/schema\/logo\/image\/"},"sameAs":["https:\/\/www.facebook.com\/lacestitadelbebe.es","https:\/\/x.com\/LaCestitaBebe"]},{"@type":"Person","@id":"https:\/\/www.lacestitadelbebe.es\/blog\/#\/schema\/person\/4302d1284b0024ab11dca99558de40b4","name":"La Cestita","image":{"@type":"ImageObject","inLanguage":"es","@id":"https:\/\/secure.gravatar.com\/avatar\/533b503d3fc1781cdd76eacd2aa8f68348cdb3201605fe5b4616e6032a228068?s=96&d=mm&r=g","url":"https:\/\/secure.gravatar.com\/avatar\/533b503d3fc1781cdd76eacd2aa8f68348cdb3201605fe5b4616e6032a228068?s=96&d=mm&r=g","contentUrl":"https:\/\/secure.gravatar.com\/avatar\/533b503d3fc1781cdd76eacd2aa8f68348cdb3201605fe5b4616e6032a228068?s=96&d=mm&r=g","caption":"La Cestita"},"sameAs":["https:\/\/www.lacestitadelbebe.es"]}]}},"_links":{"self":[{"href":"https:\/\/www.lacestitadelbebe.es\/blog\/wp-json\/wp\/v2\/posts\/5835","targetHints":{"allow":["GET"]}}],"collection":[{"href":"https:\/\/www.lacestitadelbebe.es\/blog\/wp-json\/wp\/v2\/posts"}],"about":[{"href":"https:\/\/www.lacestitadelbebe.es\/blog\/wp-json\/wp\/v2\/types\/post"}],"author":[{"embeddable":true,"href":"https:\/\/www.lacestitadelbebe.es\/blog\/wp-json\/wp\/v2\/users\/1"}],"replies":[{"embeddable":true,"href":"https:\/\/www.lacestitadelbebe.es\/blog\/wp-json\/wp\/v2\/comments?post=5835"}],"version-history":[{"count":1,"href":"https:\/\/www.lacestitadelbebe.es\/blog\/wp-json\/wp\/v2\/posts\/5835\/revisions"}],"predecessor-version":[{"id":5838,"href":"https:\/\/www.lacestitadelbebe.es\/blog\/wp-json\/wp\/v2\/posts\/5835\/revisions\/5838"}],"wp:featuredmedia":[{"embeddable":true,"href":"https:\/\/www.lacestitadelbebe.es\/blog\/wp-json\/wp\/v2\/media\/5837"}],"wp:attachment":[{"href":"https:\/\/www.lacestitadelbebe.es\/blog\/wp-json\/wp\/v2\/media?parent=5835"}],"wp:term":[{"taxonomy":"category","embeddable":true,"href":"https:\/\/www.lacestitadelbebe.es\/blog\/wp-json\/wp\/v2\/categories?post=5835"},{"taxonomy":"post_tag","embeddable":true,"href":"https:\/\/www.lacestitadelbebe.es\/blog\/wp-json\/wp\/v2\/tags?post=5835"}],"curies":[{"name":"wp","href":"https:\/\/api.w.org\/{rel}","templated":true}]}}