{"id":5706,"date":"2026-05-03T05:34:39","date_gmt":"2026-05-03T05:34:39","guid":{"rendered":"https:\/\/www.lacestitadelbebe.es\/blog\/?p=5706"},"modified":"2026-05-03T05:34:40","modified_gmt":"2026-05-03T05:34:40","slug":"que-regalar-a-un-bebe-en-verano-ideas-utiles-frescas-y-originales","status":"publish","type":"post","link":"https:\/\/www.lacestitadelbebe.es\/blog\/que-regalar-a-un-bebe-en-verano-ideas-utiles-frescas-y-originales\/","title":{"rendered":"Los mejores regalos para beb\u00e9s en verano: gu\u00eda pr\u00e1ctica"},"content":{"rendered":"\n<p>Elegir un regalo para un reci\u00e9n nacido siempre genera dudas, pero en verano hay un factor extra a tener en cuenta: el calor.<\/p><div id=\"ez-toc-container\" class=\"ez-toc-v2_0_82_2 ez-toc-wrap-center counter-hierarchy ez-toc-counter ez-toc-custom ez-toc-container-direction\">\n<div class=\"ez-toc-title-container\">\n<p class=\"ez-toc-title\" style=\"cursor:inherit\">Contenidos<\/p>\n<span class=\"ez-toc-title-toggle\"><a href=\"#\" class=\"ez-toc-pull-right ez-toc-btn ez-toc-btn-xs ez-toc-btn-default ez-toc-toggle\" aria-label=\"Alternar tabla de contenidos\"><span class=\"ez-toc-js-icon-con\"><span class=\"\"><span class=\"eztoc-hide\" style=\"display:none;\">Toggle<\/span><span class=\"ez-toc-icon-toggle-span\"><svg style=\"fill: #222222;color:#222222\" xmlns=\"http:\/\/www.w3.org\/2000\/svg\" class=\"list-377408\" width=\"20px\" height=\"20px\" viewBox=\"0 0 24 24\" fill=\"none\"><path d=\"M6 6H4v2h2V6zm14 0H8v2h12V6zM4 11h2v2H4v-2zm16 0H8v2h12v-2zM4 16h2v2H4v-2zm16 0H8v2h12v-2z\" fill=\"currentColor\"><\/path><\/svg><svg style=\"fill: #222222;color:#222222\" class=\"arrow-unsorted-368013\" xmlns=\"http:\/\/www.w3.org\/2000\/svg\" width=\"10px\" height=\"10px\" viewBox=\"0 0 24 24\" version=\"1.2\" baseProfile=\"tiny\"><path d=\"M18.2 9.3l-6.2-6.3-6.2 6.3c-.2.2-.3.4-.3.7s.1.5.3.7c.2.2.4.3.7.3h11c.3 0 .5-.1.7-.3.2-.2.3-.5.3-.7s-.1-.5-.3-.7zM5.8 14.7l6.2 6.3 6.2-6.3c.2-.2.3-.5.3-.7s-.1-.5-.3-.7c-.2-.2-.4-.3-.7-.3h-11c-.3 0-.5.1-.7.3-.2.2-.3.5-.3.7s.1.5.3.7z\"\/><\/svg><\/span><\/span><\/span><\/a><\/span><\/div>\n<nav><ul class='ez-toc-list ez-toc-list-level-1 eztoc-toggle-hide-by-default' ><li class='ez-toc-page-1 ez-toc-heading-level-2'><a class=\"ez-toc-link ez-toc-heading-1\" href=\"https:\/\/www.lacestitadelbebe.es\/blog\/que-regalar-a-un-bebe-en-verano-ideas-utiles-frescas-y-originales\/#%F0%9F%8E%81_Regalos_practicos_para_bebes_en_verano\" >\ud83c\udf81 Regalos pr\u00e1cticos para beb\u00e9s en verano<\/a><\/li><li class='ez-toc-page-1 ez-toc-heading-level-2'><a class=\"ez-toc-link ez-toc-heading-2\" href=\"https:\/\/www.lacestitadelbebe.es\/blog\/que-regalar-a-un-bebe-en-verano-ideas-utiles-frescas-y-originales\/#%F0%9F%8C%B4_Ideas_originales_para_sorprender\" >\ud83c\udf34 Ideas originales para sorprender<\/a><\/li><li class='ez-toc-page-1 ez-toc-heading-level-2'><a class=\"ez-toc-link ez-toc-heading-3\" href=\"https:\/\/www.lacestitadelbebe.es\/blog\/que-regalar-a-un-bebe-en-verano-ideas-utiles-frescas-y-originales\/#%F0%9F%A7%BA_Canastillas_para_bebe_adaptadas_al_verano\" >\ud83e\uddfa Canastillas para beb\u00e9 adaptadas al verano<\/a><\/li><li class='ez-toc-page-1 ez-toc-heading-level-2'><a class=\"ez-toc-link ez-toc-heading-4\" href=\"https:\/\/www.lacestitadelbebe.es\/blog\/que-regalar-a-un-bebe-en-verano-ideas-utiles-frescas-y-originales\/#%F0%9F%8C%9E_Consejos_para_elegir_el_mejor_regalo_en_verano\" >\ud83c\udf1e Consejos para elegir el mejor regalo en verano<\/a><\/li><li class='ez-toc-page-1 ez-toc-heading-level-2'><a class=\"ez-toc-link ez-toc-heading-5\" href=\"https:\/\/www.lacestitadelbebe.es\/blog\/que-regalar-a-un-bebe-en-verano-ideas-utiles-frescas-y-originales\/#%F0%9F%91%B6_Relacion_con_el_dia_a_dia_del_bebe\" >\ud83d\udc76 Relaci\u00f3n con el d\u00eda a d\u00eda del beb\u00e9<\/a><\/li><li class='ez-toc-page-1 ez-toc-heading-level-2'><a class=\"ez-toc-link ez-toc-heading-6\" href=\"https:\/\/www.lacestitadelbebe.es\/blog\/que-regalar-a-un-bebe-en-verano-ideas-utiles-frescas-y-originales\/#%F0%9F%8E%AF_Un_regalo_que_realmente_se_aprovecha\" >\ud83c\udfaf Un regalo que realmente se aprovecha<\/a><\/li><li class='ez-toc-page-1 ez-toc-heading-level-2'><a class=\"ez-toc-link ez-toc-heading-7\" href=\"https:\/\/www.lacestitadelbebe.es\/blog\/que-regalar-a-un-bebe-en-verano-ideas-utiles-frescas-y-originales\/#%F0%9F%92%A1_Para_rematar\" >\ud83d\udca1 Para rematar<\/a><\/li><\/ul><\/nav><\/div>\n\n\n\n\n<p>No todos los regalos son igual de pr\u00e1cticos en esta \u00e9poca del a\u00f1o, por eso cada vez m\u00e1s personas buscan <strong>opciones \u00fatiles, ligeras y adaptadas a las altas temperaturas<\/strong>. Si quieres acertar de verdad, aqu\u00ed tienes una gu\u00eda completa con ideas que funcionan.<\/p>\n\n\n<div class=\"wp-block-image\">\n<figure class=\"aligncenter size-large\"><img decoding=\"async\" width=\"792\" height=\"1024\" data-src=\"https:\/\/www.lacestitadelbebe.es\/blog\/wp-content\/uploads\/2026\/05\/canastilla-chocolat-rosa-7-792x1024.jpg\" alt=\"Canastilla Chocolat Rosa 7\" class=\"wp-image-5707 lazyload\" data-srcset=\"https:\/\/www.lacestitadelbebe.es\/blog\/wp-content\/uploads\/2026\/05\/canastilla-chocolat-rosa-7-792x1024.jpg 792w, https:\/\/www.lacestitadelbebe.es\/blog\/wp-content\/uploads\/2026\/05\/canastilla-chocolat-rosa-7-232x300.jpg 232w, https:\/\/www.lacestitadelbebe.es\/blog\/wp-content\/uploads\/2026\/05\/canastilla-chocolat-rosa-7-768x993.jpg 768w, https:\/\/www.lacestitadelbebe.es\/blog\/wp-content\/uploads\/2026\/05\/canastilla-chocolat-rosa-7.jpg 1100w\" data-sizes=\"(max-width: 792px) 100vw, 792px\" src=\"data:image\/svg+xml;base64,PHN2ZyB3aWR0aD0iMSIgaGVpZ2h0PSIxIiB4bWxucz0iaHR0cDovL3d3dy53My5vcmcvMjAwMC9zdmciPjwvc3ZnPg==\" style=\"--smush-placeholder-width: 792px; --smush-placeholder-aspect-ratio: 792\/1024;\" \/><figcaption class=\"wp-element-caption\">Canastilla Chocolat Rosa de La Cestita del Beb\u00e9<\/figcaption><\/figure>\n<\/div>\n\n\n<hr class=\"wp-block-separator has-alpha-channel-opacity\"\/>\n\n\n\n<h2 class=\"wp-block-heading\"><span class=\"ez-toc-section\" id=\"%F0%9F%8E%81_Regalos_practicos_para_bebes_en_verano\"><\/span>\ud83c\udf81 Regalos pr\u00e1cticos para beb\u00e9s en verano<span class=\"ez-toc-section-end\"><\/span><\/h2>\n\n\n\n<p>Durante los meses de calor, lo m\u00e1s importante es garantizar la comodidad del beb\u00e9.<\/p>\n\n\n\n<p>Algunas opciones que nunca fallan son:<\/p>\n\n\n\n<ul class=\"wp-block-list\">\n<li>Ropa ligera de algod\u00f3n<\/li>\n\n\n\n<li>Muselinas transpirables<\/li>\n\n\n\n<li>Gorros o sombreros para proteger del sol<\/li>\n\n\n\n<li>Toallas suaves<\/li>\n\n\n\n<li>Productos de higiene adaptados<\/li>\n<\/ul>\n\n\n\n<p>Estos regalos destacan porque <strong>se utilizan desde el primer d\u00eda<\/strong> y ayudan a sobrellevar mejor las altas temperaturas.<\/p>\n\n\n\n<hr class=\"wp-block-separator has-alpha-channel-opacity\"\/>\n\n\n\n<h2 class=\"wp-block-heading\"><span class=\"ez-toc-section\" id=\"%F0%9F%8C%B4_Ideas_originales_para_sorprender\"><\/span>\ud83c\udf34 Ideas originales para sorprender<span class=\"ez-toc-section-end\"><\/span><\/h2>\n\n\n\n<p>Si quieres ir m\u00e1s all\u00e1 del t\u00edpico regalo, hay opciones que combinan utilidad y originalidad.<\/p>\n\n\n\n<p>Por ejemplo:<\/p>\n\n\n\n<ul class=\"wp-block-list\">\n<li>Kits de verano para beb\u00e9<\/li>\n\n\n\n<li>Regalos personalizados con su nombre<\/li>\n\n\n\n<li>Packs tem\u00e1ticos<\/li>\n\n\n\n<li>Detalles pr\u00e1cticos con presentaci\u00f3n cuidada<\/li>\n<\/ul>\n\n\n\n<p>Este tipo de regalos no solo cumplen una funci\u00f3n, sino que tambi\u00e9n aportan un toque emocional que los padres valoran much\u00edsimo.<\/p>\n\n\n\n<hr class=\"wp-block-separator has-alpha-channel-opacity\"\/>\n\n\n\n<h2 class=\"wp-block-heading\"><span class=\"ez-toc-section\" id=\"%F0%9F%A7%BA_Canastillas_para_bebe_adaptadas_al_verano\"><\/span>\ud83e\uddfa Canastillas para beb\u00e9 adaptadas al verano<span class=\"ez-toc-section-end\"><\/span><\/h2>\n\n\n\n<p>Una de las mejores opciones actualmente son las <strong>canastillas para beb\u00e9<\/strong>, especialmente cuando est\u00e1n pensadas para esta \u00e9poca del a\u00f1o.<\/p>\n\n\n\n<p>Incluyen productos \u00fatiles como ropa fresca, accesorios y art\u00edculos de cuidado, todo preparado para facilitar los primeros meses.<\/p>\n\n\n\n<p>\ud83d\udc49 Puedes ver opciones de canastillas para beb\u00e9 listas para regalar aqu\u00ed:<br><a href=\"https:\/\/lacestitadelbebe.es\/es\/6-canastillas-regalos-bebe\">https:\/\/lacestitadelbebe.es\/es\/6-canastillas-regalos-bebe<\/a><\/p>\n\n\n\n<p>Este tipo de regalo es perfecto porque combina:<\/p>\n\n\n\n<ul class=\"wp-block-list\">\n<li>practicidad<\/li>\n\n\n\n<li>presentaci\u00f3n<\/li>\n\n\n\n<li>y comodidad<\/li>\n<\/ul>\n\n\n\n<hr class=\"wp-block-separator has-alpha-channel-opacity\"\/>\n\n\n\n<h2 class=\"wp-block-heading\"><span class=\"ez-toc-section\" id=\"%F0%9F%8C%9E_Consejos_para_elegir_el_mejor_regalo_en_verano\"><\/span>\ud83c\udf1e Consejos para elegir el mejor regalo en verano<span class=\"ez-toc-section-end\"><\/span><\/h2>\n\n\n\n<p>Antes de decidirte, ten en cuenta estos aspectos:<\/p>\n\n\n\n<p>\u2714\ufe0f Que sea transpirable y ligero<br>\u2714\ufe0f Que tenga utilidad real<br>\u2714\ufe0f Que est\u00e9 adaptado al calor<br>\u2714\ufe0f Que sea f\u00e1cil de usar en el d\u00eda a d\u00eda<\/p>\n\n\n\n<p>Un buen regalo no es el m\u00e1s caro, sino el que <strong>realmente ayuda a los padres en su rutina diaria<\/strong>.<\/p>\n\n\n\n<hr class=\"wp-block-separator has-alpha-channel-opacity\"\/>\n\n\n\n<h2 class=\"wp-block-heading\"><span class=\"ez-toc-section\" id=\"%F0%9F%91%B6_Relacion_con_el_dia_a_dia_del_bebe\"><\/span>\ud83d\udc76 Relaci\u00f3n con el d\u00eda a d\u00eda del beb\u00e9<span class=\"ez-toc-section-end\"><\/span><\/h2>\n\n\n\n<p>En verano, muchas familias aprovechan para salir m\u00e1s, viajar o incluso ir a la playa.<\/p>\n\n\n\n<p>Por eso, es importante elegir productos que faciliten estos momentos.<br>Si quieres m\u00e1s consejos sobre esto, puedes leer esta gu\u00eda sobre c\u00f3mo vestir a un beb\u00e9 para ir a la playa:<br>\ud83d\udc49 <a href=\"https:\/\/www.lacestitadelbebe.es\/blog\/como-vestir-a-un-bebe-para-ir-a-la-playa-guia-practica-para-protegerlo-del-sol\/\">https:\/\/www.lacestitadelbebe.es\/blog\/como-vestir-a-un-bebe-para-ir-a-la-playa-guia-practica-para-protegerlo-del-sol\/<\/a><\/p>\n\n\n\n<hr class=\"wp-block-separator has-alpha-channel-opacity\"\/>\n\n\n\n<h2 class=\"wp-block-heading\"><span class=\"ez-toc-section\" id=\"%F0%9F%8E%AF_Un_regalo_que_realmente_se_aprovecha\"><\/span>\ud83c\udfaf Un regalo que realmente se aprovecha<span class=\"ez-toc-section-end\"><\/span><\/h2>\n\n\n\n<p>Cuando eliges un regalo para un beb\u00e9 en verano, est\u00e1s buscando algo m\u00e1s que un detalle bonito.<\/p>\n\n\n\n<p>Quieres algo \u00fatil, pr\u00e1ctico y que acompa\u00f1e a la familia en su d\u00eda a d\u00eda.<\/p>\n\n\n\n<p>Las opciones adaptadas al calor, como las canastillas o los packs de verano, cumplen perfectamente con este objetivo\u2026 y adem\u00e1s dejan un recuerdo especial.<\/p>\n\n\n\n<hr class=\"wp-block-separator has-alpha-channel-opacity\"\/>\n\n\n\n<h2 class=\"wp-block-heading\"><span class=\"ez-toc-section\" id=\"%F0%9F%92%A1_Para_rematar\"><\/span>\ud83d\udca1 Para rematar<span class=\"ez-toc-section-end\"><\/span><\/h2>\n\n\n\n<p>Elegir qu\u00e9 regalar a un beb\u00e9 en verano no tiene por qu\u00e9 ser complicado.<\/p>\n\n\n\n<p>Si apuestas por productos \u00fatiles, ligeros y bien pensados, tendr\u00e1s muchas m\u00e1s probabilidades de acertar.<\/p>\n\n\n\n<p>Y si adem\u00e1s eliges una opci\u00f3n completa y cuidada, el impacto ser\u00e1 todav\u00eda mayor.<\/p>\n\n\n\n<p>S\u00f3lo nos queda despedirnos, nos leemos en la pr\u00f3xima ocasi\u00f3n! Cuidaros!<\/p>\n","protected":false},"excerpt":{"rendered":"<p>Elegir un regalo para un reci\u00e9n nacido siempre genera dudas, pero en verano hay un factor extra a tener en cuenta: el calor. No todos los regalos son igual de pr\u00e1cticos en esta \u00e9poca del a\u00f1o, por eso cada vez m\u00e1s personas buscan opciones \u00fatiles, ligeras y adaptadas a las altas temperaturas. Si quieres acertar &#8230; <a title=\"Los mejores regalos para beb\u00e9s en verano: gu\u00eda pr\u00e1ctica\" class=\"read-more\" href=\"https:\/\/www.lacestitadelbebe.es\/blog\/que-regalar-a-un-bebe-en-verano-ideas-utiles-frescas-y-originales\/\" aria-label=\"Leer m\u00e1s sobre Los mejores regalos para beb\u00e9s en verano: gu\u00eda pr\u00e1ctica\">Leer m\u00e1s<\/a><\/p>\n","protected":false},"author":1,"featured_media":5708,"comment_status":"open","ping_status":"open","sticky":false,"template":"","format":"standard","meta":{"_exactmetrics_skip_tracking":false,"_exactmetrics_sitenote_active":false,"_exactmetrics_sitenote_note":"","_exactmetrics_sitenote_category":0,"footnotes":""},"categories":[425,78,102,82,140],"tags":[947,946,635],"class_list":["post-5706","post","type-post","status-publish","format-standard","has-post-thumbnail","hentry","category-babyshower","category-bebes","category-cuidados","category-maternidad","category-regalos","tag-cestas","tag-ideas-para-regalar","tag-regalos-nacimiento"],"yoast_head":"<!-- This site is optimized with the Yoast SEO plugin v27.5 - https:\/\/yoast.com\/product\/yoast-seo-wordpress\/ -->\n<title>Los mejores regalos para beb\u00e9s en verano: gu\u00eda pr\u00e1ctica - Blog la Cestita del Beb\u00e9<\/title>\n<meta name=\"description\" content=\"Desde el blog de La Cestita del Beb\u00e9 os dejamos una gu\u00eda de regalos y canastillas con ideas para regalar por un nacimiento a la familia!\" \/>\n<meta name=\"robots\" content=\"index, follow, max-snippet:-1, max-image-preview:large, max-video-preview:-1\" \/>\n<link rel=\"canonical\" href=\"https:\/\/www.lacestitadelbebe.es\/blog\/que-regalar-a-un-bebe-en-verano-ideas-utiles-frescas-y-originales\/\" \/>\n<meta property=\"og:locale\" content=\"es_ES\" \/>\n<meta property=\"og:type\" content=\"article\" \/>\n<meta property=\"og:title\" content=\"Los mejores regalos para beb\u00e9s en verano: gu\u00eda pr\u00e1ctica - Blog la Cestita del Beb\u00e9\" \/>\n<meta property=\"og:description\" content=\"Desde el blog de La Cestita del Beb\u00e9 os dejamos una gu\u00eda de regalos y canastillas con ideas para regalar por un nacimiento a la familia!\" \/>\n<meta property=\"og:url\" content=\"https:\/\/www.lacestitadelbebe.es\/blog\/que-regalar-a-un-bebe-en-verano-ideas-utiles-frescas-y-originales\/\" \/>\n<meta property=\"og:site_name\" content=\"Blog la Cestita del Beb\u00e9\" \/>\n<meta property=\"article:publisher\" content=\"https:\/\/www.facebook.com\/lacestitadelbebe.es\" \/>\n<meta property=\"article:published_time\" content=\"2026-05-03T05:34:39+00:00\" \/>\n<meta property=\"article:modified_time\" content=\"2026-05-03T05:34:40+00:00\" \/>\n<meta property=\"og:image\" content=\"https:\/\/www.lacestitadelbebe.es\/blog\/wp-content\/uploads\/2026\/05\/ideas-para-regalar-por-nacimiento.jpg\" \/>\n\t<meta property=\"og:image:width\" content=\"1024\" \/>\n\t<meta property=\"og:image:height\" content=\"559\" \/>\n\t<meta property=\"og:image:type\" content=\"image\/jpeg\" \/>\n<meta name=\"author\" content=\"La Cestita\" \/>\n<meta name=\"twitter:card\" content=\"summary_large_image\" \/>\n<meta name=\"twitter:creator\" content=\"@LaCestitaBebe\" \/>\n<meta name=\"twitter:site\" content=\"@LaCestitaBebe\" \/>\n<meta name=\"twitter:label1\" content=\"Escrito por\" \/>\n\t<meta name=\"twitter:data1\" content=\"La Cestita\" \/>\n\t<meta name=\"twitter:label2\" content=\"Tiempo de lectura\" \/>\n\t<meta name=\"twitter:data2\" content=\"3 minutos\" \/>\n<script type=\"application\/ld+json\" class=\"yoast-schema-graph\">{\"@context\":\"https:\\\/\\\/schema.org\",\"@graph\":[{\"@type\":\"Article\",\"@id\":\"https:\\\/\\\/www.lacestitadelbebe.es\\\/blog\\\/que-regalar-a-un-bebe-en-verano-ideas-utiles-frescas-y-originales\\\/#article\",\"isPartOf\":{\"@id\":\"https:\\\/\\\/www.lacestitadelbebe.es\\\/blog\\\/que-regalar-a-un-bebe-en-verano-ideas-utiles-frescas-y-originales\\\/\"},\"author\":{\"name\":\"La Cestita\",\"@id\":\"https:\\\/\\\/www.lacestitadelbebe.es\\\/blog\\\/#\\\/schema\\\/person\\\/4302d1284b0024ab11dca99558de40b4\"},\"headline\":\"Los mejores regalos para beb\u00e9s en verano: gu\u00eda pr\u00e1ctica\",\"datePublished\":\"2026-05-03T05:34:39+00:00\",\"dateModified\":\"2026-05-03T05:34:40+00:00\",\"mainEntityOfPage\":{\"@id\":\"https:\\\/\\\/www.lacestitadelbebe.es\\\/blog\\\/que-regalar-a-un-bebe-en-verano-ideas-utiles-frescas-y-originales\\\/\"},\"wordCount\":566,\"commentCount\":0,\"publisher\":{\"@id\":\"https:\\\/\\\/www.lacestitadelbebe.es\\\/blog\\\/#organization\"},\"image\":{\"@id\":\"https:\\\/\\\/www.lacestitadelbebe.es\\\/blog\\\/que-regalar-a-un-bebe-en-verano-ideas-utiles-frescas-y-originales\\\/#primaryimage\"},\"thumbnailUrl\":\"https:\\\/\\\/www.lacestitadelbebe.es\\\/blog\\\/wp-content\\\/uploads\\\/2026\\\/05\\\/ideas-para-regalar-por-nacimiento.jpg\",\"keywords\":[\"cestas\",\"ideas para regalar\",\"regalos nacimiento\"],\"articleSection\":[\"babyshower\",\"Beb\u00e9s\",\"cuidados\",\"maternidad\",\"regalos\"],\"inLanguage\":\"es\",\"potentialAction\":[{\"@type\":\"CommentAction\",\"name\":\"Comment\",\"target\":[\"https:\\\/\\\/www.lacestitadelbebe.es\\\/blog\\\/que-regalar-a-un-bebe-en-verano-ideas-utiles-frescas-y-originales\\\/#respond\"]}]},{\"@type\":\"WebPage\",\"@id\":\"https:\\\/\\\/www.lacestitadelbebe.es\\\/blog\\\/que-regalar-a-un-bebe-en-verano-ideas-utiles-frescas-y-originales\\\/\",\"url\":\"https:\\\/\\\/www.lacestitadelbebe.es\\\/blog\\\/que-regalar-a-un-bebe-en-verano-ideas-utiles-frescas-y-originales\\\/\",\"name\":\"Los mejores regalos para beb\u00e9s en verano: gu\u00eda pr\u00e1ctica - Blog la Cestita del Beb\u00e9\",\"isPartOf\":{\"@id\":\"https:\\\/\\\/www.lacestitadelbebe.es\\\/blog\\\/#website\"},\"primaryImageOfPage\":{\"@id\":\"https:\\\/\\\/www.lacestitadelbebe.es\\\/blog\\\/que-regalar-a-un-bebe-en-verano-ideas-utiles-frescas-y-originales\\\/#primaryimage\"},\"image\":{\"@id\":\"https:\\\/\\\/www.lacestitadelbebe.es\\\/blog\\\/que-regalar-a-un-bebe-en-verano-ideas-utiles-frescas-y-originales\\\/#primaryimage\"},\"thumbnailUrl\":\"https:\\\/\\\/www.lacestitadelbebe.es\\\/blog\\\/wp-content\\\/uploads\\\/2026\\\/05\\\/ideas-para-regalar-por-nacimiento.jpg\",\"datePublished\":\"2026-05-03T05:34:39+00:00\",\"dateModified\":\"2026-05-03T05:34:40+00:00\",\"description\":\"Desde el blog de La Cestita del Beb\u00e9 os dejamos una gu\u00eda de regalos y canastillas con ideas para regalar por un nacimiento a la familia!\",\"breadcrumb\":{\"@id\":\"https:\\\/\\\/www.lacestitadelbebe.es\\\/blog\\\/que-regalar-a-un-bebe-en-verano-ideas-utiles-frescas-y-originales\\\/#breadcrumb\"},\"inLanguage\":\"es\",\"potentialAction\":[{\"@type\":\"ReadAction\",\"target\":[\"https:\\\/\\\/www.lacestitadelbebe.es\\\/blog\\\/que-regalar-a-un-bebe-en-verano-ideas-utiles-frescas-y-originales\\\/\"]}]},{\"@type\":\"ImageObject\",\"inLanguage\":\"es\",\"@id\":\"https:\\\/\\\/www.lacestitadelbebe.es\\\/blog\\\/que-regalar-a-un-bebe-en-verano-ideas-utiles-frescas-y-originales\\\/#primaryimage\",\"url\":\"https:\\\/\\\/www.lacestitadelbebe.es\\\/blog\\\/wp-content\\\/uploads\\\/2026\\\/05\\\/ideas-para-regalar-por-nacimiento.jpg\",\"contentUrl\":\"https:\\\/\\\/www.lacestitadelbebe.es\\\/blog\\\/wp-content\\\/uploads\\\/2026\\\/05\\\/ideas-para-regalar-por-nacimiento.jpg\",\"width\":1024,\"height\":559,\"caption\":\"Ideas Para Regalar Por Nacimiento\"},{\"@type\":\"BreadcrumbList\",\"@id\":\"https:\\\/\\\/www.lacestitadelbebe.es\\\/blog\\\/que-regalar-a-un-bebe-en-verano-ideas-utiles-frescas-y-originales\\\/#breadcrumb\",\"itemListElement\":[{\"@type\":\"ListItem\",\"position\":1,\"name\":\"Portada\",\"item\":\"https:\\\/\\\/www.lacestitadelbebe.es\\\/blog\\\/\"},{\"@type\":\"ListItem\",\"position\":2,\"name\":\"Los mejores regalos para beb\u00e9s en verano: gu\u00eda pr\u00e1ctica\"}]},{\"@type\":\"WebSite\",\"@id\":\"https:\\\/\\\/www.lacestitadelbebe.es\\\/blog\\\/#website\",\"url\":\"https:\\\/\\\/www.lacestitadelbebe.es\\\/blog\\\/\",\"name\":\"Blog la Cestita del Beb\u00e9\",\"description\":\"Hablamos de todo lo relacionado con beb\u00e9s\",\"publisher\":{\"@id\":\"https:\\\/\\\/www.lacestitadelbebe.es\\\/blog\\\/#organization\"},\"potentialAction\":[{\"@type\":\"SearchAction\",\"target\":{\"@type\":\"EntryPoint\",\"urlTemplate\":\"https:\\\/\\\/www.lacestitadelbebe.es\\\/blog\\\/?s={search_term_string}\"},\"query-input\":{\"@type\":\"PropertyValueSpecification\",\"valueRequired\":true,\"valueName\":\"search_term_string\"}}],\"inLanguage\":\"es\"},{\"@type\":\"Organization\",\"@id\":\"https:\\\/\\\/www.lacestitadelbebe.es\\\/blog\\\/#organization\",\"name\":\"La Cestita del Beb\u00e9\",\"url\":\"https:\\\/\\\/www.lacestitadelbebe.es\\\/blog\\\/\",\"logo\":{\"@type\":\"ImageObject\",\"inLanguage\":\"es\",\"@id\":\"https:\\\/\\\/www.lacestitadelbebe.es\\\/blog\\\/#\\\/schema\\\/logo\\\/image\\\/\",\"url\":\"https:\\\/\\\/www.lacestitadelbebe.es\\\/blog\\\/wp-content\\\/uploads\\\/2017\\\/10\\\/la_cestita_del_bebe_blog.png\",\"contentUrl\":\"https:\\\/\\\/www.lacestitadelbebe.es\\\/blog\\\/wp-content\\\/uploads\\\/2017\\\/10\\\/la_cestita_del_bebe_blog.png\",\"width\":375,\"height\":70,\"caption\":\"La Cestita del Beb\u00e9\"},\"image\":{\"@id\":\"https:\\\/\\\/www.lacestitadelbebe.es\\\/blog\\\/#\\\/schema\\\/logo\\\/image\\\/\"},\"sameAs\":[\"https:\\\/\\\/www.facebook.com\\\/lacestitadelbebe.es\",\"https:\\\/\\\/x.com\\\/LaCestitaBebe\"]},{\"@type\":\"Person\",\"@id\":\"https:\\\/\\\/www.lacestitadelbebe.es\\\/blog\\\/#\\\/schema\\\/person\\\/4302d1284b0024ab11dca99558de40b4\",\"name\":\"La Cestita\",\"image\":{\"@type\":\"ImageObject\",\"inLanguage\":\"es\",\"@id\":\"https:\\\/\\\/secure.gravatar.com\\\/avatar\\\/533b503d3fc1781cdd76eacd2aa8f68348cdb3201605fe5b4616e6032a228068?s=96&d=mm&r=g\",\"url\":\"https:\\\/\\\/secure.gravatar.com\\\/avatar\\\/533b503d3fc1781cdd76eacd2aa8f68348cdb3201605fe5b4616e6032a228068?s=96&d=mm&r=g\",\"contentUrl\":\"https:\\\/\\\/secure.gravatar.com\\\/avatar\\\/533b503d3fc1781cdd76eacd2aa8f68348cdb3201605fe5b4616e6032a228068?s=96&d=mm&r=g\",\"caption\":\"La Cestita\"},\"sameAs\":[\"https:\\\/\\\/www.lacestitadelbebe.es\"]}]}<\/script>\n<!-- \/ Yoast SEO plugin. -->","yoast_head_json":{"title":"Los mejores regalos para beb\u00e9s en verano: gu\u00eda pr\u00e1ctica - Blog la Cestita del Beb\u00e9","description":"Desde el blog de La Cestita del Beb\u00e9 os dejamos una gu\u00eda de regalos y canastillas con ideas para regalar por un nacimiento a la familia!","robots":{"index":"index","follow":"follow","max-snippet":"max-snippet:-1","max-image-preview":"max-image-preview:large","max-video-preview":"max-video-preview:-1"},"canonical":"https:\/\/www.lacestitadelbebe.es\/blog\/que-regalar-a-un-bebe-en-verano-ideas-utiles-frescas-y-originales\/","og_locale":"es_ES","og_type":"article","og_title":"Los mejores regalos para beb\u00e9s en verano: gu\u00eda pr\u00e1ctica - Blog la Cestita del Beb\u00e9","og_description":"Desde el blog de La Cestita del Beb\u00e9 os dejamos una gu\u00eda de regalos y canastillas con ideas para regalar por un nacimiento a la familia!","og_url":"https:\/\/www.lacestitadelbebe.es\/blog\/que-regalar-a-un-bebe-en-verano-ideas-utiles-frescas-y-originales\/","og_site_name":"Blog la Cestita del Beb\u00e9","article_publisher":"https:\/\/www.facebook.com\/lacestitadelbebe.es","article_published_time":"2026-05-03T05:34:39+00:00","article_modified_time":"2026-05-03T05:34:40+00:00","og_image":[{"width":1024,"height":559,"url":"https:\/\/www.lacestitadelbebe.es\/blog\/wp-content\/uploads\/2026\/05\/ideas-para-regalar-por-nacimiento.jpg","type":"image\/jpeg"}],"author":"La Cestita","twitter_card":"summary_large_image","twitter_creator":"@LaCestitaBebe","twitter_site":"@LaCestitaBebe","twitter_misc":{"Escrito por":"La Cestita","Tiempo de lectura":"3 minutos"},"schema":{"@context":"https:\/\/schema.org","@graph":[{"@type":"Article","@id":"https:\/\/www.lacestitadelbebe.es\/blog\/que-regalar-a-un-bebe-en-verano-ideas-utiles-frescas-y-originales\/#article","isPartOf":{"@id":"https:\/\/www.lacestitadelbebe.es\/blog\/que-regalar-a-un-bebe-en-verano-ideas-utiles-frescas-y-originales\/"},"author":{"name":"La Cestita","@id":"https:\/\/www.lacestitadelbebe.es\/blog\/#\/schema\/person\/4302d1284b0024ab11dca99558de40b4"},"headline":"Los mejores regalos para beb\u00e9s en verano: gu\u00eda pr\u00e1ctica","datePublished":"2026-05-03T05:34:39+00:00","dateModified":"2026-05-03T05:34:40+00:00","mainEntityOfPage":{"@id":"https:\/\/www.lacestitadelbebe.es\/blog\/que-regalar-a-un-bebe-en-verano-ideas-utiles-frescas-y-originales\/"},"wordCount":566,"commentCount":0,"publisher":{"@id":"https:\/\/www.lacestitadelbebe.es\/blog\/#organization"},"image":{"@id":"https:\/\/www.lacestitadelbebe.es\/blog\/que-regalar-a-un-bebe-en-verano-ideas-utiles-frescas-y-originales\/#primaryimage"},"thumbnailUrl":"https:\/\/www.lacestitadelbebe.es\/blog\/wp-content\/uploads\/2026\/05\/ideas-para-regalar-por-nacimiento.jpg","keywords":["cestas","ideas para regalar","regalos nacimiento"],"articleSection":["babyshower","Beb\u00e9s","cuidados","maternidad","regalos"],"inLanguage":"es","potentialAction":[{"@type":"CommentAction","name":"Comment","target":["https:\/\/www.lacestitadelbebe.es\/blog\/que-regalar-a-un-bebe-en-verano-ideas-utiles-frescas-y-originales\/#respond"]}]},{"@type":"WebPage","@id":"https:\/\/www.lacestitadelbebe.es\/blog\/que-regalar-a-un-bebe-en-verano-ideas-utiles-frescas-y-originales\/","url":"https:\/\/www.lacestitadelbebe.es\/blog\/que-regalar-a-un-bebe-en-verano-ideas-utiles-frescas-y-originales\/","name":"Los mejores regalos para beb\u00e9s en verano: gu\u00eda pr\u00e1ctica - Blog la Cestita del Beb\u00e9","isPartOf":{"@id":"https:\/\/www.lacestitadelbebe.es\/blog\/#website"},"primaryImageOfPage":{"@id":"https:\/\/www.lacestitadelbebe.es\/blog\/que-regalar-a-un-bebe-en-verano-ideas-utiles-frescas-y-originales\/#primaryimage"},"image":{"@id":"https:\/\/www.lacestitadelbebe.es\/blog\/que-regalar-a-un-bebe-en-verano-ideas-utiles-frescas-y-originales\/#primaryimage"},"thumbnailUrl":"https:\/\/www.lacestitadelbebe.es\/blog\/wp-content\/uploads\/2026\/05\/ideas-para-regalar-por-nacimiento.jpg","datePublished":"2026-05-03T05:34:39+00:00","dateModified":"2026-05-03T05:34:40+00:00","description":"Desde el blog de La Cestita del Beb\u00e9 os dejamos una gu\u00eda de regalos y canastillas con ideas para regalar por un nacimiento a la familia!","breadcrumb":{"@id":"https:\/\/www.lacestitadelbebe.es\/blog\/que-regalar-a-un-bebe-en-verano-ideas-utiles-frescas-y-originales\/#breadcrumb"},"inLanguage":"es","potentialAction":[{"@type":"ReadAction","target":["https:\/\/www.lacestitadelbebe.es\/blog\/que-regalar-a-un-bebe-en-verano-ideas-utiles-frescas-y-originales\/"]}]},{"@type":"ImageObject","inLanguage":"es","@id":"https:\/\/www.lacestitadelbebe.es\/blog\/que-regalar-a-un-bebe-en-verano-ideas-utiles-frescas-y-originales\/#primaryimage","url":"https:\/\/www.lacestitadelbebe.es\/blog\/wp-content\/uploads\/2026\/05\/ideas-para-regalar-por-nacimiento.jpg","contentUrl":"https:\/\/www.lacestitadelbebe.es\/blog\/wp-content\/uploads\/2026\/05\/ideas-para-regalar-por-nacimiento.jpg","width":1024,"height":559,"caption":"Ideas Para Regalar Por Nacimiento"},{"@type":"BreadcrumbList","@id":"https:\/\/www.lacestitadelbebe.es\/blog\/que-regalar-a-un-bebe-en-verano-ideas-utiles-frescas-y-originales\/#breadcrumb","itemListElement":[{"@type":"ListItem","position":1,"name":"Portada","item":"https:\/\/www.lacestitadelbebe.es\/blog\/"},{"@type":"ListItem","position":2,"name":"Los mejores regalos para beb\u00e9s en verano: gu\u00eda pr\u00e1ctica"}]},{"@type":"WebSite","@id":"https:\/\/www.lacestitadelbebe.es\/blog\/#website","url":"https:\/\/www.lacestitadelbebe.es\/blog\/","name":"Blog la Cestita del Beb\u00e9","description":"Hablamos de todo lo relacionado con beb\u00e9s","publisher":{"@id":"https:\/\/www.lacestitadelbebe.es\/blog\/#organization"},"potentialAction":[{"@type":"SearchAction","target":{"@type":"EntryPoint","urlTemplate":"https:\/\/www.lacestitadelbebe.es\/blog\/?s={search_term_string}"},"query-input":{"@type":"PropertyValueSpecification","valueRequired":true,"valueName":"search_term_string"}}],"inLanguage":"es"},{"@type":"Organization","@id":"https:\/\/www.lacestitadelbebe.es\/blog\/#organization","name":"La Cestita del Beb\u00e9","url":"https:\/\/www.lacestitadelbebe.es\/blog\/","logo":{"@type":"ImageObject","inLanguage":"es","@id":"https:\/\/www.lacestitadelbebe.es\/blog\/#\/schema\/logo\/image\/","url":"https:\/\/www.lacestitadelbebe.es\/blog\/wp-content\/uploads\/2017\/10\/la_cestita_del_bebe_blog.png","contentUrl":"https:\/\/www.lacestitadelbebe.es\/blog\/wp-content\/uploads\/2017\/10\/la_cestita_del_bebe_blog.png","width":375,"height":70,"caption":"La Cestita del Beb\u00e9"},"image":{"@id":"https:\/\/www.lacestitadelbebe.es\/blog\/#\/schema\/logo\/image\/"},"sameAs":["https:\/\/www.facebook.com\/lacestitadelbebe.es","https:\/\/x.com\/LaCestitaBebe"]},{"@type":"Person","@id":"https:\/\/www.lacestitadelbebe.es\/blog\/#\/schema\/person\/4302d1284b0024ab11dca99558de40b4","name":"La Cestita","image":{"@type":"ImageObject","inLanguage":"es","@id":"https:\/\/secure.gravatar.com\/avatar\/533b503d3fc1781cdd76eacd2aa8f68348cdb3201605fe5b4616e6032a228068?s=96&d=mm&r=g","url":"https:\/\/secure.gravatar.com\/avatar\/533b503d3fc1781cdd76eacd2aa8f68348cdb3201605fe5b4616e6032a228068?s=96&d=mm&r=g","contentUrl":"https:\/\/secure.gravatar.com\/avatar\/533b503d3fc1781cdd76eacd2aa8f68348cdb3201605fe5b4616e6032a228068?s=96&d=mm&r=g","caption":"La Cestita"},"sameAs":["https:\/\/www.lacestitadelbebe.es"]}]}},"_links":{"self":[{"href":"https:\/\/www.lacestitadelbebe.es\/blog\/wp-json\/wp\/v2\/posts\/5706","targetHints":{"allow":["GET"]}}],"collection":[{"href":"https:\/\/www.lacestitadelbebe.es\/blog\/wp-json\/wp\/v2\/posts"}],"about":[{"href":"https:\/\/www.lacestitadelbebe.es\/blog\/wp-json\/wp\/v2\/types\/post"}],"author":[{"embeddable":true,"href":"https:\/\/www.lacestitadelbebe.es\/blog\/wp-json\/wp\/v2\/users\/1"}],"replies":[{"embeddable":true,"href":"https:\/\/www.lacestitadelbebe.es\/blog\/wp-json\/wp\/v2\/comments?post=5706"}],"version-history":[{"count":2,"href":"https:\/\/www.lacestitadelbebe.es\/blog\/wp-json\/wp\/v2\/posts\/5706\/revisions"}],"predecessor-version":[{"id":5710,"href":"https:\/\/www.lacestitadelbebe.es\/blog\/wp-json\/wp\/v2\/posts\/5706\/revisions\/5710"}],"wp:featuredmedia":[{"embeddable":true,"href":"https:\/\/www.lacestitadelbebe.es\/blog\/wp-json\/wp\/v2\/media\/5708"}],"wp:attachment":[{"href":"https:\/\/www.lacestitadelbebe.es\/blog\/wp-json\/wp\/v2\/media?parent=5706"}],"wp:term":[{"taxonomy":"category","embeddable":true,"href":"https:\/\/www.lacestitadelbebe.es\/blog\/wp-json\/wp\/v2\/categories?post=5706"},{"taxonomy":"post_tag","embeddable":true,"href":"https:\/\/www.lacestitadelbebe.es\/blog\/wp-json\/wp\/v2\/tags?post=5706"}],"curies":[{"name":"wp","href":"https:\/\/api.w.org\/{rel}","templated":true}]}}