{"id":5693,"date":"2026-04-27T04:41:48","date_gmt":"2026-04-27T04:41:48","guid":{"rendered":"https:\/\/www.lacestitadelbebe.es\/blog\/?p=5693"},"modified":"2026-04-29T04:38:14","modified_gmt":"2026-04-29T04:38:14","slug":"como-vestir-a-un-bebe-para-ir-a-la-playa-guia-practica-para-protegerlo-del-sol","status":"publish","type":"post","link":"https:\/\/www.lacestitadelbebe.es\/blog\/como-vestir-a-un-bebe-para-ir-a-la-playa-guia-practica-para-protegerlo-del-sol\/","title":{"rendered":"C\u00f3mo vestir a un beb\u00e9 para ir a la playa: gu\u00eda pr\u00e1ctica para protegerlo del sol"},"content":{"rendered":"\n<p>Ante de salir con un beb\u00e9 debemos seguir unas pautas y el sentido com\u00fan, seg\u00fan d\u00eda y \u00e9poca del a\u00f1o. Ir a la playa con un beb\u00e9 es una experiencia preciosa, pero tambi\u00e9n requiere cierta planificaci\u00f3n. Uno de los aspectos m\u00e1s importantes es saber <strong>c\u00f3mo vestir a un beb\u00e9 para la playa<\/strong>, ya que su piel es especialmente delicada y sensible al sol, al viento y a los cambios de temperatura.<\/p><div id=\"ez-toc-container\" class=\"ez-toc-v2_0_82_2 ez-toc-wrap-center counter-hierarchy ez-toc-counter ez-toc-custom ez-toc-container-direction\">\n<div class=\"ez-toc-title-container\">\n<p class=\"ez-toc-title\" style=\"cursor:inherit\">Contenidos<\/p>\n<span class=\"ez-toc-title-toggle\"><a href=\"#\" class=\"ez-toc-pull-right ez-toc-btn ez-toc-btn-xs ez-toc-btn-default ez-toc-toggle\" aria-label=\"Alternar tabla de contenidos\"><span class=\"ez-toc-js-icon-con\"><span class=\"\"><span class=\"eztoc-hide\" style=\"display:none;\">Toggle<\/span><span class=\"ez-toc-icon-toggle-span\"><svg style=\"fill: #222222;color:#222222\" xmlns=\"http:\/\/www.w3.org\/2000\/svg\" class=\"list-377408\" width=\"20px\" height=\"20px\" viewBox=\"0 0 24 24\" fill=\"none\"><path d=\"M6 6H4v2h2V6zm14 0H8v2h12V6zM4 11h2v2H4v-2zm16 0H8v2h12v-2zM4 16h2v2H4v-2zm16 0H8v2h12v-2z\" fill=\"currentColor\"><\/path><\/svg><svg style=\"fill: #222222;color:#222222\" class=\"arrow-unsorted-368013\" xmlns=\"http:\/\/www.w3.org\/2000\/svg\" width=\"10px\" height=\"10px\" viewBox=\"0 0 24 24\" version=\"1.2\" baseProfile=\"tiny\"><path d=\"M18.2 9.3l-6.2-6.3-6.2 6.3c-.2.2-.3.4-.3.7s.1.5.3.7c.2.2.4.3.7.3h11c.3 0 .5-.1.7-.3.2-.2.3-.5.3-.7s-.1-.5-.3-.7zM5.8 14.7l6.2 6.3 6.2-6.3c.2-.2.3-.5.3-.7s-.1-.5-.3-.7c-.2-.2-.4-.3-.7-.3h-11c-.3 0-.5.1-.7.3-.2.2-.3.5-.3.7s.1.5.3.7z\"\/><\/svg><\/span><\/span><\/span><\/a><\/span><\/div>\n<nav><ul class='ez-toc-list ez-toc-list-level-1 eztoc-toggle-hide-by-default' ><li class='ez-toc-page-1 ez-toc-heading-level-2'><a class=\"ez-toc-link ez-toc-heading-1\" href=\"https:\/\/www.lacestitadelbebe.es\/blog\/como-vestir-a-un-bebe-para-ir-a-la-playa-guia-practica-para-protegerlo-del-sol\/#%E2%98%80%EF%B8%8F_Por_que_es_importante_elegir_bien_la_ropa\" >\u2600\ufe0f Por qu\u00e9 es importante elegir bien la ropa<\/a><\/li><li class='ez-toc-page-1 ez-toc-heading-level-2'><a class=\"ez-toc-link ez-toc-heading-2\" href=\"https:\/\/www.lacestitadelbebe.es\/blog\/como-vestir-a-un-bebe-para-ir-a-la-playa-guia-practica-para-protegerlo-del-sol\/#%F0%9F%91%B6_Que_ropa_debe_llevar_un_bebe_en_la_playa\" >\ud83d\udc76 Qu\u00e9 ropa debe llevar un beb\u00e9 en la playa<\/a><ul class='ez-toc-list-level-3' ><li class='ez-toc-heading-level-3'><a class=\"ez-toc-link ez-toc-heading-3\" href=\"https:\/\/www.lacestitadelbebe.es\/blog\/como-vestir-a-un-bebe-para-ir-a-la-playa-guia-practica-para-protegerlo-del-sol\/#%F0%9F%A7%A2_Gorro_o_sombrero\" >\ud83e\udde2 Gorro o sombrero<\/a><\/li><li class='ez-toc-page-1 ez-toc-heading-level-3'><a class=\"ez-toc-link ez-toc-heading-4\" href=\"https:\/\/www.lacestitadelbebe.es\/blog\/como-vestir-a-un-bebe-para-ir-a-la-playa-guia-practica-para-protegerlo-del-sol\/#%F0%9F%91%95_Ropa_ligera_de_algodon\" >\ud83d\udc55 Ropa ligera de algod\u00f3n<\/a><\/li><li class='ez-toc-page-1 ez-toc-heading-level-3'><a class=\"ez-toc-link ez-toc-heading-5\" href=\"https:\/\/www.lacestitadelbebe.es\/blog\/como-vestir-a-un-bebe-para-ir-a-la-playa-guia-practica-para-protegerlo-del-sol\/#%F0%9F%A9%B1_Banador_o_panal_de_agua\" >\ud83e\ude71 Ba\u00f1ador o pa\u00f1al de agua<\/a><\/li><li class='ez-toc-page-1 ez-toc-heading-level-3'><a class=\"ez-toc-link ez-toc-heading-6\" href=\"https:\/\/www.lacestitadelbebe.es\/blog\/como-vestir-a-un-bebe-para-ir-a-la-playa-guia-practica-para-protegerlo-del-sol\/#%F0%9F%95%B6%EF%B8%8F_Proteccion_adicional\" >\ud83d\udd76\ufe0f Protecci\u00f3n adicional<\/a><\/li><\/ul><\/li><li class='ez-toc-page-1 ez-toc-heading-level-2'><a class=\"ez-toc-link ez-toc-heading-7\" href=\"https:\/\/www.lacestitadelbebe.es\/blog\/como-vestir-a-un-bebe-para-ir-a-la-playa-guia-practica-para-protegerlo-del-sol\/#%F0%9F%8C%8A_Despues_del_bano_cambio_de_ropa_clave\" >\ud83c\udf0a Despu\u00e9s del ba\u00f1o: cambio de ropa clave<\/a><\/li><li class='ez-toc-page-1 ez-toc-heading-level-2'><a class=\"ez-toc-link ez-toc-heading-8\" href=\"https:\/\/www.lacestitadelbebe.es\/blog\/como-vestir-a-un-bebe-para-ir-a-la-playa-guia-practica-para-protegerlo-del-sol\/#%F0%9F%9A%AB_Que_evitar_en_la_playa\" >\ud83d\udeab Qu\u00e9 evitar en la playa<\/a><\/li><li class='ez-toc-page-1 ez-toc-heading-level-2'><a class=\"ez-toc-link ez-toc-heading-9\" href=\"https:\/\/www.lacestitadelbebe.es\/blog\/como-vestir-a-un-bebe-para-ir-a-la-playa-guia-practica-para-protegerlo-del-sol\/#%F0%9F%92%A1_Consejos_extra_para_mayor_seguridad\" >\ud83d\udca1 Consejos extra para mayor seguridad<\/a><\/li><li class='ez-toc-page-1 ez-toc-heading-level-2'><a class=\"ez-toc-link ez-toc-heading-10\" href=\"https:\/\/www.lacestitadelbebe.es\/blog\/como-vestir-a-un-bebe-para-ir-a-la-playa-guia-practica-para-protegerlo-del-sol\/#%F0%9F%8E%81_Preparar_todo_antes_de_salir\" >\ud83c\udf81 Preparar todo antes de salir<\/a><\/li><li class='ez-toc-page-1 ez-toc-heading-level-2'><a class=\"ez-toc-link ez-toc-heading-11\" href=\"https:\/\/www.lacestitadelbebe.es\/blog\/como-vestir-a-un-bebe-para-ir-a-la-playa-guia-practica-para-protegerlo-del-sol\/#%E2%9C%A8_Para_rematar\" >\u2728 Para rematar<\/a><\/li><\/ul><\/nav><\/div>\n\n\n\n\n<p>En esta gu\u00eda te explicamos <strong>qu\u00e9 ropa elegir, qu\u00e9 evitar y c\u00f3mo mantener a tu beb\u00e9 c\u00f3modo y protegido<\/strong> en todo momento.<\/p>\n\n\n<div class=\"wp-block-image\">\n<figure class=\"aligncenter size-large\"><img decoding=\"async\" width=\"1024\" height=\"882\" data-src=\"https:\/\/www.lacestitadelbebe.es\/blog\/wp-content\/uploads\/2020\/08\/como-disfrutar-de-la-playa-con-tu-bebe-1024x882.jpg\" alt=\"\" class=\"wp-image-2612 lazyload\" data-srcset=\"https:\/\/www.lacestitadelbebe.es\/blog\/wp-content\/uploads\/2020\/08\/como-disfrutar-de-la-playa-con-tu-bebe-1024x882.jpg 1024w, https:\/\/www.lacestitadelbebe.es\/blog\/wp-content\/uploads\/2020\/08\/como-disfrutar-de-la-playa-con-tu-bebe-300x258.jpg 300w, https:\/\/www.lacestitadelbebe.es\/blog\/wp-content\/uploads\/2020\/08\/como-disfrutar-de-la-playa-con-tu-bebe-768x662.jpg 768w, https:\/\/www.lacestitadelbebe.es\/blog\/wp-content\/uploads\/2020\/08\/como-disfrutar-de-la-playa-con-tu-bebe-1536x1323.jpg 1536w, https:\/\/www.lacestitadelbebe.es\/blog\/wp-content\/uploads\/2020\/08\/como-disfrutar-de-la-playa-con-tu-bebe-2048x1764.jpg 2048w, https:\/\/www.lacestitadelbebe.es\/blog\/wp-content\/uploads\/2020\/08\/como-disfrutar-de-la-playa-con-tu-bebe-scaled.jpg 406w\" data-sizes=\"(max-width: 1024px) 100vw, 1024px\" src=\"data:image\/svg+xml;base64,PHN2ZyB3aWR0aD0iMSIgaGVpZ2h0PSIxIiB4bWxucz0iaHR0cDovL3d3dy53My5vcmcvMjAwMC9zdmciPjwvc3ZnPg==\" style=\"--smush-placeholder-width: 1024px; --smush-placeholder-aspect-ratio: 1024\/882;\" \/><\/figure>\n<\/div>\n\n\n<hr class=\"wp-block-separator has-alpha-channel-opacity\"\/>\n\n\n\n<h2 class=\"wp-block-heading\"><span class=\"ez-toc-section\" id=\"%E2%98%80%EF%B8%8F_Por_que_es_importante_elegir_bien_la_ropa\"><\/span>\u2600\ufe0f Por qu\u00e9 es importante elegir bien la ropa<span class=\"ez-toc-section-end\"><\/span><\/h2>\n\n\n\n<p>La piel de los beb\u00e9s es mucho m\u00e1s fina que la de los adultos, por lo que <strong>necesitan una protecci\u00f3n extra frente a los rayos solares<\/strong>.<\/p>\n\n\n\n<p>Adem\u00e1s, en la playa entran en juego otros factores:<\/p>\n\n\n\n<ul class=\"wp-block-list\">\n<li>Arena<\/li>\n\n\n\n<li>Viento<\/li>\n\n\n\n<li>Humedad<\/li>\n\n\n\n<li>Cambios de temperatura<\/li>\n<\/ul>\n\n\n\n<p>\ud83d\udc49 Por eso, elegir la ropa adecuada no es solo una cuesti\u00f3n de comodidad, sino tambi\u00e9n de salud.<\/p>\n\n\n\n<hr class=\"wp-block-separator has-alpha-channel-opacity\"\/>\n\n\n\n<h2 class=\"wp-block-heading\"><span class=\"ez-toc-section\" id=\"%F0%9F%91%B6_Que_ropa_debe_llevar_un_bebe_en_la_playa\"><\/span>\ud83d\udc76 Qu\u00e9 ropa debe llevar un beb\u00e9 en la playa<span class=\"ez-toc-section-end\"><\/span><\/h2>\n\n\n\n<p>Para garantizar su bienestar, lo ideal es optar por prendas ligeras, transpirables y protectoras.<\/p>\n\n\n\n<h3 class=\"wp-block-heading\"><span class=\"ez-toc-section\" id=\"%F0%9F%A7%A2_Gorro_o_sombrero\"><\/span>\ud83e\udde2 Gorro o sombrero<span class=\"ez-toc-section-end\"><\/span><\/h3>\n\n\n\n<p>Imprescindible para proteger la cabeza y la cara del sol.<br>\ud83d\udc49 Lo mejor es que tenga visera o ala ancha.<\/p>\n\n\n\n<hr class=\"wp-block-separator has-alpha-channel-opacity\"\/>\n\n\n\n<h3 class=\"wp-block-heading\"><span class=\"ez-toc-section\" id=\"%F0%9F%91%95_Ropa_ligera_de_algodon\"><\/span>\ud83d\udc55 Ropa ligera de algod\u00f3n<span class=\"ez-toc-section-end\"><\/span><\/h3>\n\n\n\n<p>El algod\u00f3n es transpirable y evita irritaciones.<br>\ud83d\udc49 Opta por bodys o camisetas c\u00f3modas.<\/p>\n\n\n\n<hr class=\"wp-block-separator has-alpha-channel-opacity\"\/>\n\n\n\n<h3 class=\"wp-block-heading\"><span class=\"ez-toc-section\" id=\"%F0%9F%A9%B1_Banador_o_panal_de_agua\"><\/span>\ud83e\ude71 Ba\u00f1ador o pa\u00f1al de agua<span class=\"ez-toc-section-end\"><\/span><\/h3>\n\n\n\n<p>Dise\u00f1ado espec\u00edficamente para beb\u00e9s, evita fugas y permite mayor libertad de movimiento.<\/p>\n\n\n\n<hr class=\"wp-block-separator has-alpha-channel-opacity\"\/>\n\n\n\n<h3 class=\"wp-block-heading\"><span class=\"ez-toc-section\" id=\"%F0%9F%95%B6%EF%B8%8F_Proteccion_adicional\"><\/span>\ud83d\udd76\ufe0f Protecci\u00f3n adicional<span class=\"ez-toc-section-end\"><\/span><\/h3>\n\n\n\n<p>Si el beb\u00e9 lo tolera, puedes usar gafas de sol homologadas.<\/p>\n\n\n\n<hr class=\"wp-block-separator has-alpha-channel-opacity\"\/>\n\n\n\n<h2 class=\"wp-block-heading\"><span class=\"ez-toc-section\" id=\"%F0%9F%8C%8A_Despues_del_bano_cambio_de_ropa_clave\"><\/span>\ud83c\udf0a Despu\u00e9s del ba\u00f1o: cambio de ropa clave<span class=\"ez-toc-section-end\"><\/span><\/h2>\n\n\n\n<p>Tras salir del agua, es importante <strong>cambiar al beb\u00e9 r\u00e1pidamente<\/strong>.<\/p>\n\n\n\n<p>\ud83d\udc49 La ropa mojada puede provocar:<\/p>\n\n\n\n<ul class=\"wp-block-list\">\n<li>Enfriamientos<\/li>\n\n\n\n<li>Irritaciones en la piel<\/li>\n<\/ul>\n\n\n\n<p>Lleva siempre una muda seca y una toalla suave.<\/p>\n\n\n\n<hr class=\"wp-block-separator has-alpha-channel-opacity\"\/>\n\n\n\n<h2 class=\"wp-block-heading\"><span class=\"ez-toc-section\" id=\"%F0%9F%9A%AB_Que_evitar_en_la_playa\"><\/span>\ud83d\udeab Qu\u00e9 evitar en la playa<span class=\"ez-toc-section-end\"><\/span><\/h2>\n\n\n\n<p>Para evitar problemas, ten en cuenta qu\u00e9 no debes usar:<\/p>\n\n\n\n<ul class=\"wp-block-list\">\n<li>Ropa sint\u00e9tica (provoca calor y sudoraci\u00f3n)<\/li>\n\n\n\n<li>Exposici\u00f3n directa al sol en horas fuertes<\/li>\n\n\n\n<li>Prendas demasiado ajustadas<\/li>\n<\/ul>\n\n\n\n<p>\ud83d\udc49 <strong>Menos es m\u00e1s, pero siempre con protecci\u00f3n.<\/strong><\/p>\n\n\n\n<hr class=\"wp-block-separator has-alpha-channel-opacity\"\/>\n\n\n\n<h2 class=\"wp-block-heading\"><span class=\"ez-toc-section\" id=\"%F0%9F%92%A1_Consejos_extra_para_mayor_seguridad\"><\/span>\ud83d\udca1 Consejos extra para mayor seguridad<span class=\"ez-toc-section-end\"><\/span><\/h2>\n\n\n\n<p>Adem\u00e1s de la ropa, hay algunos trucos que marcan la diferencia:<\/p>\n\n\n\n<ul class=\"wp-block-list\">\n<li>Evita las horas centrales del d\u00eda<\/li>\n\n\n\n<li>Usa crema solar espec\u00edfica para beb\u00e9s<\/li>\n\n\n\n<li>Mant\u00e9n al beb\u00e9 hidratado<\/li>\n\n\n\n<li>Busca siempre sombra<\/li>\n<\/ul>\n\n\n\n<hr class=\"wp-block-separator has-alpha-channel-opacity\"\/>\n\n\n\n<h2 class=\"wp-block-heading\"><span class=\"ez-toc-section\" id=\"%F0%9F%8E%81_Preparar_todo_antes_de_salir\"><\/span>\ud83c\udf81 Preparar todo antes de salir<span class=\"ez-toc-section-end\"><\/span><\/h2>\n\n\n\n<p>Ir a la playa con un beb\u00e9 implica organizaci\u00f3n. Llevar todo lo necesario har\u00e1 que la experiencia sea mucho m\u00e1s c\u00f3moda.<\/p>\n\n\n\n<p>Si buscas opciones pr\u00e1cticas y bonitas para tener todo preparado, puedes ver ideas de regalos y canastillas completas en:<br>\ud83d\udc49 <a href=\"https:\/\/www.lacestitadelbebe.es\">https:\/\/www.lacestitadelbebe.es<\/a><\/p>\n\n\n\n<hr class=\"wp-block-separator has-alpha-channel-opacity\"\/>\n\n\n\n<h2 class=\"wp-block-heading\"><span class=\"ez-toc-section\" id=\"%E2%9C%A8_Para_rematar\"><\/span>\u2728 Para rematar<span class=\"ez-toc-section-end\"><\/span><\/h2>\n\n\n\n<p>Saber <strong>c\u00f3mo vestir a un beb\u00e9 para ir a la playa<\/strong> es fundamental para garantizar su bienestar.<\/p>\n\n\n\n<p>\ud83d\udc49 La clave est\u00e1 en:<\/p>\n\n\n\n<ul class=\"wp-block-list\">\n<li>Proteger del sol<\/li>\n\n\n\n<li>Elegir ropa c\u00f3moda<\/li>\n\n\n\n<li>Adaptarse a las condiciones<\/li>\n<\/ul>\n\n\n\n<p>As\u00ed, podr\u00e9is disfrutar de un d\u00eda de playa tranquilo, seguro y lleno de buenos momentos en familia.<\/p>\n\n\n\n<p>Esperando que disfrut\u00e9is mucho, cuidaros y nos leemos en la pr\u00f3xima ocasi\u00f3n!<\/p>\n","protected":false},"excerpt":{"rendered":"<p>Ante de salir con un beb\u00e9 debemos seguir unas pautas y el sentido com\u00fan, seg\u00fan d\u00eda y \u00e9poca del a\u00f1o. Ir a la playa con un beb\u00e9 es una experiencia preciosa, pero tambi\u00e9n requiere cierta planificaci\u00f3n. Uno de los aspectos m\u00e1s importantes es saber c\u00f3mo vestir a un beb\u00e9 para la playa, ya que su &#8230; <a title=\"C\u00f3mo vestir a un beb\u00e9 para ir a la playa: gu\u00eda pr\u00e1ctica para protegerlo del sol\" class=\"read-more\" href=\"https:\/\/www.lacestitadelbebe.es\/blog\/como-vestir-a-un-bebe-para-ir-a-la-playa-guia-practica-para-protegerlo-del-sol\/\" aria-label=\"Leer m\u00e1s sobre C\u00f3mo vestir a un beb\u00e9 para ir a la playa: gu\u00eda pr\u00e1ctica para protegerlo del sol\">Leer m\u00e1s<\/a><\/p>\n","protected":false},"author":1,"featured_media":4848,"comment_status":"open","ping_status":"open","sticky":false,"template":"","format":"standard","meta":{"_exactmetrics_skip_tracking":false,"_exactmetrics_sitenote_active":false,"_exactmetrics_sitenote_note":"","_exactmetrics_sitenote_category":0,"footnotes":""},"categories":[936,89,78,102,82],"tags":[721],"class_list":["post-5693","post","type-post","status-publish","format-standard","has-post-thumbnail","hentry","category-alimentacion","category-aprendizaje-y-estimulacion","category-bebes","category-cuidados","category-maternidad","tag-playa-y-bebes"],"yoast_head":"<!-- This site is optimized with the Yoast SEO plugin v27.5 - https:\/\/yoast.com\/product\/yoast-seo-wordpress\/ -->\n<title>C\u00f3mo vestir a un beb\u00e9 para ir a la playa: gu\u00eda pr\u00e1ctica para protegerlo del sol - Blog la Cestita del Beb\u00e9<\/title>\n<meta name=\"description\" content=\"Desde el blog de La Cestita del Beb\u00e9 os dejamos unos pr\u00e1cticos tips para disfrutar de vuestro beb\u00e9 en la playa!\" \/>\n<meta name=\"robots\" content=\"index, follow, max-snippet:-1, max-image-preview:large, max-video-preview:-1\" \/>\n<link rel=\"canonical\" href=\"https:\/\/www.lacestitadelbebe.es\/blog\/como-vestir-a-un-bebe-para-ir-a-la-playa-guia-practica-para-protegerlo-del-sol\/\" \/>\n<meta property=\"og:locale\" content=\"es_ES\" \/>\n<meta property=\"og:type\" content=\"article\" \/>\n<meta property=\"og:title\" content=\"C\u00f3mo vestir a un beb\u00e9 para ir a la playa: gu\u00eda pr\u00e1ctica para protegerlo del sol - Blog la Cestita del Beb\u00e9\" \/>\n<meta property=\"og:description\" content=\"Desde el blog de La Cestita del Beb\u00e9 os dejamos unos pr\u00e1cticos tips para disfrutar de vuestro beb\u00e9 en la playa!\" \/>\n<meta property=\"og:url\" content=\"https:\/\/www.lacestitadelbebe.es\/blog\/como-vestir-a-un-bebe-para-ir-a-la-playa-guia-practica-para-protegerlo-del-sol\/\" \/>\n<meta property=\"og:site_name\" content=\"Blog la Cestita del Beb\u00e9\" \/>\n<meta property=\"article:publisher\" content=\"https:\/\/www.facebook.com\/lacestitadelbebe.es\" \/>\n<meta property=\"article:published_time\" content=\"2026-04-27T04:41:48+00:00\" \/>\n<meta property=\"article:modified_time\" content=\"2026-04-29T04:38:14+00:00\" \/>\n<meta property=\"og:image\" content=\"https:\/\/www.lacestitadelbebe.es\/blog\/wp-content\/uploads\/2024\/06\/bebe_Playa.jpg\" \/>\n\t<meta property=\"og:image:width\" content=\"1000\" \/>\n\t<meta property=\"og:image:height\" content=\"667\" \/>\n\t<meta property=\"og:image:type\" content=\"image\/jpeg\" \/>\n<meta name=\"author\" content=\"La Cestita\" \/>\n<meta name=\"twitter:card\" content=\"summary_large_image\" \/>\n<meta name=\"twitter:creator\" content=\"@LaCestitaBebe\" \/>\n<meta name=\"twitter:site\" content=\"@LaCestitaBebe\" \/>\n<meta name=\"twitter:label1\" content=\"Escrito por\" \/>\n\t<meta name=\"twitter:data1\" content=\"La Cestita\" \/>\n\t<meta name=\"twitter:label2\" content=\"Tiempo de lectura\" \/>\n\t<meta name=\"twitter:data2\" content=\"3 minutos\" \/>\n<script type=\"application\/ld+json\" class=\"yoast-schema-graph\">{\"@context\":\"https:\\\/\\\/schema.org\",\"@graph\":[{\"@type\":\"Article\",\"@id\":\"https:\\\/\\\/www.lacestitadelbebe.es\\\/blog\\\/como-vestir-a-un-bebe-para-ir-a-la-playa-guia-practica-para-protegerlo-del-sol\\\/#article\",\"isPartOf\":{\"@id\":\"https:\\\/\\\/www.lacestitadelbebe.es\\\/blog\\\/como-vestir-a-un-bebe-para-ir-a-la-playa-guia-practica-para-protegerlo-del-sol\\\/\"},\"author\":{\"name\":\"La Cestita\",\"@id\":\"https:\\\/\\\/www.lacestitadelbebe.es\\\/blog\\\/#\\\/schema\\\/person\\\/4302d1284b0024ab11dca99558de40b4\"},\"headline\":\"C\u00f3mo vestir a un beb\u00e9 para ir a la playa: gu\u00eda pr\u00e1ctica para protegerlo del sol\",\"datePublished\":\"2026-04-27T04:41:48+00:00\",\"dateModified\":\"2026-04-29T04:38:14+00:00\",\"mainEntityOfPage\":{\"@id\":\"https:\\\/\\\/www.lacestitadelbebe.es\\\/blog\\\/como-vestir-a-un-bebe-para-ir-a-la-playa-guia-practica-para-protegerlo-del-sol\\\/\"},\"wordCount\":540,\"commentCount\":0,\"publisher\":{\"@id\":\"https:\\\/\\\/www.lacestitadelbebe.es\\\/blog\\\/#organization\"},\"image\":{\"@id\":\"https:\\\/\\\/www.lacestitadelbebe.es\\\/blog\\\/como-vestir-a-un-bebe-para-ir-a-la-playa-guia-practica-para-protegerlo-del-sol\\\/#primaryimage\"},\"thumbnailUrl\":\"https:\\\/\\\/www.lacestitadelbebe.es\\\/blog\\\/wp-content\\\/uploads\\\/2024\\\/06\\\/bebe_Playa.jpg\",\"keywords\":[\"playa y beb\u00e9s\"],\"articleSection\":[\"alimentaci\u00f3n\",\"aprendizaje y estimulaci\u00f3n\",\"Beb\u00e9s\",\"cuidados\",\"maternidad\"],\"inLanguage\":\"es\",\"potentialAction\":[{\"@type\":\"CommentAction\",\"name\":\"Comment\",\"target\":[\"https:\\\/\\\/www.lacestitadelbebe.es\\\/blog\\\/como-vestir-a-un-bebe-para-ir-a-la-playa-guia-practica-para-protegerlo-del-sol\\\/#respond\"]}]},{\"@type\":\"WebPage\",\"@id\":\"https:\\\/\\\/www.lacestitadelbebe.es\\\/blog\\\/como-vestir-a-un-bebe-para-ir-a-la-playa-guia-practica-para-protegerlo-del-sol\\\/\",\"url\":\"https:\\\/\\\/www.lacestitadelbebe.es\\\/blog\\\/como-vestir-a-un-bebe-para-ir-a-la-playa-guia-practica-para-protegerlo-del-sol\\\/\",\"name\":\"C\u00f3mo vestir a un beb\u00e9 para ir a la playa: gu\u00eda pr\u00e1ctica para protegerlo del sol - Blog la Cestita del Beb\u00e9\",\"isPartOf\":{\"@id\":\"https:\\\/\\\/www.lacestitadelbebe.es\\\/blog\\\/#website\"},\"primaryImageOfPage\":{\"@id\":\"https:\\\/\\\/www.lacestitadelbebe.es\\\/blog\\\/como-vestir-a-un-bebe-para-ir-a-la-playa-guia-practica-para-protegerlo-del-sol\\\/#primaryimage\"},\"image\":{\"@id\":\"https:\\\/\\\/www.lacestitadelbebe.es\\\/blog\\\/como-vestir-a-un-bebe-para-ir-a-la-playa-guia-practica-para-protegerlo-del-sol\\\/#primaryimage\"},\"thumbnailUrl\":\"https:\\\/\\\/www.lacestitadelbebe.es\\\/blog\\\/wp-content\\\/uploads\\\/2024\\\/06\\\/bebe_Playa.jpg\",\"datePublished\":\"2026-04-27T04:41:48+00:00\",\"dateModified\":\"2026-04-29T04:38:14+00:00\",\"description\":\"Desde el blog de La Cestita del Beb\u00e9 os dejamos unos pr\u00e1cticos tips para disfrutar de vuestro beb\u00e9 en la playa!\",\"breadcrumb\":{\"@id\":\"https:\\\/\\\/www.lacestitadelbebe.es\\\/blog\\\/como-vestir-a-un-bebe-para-ir-a-la-playa-guia-practica-para-protegerlo-del-sol\\\/#breadcrumb\"},\"inLanguage\":\"es\",\"potentialAction\":[{\"@type\":\"ReadAction\",\"target\":[\"https:\\\/\\\/www.lacestitadelbebe.es\\\/blog\\\/como-vestir-a-un-bebe-para-ir-a-la-playa-guia-practica-para-protegerlo-del-sol\\\/\"]}]},{\"@type\":\"ImageObject\",\"inLanguage\":\"es\",\"@id\":\"https:\\\/\\\/www.lacestitadelbebe.es\\\/blog\\\/como-vestir-a-un-bebe-para-ir-a-la-playa-guia-practica-para-protegerlo-del-sol\\\/#primaryimage\",\"url\":\"https:\\\/\\\/www.lacestitadelbebe.es\\\/blog\\\/wp-content\\\/uploads\\\/2024\\\/06\\\/bebe_Playa.jpg\",\"contentUrl\":\"https:\\\/\\\/www.lacestitadelbebe.es\\\/blog\\\/wp-content\\\/uploads\\\/2024\\\/06\\\/bebe_Playa.jpg\",\"width\":1000,\"height\":667},{\"@type\":\"BreadcrumbList\",\"@id\":\"https:\\\/\\\/www.lacestitadelbebe.es\\\/blog\\\/como-vestir-a-un-bebe-para-ir-a-la-playa-guia-practica-para-protegerlo-del-sol\\\/#breadcrumb\",\"itemListElement\":[{\"@type\":\"ListItem\",\"position\":1,\"name\":\"Portada\",\"item\":\"https:\\\/\\\/www.lacestitadelbebe.es\\\/blog\\\/\"},{\"@type\":\"ListItem\",\"position\":2,\"name\":\"C\u00f3mo vestir a un beb\u00e9 para ir a la playa: gu\u00eda pr\u00e1ctica para protegerlo del sol\"}]},{\"@type\":\"WebSite\",\"@id\":\"https:\\\/\\\/www.lacestitadelbebe.es\\\/blog\\\/#website\",\"url\":\"https:\\\/\\\/www.lacestitadelbebe.es\\\/blog\\\/\",\"name\":\"Blog la Cestita del Beb\u00e9\",\"description\":\"Hablamos de todo lo relacionado con beb\u00e9s\",\"publisher\":{\"@id\":\"https:\\\/\\\/www.lacestitadelbebe.es\\\/blog\\\/#organization\"},\"potentialAction\":[{\"@type\":\"SearchAction\",\"target\":{\"@type\":\"EntryPoint\",\"urlTemplate\":\"https:\\\/\\\/www.lacestitadelbebe.es\\\/blog\\\/?s={search_term_string}\"},\"query-input\":{\"@type\":\"PropertyValueSpecification\",\"valueRequired\":true,\"valueName\":\"search_term_string\"}}],\"inLanguage\":\"es\"},{\"@type\":\"Organization\",\"@id\":\"https:\\\/\\\/www.lacestitadelbebe.es\\\/blog\\\/#organization\",\"name\":\"La Cestita del Beb\u00e9\",\"url\":\"https:\\\/\\\/www.lacestitadelbebe.es\\\/blog\\\/\",\"logo\":{\"@type\":\"ImageObject\",\"inLanguage\":\"es\",\"@id\":\"https:\\\/\\\/www.lacestitadelbebe.es\\\/blog\\\/#\\\/schema\\\/logo\\\/image\\\/\",\"url\":\"https:\\\/\\\/www.lacestitadelbebe.es\\\/blog\\\/wp-content\\\/uploads\\\/2017\\\/10\\\/la_cestita_del_bebe_blog.png\",\"contentUrl\":\"https:\\\/\\\/www.lacestitadelbebe.es\\\/blog\\\/wp-content\\\/uploads\\\/2017\\\/10\\\/la_cestita_del_bebe_blog.png\",\"width\":375,\"height\":70,\"caption\":\"La Cestita del Beb\u00e9\"},\"image\":{\"@id\":\"https:\\\/\\\/www.lacestitadelbebe.es\\\/blog\\\/#\\\/schema\\\/logo\\\/image\\\/\"},\"sameAs\":[\"https:\\\/\\\/www.facebook.com\\\/lacestitadelbebe.es\",\"https:\\\/\\\/x.com\\\/LaCestitaBebe\"]},{\"@type\":\"Person\",\"@id\":\"https:\\\/\\\/www.lacestitadelbebe.es\\\/blog\\\/#\\\/schema\\\/person\\\/4302d1284b0024ab11dca99558de40b4\",\"name\":\"La Cestita\",\"image\":{\"@type\":\"ImageObject\",\"inLanguage\":\"es\",\"@id\":\"https:\\\/\\\/secure.gravatar.com\\\/avatar\\\/533b503d3fc1781cdd76eacd2aa8f68348cdb3201605fe5b4616e6032a228068?s=96&d=mm&r=g\",\"url\":\"https:\\\/\\\/secure.gravatar.com\\\/avatar\\\/533b503d3fc1781cdd76eacd2aa8f68348cdb3201605fe5b4616e6032a228068?s=96&d=mm&r=g\",\"contentUrl\":\"https:\\\/\\\/secure.gravatar.com\\\/avatar\\\/533b503d3fc1781cdd76eacd2aa8f68348cdb3201605fe5b4616e6032a228068?s=96&d=mm&r=g\",\"caption\":\"La Cestita\"},\"sameAs\":[\"https:\\\/\\\/www.lacestitadelbebe.es\"]}]}<\/script>\n<!-- \/ Yoast SEO plugin. -->","yoast_head_json":{"title":"C\u00f3mo vestir a un beb\u00e9 para ir a la playa: gu\u00eda pr\u00e1ctica para protegerlo del sol - Blog la Cestita del Beb\u00e9","description":"Desde el blog de La Cestita del Beb\u00e9 os dejamos unos pr\u00e1cticos tips para disfrutar de vuestro beb\u00e9 en la playa!","robots":{"index":"index","follow":"follow","max-snippet":"max-snippet:-1","max-image-preview":"max-image-preview:large","max-video-preview":"max-video-preview:-1"},"canonical":"https:\/\/www.lacestitadelbebe.es\/blog\/como-vestir-a-un-bebe-para-ir-a-la-playa-guia-practica-para-protegerlo-del-sol\/","og_locale":"es_ES","og_type":"article","og_title":"C\u00f3mo vestir a un beb\u00e9 para ir a la playa: gu\u00eda pr\u00e1ctica para protegerlo del sol - Blog la Cestita del Beb\u00e9","og_description":"Desde el blog de La Cestita del Beb\u00e9 os dejamos unos pr\u00e1cticos tips para disfrutar de vuestro beb\u00e9 en la playa!","og_url":"https:\/\/www.lacestitadelbebe.es\/blog\/como-vestir-a-un-bebe-para-ir-a-la-playa-guia-practica-para-protegerlo-del-sol\/","og_site_name":"Blog la Cestita del Beb\u00e9","article_publisher":"https:\/\/www.facebook.com\/lacestitadelbebe.es","article_published_time":"2026-04-27T04:41:48+00:00","article_modified_time":"2026-04-29T04:38:14+00:00","og_image":[{"width":1000,"height":667,"url":"https:\/\/www.lacestitadelbebe.es\/blog\/wp-content\/uploads\/2024\/06\/bebe_Playa.jpg","type":"image\/jpeg"}],"author":"La Cestita","twitter_card":"summary_large_image","twitter_creator":"@LaCestitaBebe","twitter_site":"@LaCestitaBebe","twitter_misc":{"Escrito por":"La Cestita","Tiempo de lectura":"3 minutos"},"schema":{"@context":"https:\/\/schema.org","@graph":[{"@type":"Article","@id":"https:\/\/www.lacestitadelbebe.es\/blog\/como-vestir-a-un-bebe-para-ir-a-la-playa-guia-practica-para-protegerlo-del-sol\/#article","isPartOf":{"@id":"https:\/\/www.lacestitadelbebe.es\/blog\/como-vestir-a-un-bebe-para-ir-a-la-playa-guia-practica-para-protegerlo-del-sol\/"},"author":{"name":"La Cestita","@id":"https:\/\/www.lacestitadelbebe.es\/blog\/#\/schema\/person\/4302d1284b0024ab11dca99558de40b4"},"headline":"C\u00f3mo vestir a un beb\u00e9 para ir a la playa: gu\u00eda pr\u00e1ctica para protegerlo del sol","datePublished":"2026-04-27T04:41:48+00:00","dateModified":"2026-04-29T04:38:14+00:00","mainEntityOfPage":{"@id":"https:\/\/www.lacestitadelbebe.es\/blog\/como-vestir-a-un-bebe-para-ir-a-la-playa-guia-practica-para-protegerlo-del-sol\/"},"wordCount":540,"commentCount":0,"publisher":{"@id":"https:\/\/www.lacestitadelbebe.es\/blog\/#organization"},"image":{"@id":"https:\/\/www.lacestitadelbebe.es\/blog\/como-vestir-a-un-bebe-para-ir-a-la-playa-guia-practica-para-protegerlo-del-sol\/#primaryimage"},"thumbnailUrl":"https:\/\/www.lacestitadelbebe.es\/blog\/wp-content\/uploads\/2024\/06\/bebe_Playa.jpg","keywords":["playa y beb\u00e9s"],"articleSection":["alimentaci\u00f3n","aprendizaje y estimulaci\u00f3n","Beb\u00e9s","cuidados","maternidad"],"inLanguage":"es","potentialAction":[{"@type":"CommentAction","name":"Comment","target":["https:\/\/www.lacestitadelbebe.es\/blog\/como-vestir-a-un-bebe-para-ir-a-la-playa-guia-practica-para-protegerlo-del-sol\/#respond"]}]},{"@type":"WebPage","@id":"https:\/\/www.lacestitadelbebe.es\/blog\/como-vestir-a-un-bebe-para-ir-a-la-playa-guia-practica-para-protegerlo-del-sol\/","url":"https:\/\/www.lacestitadelbebe.es\/blog\/como-vestir-a-un-bebe-para-ir-a-la-playa-guia-practica-para-protegerlo-del-sol\/","name":"C\u00f3mo vestir a un beb\u00e9 para ir a la playa: gu\u00eda pr\u00e1ctica para protegerlo del sol - Blog la Cestita del Beb\u00e9","isPartOf":{"@id":"https:\/\/www.lacestitadelbebe.es\/blog\/#website"},"primaryImageOfPage":{"@id":"https:\/\/www.lacestitadelbebe.es\/blog\/como-vestir-a-un-bebe-para-ir-a-la-playa-guia-practica-para-protegerlo-del-sol\/#primaryimage"},"image":{"@id":"https:\/\/www.lacestitadelbebe.es\/blog\/como-vestir-a-un-bebe-para-ir-a-la-playa-guia-practica-para-protegerlo-del-sol\/#primaryimage"},"thumbnailUrl":"https:\/\/www.lacestitadelbebe.es\/blog\/wp-content\/uploads\/2024\/06\/bebe_Playa.jpg","datePublished":"2026-04-27T04:41:48+00:00","dateModified":"2026-04-29T04:38:14+00:00","description":"Desde el blog de La Cestita del Beb\u00e9 os dejamos unos pr\u00e1cticos tips para disfrutar de vuestro beb\u00e9 en la playa!","breadcrumb":{"@id":"https:\/\/www.lacestitadelbebe.es\/blog\/como-vestir-a-un-bebe-para-ir-a-la-playa-guia-practica-para-protegerlo-del-sol\/#breadcrumb"},"inLanguage":"es","potentialAction":[{"@type":"ReadAction","target":["https:\/\/www.lacestitadelbebe.es\/blog\/como-vestir-a-un-bebe-para-ir-a-la-playa-guia-practica-para-protegerlo-del-sol\/"]}]},{"@type":"ImageObject","inLanguage":"es","@id":"https:\/\/www.lacestitadelbebe.es\/blog\/como-vestir-a-un-bebe-para-ir-a-la-playa-guia-practica-para-protegerlo-del-sol\/#primaryimage","url":"https:\/\/www.lacestitadelbebe.es\/blog\/wp-content\/uploads\/2024\/06\/bebe_Playa.jpg","contentUrl":"https:\/\/www.lacestitadelbebe.es\/blog\/wp-content\/uploads\/2024\/06\/bebe_Playa.jpg","width":1000,"height":667},{"@type":"BreadcrumbList","@id":"https:\/\/www.lacestitadelbebe.es\/blog\/como-vestir-a-un-bebe-para-ir-a-la-playa-guia-practica-para-protegerlo-del-sol\/#breadcrumb","itemListElement":[{"@type":"ListItem","position":1,"name":"Portada","item":"https:\/\/www.lacestitadelbebe.es\/blog\/"},{"@type":"ListItem","position":2,"name":"C\u00f3mo vestir a un beb\u00e9 para ir a la playa: gu\u00eda pr\u00e1ctica para protegerlo del sol"}]},{"@type":"WebSite","@id":"https:\/\/www.lacestitadelbebe.es\/blog\/#website","url":"https:\/\/www.lacestitadelbebe.es\/blog\/","name":"Blog la Cestita del Beb\u00e9","description":"Hablamos de todo lo relacionado con beb\u00e9s","publisher":{"@id":"https:\/\/www.lacestitadelbebe.es\/blog\/#organization"},"potentialAction":[{"@type":"SearchAction","target":{"@type":"EntryPoint","urlTemplate":"https:\/\/www.lacestitadelbebe.es\/blog\/?s={search_term_string}"},"query-input":{"@type":"PropertyValueSpecification","valueRequired":true,"valueName":"search_term_string"}}],"inLanguage":"es"},{"@type":"Organization","@id":"https:\/\/www.lacestitadelbebe.es\/blog\/#organization","name":"La Cestita del Beb\u00e9","url":"https:\/\/www.lacestitadelbebe.es\/blog\/","logo":{"@type":"ImageObject","inLanguage":"es","@id":"https:\/\/www.lacestitadelbebe.es\/blog\/#\/schema\/logo\/image\/","url":"https:\/\/www.lacestitadelbebe.es\/blog\/wp-content\/uploads\/2017\/10\/la_cestita_del_bebe_blog.png","contentUrl":"https:\/\/www.lacestitadelbebe.es\/blog\/wp-content\/uploads\/2017\/10\/la_cestita_del_bebe_blog.png","width":375,"height":70,"caption":"La Cestita del Beb\u00e9"},"image":{"@id":"https:\/\/www.lacestitadelbebe.es\/blog\/#\/schema\/logo\/image\/"},"sameAs":["https:\/\/www.facebook.com\/lacestitadelbebe.es","https:\/\/x.com\/LaCestitaBebe"]},{"@type":"Person","@id":"https:\/\/www.lacestitadelbebe.es\/blog\/#\/schema\/person\/4302d1284b0024ab11dca99558de40b4","name":"La Cestita","image":{"@type":"ImageObject","inLanguage":"es","@id":"https:\/\/secure.gravatar.com\/avatar\/533b503d3fc1781cdd76eacd2aa8f68348cdb3201605fe5b4616e6032a228068?s=96&d=mm&r=g","url":"https:\/\/secure.gravatar.com\/avatar\/533b503d3fc1781cdd76eacd2aa8f68348cdb3201605fe5b4616e6032a228068?s=96&d=mm&r=g","contentUrl":"https:\/\/secure.gravatar.com\/avatar\/533b503d3fc1781cdd76eacd2aa8f68348cdb3201605fe5b4616e6032a228068?s=96&d=mm&r=g","caption":"La Cestita"},"sameAs":["https:\/\/www.lacestitadelbebe.es"]}]}},"_links":{"self":[{"href":"https:\/\/www.lacestitadelbebe.es\/blog\/wp-json\/wp\/v2\/posts\/5693","targetHints":{"allow":["GET"]}}],"collection":[{"href":"https:\/\/www.lacestitadelbebe.es\/blog\/wp-json\/wp\/v2\/posts"}],"about":[{"href":"https:\/\/www.lacestitadelbebe.es\/blog\/wp-json\/wp\/v2\/types\/post"}],"author":[{"embeddable":true,"href":"https:\/\/www.lacestitadelbebe.es\/blog\/wp-json\/wp\/v2\/users\/1"}],"replies":[{"embeddable":true,"href":"https:\/\/www.lacestitadelbebe.es\/blog\/wp-json\/wp\/v2\/comments?post=5693"}],"version-history":[{"count":1,"href":"https:\/\/www.lacestitadelbebe.es\/blog\/wp-json\/wp\/v2\/posts\/5693\/revisions"}],"predecessor-version":[{"id":5694,"href":"https:\/\/www.lacestitadelbebe.es\/blog\/wp-json\/wp\/v2\/posts\/5693\/revisions\/5694"}],"wp:featuredmedia":[{"embeddable":true,"href":"https:\/\/www.lacestitadelbebe.es\/blog\/wp-json\/wp\/v2\/media\/4848"}],"wp:attachment":[{"href":"https:\/\/www.lacestitadelbebe.es\/blog\/wp-json\/wp\/v2\/media?parent=5693"}],"wp:term":[{"taxonomy":"category","embeddable":true,"href":"https:\/\/www.lacestitadelbebe.es\/blog\/wp-json\/wp\/v2\/categories?post=5693"},{"taxonomy":"post_tag","embeddable":true,"href":"https:\/\/www.lacestitadelbebe.es\/blog\/wp-json\/wp\/v2\/tags?post=5693"}],"curies":[{"name":"wp","href":"https:\/\/api.w.org\/{rel}","templated":true}]}}