{"id":56,"date":"2015-09-10T15:16:00","date_gmt":"2015-09-10T15:16:00","guid":{"rendered":"https:\/\/lacestitadelbebe.es\/blog\/que-regalar-un-nino-de-2-anos\/"},"modified":"2017-10-23T14:52:13","modified_gmt":"2017-10-23T14:52:13","slug":"que-regalar-un-nino-de-2-anos","status":"publish","type":"post","link":"https:\/\/www.lacestitadelbebe.es\/blog\/que-regalar-un-nino-de-2-anos\/","title":{"rendered":"\u00bfQue regalar a un ni\u00f1o de 2 a\u00f1os?"},"content":{"rendered":"<p>Si en este momento os encontr\u00e1is en mi misma tesitura, ya que mi hija cumple 2 a\u00f1os la semana que viene y a\u00fan no hemos comprado su regalo,os encontr\u00e1reis con nuestro mismo dilema \u00bfcual es el mejor regalo para un ni\u00f1o de 2 a\u00f1os?<br \/>\nAprovechemos ahora que a\u00fan no pueden decidir por ellos mismos para hacerles un regalo que adem\u00e1s de para jugar les sirva para aprender y para est\u00edmular las nuevas habilidades que van adquiriendo a esta edad.<\/p>\n<p>Los peque\u00f1os de dos a\u00f1os est\u00e1n en una edad de grandes cambios y grandes logros, es una edad preciosa y complicada (para los padres) en las que nuestro beb\u00e9 poco a poco deja de ser tan beb\u00e9 y empieza a convertirse en ni\u00f1o.<br \/>\nVan adquiriendo poco a poco m\u00e1s independencia, esta independencia les proporciona libertad para experimentar sensaciones y descubrir muchas cosas nuevas, pero tambi\u00e9n pueden surgir nuevos retos y conflictos que le hagan tener m\u00e1s berrinches.<\/p>\n<p>Los <b>juguetes<\/b> pueden ayudarle a superar estos nuevos retos, a expresar sus emociones y tambi\u00e9n a comunicarse mejor con los adultos.<\/p>\n<p>Es una etapa en la que el <b>desarrollo del lenguaje <\/b>es muy importante para ellos, escuchan y entienden la mayor parte de las palabras que los adultos les decimos y por eso un juguete que est\u00edmule la comprensi\u00f3n del lenguaje es muy recomendable.<br \/>\n<b>Los cuentos<\/b> est\u00edmulan su comprensi\u00f3n del lenguaje y su imaginaci\u00f3n, deben ser cuentos con grandes dibujos y colores y con las p\u00e1ginas de cart\u00f3n para que puedan manejarlos sin romperlos.<br \/>\nLos<b> juegos para pintar<\/b>, libros de colorear, pinturas de dedos, tizas o ceras adecuadas a su edad tambi\u00e9n les ayudar\u00e1n a desarrollar su imaginaci\u00f3n y creatividad y son otra forma de comunicarse.<\/p>\n<p><a href=\"https:\/\/lacestitadelbebe.es\/es\/\" style=\"clear: left; float: left; margin-bottom: 1em; margin-right: 1em;\"><img decoding=\"async\" border=\"0\" height=\"310\" data-src=\"https:\/\/lacestitadelbebe.es\/blog\/wp-content\/uploads\/2015\/09\/boys-286784_640.jpg\" width=\"400\" src=\"data:image\/svg+xml;base64,PHN2ZyB3aWR0aD0iMSIgaGVpZ2h0PSIxIiB4bWxucz0iaHR0cDovL3d3dy53My5vcmcvMjAwMC9zdmciPjwvc3ZnPg==\" class=\"lazyload\" style=\"--smush-placeholder-width: 400px; --smush-placeholder-aspect-ratio: 400\/310;\" \/><\/a>&nbsp;La <b>m\u00fasica, <\/b>a esta edad los ni\u00f1os suelen sentir una absoluta fascinaci\u00f3npor la m\u00fasica, se emocionan escuchando canci\u00f3n preferida y lo demuestran riendo, haciendo palmas, cantando o bailando.<br \/>\nUn regalo que seguro les fascinar\u00e1 es un <b>instrumento musical<\/b> sencillo como una pandereta,un tambor, un xil\u00f3fono un peque\u00f1o piano, maracas. Eso s\u00ed tendremos que resignarnos a vivir con el ruido que supone \u00bbaporrearlos\u00bb de vez en cuando.<\/p>\n<p>Su <b>capazidad motriz<\/b> se desarrolla enormente en esta etapa, ellos corren, suben, bajan y trepan por doquier sin ser conscientes del peligro que puede acarrear, por eso es muy importante que los juguetes adem\u00e1s de ayudar a canalizar toda esta energ\u00eda sean adecuados a su edad para no corran ning\u00fan peligro.<br \/>\nPara fomentar sus capacidades motrices podemos regalarles pelotas, toboganes, columpios, tuneles de tela o casitas d\u00f3nde esconderse, un caballito o balanc\u00edn, un triciclo o una moto sin pedales (tipo correpasillos).<\/p>\n<p>Las <b>nuevas capacidades intelectuales y motrices<\/b> har\u00e1n que le encante descubrir nuevas texturas, colores, tama\u00f1os o formas. Arrastrar, lanzar, encajar cosas, meter, sacar ser\u00e1n movimientos que le gustar\u00e1n mucho, por eso un <b>juego de construciones<\/b> o de piezas <b>encajables<\/b> apto para su edad lo tendr\u00e1 entretenido por un buen rato.<\/p>\n<p>Es un momento en el que a\u00fan es temprano para <b>juegos de imitaci\u00f3n<\/b> aunque ya empiezan a querer comportarse como nosotros &nbsp;y si bien es cierto que desde que nacen empiezan a almacenar e imitar conductas. Seguro que comienzan a sentirse atra\u00eddos por los juegos de imitaci\u00f3n como cocinitas, cajas registradoras, bancos de bricolaje, (con muchas piezas de diferentes formas y colores), simpre adecuadas para su edad, de pl\u00e1stico o de madera sin aristas y sin piezas demasiado peque\u00f1as que puedan tragar.<br \/>\nPueden empezar a gustarle tambi\u00e9n los disfraces o las marionetas por ejemplo, aunque es un regalo que yo personalmente dejar\u00eda para un poco m\u00e1s adelante.<\/p>\n<p>Yo casi lo tengo decidido, aunque estoy entre varios de los que os he listado. \u00bfY vosotros lo hab\u00e9is decidido ya? Espero que este post os haya servido al menos para haceros una idea.<\/p>\n<div>\n<\/div>\n","protected":false},"excerpt":{"rendered":"<p>Si en este momento os encontr\u00e1is en mi misma tesitura, ya que mi hija cumple 2 a\u00f1os la semana que viene y a\u00fan no hemos comprado su regalo,os encontr\u00e1reis con nuestro mismo dilema \u00bfcual es el mejor regalo para un ni\u00f1o de 2 a\u00f1os? Aprovechemos ahora que a\u00fan no pueden decidir por ellos mismos para &#8230; <a title=\"\u00bfQue regalar a un ni\u00f1o de 2 a\u00f1os?\" class=\"read-more\" href=\"https:\/\/www.lacestitadelbebe.es\/blog\/que-regalar-un-nino-de-2-anos\/\" aria-label=\"Leer m\u00e1s sobre \u00bfQue regalar a un ni\u00f1o de 2 a\u00f1os?\">Leer m\u00e1s<\/a><\/p>\n","protected":false},"author":1,"featured_media":261,"comment_status":"open","ping_status":"open","sticky":false,"template":"","format":"standard","meta":{"_exactmetrics_skip_tracking":false,"_exactmetrics_sitenote_active":false,"_exactmetrics_sitenote_note":"","_exactmetrics_sitenote_category":0,"footnotes":""},"categories":[1],"tags":[],"class_list":["post-56","post","type-post","status-publish","format-standard","has-post-thumbnail","hentry","category-sin-categoria"],"yoast_head":"<!-- This site is optimized with the Yoast SEO plugin v27.4 - https:\/\/yoast.com\/product\/yoast-seo-wordpress\/ -->\n<title>\u00bfQue regalar a un ni\u00f1o de 2 a\u00f1os? - Blog la Cestita del Beb\u00e9<\/title>\n<meta name=\"robots\" content=\"index, follow, max-snippet:-1, max-image-preview:large, max-video-preview:-1\" \/>\n<link rel=\"canonical\" href=\"https:\/\/www.lacestitadelbebe.es\/blog\/que-regalar-un-nino-de-2-anos\/\" \/>\n<meta property=\"og:locale\" content=\"es_ES\" \/>\n<meta property=\"og:type\" content=\"article\" \/>\n<meta property=\"og:title\" content=\"\u00bfQue regalar a un ni\u00f1o de 2 a\u00f1os? - Blog la Cestita del Beb\u00e9\" \/>\n<meta property=\"og:description\" content=\"Si en este momento os encontr\u00e1is en mi misma tesitura, ya que mi hija cumple 2 a\u00f1os la semana que viene y a\u00fan no hemos comprado su regalo,os encontr\u00e1reis con nuestro mismo dilema \u00bfcual es el mejor regalo para un ni\u00f1o de 2 a\u00f1os? Aprovechemos ahora que a\u00fan no pueden decidir por ellos mismos para ... Leer m\u00e1s\" \/>\n<meta property=\"og:url\" content=\"https:\/\/www.lacestitadelbebe.es\/blog\/que-regalar-un-nino-de-2-anos\/\" \/>\n<meta property=\"og:site_name\" content=\"Blog la Cestita del Beb\u00e9\" \/>\n<meta property=\"article:publisher\" content=\"https:\/\/www.facebook.com\/lacestitadelbebe.es\" \/>\n<meta property=\"article:published_time\" content=\"2015-09-10T15:16:00+00:00\" \/>\n<meta property=\"article:modified_time\" content=\"2017-10-23T14:52:13+00:00\" \/>\n<meta property=\"og:image\" content=\"https:\/\/www.lacestitadelbebe.es\/blog\/wp-content\/uploads\/2015\/09\/boys-286784_640.jpg\" \/>\n\t<meta property=\"og:image:width\" content=\"400\" \/>\n\t<meta property=\"og:image:height\" content=\"311\" \/>\n\t<meta property=\"og:image:type\" content=\"image\/jpeg\" \/>\n<meta name=\"author\" content=\"La Cestita\" \/>\n<meta name=\"twitter:card\" content=\"summary_large_image\" \/>\n<meta name=\"twitter:creator\" content=\"@LaCestitaBebe\" \/>\n<meta name=\"twitter:site\" content=\"@LaCestitaBebe\" \/>\n<meta name=\"twitter:label1\" content=\"Escrito por\" \/>\n\t<meta name=\"twitter:data1\" content=\"La Cestita\" \/>\n\t<meta name=\"twitter:label2\" content=\"Tiempo de lectura\" \/>\n\t<meta name=\"twitter:data2\" content=\"3 minutos\" \/>\n<script type=\"application\/ld+json\" class=\"yoast-schema-graph\">{\"@context\":\"https:\\\/\\\/schema.org\",\"@graph\":[{\"@type\":\"Article\",\"@id\":\"https:\\\/\\\/www.lacestitadelbebe.es\\\/blog\\\/que-regalar-un-nino-de-2-anos\\\/#article\",\"isPartOf\":{\"@id\":\"https:\\\/\\\/www.lacestitadelbebe.es\\\/blog\\\/que-regalar-un-nino-de-2-anos\\\/\"},\"author\":{\"name\":\"La Cestita\",\"@id\":\"https:\\\/\\\/www.lacestitadelbebe.es\\\/blog\\\/#\\\/schema\\\/person\\\/4302d1284b0024ab11dca99558de40b4\"},\"headline\":\"\u00bfQue regalar a un ni\u00f1o de 2 a\u00f1os?\",\"datePublished\":\"2015-09-10T15:16:00+00:00\",\"dateModified\":\"2017-10-23T14:52:13+00:00\",\"mainEntityOfPage\":{\"@id\":\"https:\\\/\\\/www.lacestitadelbebe.es\\\/blog\\\/que-regalar-un-nino-de-2-anos\\\/\"},\"wordCount\":684,\"commentCount\":4,\"publisher\":{\"@id\":\"https:\\\/\\\/www.lacestitadelbebe.es\\\/blog\\\/#organization\"},\"image\":{\"@id\":\"https:\\\/\\\/www.lacestitadelbebe.es\\\/blog\\\/que-regalar-un-nino-de-2-anos\\\/#primaryimage\"},\"thumbnailUrl\":\"https:\\\/\\\/www.lacestitadelbebe.es\\\/blog\\\/wp-content\\\/uploads\\\/2015\\\/09\\\/boys-286784_640.jpg\",\"inLanguage\":\"es\",\"potentialAction\":[{\"@type\":\"CommentAction\",\"name\":\"Comment\",\"target\":[\"https:\\\/\\\/www.lacestitadelbebe.es\\\/blog\\\/que-regalar-un-nino-de-2-anos\\\/#respond\"]}]},{\"@type\":\"WebPage\",\"@id\":\"https:\\\/\\\/www.lacestitadelbebe.es\\\/blog\\\/que-regalar-un-nino-de-2-anos\\\/\",\"url\":\"https:\\\/\\\/www.lacestitadelbebe.es\\\/blog\\\/que-regalar-un-nino-de-2-anos\\\/\",\"name\":\"\u00bfQue regalar a un ni\u00f1o de 2 a\u00f1os? - Blog la Cestita del Beb\u00e9\",\"isPartOf\":{\"@id\":\"https:\\\/\\\/www.lacestitadelbebe.es\\\/blog\\\/#website\"},\"primaryImageOfPage\":{\"@id\":\"https:\\\/\\\/www.lacestitadelbebe.es\\\/blog\\\/que-regalar-un-nino-de-2-anos\\\/#primaryimage\"},\"image\":{\"@id\":\"https:\\\/\\\/www.lacestitadelbebe.es\\\/blog\\\/que-regalar-un-nino-de-2-anos\\\/#primaryimage\"},\"thumbnailUrl\":\"https:\\\/\\\/www.lacestitadelbebe.es\\\/blog\\\/wp-content\\\/uploads\\\/2015\\\/09\\\/boys-286784_640.jpg\",\"datePublished\":\"2015-09-10T15:16:00+00:00\",\"dateModified\":\"2017-10-23T14:52:13+00:00\",\"breadcrumb\":{\"@id\":\"https:\\\/\\\/www.lacestitadelbebe.es\\\/blog\\\/que-regalar-un-nino-de-2-anos\\\/#breadcrumb\"},\"inLanguage\":\"es\",\"potentialAction\":[{\"@type\":\"ReadAction\",\"target\":[\"https:\\\/\\\/www.lacestitadelbebe.es\\\/blog\\\/que-regalar-un-nino-de-2-anos\\\/\"]}]},{\"@type\":\"ImageObject\",\"inLanguage\":\"es\",\"@id\":\"https:\\\/\\\/www.lacestitadelbebe.es\\\/blog\\\/que-regalar-un-nino-de-2-anos\\\/#primaryimage\",\"url\":\"https:\\\/\\\/www.lacestitadelbebe.es\\\/blog\\\/wp-content\\\/uploads\\\/2015\\\/09\\\/boys-286784_640.jpg\",\"contentUrl\":\"https:\\\/\\\/www.lacestitadelbebe.es\\\/blog\\\/wp-content\\\/uploads\\\/2015\\\/09\\\/boys-286784_640.jpg\",\"width\":400,\"height\":311},{\"@type\":\"BreadcrumbList\",\"@id\":\"https:\\\/\\\/www.lacestitadelbebe.es\\\/blog\\\/que-regalar-un-nino-de-2-anos\\\/#breadcrumb\",\"itemListElement\":[{\"@type\":\"ListItem\",\"position\":1,\"name\":\"Portada\",\"item\":\"https:\\\/\\\/www.lacestitadelbebe.es\\\/blog\\\/\"},{\"@type\":\"ListItem\",\"position\":2,\"name\":\"\u00bfQue regalar a un ni\u00f1o de 2 a\u00f1os?\"}]},{\"@type\":\"WebSite\",\"@id\":\"https:\\\/\\\/www.lacestitadelbebe.es\\\/blog\\\/#website\",\"url\":\"https:\\\/\\\/www.lacestitadelbebe.es\\\/blog\\\/\",\"name\":\"Blog la Cestita del Beb\u00e9\",\"description\":\"Hablamos de todo lo relacionado con beb\u00e9s\",\"publisher\":{\"@id\":\"https:\\\/\\\/www.lacestitadelbebe.es\\\/blog\\\/#organization\"},\"potentialAction\":[{\"@type\":\"SearchAction\",\"target\":{\"@type\":\"EntryPoint\",\"urlTemplate\":\"https:\\\/\\\/www.lacestitadelbebe.es\\\/blog\\\/?s={search_term_string}\"},\"query-input\":{\"@type\":\"PropertyValueSpecification\",\"valueRequired\":true,\"valueName\":\"search_term_string\"}}],\"inLanguage\":\"es\"},{\"@type\":\"Organization\",\"@id\":\"https:\\\/\\\/www.lacestitadelbebe.es\\\/blog\\\/#organization\",\"name\":\"La Cestita del Beb\u00e9\",\"url\":\"https:\\\/\\\/www.lacestitadelbebe.es\\\/blog\\\/\",\"logo\":{\"@type\":\"ImageObject\",\"inLanguage\":\"es\",\"@id\":\"https:\\\/\\\/www.lacestitadelbebe.es\\\/blog\\\/#\\\/schema\\\/logo\\\/image\\\/\",\"url\":\"https:\\\/\\\/www.lacestitadelbebe.es\\\/blog\\\/wp-content\\\/uploads\\\/2017\\\/10\\\/la_cestita_del_bebe_blog.png\",\"contentUrl\":\"https:\\\/\\\/www.lacestitadelbebe.es\\\/blog\\\/wp-content\\\/uploads\\\/2017\\\/10\\\/la_cestita_del_bebe_blog.png\",\"width\":375,\"height\":70,\"caption\":\"La Cestita del Beb\u00e9\"},\"image\":{\"@id\":\"https:\\\/\\\/www.lacestitadelbebe.es\\\/blog\\\/#\\\/schema\\\/logo\\\/image\\\/\"},\"sameAs\":[\"https:\\\/\\\/www.facebook.com\\\/lacestitadelbebe.es\",\"https:\\\/\\\/x.com\\\/LaCestitaBebe\"]},{\"@type\":\"Person\",\"@id\":\"https:\\\/\\\/www.lacestitadelbebe.es\\\/blog\\\/#\\\/schema\\\/person\\\/4302d1284b0024ab11dca99558de40b4\",\"name\":\"La Cestita\",\"image\":{\"@type\":\"ImageObject\",\"inLanguage\":\"es\",\"@id\":\"https:\\\/\\\/secure.gravatar.com\\\/avatar\\\/533b503d3fc1781cdd76eacd2aa8f68348cdb3201605fe5b4616e6032a228068?s=96&d=mm&r=g\",\"url\":\"https:\\\/\\\/secure.gravatar.com\\\/avatar\\\/533b503d3fc1781cdd76eacd2aa8f68348cdb3201605fe5b4616e6032a228068?s=96&d=mm&r=g\",\"contentUrl\":\"https:\\\/\\\/secure.gravatar.com\\\/avatar\\\/533b503d3fc1781cdd76eacd2aa8f68348cdb3201605fe5b4616e6032a228068?s=96&d=mm&r=g\",\"caption\":\"La Cestita\"},\"sameAs\":[\"https:\\\/\\\/www.lacestitadelbebe.es\"]}]}<\/script>\n<!-- \/ Yoast SEO plugin. -->","yoast_head_json":{"title":"\u00bfQue regalar a un ni\u00f1o de 2 a\u00f1os? - Blog la Cestita del Beb\u00e9","robots":{"index":"index","follow":"follow","max-snippet":"max-snippet:-1","max-image-preview":"max-image-preview:large","max-video-preview":"max-video-preview:-1"},"canonical":"https:\/\/www.lacestitadelbebe.es\/blog\/que-regalar-un-nino-de-2-anos\/","og_locale":"es_ES","og_type":"article","og_title":"\u00bfQue regalar a un ni\u00f1o de 2 a\u00f1os? - Blog la Cestita del Beb\u00e9","og_description":"Si en este momento os encontr\u00e1is en mi misma tesitura, ya que mi hija cumple 2 a\u00f1os la semana que viene y a\u00fan no hemos comprado su regalo,os encontr\u00e1reis con nuestro mismo dilema \u00bfcual es el mejor regalo para un ni\u00f1o de 2 a\u00f1os? Aprovechemos ahora que a\u00fan no pueden decidir por ellos mismos para ... Leer m\u00e1s","og_url":"https:\/\/www.lacestitadelbebe.es\/blog\/que-regalar-un-nino-de-2-anos\/","og_site_name":"Blog la Cestita del Beb\u00e9","article_publisher":"https:\/\/www.facebook.com\/lacestitadelbebe.es","article_published_time":"2015-09-10T15:16:00+00:00","article_modified_time":"2017-10-23T14:52:13+00:00","og_image":[{"width":400,"height":311,"url":"https:\/\/www.lacestitadelbebe.es\/blog\/wp-content\/uploads\/2015\/09\/boys-286784_640.jpg","type":"image\/jpeg"}],"author":"La Cestita","twitter_card":"summary_large_image","twitter_creator":"@LaCestitaBebe","twitter_site":"@LaCestitaBebe","twitter_misc":{"Escrito por":"La Cestita","Tiempo de lectura":"3 minutos"},"schema":{"@context":"https:\/\/schema.org","@graph":[{"@type":"Article","@id":"https:\/\/www.lacestitadelbebe.es\/blog\/que-regalar-un-nino-de-2-anos\/#article","isPartOf":{"@id":"https:\/\/www.lacestitadelbebe.es\/blog\/que-regalar-un-nino-de-2-anos\/"},"author":{"name":"La Cestita","@id":"https:\/\/www.lacestitadelbebe.es\/blog\/#\/schema\/person\/4302d1284b0024ab11dca99558de40b4"},"headline":"\u00bfQue regalar a un ni\u00f1o de 2 a\u00f1os?","datePublished":"2015-09-10T15:16:00+00:00","dateModified":"2017-10-23T14:52:13+00:00","mainEntityOfPage":{"@id":"https:\/\/www.lacestitadelbebe.es\/blog\/que-regalar-un-nino-de-2-anos\/"},"wordCount":684,"commentCount":4,"publisher":{"@id":"https:\/\/www.lacestitadelbebe.es\/blog\/#organization"},"image":{"@id":"https:\/\/www.lacestitadelbebe.es\/blog\/que-regalar-un-nino-de-2-anos\/#primaryimage"},"thumbnailUrl":"https:\/\/www.lacestitadelbebe.es\/blog\/wp-content\/uploads\/2015\/09\/boys-286784_640.jpg","inLanguage":"es","potentialAction":[{"@type":"CommentAction","name":"Comment","target":["https:\/\/www.lacestitadelbebe.es\/blog\/que-regalar-un-nino-de-2-anos\/#respond"]}]},{"@type":"WebPage","@id":"https:\/\/www.lacestitadelbebe.es\/blog\/que-regalar-un-nino-de-2-anos\/","url":"https:\/\/www.lacestitadelbebe.es\/blog\/que-regalar-un-nino-de-2-anos\/","name":"\u00bfQue regalar a un ni\u00f1o de 2 a\u00f1os? - Blog la Cestita del Beb\u00e9","isPartOf":{"@id":"https:\/\/www.lacestitadelbebe.es\/blog\/#website"},"primaryImageOfPage":{"@id":"https:\/\/www.lacestitadelbebe.es\/blog\/que-regalar-un-nino-de-2-anos\/#primaryimage"},"image":{"@id":"https:\/\/www.lacestitadelbebe.es\/blog\/que-regalar-un-nino-de-2-anos\/#primaryimage"},"thumbnailUrl":"https:\/\/www.lacestitadelbebe.es\/blog\/wp-content\/uploads\/2015\/09\/boys-286784_640.jpg","datePublished":"2015-09-10T15:16:00+00:00","dateModified":"2017-10-23T14:52:13+00:00","breadcrumb":{"@id":"https:\/\/www.lacestitadelbebe.es\/blog\/que-regalar-un-nino-de-2-anos\/#breadcrumb"},"inLanguage":"es","potentialAction":[{"@type":"ReadAction","target":["https:\/\/www.lacestitadelbebe.es\/blog\/que-regalar-un-nino-de-2-anos\/"]}]},{"@type":"ImageObject","inLanguage":"es","@id":"https:\/\/www.lacestitadelbebe.es\/blog\/que-regalar-un-nino-de-2-anos\/#primaryimage","url":"https:\/\/www.lacestitadelbebe.es\/blog\/wp-content\/uploads\/2015\/09\/boys-286784_640.jpg","contentUrl":"https:\/\/www.lacestitadelbebe.es\/blog\/wp-content\/uploads\/2015\/09\/boys-286784_640.jpg","width":400,"height":311},{"@type":"BreadcrumbList","@id":"https:\/\/www.lacestitadelbebe.es\/blog\/que-regalar-un-nino-de-2-anos\/#breadcrumb","itemListElement":[{"@type":"ListItem","position":1,"name":"Portada","item":"https:\/\/www.lacestitadelbebe.es\/blog\/"},{"@type":"ListItem","position":2,"name":"\u00bfQue regalar a un ni\u00f1o de 2 a\u00f1os?"}]},{"@type":"WebSite","@id":"https:\/\/www.lacestitadelbebe.es\/blog\/#website","url":"https:\/\/www.lacestitadelbebe.es\/blog\/","name":"Blog la Cestita del Beb\u00e9","description":"Hablamos de todo lo relacionado con beb\u00e9s","publisher":{"@id":"https:\/\/www.lacestitadelbebe.es\/blog\/#organization"},"potentialAction":[{"@type":"SearchAction","target":{"@type":"EntryPoint","urlTemplate":"https:\/\/www.lacestitadelbebe.es\/blog\/?s={search_term_string}"},"query-input":{"@type":"PropertyValueSpecification","valueRequired":true,"valueName":"search_term_string"}}],"inLanguage":"es"},{"@type":"Organization","@id":"https:\/\/www.lacestitadelbebe.es\/blog\/#organization","name":"La Cestita del Beb\u00e9","url":"https:\/\/www.lacestitadelbebe.es\/blog\/","logo":{"@type":"ImageObject","inLanguage":"es","@id":"https:\/\/www.lacestitadelbebe.es\/blog\/#\/schema\/logo\/image\/","url":"https:\/\/www.lacestitadelbebe.es\/blog\/wp-content\/uploads\/2017\/10\/la_cestita_del_bebe_blog.png","contentUrl":"https:\/\/www.lacestitadelbebe.es\/blog\/wp-content\/uploads\/2017\/10\/la_cestita_del_bebe_blog.png","width":375,"height":70,"caption":"La Cestita del Beb\u00e9"},"image":{"@id":"https:\/\/www.lacestitadelbebe.es\/blog\/#\/schema\/logo\/image\/"},"sameAs":["https:\/\/www.facebook.com\/lacestitadelbebe.es","https:\/\/x.com\/LaCestitaBebe"]},{"@type":"Person","@id":"https:\/\/www.lacestitadelbebe.es\/blog\/#\/schema\/person\/4302d1284b0024ab11dca99558de40b4","name":"La Cestita","image":{"@type":"ImageObject","inLanguage":"es","@id":"https:\/\/secure.gravatar.com\/avatar\/533b503d3fc1781cdd76eacd2aa8f68348cdb3201605fe5b4616e6032a228068?s=96&d=mm&r=g","url":"https:\/\/secure.gravatar.com\/avatar\/533b503d3fc1781cdd76eacd2aa8f68348cdb3201605fe5b4616e6032a228068?s=96&d=mm&r=g","contentUrl":"https:\/\/secure.gravatar.com\/avatar\/533b503d3fc1781cdd76eacd2aa8f68348cdb3201605fe5b4616e6032a228068?s=96&d=mm&r=g","caption":"La Cestita"},"sameAs":["https:\/\/www.lacestitadelbebe.es"]}]}},"_links":{"self":[{"href":"https:\/\/www.lacestitadelbebe.es\/blog\/wp-json\/wp\/v2\/posts\/56","targetHints":{"allow":["GET"]}}],"collection":[{"href":"https:\/\/www.lacestitadelbebe.es\/blog\/wp-json\/wp\/v2\/posts"}],"about":[{"href":"https:\/\/www.lacestitadelbebe.es\/blog\/wp-json\/wp\/v2\/types\/post"}],"author":[{"embeddable":true,"href":"https:\/\/www.lacestitadelbebe.es\/blog\/wp-json\/wp\/v2\/users\/1"}],"replies":[{"embeddable":true,"href":"https:\/\/www.lacestitadelbebe.es\/blog\/wp-json\/wp\/v2\/comments?post=56"}],"version-history":[{"count":1,"href":"https:\/\/www.lacestitadelbebe.es\/blog\/wp-json\/wp\/v2\/posts\/56\/revisions"}],"predecessor-version":[{"id":262,"href":"https:\/\/www.lacestitadelbebe.es\/blog\/wp-json\/wp\/v2\/posts\/56\/revisions\/262"}],"wp:featuredmedia":[{"embeddable":true,"href":"https:\/\/www.lacestitadelbebe.es\/blog\/wp-json\/wp\/v2\/media\/261"}],"wp:attachment":[{"href":"https:\/\/www.lacestitadelbebe.es\/blog\/wp-json\/wp\/v2\/media?parent=56"}],"wp:term":[{"taxonomy":"category","embeddable":true,"href":"https:\/\/www.lacestitadelbebe.es\/blog\/wp-json\/wp\/v2\/categories?post=56"},{"taxonomy":"post_tag","embeddable":true,"href":"https:\/\/www.lacestitadelbebe.es\/blog\/wp-json\/wp\/v2\/tags?post=56"}],"curies":[{"name":"wp","href":"https:\/\/api.w.org\/{rel}","templated":true}]}}