{"id":5490,"date":"2026-01-21T05:43:03","date_gmt":"2026-01-21T05:43:03","guid":{"rendered":"https:\/\/www.lacestitadelbebe.es\/blog\/?p=5490"},"modified":"2026-01-21T05:43:04","modified_gmt":"2026-01-21T05:43:04","slug":"como-saber-si-ha-empezado-el-parto-senales-claras-y-que-esperar","status":"publish","type":"post","link":"https:\/\/www.lacestitadelbebe.es\/blog\/como-saber-si-ha-empezado-el-parto-senales-claras-y-que-esperar\/","title":{"rendered":"\u00bfC\u00f3mo saber si ha empezado el parto? Se\u00f1ales claras y qu\u00e9 esperar"},"content":{"rendered":"\n<p>Un parto es bonito y duro, pero tambi\u00e9n sabemos que <strong>llegar al final del embarazo<\/strong> puede generar muchas dudas sobre c\u00f3mo identificar <strong>si el parto ya ha comenzado<\/strong>. Cada cuerpo es distinto, pero existen se\u00f1ales frecuentes que pueden ayudarte a distinguir entre los avisos del cuerpo y el inicio real del trabajo de parto.<\/p><div id=\"ez-toc-container\" class=\"ez-toc-v2_0_82_2 ez-toc-wrap-center counter-hierarchy ez-toc-counter ez-toc-custom ez-toc-container-direction\">\n<div class=\"ez-toc-title-container\">\n<p class=\"ez-toc-title\" style=\"cursor:inherit\">Contenidos<\/p>\n<span class=\"ez-toc-title-toggle\"><a href=\"#\" class=\"ez-toc-pull-right ez-toc-btn ez-toc-btn-xs ez-toc-btn-default ez-toc-toggle\" aria-label=\"Alternar tabla de contenidos\"><span class=\"ez-toc-js-icon-con\"><span class=\"\"><span class=\"eztoc-hide\" style=\"display:none;\">Toggle<\/span><span class=\"ez-toc-icon-toggle-span\"><svg style=\"fill: #222222;color:#222222\" xmlns=\"http:\/\/www.w3.org\/2000\/svg\" class=\"list-377408\" width=\"20px\" height=\"20px\" viewBox=\"0 0 24 24\" fill=\"none\"><path d=\"M6 6H4v2h2V6zm14 0H8v2h12V6zM4 11h2v2H4v-2zm16 0H8v2h12v-2zM4 16h2v2H4v-2zm16 0H8v2h12v-2z\" fill=\"currentColor\"><\/path><\/svg><svg style=\"fill: #222222;color:#222222\" class=\"arrow-unsorted-368013\" xmlns=\"http:\/\/www.w3.org\/2000\/svg\" width=\"10px\" height=\"10px\" viewBox=\"0 0 24 24\" version=\"1.2\" baseProfile=\"tiny\"><path d=\"M18.2 9.3l-6.2-6.3-6.2 6.3c-.2.2-.3.4-.3.7s.1.5.3.7c.2.2.4.3.7.3h11c.3 0 .5-.1.7-.3.2-.2.3-.5.3-.7s-.1-.5-.3-.7zM5.8 14.7l6.2 6.3 6.2-6.3c.2-.2.3-.5.3-.7s-.1-.5-.3-.7c-.2-.2-.4-.3-.7-.3h-11c-.3 0-.5.1-.7.3-.2.2-.3.5-.3.7s.1.5.3.7z\"\/><\/svg><\/span><\/span><\/span><\/a><\/span><\/div>\n<nav><ul class='ez-toc-list ez-toc-list-level-1 eztoc-toggle-hide-by-default' ><li class='ez-toc-page-1 ez-toc-heading-level-3'><a class=\"ez-toc-link ez-toc-heading-1\" href=\"https:\/\/www.lacestitadelbebe.es\/blog\/como-saber-si-ha-empezado-el-parto-senales-claras-y-que-esperar\/#%F0%9F%8C%80_1_Contracciones_regulares_y_con_patron\" >\ud83c\udf00 1. Contracciones regulares y con patr\u00f3n<\/a><\/li><li class='ez-toc-page-1 ez-toc-heading-level-3'><a class=\"ez-toc-link ez-toc-heading-2\" href=\"https:\/\/www.lacestitadelbebe.es\/blog\/como-saber-si-ha-empezado-el-parto-senales-claras-y-que-esperar\/#%F0%9F%A7%A0_2_El_bebe_se_encaja_y_cambia_la_presion\" >\ud83e\udde0 2. El beb\u00e9 se encaja y cambia la presi\u00f3n<\/a><\/li><li class='ez-toc-page-1 ez-toc-heading-level-3'><a class=\"ez-toc-link ez-toc-heading-3\" href=\"https:\/\/www.lacestitadelbebe.es\/blog\/como-saber-si-ha-empezado-el-parto-senales-claras-y-que-esperar\/#%F0%9F%92%A7_3_Romper_aguas\" >\ud83d\udca7 3. Romper aguas<\/a><\/li><li class='ez-toc-page-1 ez-toc-heading-level-3'><a class=\"ez-toc-link ez-toc-heading-4\" href=\"https:\/\/www.lacestitadelbebe.es\/blog\/como-saber-si-ha-empezado-el-parto-senales-claras-y-que-esperar\/#%F0%9F%A9%B8_4_Moco_con_o_sin_sangre_%E2%80%9Cbloody_show%E2%80%9D\" >\ud83e\ude78 4. Moco con o sin sangre (\u201cbloody show\u201d)<\/a><\/li><li class='ez-toc-page-1 ez-toc-heading-level-3'><a class=\"ez-toc-link ez-toc-heading-5\" href=\"https:\/\/www.lacestitadelbebe.es\/blog\/como-saber-si-ha-empezado-el-parto-senales-claras-y-que-esperar\/#%F0%9F%93%85_5_Cambios_cervicales_y_dilatacion\" >\ud83d\udcc5 5. Cambios cervicales y dilataci\u00f3n<\/a><\/li><li class='ez-toc-page-1 ez-toc-heading-level-3'><a class=\"ez-toc-link ez-toc-heading-6\" href=\"https:\/\/www.lacestitadelbebe.es\/blog\/como-saber-si-ha-empezado-el-parto-senales-claras-y-que-esperar\/#%F0%9F%93%8D_Cuando_ir_al_hospital\" >\ud83d\udccd Cu\u00e1ndo ir al hospital<\/a><\/li><\/ul><\/nav><\/div>\n\n\n\n<div class=\"wp-block-image\">\n<figure class=\"aligncenter size-full\"><img decoding=\"async\" width=\"485\" height=\"288\" data-src=\"https:\/\/www.lacestitadelbebe.es\/blog\/wp-content\/uploads\/2021\/10\/Lista_Hospital_parto-scaled.jpg\" alt=\"\u00bfQu\u00e9 es la maniobra de Hamilton?\" class=\"wp-image-3464 lazyload\" data-srcset=\"https:\/\/www.lacestitadelbebe.es\/blog\/wp-content\/uploads\/2021\/10\/Lista_Hospital_parto-scaled.jpg 485w, https:\/\/www.lacestitadelbebe.es\/blog\/wp-content\/uploads\/2021\/10\/Lista_Hospital_parto-300x178.jpg 300w, https:\/\/www.lacestitadelbebe.es\/blog\/wp-content\/uploads\/2021\/10\/Lista_Hospital_parto-768x457.jpg 768w\" data-sizes=\"(max-width: 485px) 100vw, 485px\" src=\"data:image\/svg+xml;base64,PHN2ZyB3aWR0aD0iMSIgaGVpZ2h0PSIxIiB4bWxucz0iaHR0cDovL3d3dy53My5vcmcvMjAwMC9zdmciPjwvc3ZnPg==\" style=\"--smush-placeholder-width: 485px; --smush-placeholder-aspect-ratio: 485\/288;\" \/><figcaption class=\"wp-element-caption\">mam\u00e1 con beb\u00e9 reci\u00e9n nacido<\/figcaption><\/figure>\n<\/div>\n\n\n<h3 class=\"wp-block-heading\"><span class=\"ez-toc-section\" id=\"%F0%9F%8C%80_1_Contracciones_regulares_y_con_patron\"><\/span>\ud83c\udf00 1. Contracciones regulares y con patr\u00f3n<span class=\"ez-toc-section-end\"><\/span><\/h3>\n\n\n\n<p>Una de las se\u00f1ales m\u00e1s claras de que el parto ha empezado es la aparici\u00f3n de <strong>contracciones r\u00edtmicas<\/strong> que:<\/p>\n\n\n\n<ul class=\"wp-block-list\">\n<li>Son fuertes y <strong>no desaparecen al caminar o cambiar de posici\u00f3n<\/strong>,<\/li>\n\n\n\n<li>Aumentan en intensidad con el tiempo,<\/li>\n\n\n\n<li>Se acercan en intervalo, por ejemplo cada 5 minutos o menos.<\/li>\n<\/ul>\n\n\n\n<p>Antes del inicio del parto activo, tambi\u00e9n puedes notar contracciones irregulares y leves llamadas <strong>Braxton Hicks<\/strong>, que no son indicativas de trabajo de parto real.<\/p>\n\n\n\n<hr class=\"wp-block-separator has-alpha-channel-opacity\"\/>\n\n\n\n<h3 class=\"wp-block-heading\"><span class=\"ez-toc-section\" id=\"%F0%9F%A7%A0_2_El_bebe_se_encaja_y_cambia_la_presion\"><\/span>\ud83e\udde0 2. El beb\u00e9 se encaja y cambia la presi\u00f3n<span class=\"ez-toc-section-end\"><\/span><\/h3>\n\n\n\n<p>En las \u00faltimas semanas el beb\u00e9 puede \u201cbajarse\u201d en la pelvis (algo que los profesionales llaman <strong>lightening<\/strong>), lo que puede modificar la forma del vientre y aliviar la presi\u00f3n sobre el diafragma, aunque incrementar la presi\u00f3n sobre la vejiga.<\/p>\n\n\n\n<p>Esto no siempre significa que el parto haya empezado de inmediato, pero suele indicar que <strong>el cuerpo se est\u00e1 preparando<\/strong> para ese momento.<\/p>\n\n\n\n<hr class=\"wp-block-separator has-alpha-channel-opacity\"\/>\n\n\n\n<h3 class=\"wp-block-heading\"><span class=\"ez-toc-section\" id=\"%F0%9F%92%A7_3_Romper_aguas\"><\/span>\ud83d\udca7 3. Romper aguas<span class=\"ez-toc-section-end\"><\/span><\/h3>\n\n\n\n<p>La ruptura de la bolsa amni\u00f3tica, com\u00fanmente llamada \u201cromper aguas\u201d, puede ocurrir <strong>antes o durante el parto<\/strong>. Puede ser una descarga de l\u00edquido abundante o una peque\u00f1a filtraci\u00f3n continua.<\/p>\n\n\n\n<p>Este evento suele indicar que el nacimiento se aproxima y es un buen momento <strong>para avisar al equipo m\u00e9dico<\/strong>.<\/p>\n\n\n\n<hr class=\"wp-block-separator has-alpha-channel-opacity\"\/>\n\n\n\n<h3 class=\"wp-block-heading\"><span class=\"ez-toc-section\" id=\"%F0%9F%A9%B8_4_Moco_con_o_sin_sangre_%E2%80%9Cbloody_show%E2%80%9D\"><\/span>\ud83e\ude78 4. Moco con o sin sangre (\u201cbloody show\u201d)<span class=\"ez-toc-section-end\"><\/span><\/h3>\n\n\n\n<p>Antes o al inicio del parto, el <strong>tap\u00f3n mucoso<\/strong> que sellaba el cuello del \u00fatero puede desprenderse. Cuando esto ocurre, puedes notar una secreci\u00f3n mucosa que a veces viene mezclada con un poco de sangre \u2014 lo que se conoce como <strong>\u201cshow\u201d<\/strong> o <strong>bloody show<\/strong>.<\/p>\n\n\n\n<p>Es una se\u00f1al de que tu cuerpo est\u00e1 cambiando y el cuello uterino se est\u00e1 <strong>dilatando y borrando<\/strong>, aunque el parto a\u00fan puede tardar horas o incluso d\u00edas en avanzar.<\/p>\n\n\n\n<hr class=\"wp-block-separator has-alpha-channel-opacity\"\/>\n\n\n\n<h3 class=\"wp-block-heading\"><span class=\"ez-toc-section\" id=\"%F0%9F%93%85_5_Cambios_cervicales_y_dilatacion\"><\/span>\ud83d\udcc5 5. Cambios cervicales y dilataci\u00f3n<span class=\"ez-toc-section-end\"><\/span><\/h3>\n\n\n\n<p>El principio del parto est\u00e1 definido por dos procesos que ocurren en el cuello uterino:<\/p>\n\n\n\n<ul class=\"wp-block-list\">\n<li><strong>Effacement<\/strong>: el cuello se vuelve m\u00e1s fino;<\/li>\n\n\n\n<li><strong>Dilataci\u00f3n<\/strong>: el cuello se abre progresivamente para permitir el paso del beb\u00e9.<\/li>\n<\/ul>\n\n\n\n<p>Estos cambios los confirma un profesional durante una revisi\u00f3n m\u00e9dica, por lo que si sospechas que ha empezado el trabajo de parto, es importante <strong>consultar con tu matrona o ginec\u00f3logo<\/strong>.<\/p>\n\n\n\n<hr class=\"wp-block-separator has-alpha-channel-opacity\"\/>\n\n\n\n<h3 class=\"wp-block-heading\"><span class=\"ez-toc-section\" id=\"%F0%9F%93%8D_Cuando_ir_al_hospital\"><\/span>\ud83d\udccd Cu\u00e1ndo ir al hospital<span class=\"ez-toc-section-end\"><\/span><\/h3>\n\n\n\n<p>Generalmente, se recomienda contactar al centro de salud cuando:<\/p>\n\n\n\n<ul class=\"wp-block-list\">\n<li>Tus contracciones son <strong>regulares y frecuentes<\/strong>,<\/li>\n\n\n\n<li>El agua ha roto,<\/li>\n\n\n\n<li>Sientes dolor continuo intenso o sangrado vaginal importante,<\/li>\n\n\n\n<li>Percibes una disminuci\u00f3n de los movimientos del beb\u00e9.<\/li>\n<\/ul>\n\n\n\n<p>Cada embarazo es \u00fanico, por lo que si tienes dudas o inquietudes, lo mejor es <strong>comunicarse con tu equipo de salud<\/strong> cuanto antes.<\/p>\n\n\n\n<hr class=\"wp-block-separator has-alpha-channel-opacity\"\/>\n\n\n\n<p>Para una gu\u00eda pr\u00e1ctica y clara sobre este tema, puedes leer el art\u00edculo completo en <strong>La Cestita del Beb\u00e9<\/strong> de como acelerar el parto:<\/p>\n\n\n\n<p>\ud83d\udc49 <a href=\"https:\/\/www.lacestitadelbebe.es\/blog\/trucos-para-dilatar-mas-rapido-y-acelerar-el-parto\/\">https:\/\/www.lacestitadelbebe.es\/blog\/trucos-para-dilatar-mas-rapido-y-acelerar-el-parto\/<\/a><\/p>\n\n\n\n<p>Cuidaros mucho y nos leemos en la pr\u00f3xima ocasi\u00f3n!<\/p>\n","protected":false},"excerpt":{"rendered":"<p>Un parto es bonito y duro, pero tambi\u00e9n sabemos que llegar al final del embarazo puede generar muchas dudas sobre c\u00f3mo identificar si el parto ya ha comenzado. Cada cuerpo es distinto, pero existen se\u00f1ales frecuentes que pueden ayudarte a distinguir entre los avisos del cuerpo y el inicio real del trabajo de parto. \ud83c\udf00 &#8230; <a title=\"\u00bfC\u00f3mo saber si ha empezado el parto? Se\u00f1ales claras y qu\u00e9 esperar\" class=\"read-more\" href=\"https:\/\/www.lacestitadelbebe.es\/blog\/como-saber-si-ha-empezado-el-parto-senales-claras-y-que-esperar\/\" aria-label=\"Leer m\u00e1s sobre \u00bfC\u00f3mo saber si ha empezado el parto? Se\u00f1ales claras y qu\u00e9 esperar\">Leer m\u00e1s<\/a><\/p>\n","protected":false},"author":1,"featured_media":5181,"comment_status":"open","ping_status":"open","sticky":false,"template":"","format":"standard","meta":{"_exactmetrics_skip_tracking":false,"_exactmetrics_sitenote_active":false,"_exactmetrics_sitenote_note":"","_exactmetrics_sitenote_category":0,"footnotes":""},"categories":[89,78,102,82,424],"tags":[928],"class_list":["post-5490","post","type-post","status-publish","format-standard","has-post-thumbnail","hentry","category-aprendizaje-y-estimulacion","category-bebes","category-cuidados","category-maternidad","category-parto","tag-dar-a-luz"],"yoast_head":"<!-- This site is optimized with the Yoast SEO plugin v27.5 - https:\/\/yoast.com\/product\/yoast-seo-wordpress\/ -->\n<title>\u00bfC\u00f3mo saber si ha empezado el parto? Se\u00f1ales claras y qu\u00e9 esperar - Blog la Cestita del Beb\u00e9<\/title>\n<meta name=\"description\" content=\"Desde el blog de La Cestita del Beb\u00e9 te dejamos una gu\u00eda simple para saber si el beb\u00e9 ya est\u00e1 de camino y preprarase!\" \/>\n<meta name=\"robots\" content=\"index, follow, max-snippet:-1, max-image-preview:large, max-video-preview:-1\" \/>\n<link rel=\"canonical\" href=\"https:\/\/www.lacestitadelbebe.es\/blog\/como-saber-si-ha-empezado-el-parto-senales-claras-y-que-esperar\/\" \/>\n<meta property=\"og:locale\" content=\"es_ES\" \/>\n<meta property=\"og:type\" content=\"article\" \/>\n<meta property=\"og:title\" content=\"\u00bfC\u00f3mo saber si ha empezado el parto? Se\u00f1ales claras y qu\u00e9 esperar - Blog la Cestita del Beb\u00e9\" \/>\n<meta property=\"og:description\" content=\"Desde el blog de La Cestita del Beb\u00e9 te dejamos una gu\u00eda simple para saber si el beb\u00e9 ya est\u00e1 de camino y preprarase!\" \/>\n<meta property=\"og:url\" content=\"https:\/\/www.lacestitadelbebe.es\/blog\/como-saber-si-ha-empezado-el-parto-senales-claras-y-que-esperar\/\" \/>\n<meta property=\"og:site_name\" content=\"Blog la Cestita del Beb\u00e9\" \/>\n<meta property=\"article:publisher\" content=\"https:\/\/www.facebook.com\/lacestitadelbebe.es\" \/>\n<meta property=\"article:published_time\" content=\"2026-01-21T05:43:03+00:00\" \/>\n<meta property=\"article:modified_time\" content=\"2026-01-21T05:43:04+00:00\" \/>\n<meta property=\"og:image\" content=\"https:\/\/www.lacestitadelbebe.es\/blog\/wp-content\/uploads\/2025\/04\/bebe-con-ombligo-al-aire-.jpeg\" \/>\n\t<meta property=\"og:image:width\" content=\"1024\" \/>\n\t<meta property=\"og:image:height\" content=\"1024\" \/>\n\t<meta property=\"og:image:type\" content=\"image\/jpeg\" \/>\n<meta name=\"author\" content=\"La Cestita\" \/>\n<meta name=\"twitter:card\" content=\"summary_large_image\" \/>\n<meta name=\"twitter:creator\" content=\"@LaCestitaBebe\" \/>\n<meta name=\"twitter:site\" content=\"@LaCestitaBebe\" \/>\n<meta name=\"twitter:label1\" content=\"Escrito por\" \/>\n\t<meta name=\"twitter:data1\" content=\"La Cestita\" \/>\n\t<meta name=\"twitter:label2\" content=\"Tiempo de lectura\" \/>\n\t<meta name=\"twitter:data2\" content=\"3 minutos\" \/>\n<script type=\"application\/ld+json\" class=\"yoast-schema-graph\">{\"@context\":\"https:\\\/\\\/schema.org\",\"@graph\":[{\"@type\":\"Article\",\"@id\":\"https:\\\/\\\/www.lacestitadelbebe.es\\\/blog\\\/como-saber-si-ha-empezado-el-parto-senales-claras-y-que-esperar\\\/#article\",\"isPartOf\":{\"@id\":\"https:\\\/\\\/www.lacestitadelbebe.es\\\/blog\\\/como-saber-si-ha-empezado-el-parto-senales-claras-y-que-esperar\\\/\"},\"author\":{\"name\":\"La Cestita\",\"@id\":\"https:\\\/\\\/www.lacestitadelbebe.es\\\/blog\\\/#\\\/schema\\\/person\\\/4302d1284b0024ab11dca99558de40b4\"},\"headline\":\"\u00bfC\u00f3mo saber si ha empezado el parto? Se\u00f1ales claras y qu\u00e9 esperar\",\"datePublished\":\"2026-01-21T05:43:03+00:00\",\"dateModified\":\"2026-01-21T05:43:04+00:00\",\"mainEntityOfPage\":{\"@id\":\"https:\\\/\\\/www.lacestitadelbebe.es\\\/blog\\\/como-saber-si-ha-empezado-el-parto-senales-claras-y-que-esperar\\\/\"},\"wordCount\":557,\"commentCount\":0,\"publisher\":{\"@id\":\"https:\\\/\\\/www.lacestitadelbebe.es\\\/blog\\\/#organization\"},\"image\":{\"@id\":\"https:\\\/\\\/www.lacestitadelbebe.es\\\/blog\\\/como-saber-si-ha-empezado-el-parto-senales-claras-y-que-esperar\\\/#primaryimage\"},\"thumbnailUrl\":\"https:\\\/\\\/www.lacestitadelbebe.es\\\/blog\\\/wp-content\\\/uploads\\\/2025\\\/04\\\/bebe-con-ombligo-al-aire-.jpeg\",\"keywords\":[\"dar a luz\"],\"articleSection\":[\"aprendizaje y estimulaci\u00f3n\",\"Beb\u00e9s\",\"cuidados\",\"maternidad\",\"parto\"],\"inLanguage\":\"es\",\"potentialAction\":[{\"@type\":\"CommentAction\",\"name\":\"Comment\",\"target\":[\"https:\\\/\\\/www.lacestitadelbebe.es\\\/blog\\\/como-saber-si-ha-empezado-el-parto-senales-claras-y-que-esperar\\\/#respond\"]}]},{\"@type\":\"WebPage\",\"@id\":\"https:\\\/\\\/www.lacestitadelbebe.es\\\/blog\\\/como-saber-si-ha-empezado-el-parto-senales-claras-y-que-esperar\\\/\",\"url\":\"https:\\\/\\\/www.lacestitadelbebe.es\\\/blog\\\/como-saber-si-ha-empezado-el-parto-senales-claras-y-que-esperar\\\/\",\"name\":\"\u00bfC\u00f3mo saber si ha empezado el parto? Se\u00f1ales claras y qu\u00e9 esperar - Blog la Cestita del Beb\u00e9\",\"isPartOf\":{\"@id\":\"https:\\\/\\\/www.lacestitadelbebe.es\\\/blog\\\/#website\"},\"primaryImageOfPage\":{\"@id\":\"https:\\\/\\\/www.lacestitadelbebe.es\\\/blog\\\/como-saber-si-ha-empezado-el-parto-senales-claras-y-que-esperar\\\/#primaryimage\"},\"image\":{\"@id\":\"https:\\\/\\\/www.lacestitadelbebe.es\\\/blog\\\/como-saber-si-ha-empezado-el-parto-senales-claras-y-que-esperar\\\/#primaryimage\"},\"thumbnailUrl\":\"https:\\\/\\\/www.lacestitadelbebe.es\\\/blog\\\/wp-content\\\/uploads\\\/2025\\\/04\\\/bebe-con-ombligo-al-aire-.jpeg\",\"datePublished\":\"2026-01-21T05:43:03+00:00\",\"dateModified\":\"2026-01-21T05:43:04+00:00\",\"description\":\"Desde el blog de La Cestita del Beb\u00e9 te dejamos una gu\u00eda simple para saber si el beb\u00e9 ya est\u00e1 de camino y preprarase!\",\"breadcrumb\":{\"@id\":\"https:\\\/\\\/www.lacestitadelbebe.es\\\/blog\\\/como-saber-si-ha-empezado-el-parto-senales-claras-y-que-esperar\\\/#breadcrumb\"},\"inLanguage\":\"es\",\"potentialAction\":[{\"@type\":\"ReadAction\",\"target\":[\"https:\\\/\\\/www.lacestitadelbebe.es\\\/blog\\\/como-saber-si-ha-empezado-el-parto-senales-claras-y-que-esperar\\\/\"]}]},{\"@type\":\"ImageObject\",\"inLanguage\":\"es\",\"@id\":\"https:\\\/\\\/www.lacestitadelbebe.es\\\/blog\\\/como-saber-si-ha-empezado-el-parto-senales-claras-y-que-esperar\\\/#primaryimage\",\"url\":\"https:\\\/\\\/www.lacestitadelbebe.es\\\/blog\\\/wp-content\\\/uploads\\\/2025\\\/04\\\/bebe-con-ombligo-al-aire-.jpeg\",\"contentUrl\":\"https:\\\/\\\/www.lacestitadelbebe.es\\\/blog\\\/wp-content\\\/uploads\\\/2025\\\/04\\\/bebe-con-ombligo-al-aire-.jpeg\",\"width\":1024,\"height\":1024,\"caption\":\"Bebe Con Ombligo Al Aire\"},{\"@type\":\"BreadcrumbList\",\"@id\":\"https:\\\/\\\/www.lacestitadelbebe.es\\\/blog\\\/como-saber-si-ha-empezado-el-parto-senales-claras-y-que-esperar\\\/#breadcrumb\",\"itemListElement\":[{\"@type\":\"ListItem\",\"position\":1,\"name\":\"Portada\",\"item\":\"https:\\\/\\\/www.lacestitadelbebe.es\\\/blog\\\/\"},{\"@type\":\"ListItem\",\"position\":2,\"name\":\"\u00bfC\u00f3mo saber si ha empezado el parto? Se\u00f1ales claras y qu\u00e9 esperar\"}]},{\"@type\":\"WebSite\",\"@id\":\"https:\\\/\\\/www.lacestitadelbebe.es\\\/blog\\\/#website\",\"url\":\"https:\\\/\\\/www.lacestitadelbebe.es\\\/blog\\\/\",\"name\":\"Blog la Cestita del Beb\u00e9\",\"description\":\"Hablamos de todo lo relacionado con beb\u00e9s\",\"publisher\":{\"@id\":\"https:\\\/\\\/www.lacestitadelbebe.es\\\/blog\\\/#organization\"},\"potentialAction\":[{\"@type\":\"SearchAction\",\"target\":{\"@type\":\"EntryPoint\",\"urlTemplate\":\"https:\\\/\\\/www.lacestitadelbebe.es\\\/blog\\\/?s={search_term_string}\"},\"query-input\":{\"@type\":\"PropertyValueSpecification\",\"valueRequired\":true,\"valueName\":\"search_term_string\"}}],\"inLanguage\":\"es\"},{\"@type\":\"Organization\",\"@id\":\"https:\\\/\\\/www.lacestitadelbebe.es\\\/blog\\\/#organization\",\"name\":\"La Cestita del Beb\u00e9\",\"url\":\"https:\\\/\\\/www.lacestitadelbebe.es\\\/blog\\\/\",\"logo\":{\"@type\":\"ImageObject\",\"inLanguage\":\"es\",\"@id\":\"https:\\\/\\\/www.lacestitadelbebe.es\\\/blog\\\/#\\\/schema\\\/logo\\\/image\\\/\",\"url\":\"https:\\\/\\\/www.lacestitadelbebe.es\\\/blog\\\/wp-content\\\/uploads\\\/2017\\\/10\\\/la_cestita_del_bebe_blog.png\",\"contentUrl\":\"https:\\\/\\\/www.lacestitadelbebe.es\\\/blog\\\/wp-content\\\/uploads\\\/2017\\\/10\\\/la_cestita_del_bebe_blog.png\",\"width\":375,\"height\":70,\"caption\":\"La Cestita del Beb\u00e9\"},\"image\":{\"@id\":\"https:\\\/\\\/www.lacestitadelbebe.es\\\/blog\\\/#\\\/schema\\\/logo\\\/image\\\/\"},\"sameAs\":[\"https:\\\/\\\/www.facebook.com\\\/lacestitadelbebe.es\",\"https:\\\/\\\/x.com\\\/LaCestitaBebe\"]},{\"@type\":\"Person\",\"@id\":\"https:\\\/\\\/www.lacestitadelbebe.es\\\/blog\\\/#\\\/schema\\\/person\\\/4302d1284b0024ab11dca99558de40b4\",\"name\":\"La Cestita\",\"image\":{\"@type\":\"ImageObject\",\"inLanguage\":\"es\",\"@id\":\"https:\\\/\\\/secure.gravatar.com\\\/avatar\\\/533b503d3fc1781cdd76eacd2aa8f68348cdb3201605fe5b4616e6032a228068?s=96&d=mm&r=g\",\"url\":\"https:\\\/\\\/secure.gravatar.com\\\/avatar\\\/533b503d3fc1781cdd76eacd2aa8f68348cdb3201605fe5b4616e6032a228068?s=96&d=mm&r=g\",\"contentUrl\":\"https:\\\/\\\/secure.gravatar.com\\\/avatar\\\/533b503d3fc1781cdd76eacd2aa8f68348cdb3201605fe5b4616e6032a228068?s=96&d=mm&r=g\",\"caption\":\"La Cestita\"},\"sameAs\":[\"https:\\\/\\\/www.lacestitadelbebe.es\"]}]}<\/script>\n<!-- \/ Yoast SEO plugin. -->","yoast_head_json":{"title":"\u00bfC\u00f3mo saber si ha empezado el parto? Se\u00f1ales claras y qu\u00e9 esperar - Blog la Cestita del Beb\u00e9","description":"Desde el blog de La Cestita del Beb\u00e9 te dejamos una gu\u00eda simple para saber si el beb\u00e9 ya est\u00e1 de camino y preprarase!","robots":{"index":"index","follow":"follow","max-snippet":"max-snippet:-1","max-image-preview":"max-image-preview:large","max-video-preview":"max-video-preview:-1"},"canonical":"https:\/\/www.lacestitadelbebe.es\/blog\/como-saber-si-ha-empezado-el-parto-senales-claras-y-que-esperar\/","og_locale":"es_ES","og_type":"article","og_title":"\u00bfC\u00f3mo saber si ha empezado el parto? Se\u00f1ales claras y qu\u00e9 esperar - Blog la Cestita del Beb\u00e9","og_description":"Desde el blog de La Cestita del Beb\u00e9 te dejamos una gu\u00eda simple para saber si el beb\u00e9 ya est\u00e1 de camino y preprarase!","og_url":"https:\/\/www.lacestitadelbebe.es\/blog\/como-saber-si-ha-empezado-el-parto-senales-claras-y-que-esperar\/","og_site_name":"Blog la Cestita del Beb\u00e9","article_publisher":"https:\/\/www.facebook.com\/lacestitadelbebe.es","article_published_time":"2026-01-21T05:43:03+00:00","article_modified_time":"2026-01-21T05:43:04+00:00","og_image":[{"width":1024,"height":1024,"url":"https:\/\/www.lacestitadelbebe.es\/blog\/wp-content\/uploads\/2025\/04\/bebe-con-ombligo-al-aire-.jpeg","type":"image\/jpeg"}],"author":"La Cestita","twitter_card":"summary_large_image","twitter_creator":"@LaCestitaBebe","twitter_site":"@LaCestitaBebe","twitter_misc":{"Escrito por":"La Cestita","Tiempo de lectura":"3 minutos"},"schema":{"@context":"https:\/\/schema.org","@graph":[{"@type":"Article","@id":"https:\/\/www.lacestitadelbebe.es\/blog\/como-saber-si-ha-empezado-el-parto-senales-claras-y-que-esperar\/#article","isPartOf":{"@id":"https:\/\/www.lacestitadelbebe.es\/blog\/como-saber-si-ha-empezado-el-parto-senales-claras-y-que-esperar\/"},"author":{"name":"La Cestita","@id":"https:\/\/www.lacestitadelbebe.es\/blog\/#\/schema\/person\/4302d1284b0024ab11dca99558de40b4"},"headline":"\u00bfC\u00f3mo saber si ha empezado el parto? Se\u00f1ales claras y qu\u00e9 esperar","datePublished":"2026-01-21T05:43:03+00:00","dateModified":"2026-01-21T05:43:04+00:00","mainEntityOfPage":{"@id":"https:\/\/www.lacestitadelbebe.es\/blog\/como-saber-si-ha-empezado-el-parto-senales-claras-y-que-esperar\/"},"wordCount":557,"commentCount":0,"publisher":{"@id":"https:\/\/www.lacestitadelbebe.es\/blog\/#organization"},"image":{"@id":"https:\/\/www.lacestitadelbebe.es\/blog\/como-saber-si-ha-empezado-el-parto-senales-claras-y-que-esperar\/#primaryimage"},"thumbnailUrl":"https:\/\/www.lacestitadelbebe.es\/blog\/wp-content\/uploads\/2025\/04\/bebe-con-ombligo-al-aire-.jpeg","keywords":["dar a luz"],"articleSection":["aprendizaje y estimulaci\u00f3n","Beb\u00e9s","cuidados","maternidad","parto"],"inLanguage":"es","potentialAction":[{"@type":"CommentAction","name":"Comment","target":["https:\/\/www.lacestitadelbebe.es\/blog\/como-saber-si-ha-empezado-el-parto-senales-claras-y-que-esperar\/#respond"]}]},{"@type":"WebPage","@id":"https:\/\/www.lacestitadelbebe.es\/blog\/como-saber-si-ha-empezado-el-parto-senales-claras-y-que-esperar\/","url":"https:\/\/www.lacestitadelbebe.es\/blog\/como-saber-si-ha-empezado-el-parto-senales-claras-y-que-esperar\/","name":"\u00bfC\u00f3mo saber si ha empezado el parto? Se\u00f1ales claras y qu\u00e9 esperar - Blog la Cestita del Beb\u00e9","isPartOf":{"@id":"https:\/\/www.lacestitadelbebe.es\/blog\/#website"},"primaryImageOfPage":{"@id":"https:\/\/www.lacestitadelbebe.es\/blog\/como-saber-si-ha-empezado-el-parto-senales-claras-y-que-esperar\/#primaryimage"},"image":{"@id":"https:\/\/www.lacestitadelbebe.es\/blog\/como-saber-si-ha-empezado-el-parto-senales-claras-y-que-esperar\/#primaryimage"},"thumbnailUrl":"https:\/\/www.lacestitadelbebe.es\/blog\/wp-content\/uploads\/2025\/04\/bebe-con-ombligo-al-aire-.jpeg","datePublished":"2026-01-21T05:43:03+00:00","dateModified":"2026-01-21T05:43:04+00:00","description":"Desde el blog de La Cestita del Beb\u00e9 te dejamos una gu\u00eda simple para saber si el beb\u00e9 ya est\u00e1 de camino y preprarase!","breadcrumb":{"@id":"https:\/\/www.lacestitadelbebe.es\/blog\/como-saber-si-ha-empezado-el-parto-senales-claras-y-que-esperar\/#breadcrumb"},"inLanguage":"es","potentialAction":[{"@type":"ReadAction","target":["https:\/\/www.lacestitadelbebe.es\/blog\/como-saber-si-ha-empezado-el-parto-senales-claras-y-que-esperar\/"]}]},{"@type":"ImageObject","inLanguage":"es","@id":"https:\/\/www.lacestitadelbebe.es\/blog\/como-saber-si-ha-empezado-el-parto-senales-claras-y-que-esperar\/#primaryimage","url":"https:\/\/www.lacestitadelbebe.es\/blog\/wp-content\/uploads\/2025\/04\/bebe-con-ombligo-al-aire-.jpeg","contentUrl":"https:\/\/www.lacestitadelbebe.es\/blog\/wp-content\/uploads\/2025\/04\/bebe-con-ombligo-al-aire-.jpeg","width":1024,"height":1024,"caption":"Bebe Con Ombligo Al Aire"},{"@type":"BreadcrumbList","@id":"https:\/\/www.lacestitadelbebe.es\/blog\/como-saber-si-ha-empezado-el-parto-senales-claras-y-que-esperar\/#breadcrumb","itemListElement":[{"@type":"ListItem","position":1,"name":"Portada","item":"https:\/\/www.lacestitadelbebe.es\/blog\/"},{"@type":"ListItem","position":2,"name":"\u00bfC\u00f3mo saber si ha empezado el parto? Se\u00f1ales claras y qu\u00e9 esperar"}]},{"@type":"WebSite","@id":"https:\/\/www.lacestitadelbebe.es\/blog\/#website","url":"https:\/\/www.lacestitadelbebe.es\/blog\/","name":"Blog la Cestita del Beb\u00e9","description":"Hablamos de todo lo relacionado con beb\u00e9s","publisher":{"@id":"https:\/\/www.lacestitadelbebe.es\/blog\/#organization"},"potentialAction":[{"@type":"SearchAction","target":{"@type":"EntryPoint","urlTemplate":"https:\/\/www.lacestitadelbebe.es\/blog\/?s={search_term_string}"},"query-input":{"@type":"PropertyValueSpecification","valueRequired":true,"valueName":"search_term_string"}}],"inLanguage":"es"},{"@type":"Organization","@id":"https:\/\/www.lacestitadelbebe.es\/blog\/#organization","name":"La Cestita del Beb\u00e9","url":"https:\/\/www.lacestitadelbebe.es\/blog\/","logo":{"@type":"ImageObject","inLanguage":"es","@id":"https:\/\/www.lacestitadelbebe.es\/blog\/#\/schema\/logo\/image\/","url":"https:\/\/www.lacestitadelbebe.es\/blog\/wp-content\/uploads\/2017\/10\/la_cestita_del_bebe_blog.png","contentUrl":"https:\/\/www.lacestitadelbebe.es\/blog\/wp-content\/uploads\/2017\/10\/la_cestita_del_bebe_blog.png","width":375,"height":70,"caption":"La Cestita del Beb\u00e9"},"image":{"@id":"https:\/\/www.lacestitadelbebe.es\/blog\/#\/schema\/logo\/image\/"},"sameAs":["https:\/\/www.facebook.com\/lacestitadelbebe.es","https:\/\/x.com\/LaCestitaBebe"]},{"@type":"Person","@id":"https:\/\/www.lacestitadelbebe.es\/blog\/#\/schema\/person\/4302d1284b0024ab11dca99558de40b4","name":"La Cestita","image":{"@type":"ImageObject","inLanguage":"es","@id":"https:\/\/secure.gravatar.com\/avatar\/533b503d3fc1781cdd76eacd2aa8f68348cdb3201605fe5b4616e6032a228068?s=96&d=mm&r=g","url":"https:\/\/secure.gravatar.com\/avatar\/533b503d3fc1781cdd76eacd2aa8f68348cdb3201605fe5b4616e6032a228068?s=96&d=mm&r=g","contentUrl":"https:\/\/secure.gravatar.com\/avatar\/533b503d3fc1781cdd76eacd2aa8f68348cdb3201605fe5b4616e6032a228068?s=96&d=mm&r=g","caption":"La Cestita"},"sameAs":["https:\/\/www.lacestitadelbebe.es"]}]}},"_links":{"self":[{"href":"https:\/\/www.lacestitadelbebe.es\/blog\/wp-json\/wp\/v2\/posts\/5490","targetHints":{"allow":["GET"]}}],"collection":[{"href":"https:\/\/www.lacestitadelbebe.es\/blog\/wp-json\/wp\/v2\/posts"}],"about":[{"href":"https:\/\/www.lacestitadelbebe.es\/blog\/wp-json\/wp\/v2\/types\/post"}],"author":[{"embeddable":true,"href":"https:\/\/www.lacestitadelbebe.es\/blog\/wp-json\/wp\/v2\/users\/1"}],"replies":[{"embeddable":true,"href":"https:\/\/www.lacestitadelbebe.es\/blog\/wp-json\/wp\/v2\/comments?post=5490"}],"version-history":[{"count":2,"href":"https:\/\/www.lacestitadelbebe.es\/blog\/wp-json\/wp\/v2\/posts\/5490\/revisions"}],"predecessor-version":[{"id":5492,"href":"https:\/\/www.lacestitadelbebe.es\/blog\/wp-json\/wp\/v2\/posts\/5490\/revisions\/5492"}],"wp:featuredmedia":[{"embeddable":true,"href":"https:\/\/www.lacestitadelbebe.es\/blog\/wp-json\/wp\/v2\/media\/5181"}],"wp:attachment":[{"href":"https:\/\/www.lacestitadelbebe.es\/blog\/wp-json\/wp\/v2\/media?parent=5490"}],"wp:term":[{"taxonomy":"category","embeddable":true,"href":"https:\/\/www.lacestitadelbebe.es\/blog\/wp-json\/wp\/v2\/categories?post=5490"},{"taxonomy":"post_tag","embeddable":true,"href":"https:\/\/www.lacestitadelbebe.es\/blog\/wp-json\/wp\/v2\/tags?post=5490"}],"curies":[{"name":"wp","href":"https:\/\/api.w.org\/{rel}","templated":true}]}}