{"id":5247,"date":"2025-06-23T04:56:58","date_gmt":"2025-06-23T04:56:58","guid":{"rendered":"https:\/\/www.lacestitadelbebe.es\/blog\/?p=5247"},"modified":"2025-06-23T04:56:59","modified_gmt":"2025-06-23T04:56:59","slug":"pecas-y-manchas-en-el-embarazo-causas-cuidados-y-tratamientos","status":"publish","type":"post","link":"https:\/\/www.lacestitadelbebe.es\/blog\/pecas-y-manchas-en-el-embarazo-causas-cuidados-y-tratamientos\/","title":{"rendered":"Pecas y Manchas en el Embarazo: Causas, Cuidados y Tratamientos"},"content":{"rendered":"\n<p>El <strong>embarazo<\/strong> es una etapa emocionante en la vida de una mujer, pero tambi\u00e9n viene acompa\u00f1ado de m\u00faltiples <strong>cambios f\u00edsicos y hormonales<\/strong>. Desde el blog de <a class=\"\" href=\"https:\/\/lacestitadelbebe.es\"><strong>La Cestita del Beb\u00e9<\/strong><\/a>, hoy queremos hablarte sobre un tema com\u00fan y que genera muchas dudas: <strong>la aparici\u00f3n de pecas y manchas en la piel durante el embarazo<\/strong>.<\/p><div id=\"ez-toc-container\" class=\"ez-toc-v2_0_82_2 ez-toc-wrap-center counter-hierarchy ez-toc-counter ez-toc-custom ez-toc-container-direction\">\n<div class=\"ez-toc-title-container\">\n<p class=\"ez-toc-title\" style=\"cursor:inherit\">Contenidos<\/p>\n<span class=\"ez-toc-title-toggle\"><a href=\"#\" class=\"ez-toc-pull-right ez-toc-btn ez-toc-btn-xs ez-toc-btn-default ez-toc-toggle\" aria-label=\"Alternar tabla de contenidos\"><span class=\"ez-toc-js-icon-con\"><span class=\"\"><span class=\"eztoc-hide\" style=\"display:none;\">Toggle<\/span><span class=\"ez-toc-icon-toggle-span\"><svg style=\"fill: #222222;color:#222222\" xmlns=\"http:\/\/www.w3.org\/2000\/svg\" class=\"list-377408\" width=\"20px\" height=\"20px\" viewBox=\"0 0 24 24\" fill=\"none\"><path d=\"M6 6H4v2h2V6zm14 0H8v2h12V6zM4 11h2v2H4v-2zm16 0H8v2h12v-2zM4 16h2v2H4v-2zm16 0H8v2h12v-2z\" fill=\"currentColor\"><\/path><\/svg><svg style=\"fill: #222222;color:#222222\" class=\"arrow-unsorted-368013\" xmlns=\"http:\/\/www.w3.org\/2000\/svg\" width=\"10px\" height=\"10px\" viewBox=\"0 0 24 24\" version=\"1.2\" baseProfile=\"tiny\"><path d=\"M18.2 9.3l-6.2-6.3-6.2 6.3c-.2.2-.3.4-.3.7s.1.5.3.7c.2.2.4.3.7.3h11c.3 0 .5-.1.7-.3.2-.2.3-.5.3-.7s-.1-.5-.3-.7zM5.8 14.7l6.2 6.3 6.2-6.3c.2-.2.3-.5.3-.7s-.1-.5-.3-.7c-.2-.2-.4-.3-.7-.3h-11c-.3 0-.5.1-.7.3-.2.2-.3.5-.3.7s.1.5.3.7z\"\/><\/svg><\/span><\/span><\/span><\/a><\/span><\/div>\n<nav><ul class='ez-toc-list ez-toc-list-level-1 eztoc-toggle-hide-by-default' ><li class='ez-toc-page-1 ez-toc-heading-level-3'><a class=\"ez-toc-link ez-toc-heading-1\" href=\"https:\/\/www.lacestitadelbebe.es\/blog\/pecas-y-manchas-en-el-embarazo-causas-cuidados-y-tratamientos\/#%C2%BFPor_Que_Aparecen_Manchas_Durante_el_Embarazo\" >\u00bfPor Qu\u00e9 Aparecen Manchas Durante el Embarazo?<\/a><\/li><li class='ez-toc-page-1 ez-toc-heading-level-3'><a class=\"ez-toc-link ez-toc-heading-2\" href=\"https:\/\/www.lacestitadelbebe.es\/blog\/pecas-y-manchas-en-el-embarazo-causas-cuidados-y-tratamientos\/#%C2%BFQue_es_el_Cloasma_Gravidico\" >\u00bfQu\u00e9 es el Cloasma Grav\u00eddico?<\/a><\/li><li class='ez-toc-page-1 ez-toc-heading-level-3'><a class=\"ez-toc-link ez-toc-heading-3\" href=\"https:\/\/www.lacestitadelbebe.es\/blog\/pecas-y-manchas-en-el-embarazo-causas-cuidados-y-tratamientos\/#Como_Cuidar_la_Piel_Durante_el_Embarazo\" >C\u00f3mo Cuidar la Piel Durante el Embarazo<\/a><\/li><li class='ez-toc-page-1 ez-toc-heading-level-3'><a class=\"ez-toc-link ez-toc-heading-4\" href=\"https:\/\/www.lacestitadelbebe.es\/blog\/pecas-y-manchas-en-el-embarazo-causas-cuidados-y-tratamientos\/#%C2%BFSe_Pueden_Tratar_Estas_Manchas\" >\u00bfSe Pueden Tratar Estas Manchas?<\/a><\/li><li class='ez-toc-page-1 ez-toc-heading-level-3'><a class=\"ez-toc-link ez-toc-heading-5\" href=\"https:\/\/www.lacestitadelbebe.es\/blog\/pecas-y-manchas-en-el-embarazo-causas-cuidados-y-tratamientos\/#%C2%BFDebo_Preocuparme\" >\u00bfDebo Preocuparme?<\/a><\/li><\/ul><\/nav><\/div>\n\n\n\n<div class=\"wp-block-image\">\n<figure class=\"aligncenter size-full\"><img decoding=\"async\" width=\"612\" height=\"445\" data-src=\"https:\/\/www.lacestitadelbebe.es\/blog\/wp-content\/uploads\/2023\/12\/piercing_embarazo.jpg\" alt=\"\" class=\"wp-image-4512 lazyload\" data-srcset=\"https:\/\/www.lacestitadelbebe.es\/blog\/wp-content\/uploads\/2023\/12\/piercing_embarazo.jpg 612w, https:\/\/www.lacestitadelbebe.es\/blog\/wp-content\/uploads\/2023\/12\/piercing_embarazo-300x218.jpg 300w\" data-sizes=\"(max-width: 612px) 100vw, 612px\" src=\"data:image\/svg+xml;base64,PHN2ZyB3aWR0aD0iMSIgaGVpZ2h0PSIxIiB4bWxucz0iaHR0cDovL3d3dy53My5vcmcvMjAwMC9zdmciPjwvc3ZnPg==\" style=\"--smush-placeholder-width: 612px; --smush-placeholder-aspect-ratio: 612\/445;\" \/><figcaption class=\"wp-element-caption\">Hands of expectant mother on her tummy. Pregnant woman posing a heart with her fingers on her naked belly with piercing in belly button<\/figcaption><\/figure>\n<\/div>\n\n\n<h3 class=\"wp-block-heading\"><span class=\"ez-toc-section\" id=\"%C2%BFPor_Que_Aparecen_Manchas_Durante_el_Embarazo\"><\/span>\u00bfPor Qu\u00e9 Aparecen Manchas Durante el Embarazo?<span class=\"ez-toc-section-end\"><\/span><\/h3>\n\n\n\n<p>Durante la gestaci\u00f3n, el cuerpo experimenta numerosos <strong>cambios fisiol\u00f3gicos<\/strong>. Uno de los m\u00e1s notorios en la piel es el <strong>melasma grav\u00eddico<\/strong> o <strong>cloasma<\/strong>, tambi\u00e9n conocido como la \u201c<strong>m\u00e1scara del embarazo<\/strong>\u201d. Se trata de <strong>manchas oscuras<\/strong> que suelen aparecer en el rostro \u2014especialmente en la frente, mejillas, nariz y labio superior\u2014 y afectan a entre el <strong>15% y el 50%<\/strong> de las mujeres embarazadas.<\/p>\n\n\n\n<p>Estas manchas se deben al aumento de <strong>hormonas como los estr\u00f3genos y la progesterona<\/strong>, que elevan la producci\u00f3n de <strong>melanina<\/strong>. Como resultado, muchas futuras mam\u00e1s notan que su piel se oscurece en ciertas zonas como las <strong>areolas, l\u00ednea alba abdominal y rostro<\/strong>.<\/p>\n\n\n\n<h3 class=\"wp-block-heading\"><span class=\"ez-toc-section\" id=\"%C2%BFQue_es_el_Cloasma_Gravidico\"><\/span>\u00bfQu\u00e9 es el Cloasma Grav\u00eddico?<span class=\"ez-toc-section-end\"><\/span><\/h3>\n\n\n\n<p>El cloasma o melasma es una <strong>hiperpigmentaci\u00f3n benigna<\/strong> que <strong>no representa ning\u00fan riesgo para la salud<\/strong>, ni para la madre ni para el beb\u00e9. Son manchas de tono <strong>marr\u00f3n o tostado<\/strong> que suelen aparecer en el <strong>segundo o tercer trimestre<\/strong> del embarazo y, en la mayor\u00eda de los casos, desaparecen tras el parto. No obstante, si no se cuidan adecuadamente, pueden <strong>persistir<\/strong> y requerir tratamiento posterior.<\/p>\n\n\n\n<h3 class=\"wp-block-heading\"><span class=\"ez-toc-section\" id=\"Como_Cuidar_la_Piel_Durante_el_Embarazo\"><\/span>C\u00f3mo Cuidar la Piel Durante el Embarazo<span class=\"ez-toc-section-end\"><\/span><\/h3>\n\n\n\n<p>Aunque las manchas suelen ser temporales, es fundamental <strong>proteger la piel<\/strong> para evitar que se agraven. Aqu\u00ed van algunas recomendaciones:<\/p>\n\n\n\n<ul class=\"wp-block-list\">\n<li><strong>Evita la exposici\u00f3n directa al sol<\/strong>, especialmente entre las 11:00 y las 16:00 horas.<\/li>\n\n\n\n<li><strong>Aplica protector solar de alto SPF<\/strong> todos los d\u00edas, incluso en d\u00edas nublados o en invierno.<\/li>\n\n\n\n<li>Utiliza <strong>protecci\u00f3n f\u00edsica<\/strong> como sombreros, gafas de sol y ropa que cubra el rostro.<\/li>\n\n\n\n<li>Elige <strong>productos cosm\u00e9ticos naturales<\/strong>, libres de fragancias o qu\u00edmicos agresivos.<\/li>\n<\/ul>\n\n\n\n<h3 class=\"wp-block-heading\"><span class=\"ez-toc-section\" id=\"%C2%BFSe_Pueden_Tratar_Estas_Manchas\"><\/span>\u00bfSe Pueden Tratar Estas Manchas?<span class=\"ez-toc-section-end\"><\/span><\/h3>\n\n\n\n<p>La mayor\u00eda de las manchas desaparecen <strong>poco a poco tras el parto<\/strong>, aunque en algunos casos pueden mantenerse m\u00e1s tiempo. Si notas que el <strong>melasma persiste<\/strong>, lo ideal es <strong>consultar con un dermat\u00f3logo<\/strong>, quien puede recomendar:<\/p>\n\n\n\n<ul class=\"wp-block-list\">\n<li><strong>Cremas despigmentantes espec\u00edficas<\/strong><\/li>\n\n\n\n<li><strong>Peelings qu\u00edmicos<\/strong> supervisados<\/li>\n\n\n\n<li>Tratamientos con <strong>l\u00e1ser dermatol\u00f3gico<\/strong><\/li>\n<\/ul>\n\n\n\n<h3 class=\"wp-block-heading\"><span class=\"ez-toc-section\" id=\"%C2%BFDebo_Preocuparme\"><\/span>\u00bfDebo Preocuparme?<span class=\"ez-toc-section-end\"><\/span><\/h3>\n\n\n\n<p>En absoluto. Las manchas del embarazo <strong>no son peligrosas<\/strong>, y muchas veces se consideran incluso una caracter\u00edstica natural y bonita del proceso. Aun as\u00ed, si afectan a tu autoestima o no desaparecen con el tiempo, existen m\u00faltiples soluciones seguras tras el embarazo.<\/p>\n\n\n\n<hr class=\"wp-block-separator has-alpha-channel-opacity\"\/>\n\n\n\n<p>Desde <a class=\"\" href=\"https:\/\/lacestitadelbebe.es\"><strong>lacestitadelbebe.es<\/strong><\/a>, te animamos a <strong>disfrutar de tu embarazo con confianza<\/strong> y a mimarte con los cuidados que tu piel merece. \u00a1Esperamos que esta gu\u00eda te haya sido \u00fatil y te esperamos en nuestro pr\u00f3ximo post con m\u00e1s consejos para futuras mam\u00e1s!<\/p>\n","protected":false},"excerpt":{"rendered":"<p>El embarazo es una etapa emocionante en la vida de una mujer, pero tambi\u00e9n viene acompa\u00f1ado de m\u00faltiples cambios f\u00edsicos y hormonales. Desde el blog de La Cestita del Beb\u00e9, hoy queremos hablarte sobre un tema com\u00fan y que genera muchas dudas: la aparici\u00f3n de pecas y manchas en la piel durante el embarazo. \u00bfPor &#8230; <a title=\"Pecas y Manchas en el Embarazo: Causas, Cuidados y Tratamientos\" class=\"read-more\" href=\"https:\/\/www.lacestitadelbebe.es\/blog\/pecas-y-manchas-en-el-embarazo-causas-cuidados-y-tratamientos\/\" aria-label=\"Leer m\u00e1s sobre Pecas y Manchas en el Embarazo: Causas, Cuidados y Tratamientos\">Leer m\u00e1s<\/a><\/p>\n","protected":false},"author":1,"featured_media":4841,"comment_status":"open","ping_status":"open","sticky":false,"template":"","format":"standard","meta":{"_exactmetrics_skip_tracking":false,"_exactmetrics_sitenote_active":false,"_exactmetrics_sitenote_note":"","_exactmetrics_sitenote_category":0,"footnotes":""},"categories":[89,102,106,82],"tags":[],"class_list":["post-5247","post","type-post","status-publish","format-standard","has-post-thumbnail","hentry","category-aprendizaje-y-estimulacion","category-cuidados","category-embarazo","category-maternidad"],"yoast_head":"<!-- This site is optimized with the Yoast SEO plugin v27.5 - https:\/\/yoast.com\/product\/yoast-seo-wordpress\/ -->\n<title>Pecas y Manchas en el Embarazo: Causas, Cuidados y Tratamientos - Blog la Cestita del Beb\u00e9<\/title>\n<meta name=\"description\" content=\"Desde el blog de La Cestita del Beb\u00e9 os damos informaci\u00f3n sobre las pecas y manchas que aparecen durante el embarazo!\" \/>\n<meta name=\"robots\" content=\"index, follow, max-snippet:-1, max-image-preview:large, max-video-preview:-1\" \/>\n<link rel=\"canonical\" href=\"https:\/\/www.lacestitadelbebe.es\/blog\/pecas-y-manchas-en-el-embarazo-causas-cuidados-y-tratamientos\/\" \/>\n<meta property=\"og:locale\" content=\"es_ES\" \/>\n<meta property=\"og:type\" content=\"article\" \/>\n<meta property=\"og:title\" content=\"Pecas y Manchas en el Embarazo: Causas, Cuidados y Tratamientos - Blog la Cestita del Beb\u00e9\" \/>\n<meta property=\"og:description\" content=\"Desde el blog de La Cestita del Beb\u00e9 os damos informaci\u00f3n sobre las pecas y manchas que aparecen durante el embarazo!\" \/>\n<meta property=\"og:url\" content=\"https:\/\/www.lacestitadelbebe.es\/blog\/pecas-y-manchas-en-el-embarazo-causas-cuidados-y-tratamientos\/\" \/>\n<meta property=\"og:site_name\" content=\"Blog la Cestita del Beb\u00e9\" \/>\n<meta property=\"article:publisher\" content=\"https:\/\/www.facebook.com\/lacestitadelbebe.es\" \/>\n<meta property=\"article:published_time\" content=\"2025-06-23T04:56:58+00:00\" \/>\n<meta property=\"article:modified_time\" content=\"2025-06-23T04:56:59+00:00\" \/>\n<meta property=\"og:image\" content=\"https:\/\/www.lacestitadelbebe.es\/blog\/wp-content\/uploads\/2024\/06\/mujer-ojo-pecas.jpg\" \/>\n\t<meta property=\"og:image:width\" content=\"1254\" \/>\n\t<meta property=\"og:image:height\" content=\"836\" \/>\n\t<meta property=\"og:image:type\" content=\"image\/jpeg\" \/>\n<meta name=\"author\" content=\"La Cestita\" \/>\n<meta name=\"twitter:card\" content=\"summary_large_image\" \/>\n<meta name=\"twitter:creator\" content=\"@LaCestitaBebe\" \/>\n<meta name=\"twitter:site\" content=\"@LaCestitaBebe\" \/>\n<meta name=\"twitter:label1\" content=\"Escrito por\" \/>\n\t<meta name=\"twitter:data1\" content=\"La Cestita\" \/>\n\t<meta name=\"twitter:label2\" content=\"Tiempo de lectura\" \/>\n\t<meta name=\"twitter:data2\" content=\"3 minutos\" \/>\n<script type=\"application\/ld+json\" class=\"yoast-schema-graph\">{\"@context\":\"https:\\\/\\\/schema.org\",\"@graph\":[{\"@type\":\"Article\",\"@id\":\"https:\\\/\\\/www.lacestitadelbebe.es\\\/blog\\\/pecas-y-manchas-en-el-embarazo-causas-cuidados-y-tratamientos\\\/#article\",\"isPartOf\":{\"@id\":\"https:\\\/\\\/www.lacestitadelbebe.es\\\/blog\\\/pecas-y-manchas-en-el-embarazo-causas-cuidados-y-tratamientos\\\/\"},\"author\":{\"name\":\"La Cestita\",\"@id\":\"https:\\\/\\\/www.lacestitadelbebe.es\\\/blog\\\/#\\\/schema\\\/person\\\/4302d1284b0024ab11dca99558de40b4\"},\"headline\":\"Pecas y Manchas en el Embarazo: Causas, Cuidados y Tratamientos\",\"datePublished\":\"2025-06-23T04:56:58+00:00\",\"dateModified\":\"2025-06-23T04:56:59+00:00\",\"mainEntityOfPage\":{\"@id\":\"https:\\\/\\\/www.lacestitadelbebe.es\\\/blog\\\/pecas-y-manchas-en-el-embarazo-causas-cuidados-y-tratamientos\\\/\"},\"wordCount\":528,\"commentCount\":0,\"publisher\":{\"@id\":\"https:\\\/\\\/www.lacestitadelbebe.es\\\/blog\\\/#organization\"},\"image\":{\"@id\":\"https:\\\/\\\/www.lacestitadelbebe.es\\\/blog\\\/pecas-y-manchas-en-el-embarazo-causas-cuidados-y-tratamientos\\\/#primaryimage\"},\"thumbnailUrl\":\"https:\\\/\\\/www.lacestitadelbebe.es\\\/blog\\\/wp-content\\\/uploads\\\/2024\\\/06\\\/mujer-ojo-pecas.jpg\",\"articleSection\":[\"aprendizaje y estimulaci\u00f3n\",\"cuidados\",\"embarazo\",\"maternidad\"],\"inLanguage\":\"es\",\"potentialAction\":[{\"@type\":\"CommentAction\",\"name\":\"Comment\",\"target\":[\"https:\\\/\\\/www.lacestitadelbebe.es\\\/blog\\\/pecas-y-manchas-en-el-embarazo-causas-cuidados-y-tratamientos\\\/#respond\"]}]},{\"@type\":\"WebPage\",\"@id\":\"https:\\\/\\\/www.lacestitadelbebe.es\\\/blog\\\/pecas-y-manchas-en-el-embarazo-causas-cuidados-y-tratamientos\\\/\",\"url\":\"https:\\\/\\\/www.lacestitadelbebe.es\\\/blog\\\/pecas-y-manchas-en-el-embarazo-causas-cuidados-y-tratamientos\\\/\",\"name\":\"Pecas y Manchas en el Embarazo: Causas, Cuidados y Tratamientos - Blog la Cestita del Beb\u00e9\",\"isPartOf\":{\"@id\":\"https:\\\/\\\/www.lacestitadelbebe.es\\\/blog\\\/#website\"},\"primaryImageOfPage\":{\"@id\":\"https:\\\/\\\/www.lacestitadelbebe.es\\\/blog\\\/pecas-y-manchas-en-el-embarazo-causas-cuidados-y-tratamientos\\\/#primaryimage\"},\"image\":{\"@id\":\"https:\\\/\\\/www.lacestitadelbebe.es\\\/blog\\\/pecas-y-manchas-en-el-embarazo-causas-cuidados-y-tratamientos\\\/#primaryimage\"},\"thumbnailUrl\":\"https:\\\/\\\/www.lacestitadelbebe.es\\\/blog\\\/wp-content\\\/uploads\\\/2024\\\/06\\\/mujer-ojo-pecas.jpg\",\"datePublished\":\"2025-06-23T04:56:58+00:00\",\"dateModified\":\"2025-06-23T04:56:59+00:00\",\"description\":\"Desde el blog de La Cestita del Beb\u00e9 os damos informaci\u00f3n sobre las pecas y manchas que aparecen durante el embarazo!\",\"breadcrumb\":{\"@id\":\"https:\\\/\\\/www.lacestitadelbebe.es\\\/blog\\\/pecas-y-manchas-en-el-embarazo-causas-cuidados-y-tratamientos\\\/#breadcrumb\"},\"inLanguage\":\"es\",\"potentialAction\":[{\"@type\":\"ReadAction\",\"target\":[\"https:\\\/\\\/www.lacestitadelbebe.es\\\/blog\\\/pecas-y-manchas-en-el-embarazo-causas-cuidados-y-tratamientos\\\/\"]}]},{\"@type\":\"ImageObject\",\"inLanguage\":\"es\",\"@id\":\"https:\\\/\\\/www.lacestitadelbebe.es\\\/blog\\\/pecas-y-manchas-en-el-embarazo-causas-cuidados-y-tratamientos\\\/#primaryimage\",\"url\":\"https:\\\/\\\/www.lacestitadelbebe.es\\\/blog\\\/wp-content\\\/uploads\\\/2024\\\/06\\\/mujer-ojo-pecas.jpg\",\"contentUrl\":\"https:\\\/\\\/www.lacestitadelbebe.es\\\/blog\\\/wp-content\\\/uploads\\\/2024\\\/06\\\/mujer-ojo-pecas.jpg\",\"width\":1254,\"height\":836},{\"@type\":\"BreadcrumbList\",\"@id\":\"https:\\\/\\\/www.lacestitadelbebe.es\\\/blog\\\/pecas-y-manchas-en-el-embarazo-causas-cuidados-y-tratamientos\\\/#breadcrumb\",\"itemListElement\":[{\"@type\":\"ListItem\",\"position\":1,\"name\":\"Portada\",\"item\":\"https:\\\/\\\/www.lacestitadelbebe.es\\\/blog\\\/\"},{\"@type\":\"ListItem\",\"position\":2,\"name\":\"Pecas y Manchas en el Embarazo: Causas, Cuidados y Tratamientos\"}]},{\"@type\":\"WebSite\",\"@id\":\"https:\\\/\\\/www.lacestitadelbebe.es\\\/blog\\\/#website\",\"url\":\"https:\\\/\\\/www.lacestitadelbebe.es\\\/blog\\\/\",\"name\":\"Blog la Cestita del Beb\u00e9\",\"description\":\"Hablamos de todo lo relacionado con beb\u00e9s\",\"publisher\":{\"@id\":\"https:\\\/\\\/www.lacestitadelbebe.es\\\/blog\\\/#organization\"},\"potentialAction\":[{\"@type\":\"SearchAction\",\"target\":{\"@type\":\"EntryPoint\",\"urlTemplate\":\"https:\\\/\\\/www.lacestitadelbebe.es\\\/blog\\\/?s={search_term_string}\"},\"query-input\":{\"@type\":\"PropertyValueSpecification\",\"valueRequired\":true,\"valueName\":\"search_term_string\"}}],\"inLanguage\":\"es\"},{\"@type\":\"Organization\",\"@id\":\"https:\\\/\\\/www.lacestitadelbebe.es\\\/blog\\\/#organization\",\"name\":\"La Cestita del Beb\u00e9\",\"url\":\"https:\\\/\\\/www.lacestitadelbebe.es\\\/blog\\\/\",\"logo\":{\"@type\":\"ImageObject\",\"inLanguage\":\"es\",\"@id\":\"https:\\\/\\\/www.lacestitadelbebe.es\\\/blog\\\/#\\\/schema\\\/logo\\\/image\\\/\",\"url\":\"https:\\\/\\\/www.lacestitadelbebe.es\\\/blog\\\/wp-content\\\/uploads\\\/2017\\\/10\\\/la_cestita_del_bebe_blog.png\",\"contentUrl\":\"https:\\\/\\\/www.lacestitadelbebe.es\\\/blog\\\/wp-content\\\/uploads\\\/2017\\\/10\\\/la_cestita_del_bebe_blog.png\",\"width\":375,\"height\":70,\"caption\":\"La Cestita del Beb\u00e9\"},\"image\":{\"@id\":\"https:\\\/\\\/www.lacestitadelbebe.es\\\/blog\\\/#\\\/schema\\\/logo\\\/image\\\/\"},\"sameAs\":[\"https:\\\/\\\/www.facebook.com\\\/lacestitadelbebe.es\",\"https:\\\/\\\/x.com\\\/LaCestitaBebe\"]},{\"@type\":\"Person\",\"@id\":\"https:\\\/\\\/www.lacestitadelbebe.es\\\/blog\\\/#\\\/schema\\\/person\\\/4302d1284b0024ab11dca99558de40b4\",\"name\":\"La Cestita\",\"image\":{\"@type\":\"ImageObject\",\"inLanguage\":\"es\",\"@id\":\"https:\\\/\\\/secure.gravatar.com\\\/avatar\\\/533b503d3fc1781cdd76eacd2aa8f68348cdb3201605fe5b4616e6032a228068?s=96&d=mm&r=g\",\"url\":\"https:\\\/\\\/secure.gravatar.com\\\/avatar\\\/533b503d3fc1781cdd76eacd2aa8f68348cdb3201605fe5b4616e6032a228068?s=96&d=mm&r=g\",\"contentUrl\":\"https:\\\/\\\/secure.gravatar.com\\\/avatar\\\/533b503d3fc1781cdd76eacd2aa8f68348cdb3201605fe5b4616e6032a228068?s=96&d=mm&r=g\",\"caption\":\"La Cestita\"},\"sameAs\":[\"https:\\\/\\\/www.lacestitadelbebe.es\"]}]}<\/script>\n<!-- \/ Yoast SEO plugin. -->","yoast_head_json":{"title":"Pecas y Manchas en el Embarazo: Causas, Cuidados y Tratamientos - Blog la Cestita del Beb\u00e9","description":"Desde el blog de La Cestita del Beb\u00e9 os damos informaci\u00f3n sobre las pecas y manchas que aparecen durante el embarazo!","robots":{"index":"index","follow":"follow","max-snippet":"max-snippet:-1","max-image-preview":"max-image-preview:large","max-video-preview":"max-video-preview:-1"},"canonical":"https:\/\/www.lacestitadelbebe.es\/blog\/pecas-y-manchas-en-el-embarazo-causas-cuidados-y-tratamientos\/","og_locale":"es_ES","og_type":"article","og_title":"Pecas y Manchas en el Embarazo: Causas, Cuidados y Tratamientos - Blog la Cestita del Beb\u00e9","og_description":"Desde el blog de La Cestita del Beb\u00e9 os damos informaci\u00f3n sobre las pecas y manchas que aparecen durante el embarazo!","og_url":"https:\/\/www.lacestitadelbebe.es\/blog\/pecas-y-manchas-en-el-embarazo-causas-cuidados-y-tratamientos\/","og_site_name":"Blog la Cestita del Beb\u00e9","article_publisher":"https:\/\/www.facebook.com\/lacestitadelbebe.es","article_published_time":"2025-06-23T04:56:58+00:00","article_modified_time":"2025-06-23T04:56:59+00:00","og_image":[{"width":1254,"height":836,"url":"https:\/\/www.lacestitadelbebe.es\/blog\/wp-content\/uploads\/2024\/06\/mujer-ojo-pecas.jpg","type":"image\/jpeg"}],"author":"La Cestita","twitter_card":"summary_large_image","twitter_creator":"@LaCestitaBebe","twitter_site":"@LaCestitaBebe","twitter_misc":{"Escrito por":"La Cestita","Tiempo de lectura":"3 minutos"},"schema":{"@context":"https:\/\/schema.org","@graph":[{"@type":"Article","@id":"https:\/\/www.lacestitadelbebe.es\/blog\/pecas-y-manchas-en-el-embarazo-causas-cuidados-y-tratamientos\/#article","isPartOf":{"@id":"https:\/\/www.lacestitadelbebe.es\/blog\/pecas-y-manchas-en-el-embarazo-causas-cuidados-y-tratamientos\/"},"author":{"name":"La Cestita","@id":"https:\/\/www.lacestitadelbebe.es\/blog\/#\/schema\/person\/4302d1284b0024ab11dca99558de40b4"},"headline":"Pecas y Manchas en el Embarazo: Causas, Cuidados y Tratamientos","datePublished":"2025-06-23T04:56:58+00:00","dateModified":"2025-06-23T04:56:59+00:00","mainEntityOfPage":{"@id":"https:\/\/www.lacestitadelbebe.es\/blog\/pecas-y-manchas-en-el-embarazo-causas-cuidados-y-tratamientos\/"},"wordCount":528,"commentCount":0,"publisher":{"@id":"https:\/\/www.lacestitadelbebe.es\/blog\/#organization"},"image":{"@id":"https:\/\/www.lacestitadelbebe.es\/blog\/pecas-y-manchas-en-el-embarazo-causas-cuidados-y-tratamientos\/#primaryimage"},"thumbnailUrl":"https:\/\/www.lacestitadelbebe.es\/blog\/wp-content\/uploads\/2024\/06\/mujer-ojo-pecas.jpg","articleSection":["aprendizaje y estimulaci\u00f3n","cuidados","embarazo","maternidad"],"inLanguage":"es","potentialAction":[{"@type":"CommentAction","name":"Comment","target":["https:\/\/www.lacestitadelbebe.es\/blog\/pecas-y-manchas-en-el-embarazo-causas-cuidados-y-tratamientos\/#respond"]}]},{"@type":"WebPage","@id":"https:\/\/www.lacestitadelbebe.es\/blog\/pecas-y-manchas-en-el-embarazo-causas-cuidados-y-tratamientos\/","url":"https:\/\/www.lacestitadelbebe.es\/blog\/pecas-y-manchas-en-el-embarazo-causas-cuidados-y-tratamientos\/","name":"Pecas y Manchas en el Embarazo: Causas, Cuidados y Tratamientos - Blog la Cestita del Beb\u00e9","isPartOf":{"@id":"https:\/\/www.lacestitadelbebe.es\/blog\/#website"},"primaryImageOfPage":{"@id":"https:\/\/www.lacestitadelbebe.es\/blog\/pecas-y-manchas-en-el-embarazo-causas-cuidados-y-tratamientos\/#primaryimage"},"image":{"@id":"https:\/\/www.lacestitadelbebe.es\/blog\/pecas-y-manchas-en-el-embarazo-causas-cuidados-y-tratamientos\/#primaryimage"},"thumbnailUrl":"https:\/\/www.lacestitadelbebe.es\/blog\/wp-content\/uploads\/2024\/06\/mujer-ojo-pecas.jpg","datePublished":"2025-06-23T04:56:58+00:00","dateModified":"2025-06-23T04:56:59+00:00","description":"Desde el blog de La Cestita del Beb\u00e9 os damos informaci\u00f3n sobre las pecas y manchas que aparecen durante el embarazo!","breadcrumb":{"@id":"https:\/\/www.lacestitadelbebe.es\/blog\/pecas-y-manchas-en-el-embarazo-causas-cuidados-y-tratamientos\/#breadcrumb"},"inLanguage":"es","potentialAction":[{"@type":"ReadAction","target":["https:\/\/www.lacestitadelbebe.es\/blog\/pecas-y-manchas-en-el-embarazo-causas-cuidados-y-tratamientos\/"]}]},{"@type":"ImageObject","inLanguage":"es","@id":"https:\/\/www.lacestitadelbebe.es\/blog\/pecas-y-manchas-en-el-embarazo-causas-cuidados-y-tratamientos\/#primaryimage","url":"https:\/\/www.lacestitadelbebe.es\/blog\/wp-content\/uploads\/2024\/06\/mujer-ojo-pecas.jpg","contentUrl":"https:\/\/www.lacestitadelbebe.es\/blog\/wp-content\/uploads\/2024\/06\/mujer-ojo-pecas.jpg","width":1254,"height":836},{"@type":"BreadcrumbList","@id":"https:\/\/www.lacestitadelbebe.es\/blog\/pecas-y-manchas-en-el-embarazo-causas-cuidados-y-tratamientos\/#breadcrumb","itemListElement":[{"@type":"ListItem","position":1,"name":"Portada","item":"https:\/\/www.lacestitadelbebe.es\/blog\/"},{"@type":"ListItem","position":2,"name":"Pecas y Manchas en el Embarazo: Causas, Cuidados y Tratamientos"}]},{"@type":"WebSite","@id":"https:\/\/www.lacestitadelbebe.es\/blog\/#website","url":"https:\/\/www.lacestitadelbebe.es\/blog\/","name":"Blog la Cestita del Beb\u00e9","description":"Hablamos de todo lo relacionado con beb\u00e9s","publisher":{"@id":"https:\/\/www.lacestitadelbebe.es\/blog\/#organization"},"potentialAction":[{"@type":"SearchAction","target":{"@type":"EntryPoint","urlTemplate":"https:\/\/www.lacestitadelbebe.es\/blog\/?s={search_term_string}"},"query-input":{"@type":"PropertyValueSpecification","valueRequired":true,"valueName":"search_term_string"}}],"inLanguage":"es"},{"@type":"Organization","@id":"https:\/\/www.lacestitadelbebe.es\/blog\/#organization","name":"La Cestita del Beb\u00e9","url":"https:\/\/www.lacestitadelbebe.es\/blog\/","logo":{"@type":"ImageObject","inLanguage":"es","@id":"https:\/\/www.lacestitadelbebe.es\/blog\/#\/schema\/logo\/image\/","url":"https:\/\/www.lacestitadelbebe.es\/blog\/wp-content\/uploads\/2017\/10\/la_cestita_del_bebe_blog.png","contentUrl":"https:\/\/www.lacestitadelbebe.es\/blog\/wp-content\/uploads\/2017\/10\/la_cestita_del_bebe_blog.png","width":375,"height":70,"caption":"La Cestita del Beb\u00e9"},"image":{"@id":"https:\/\/www.lacestitadelbebe.es\/blog\/#\/schema\/logo\/image\/"},"sameAs":["https:\/\/www.facebook.com\/lacestitadelbebe.es","https:\/\/x.com\/LaCestitaBebe"]},{"@type":"Person","@id":"https:\/\/www.lacestitadelbebe.es\/blog\/#\/schema\/person\/4302d1284b0024ab11dca99558de40b4","name":"La Cestita","image":{"@type":"ImageObject","inLanguage":"es","@id":"https:\/\/secure.gravatar.com\/avatar\/533b503d3fc1781cdd76eacd2aa8f68348cdb3201605fe5b4616e6032a228068?s=96&d=mm&r=g","url":"https:\/\/secure.gravatar.com\/avatar\/533b503d3fc1781cdd76eacd2aa8f68348cdb3201605fe5b4616e6032a228068?s=96&d=mm&r=g","contentUrl":"https:\/\/secure.gravatar.com\/avatar\/533b503d3fc1781cdd76eacd2aa8f68348cdb3201605fe5b4616e6032a228068?s=96&d=mm&r=g","caption":"La Cestita"},"sameAs":["https:\/\/www.lacestitadelbebe.es"]}]}},"_links":{"self":[{"href":"https:\/\/www.lacestitadelbebe.es\/blog\/wp-json\/wp\/v2\/posts\/5247","targetHints":{"allow":["GET"]}}],"collection":[{"href":"https:\/\/www.lacestitadelbebe.es\/blog\/wp-json\/wp\/v2\/posts"}],"about":[{"href":"https:\/\/www.lacestitadelbebe.es\/blog\/wp-json\/wp\/v2\/types\/post"}],"author":[{"embeddable":true,"href":"https:\/\/www.lacestitadelbebe.es\/blog\/wp-json\/wp\/v2\/users\/1"}],"replies":[{"embeddable":true,"href":"https:\/\/www.lacestitadelbebe.es\/blog\/wp-json\/wp\/v2\/comments?post=5247"}],"version-history":[{"count":1,"href":"https:\/\/www.lacestitadelbebe.es\/blog\/wp-json\/wp\/v2\/posts\/5247\/revisions"}],"predecessor-version":[{"id":5248,"href":"https:\/\/www.lacestitadelbebe.es\/blog\/wp-json\/wp\/v2\/posts\/5247\/revisions\/5248"}],"wp:featuredmedia":[{"embeddable":true,"href":"https:\/\/www.lacestitadelbebe.es\/blog\/wp-json\/wp\/v2\/media\/4841"}],"wp:attachment":[{"href":"https:\/\/www.lacestitadelbebe.es\/blog\/wp-json\/wp\/v2\/media?parent=5247"}],"wp:term":[{"taxonomy":"category","embeddable":true,"href":"https:\/\/www.lacestitadelbebe.es\/blog\/wp-json\/wp\/v2\/categories?post=5247"},{"taxonomy":"post_tag","embeddable":true,"href":"https:\/\/www.lacestitadelbebe.es\/blog\/wp-json\/wp\/v2\/tags?post=5247"}],"curies":[{"name":"wp","href":"https:\/\/api.w.org\/{rel}","templated":true}]}}