{"id":5131,"date":"2025-03-03T06:17:34","date_gmt":"2025-03-03T06:17:34","guid":{"rendered":"https:\/\/www.lacestitadelbebe.es\/blog\/?p=5131"},"modified":"2025-03-03T06:17:36","modified_gmt":"2025-03-03T06:17:36","slug":"mi-peque-se-hace-pis-en-la-cama","status":"publish","type":"post","link":"https:\/\/www.lacestitadelbebe.es\/blog\/mi-peque-se-hace-pis-en-la-cama\/","title":{"rendered":"Mi peque se hace pis en la cama"},"content":{"rendered":"\n<p>Los peques de la casa crecen muy r\u00e1pido, ya est\u00e1n durmiendo s\u00f3los, pero amenudo aparece alg\u00fan problema. En esta ocasi\u00f3n desde el blog de <a href=\"https:\/\/lacestitadelbebe.es\">La Cestita del Beb\u00e9<\/a> vamos a ver el problema de hacerse pis en la cama.<\/p><div id=\"ez-toc-container\" class=\"ez-toc-v2_0_82_2 ez-toc-wrap-center counter-hierarchy ez-toc-counter ez-toc-custom ez-toc-container-direction\">\n<div class=\"ez-toc-title-container\">\n<p class=\"ez-toc-title\" style=\"cursor:inherit\">Contenidos<\/p>\n<span class=\"ez-toc-title-toggle\"><a href=\"#\" class=\"ez-toc-pull-right ez-toc-btn ez-toc-btn-xs ez-toc-btn-default ez-toc-toggle\" aria-label=\"Alternar tabla de contenidos\"><span class=\"ez-toc-js-icon-con\"><span class=\"\"><span class=\"eztoc-hide\" style=\"display:none;\">Toggle<\/span><span class=\"ez-toc-icon-toggle-span\"><svg style=\"fill: #222222;color:#222222\" xmlns=\"http:\/\/www.w3.org\/2000\/svg\" class=\"list-377408\" width=\"20px\" height=\"20px\" viewBox=\"0 0 24 24\" fill=\"none\"><path d=\"M6 6H4v2h2V6zm14 0H8v2h12V6zM4 11h2v2H4v-2zm16 0H8v2h12v-2zM4 16h2v2H4v-2zm16 0H8v2h12v-2z\" fill=\"currentColor\"><\/path><\/svg><svg style=\"fill: #222222;color:#222222\" class=\"arrow-unsorted-368013\" xmlns=\"http:\/\/www.w3.org\/2000\/svg\" width=\"10px\" height=\"10px\" viewBox=\"0 0 24 24\" version=\"1.2\" baseProfile=\"tiny\"><path d=\"M18.2 9.3l-6.2-6.3-6.2 6.3c-.2.2-.3.4-.3.7s.1.5.3.7c.2.2.4.3.7.3h11c.3 0 .5-.1.7-.3.2-.2.3-.5.3-.7s-.1-.5-.3-.7zM5.8 14.7l6.2 6.3 6.2-6.3c.2-.2.3-.5.3-.7s-.1-.5-.3-.7c-.2-.2-.4-.3-.7-.3h-11c-.3 0-.5.1-.7.3-.2.2-.3.5-.3.7s.1.5.3.7z\"\/><\/svg><\/span><\/span><\/span><\/a><\/span><\/div>\n<nav><ul class='ez-toc-list ez-toc-list-level-1 eztoc-toggle-hide-by-default' ><li class='ez-toc-page-1 ez-toc-heading-level-2'><a class=\"ez-toc-link ez-toc-heading-1\" href=\"https:\/\/www.lacestitadelbebe.es\/blog\/mi-peque-se-hace-pis-en-la-cama\/#%C2%BFEs_habitual_que_mi_hijo_orine_mientras_duerme\" >\u00bfEs habitual que mi hijo orine mientras duerme?<\/a><\/li><li class='ez-toc-page-1 ez-toc-heading-level-2'><a class=\"ez-toc-link ez-toc-heading-2\" href=\"https:\/\/www.lacestitadelbebe.es\/blog\/mi-peque-se-hace-pis-en-la-cama\/#%C2%BFQue_causa_que_los_ninos_mojen_la_cama\" >\u00bfQu\u00e9 causa que los ni\u00f1os mojen la cama?<\/a><ul class='ez-toc-list-level-3' ><li class='ez-toc-heading-level-3'><a class=\"ez-toc-link ez-toc-heading-3\" href=\"https:\/\/www.lacestitadelbebe.es\/blog\/mi-peque-se-hace-pis-en-la-cama\/#La_Enuresis_primaria\" >La Enuresis primaria<\/a><\/li><li class='ez-toc-page-1 ez-toc-heading-level-3'><a class=\"ez-toc-link ez-toc-heading-4\" href=\"https:\/\/www.lacestitadelbebe.es\/blog\/mi-peque-se-hace-pis-en-la-cama\/#Enuresis_secundaria\" >Enuresis secundaria<\/a><\/li><li class='ez-toc-page-1 ez-toc-heading-level-3'><a class=\"ez-toc-link ez-toc-heading-5\" href=\"https:\/\/www.lacestitadelbebe.es\/blog\/mi-peque-se-hace-pis-en-la-cama\/#Otras_causas_fisicas\" >Otras causas f\u00edsicas<\/a><\/li><\/ul><\/li><li class='ez-toc-page-1 ez-toc-heading-level-2'><a class=\"ez-toc-link ez-toc-heading-6\" href=\"https:\/\/www.lacestitadelbebe.es\/blog\/mi-peque-se-hace-pis-en-la-cama\/#%C2%BFQue_puedo_hacer_para_que_mi_hijo_deje_de_orinarse_en_la_cama\" >\u00bfQu\u00e9 puedo hacer para que mi hijo deje de orinarse en la cama?<\/a><\/li><li class='ez-toc-page-1 ez-toc-heading-level-2'><a class=\"ez-toc-link ez-toc-heading-7\" href=\"https:\/\/www.lacestitadelbebe.es\/blog\/mi-peque-se-hace-pis-en-la-cama\/#Ensenanza_para_controlar_la_miccion_nocturna\" >Ense\u00f1anza para controlar la micci\u00f3n nocturna<\/a><\/li><li class='ez-toc-page-1 ez-toc-heading-level-2'><a class=\"ez-toc-link ez-toc-heading-8\" href=\"https:\/\/www.lacestitadelbebe.es\/blog\/mi-peque-se-hace-pis-en-la-cama\/#%C2%BFCuando_es_necesario_visitar_al_pediatra\" >\u00bfCu\u00e1ndo es necesario visitar al pediatra?<\/a><\/li><\/ul><\/nav><\/div>\n\n\n\n<div class=\"wp-block-image\">\n<figure class=\"aligncenter size-large\"><img decoding=\"async\" width=\"1024\" height=\"768\" data-src=\"https:\/\/www.lacestitadelbebe.es\/blog\/wp-content\/uploads\/2025\/02\/Pis_cama-1024x768.jpg\" alt=\"Pis Cama\" class=\"wp-image-5133 lazyload\" data-srcset=\"https:\/\/www.lacestitadelbebe.es\/blog\/wp-content\/uploads\/2025\/02\/Pis_cama-1024x768.jpg 1024w, https:\/\/www.lacestitadelbebe.es\/blog\/wp-content\/uploads\/2025\/02\/Pis_cama-300x225.jpg 300w, https:\/\/www.lacestitadelbebe.es\/blog\/wp-content\/uploads\/2025\/02\/Pis_cama-768x576.jpg 768w, https:\/\/www.lacestitadelbebe.es\/blog\/wp-content\/uploads\/2025\/02\/Pis_cama-1536x1152.jpg 1536w, https:\/\/www.lacestitadelbebe.es\/blog\/wp-content\/uploads\/2025\/02\/Pis_cama.jpg 1960w\" data-sizes=\"(max-width: 1024px) 100vw, 1024px\" src=\"data:image\/svg+xml;base64,PHN2ZyB3aWR0aD0iMSIgaGVpZ2h0PSIxIiB4bWxucz0iaHR0cDovL3d3dy53My5vcmcvMjAwMC9zdmciPjwvc3ZnPg==\" style=\"--smush-placeholder-width: 1024px; --smush-placeholder-aspect-ratio: 1024\/768;\" \/><figcaption class=\"wp-element-caption\">Pis Cama<\/figcaption><\/figure>\n<\/div>\n\n\n<p>A medida que los peque\u00f1os crecen, empiezan a dejar de usar los pa\u00f1ales y se adaptan a utilizar el inodoro regularmente. Sin embargo, muchos enfrentan dificultades para mantener el sue\u00f1o continuo por la noche, ya que pueden tener episodios de mojar la cama y sufrir peque\u00f1os accidentes. \u00bfEs esto algo habitual?<\/p>\n\n\n\n<p>La enuresis, o p\u00e9rdida de control nocturno del ba\u00f1o, se refiere a cuando un ni\u00f1o se moja la cama durante la noche mientras est\u00e1 dormido. Si esto persiste despu\u00e9s de los 5 o 6 a\u00f1os, es importante tomar medidas para solucionarlo.<\/p>\n\n\n\n<p>\u00bfA tu ni\u00f1o le sucede esto? No te angusties, es m\u00e1s com\u00fan de lo que podr\u00eda pensarse. Muchos padres hemos experimentado esto a diversas edades, ya que en la infancia es normal que se presenten retrocesos en los avances realizados.<\/p>\n\n\n\n<p>A trav\u00e9s de esta gu\u00eda exhaustiva exploraremos las razones por las cuales los ni\u00f1os pueden orinar en la cama, sus diversas causas y las acciones adecuadas a tomar en cada caso. Generalmente, no es un problema grave a menos que haya una causa subyacente que requiera asistencia profesional, como se explicar\u00e1 m\u00e1s adelante.<\/p>\n\n\n\n<h2 class=\"wp-block-heading\"><span class=\"ez-toc-section\" id=\"%C2%BFEs_habitual_que_mi_hijo_orine_mientras_duerme\"><\/span>\u00bfEs habitual que mi hijo orine mientras duerme?<span class=\"ez-toc-section-end\"><\/span><\/h2>\n\n\n\n<p>Desde el momento de su nacimiento, la acci\u00f3n de orinar es un reflejo natural. Esto significa que la vejiga se llena, y cuando es necesario, se vac\u00eda al expulsar la orina acumulada.<\/p>\n\n\n\n<p>Despu\u00e9s del primer a\u00f1o de vida, los beb\u00e9s empiezan a tener una mayor conciencia sobre el control de sus esf\u00ednteres. Gradualmente aprenden a contraer y relajar el esf\u00ednter, decidiendo por s\u00ed mismos si retener o soltar la orina.<\/p>\n\n\n\n<p>En general, los ni\u00f1os pueden comenzar a ser entrenados para dejar el pa\u00f1al alrededor de los 18 meses. En esta fase, es normal que ocurran accidentes, sobre todo durante la noche. Mientras duermen, los peque\u00f1os no tienen el mismo control sobre su capacidad para liberar o retener la orina.<\/p>\n\n\n\n<p>Se estima que a los 3 o 4 a\u00f1os, cada ni\u00f1o, a su propio ritmo, logra mantenerse seco durante la noche. Sin embargo, si a partir de los 5 a\u00f1os a\u00fan no logra controlar la micci\u00f3n nocturna, se clasifica como enuresis nocturna.<\/p>\n\n\n\n<h2 class=\"wp-block-heading\"><span class=\"ez-toc-section\" id=\"%C2%BFQue_causa_que_los_ninos_mojen_la_cama\"><\/span>\u00bfQu\u00e9 causa que los ni\u00f1os mojen la cama?<span class=\"ez-toc-section-end\"><\/span><\/h2>\n\n\n\n<p>Es necesario educar y entrenar los esf\u00ednteres. La mayor\u00eda de los seres vivos, incluidos los humanos, deben atravesar este proceso en los primeros meses y a\u00f1os de vida.<\/p>\n\n\n\n<p>El cerebro del ni\u00f1o y su vejiga deben funcionar en conjunto para que durante la noche el esf\u00ednter permanezca apretado y aguante hasta la ma\u00f1ana, cuando pueda vaciar la vejiga al levantarse para ir al ba\u00f1o.<br>Se estima que a nivel global, los ni\u00f1os a los 5 a\u00f1os pueden lograr mantenerse secos durante el d\u00eda, y aproximadamente el 80% consigue hacerlo tambi\u00e9n por la noche. Sin embargo, \u00bfqu\u00e9 sucede con el restante 20%? El desarrollo en este aspecto puede extenderse hasta los 7 a\u00f1os o incluso m\u00e1s, afectando a varios adolescentes y adultos.<\/p>\n\n\n\n<p>Para entender las razones detr\u00e1s de la enuresis y por qu\u00e9 algunos ni\u00f1os todav\u00eda tienen episodios de mojar la cama, es fundamental distinguir entre dos tipos de incontinencia nocturna. Cada una de estas situaciones tiene diferentes causas que deben ser consideradas por los padres y profesionales en psicolog\u00eda y salud en general:<\/p>\n\n\n\n<h3 class=\"wp-block-heading\"><span class=\"ez-toc-section\" id=\"La_Enuresis_primaria\"><\/span>La Enuresis primaria<span class=\"ez-toc-section-end\"><\/span><\/h3>\n\n\n\n<p>Es el inconveniente m\u00e1s frecuente en los infantes, especialmente si todav\u00eda est\u00e1n aprendiendo a manejar el control de esf\u00ednteres durante la noche. Esto ocurre cuando la vejiga alcanza su capacidad m\u00e1xima, pero el ni\u00f1o no logra despertarse a tiempo para ir al ba\u00f1o, y termina mojando la cama. Por ello, se orinan en su cama sin darse cuenta.<\/p>\n\n\n\n<h3 class=\"wp-block-heading\"><span class=\"ez-toc-section\" id=\"Enuresis_secundaria\"><\/span>Enuresis secundaria<span class=\"ez-toc-section-end\"><\/span><\/h3>\n\n\n\n<p>Se clasifica como un problema secundario cuando un ni\u00f1o que parec\u00eda ya estar seco durante la noche empieza a experimentar incontinencia de nuevo. Este tipo es menos com\u00fan y puede tener ra\u00edces en factores f\u00edsicos o emocionales, incluyendo casos de abuso, acoso escolar o simplemente una falta de descanso adecuado durante la noche.<\/p>\n\n\n\n<h3 class=\"wp-block-heading\"><span class=\"ez-toc-section\" id=\"Otras_causas_fisicas\"><\/span>Otras causas f\u00edsicas<span class=\"ez-toc-section-end\"><\/span><\/h3>\n\n\n\n<p>Tambi\u00e9n pueden existir otras razones f\u00edsicas que no est\u00e1n directamente relacionadas con el aprendizaje del control de esf\u00ednteres. Estas son cuestiones que requieren atenci\u00f3n por separado, entre ellas se encuentran:<\/p>\n\n\n\n<ul class=\"wp-block-list\">\n<li>Anomal\u00edas cong\u00e9nitas en el sistema urinario<\/li>\n\n\n\n<li>Infecciones en el tracto urinario<\/li>\n\n\n\n<li>Diabetes en la infancia<\/li>\n\n\n\n<li>Lesiones en la parte baja de la m\u00e9dula espinal<\/li>\n<\/ul>\n\n\n\n<p>Estas condiciones impactan tanto a los ni\u00f1os peque\u00f1os como a los mayores, siendo la enuresis un s\u00edntoma que puede indicar un problema de salud subyacente. Para determinar la causa, es fundamental realizar un examen exhaustivo del ni\u00f1o, que incluya diversas pruebas y an\u00e1lisis.<\/p>\n\n\n\n<h2 class=\"wp-block-heading\"><span class=\"ez-toc-section\" id=\"%C2%BFQue_puedo_hacer_para_que_mi_hijo_deje_de_orinarse_en_la_cama\"><\/span>\u00bfQu\u00e9 puedo hacer para que mi hijo deje de orinarse en la cama?<span class=\"ez-toc-section-end\"><\/span><\/h2>\n\n\n\n<p>Los padres deben ejercer mucha paciencia hasta que los peque\u00f1os logren dominar el control de esf\u00ednteres al momento de dormir. Es vital no imponer castigos, ni hacer que se sientan culpables o avergonzados, ya que esto puede empeorar la situaci\u00f3n y aumentar la presi\u00f3n sobre ellos.<\/p>\n\n\n\n<p>El proceso de abandonar el pa\u00f1al y comenzar a usar el inodoro es gradual, y algunos ni\u00f1os requieren m\u00e1s tiempo que otros. Un primer paso es retirar el pa\u00f1al durante el d\u00eda, y progresivamente hacerlo durante la siesta, para luego dejarlo en la noche.<\/p>\n\n\n\n<p>Las acciones que pueden llevar a cabo los padres incluyen:<\/p>\n\n\n\n<ul class=\"wp-block-list\">\n<li>Explicar la importancia de contener la orina, pero sin prolongarlo demasiado, ya que puede escapar. Debe ir al ba\u00f1o al sentir que tiene la necesidad de orinar.<\/li>\n\n\n\n<li>Verifica que tu peque\u00f1o utilice el ba\u00f1o varias veces al d\u00eda, especialmente antes de acostarse y al levantarse por la ma\u00f1ana.<\/li>\n\n\n\n<li>Durante la fase de aprendizaje para no mojar la cama, procura que tu ni\u00f1o no consuma demasiados l\u00edquidos por la noche. As\u00ed, la cantidad de orina que produzca ser\u00e1 menor.<\/li>\n\n\n\n<li>Anima su esfuerzo en todo momento, recompens\u00e1ndole cuando se despierte seco, y brind\u00e1ndole apoyo si alguna vez tiene un accidente.<br>Tanto t\u00fa como tu peque\u00f1o deben estar al tanto de que esto es algo que afecta a muchos ni\u00f1os, y es bastante habitual. No hay problema si sucede, ya que tiene soluci\u00f3n y al final se lograr\u00e1.<\/li>\n<\/ul>\n\n\n\n<h2 class=\"wp-block-heading\"><span class=\"ez-toc-section\" id=\"Ensenanza_para_controlar_la_miccion_nocturna\"><\/span>Ense\u00f1anza para controlar la micci\u00f3n nocturna<span class=\"ez-toc-section-end\"><\/span><\/h2>\n\n\n\n<p>El proceso de entrenamiento para no hacerse pip\u00ed durante la noche es una t\u00e9cnica muy efectiva para instruir y preparar a los ni\u00f1os. Es bastante sencillo adaptarlo a cada situaci\u00f3n, puesto que cada ni\u00f1o tiene sus propias particularidades.<\/p>\n\n\n\n<p>Hazlo de manera gradual, cuando el ni\u00f1o se sienta confiado y tenga ganas de dejar el pa\u00f1al. Empieza por utilizar calzoncillos absorbentes inicialmente o colocando un protector sobre el colch\u00f3n.<\/p>\n\n\n\n<p>Durante los primeros d\u00edas, pueden ocurrir algunos accidentes, pero no te preocupes. Ajusta una o dos alarmas durante la noche, llevando a tu peque\u00f1o al ba\u00f1o para que su vejiga no se llene demasiado.<\/p>\n\n\n\n<p>Con el tiempo, \u00e9l podr\u00e1 aguantar durante toda la noche, podr\u00e1 quitarse el protector y no necesitar\u00e1 levantarse para orinar. Claro que hay ni\u00f1os que pueden volver a tener accidentes y mojar la cama nuevamente. Sin embargo, se puede comenzar de nuevo hasta que se logre el control.<\/p>\n\n\n\n<h2 class=\"wp-block-heading\"><span class=\"ez-toc-section\" id=\"%C2%BFCuando_es_necesario_visitar_al_pediatra\"><\/span>\u00bfCu\u00e1ndo es necesario visitar al pediatra?<span class=\"ez-toc-section-end\"><\/span><\/h2>\n\n\n\n<p>Si un ni\u00f1o moja la cama a una edad en la que ya no es considerado normal, los padres no deber\u00edan ignorarlo. Por supuesto, no hay que hacer un esc\u00e1ndalo ni rega\u00f1ar al ni\u00f1o. Esto no es culpa suya. Sin embargo, tampoco se debe pasar por alto.<\/p>\n\n\n\n<p>Consulta al pediatra si tu peque\u00f1o se queja de molestias o ardor al orinar, si presenta fiebre o si se observa sangre en la orina, con un tono rosado claro. Estos son signos claros de una posible infecci\u00f3n.<\/p>\n\n\n\n<p>Adem\u00e1s, si tu peque\u00f1o ya hab\u00eda logrado dormir la noche seca y de repente empieza a mojarse repetidamente, es crucial buscar ayuda.<\/p>\n\n\n\n<p>Existen f\u00e1rmacos espec\u00edficos para tratar la incontinencia nocturna que pueden ser beneficiosos en ciertas situaciones. Sin embargo, estos deben ser prescritos por un profesional m\u00e9dico, y nunca administrarse si los ni\u00f1os mojan la cama sin un diagn\u00f3stico previo.<\/p>\n\n\n\n<p>Con este post esperamos que pas\u00e9is buenas y secas noches, con este nos despedimos hasta la pr\u00f3xima ocasi\u00f3n! chao!<\/p>\n\n\n\n<p><\/p>\n","protected":false},"excerpt":{"rendered":"<p>Los peques de la casa crecen muy r\u00e1pido, ya est\u00e1n durmiendo s\u00f3los, pero amenudo aparece alg\u00fan problema. En esta ocasi\u00f3n desde el blog de La Cestita del Beb\u00e9 vamos a ver el problema de hacerse pis en la cama. A medida que los peque\u00f1os crecen, empiezan a dejar de usar los pa\u00f1ales y se adaptan &#8230; <a title=\"Mi peque se hace pis en la cama\" class=\"read-more\" href=\"https:\/\/www.lacestitadelbebe.es\/blog\/mi-peque-se-hace-pis-en-la-cama\/\" aria-label=\"Leer m\u00e1s sobre Mi peque se hace pis en la cama\">Leer m\u00e1s<\/a><\/p>\n","protected":false},"author":1,"featured_media":5132,"comment_status":"open","ping_status":"open","sticky":false,"template":"","format":"standard","meta":{"_exactmetrics_skip_tracking":false,"_exactmetrics_sitenote_active":false,"_exactmetrics_sitenote_note":"","_exactmetrics_sitenote_category":0,"footnotes":""},"categories":[89,102,455],"tags":[871],"class_list":["post-5131","post","type-post","status-publish","format-standard","has-post-thumbnail","hentry","category-aprendizaje-y-estimulacion","category-cuidados","category-educacion","tag-pis-cama"],"yoast_head":"<!-- This site is optimized with the Yoast SEO plugin v27.5 - https:\/\/yoast.com\/product\/yoast-seo-wordpress\/ -->\n<title>Mi peque se hace pis en la cama - Blog la Cestita del Beb\u00e9<\/title>\n<meta name=\"description\" content=\"Desde el blog de la cestita del beb\u00e9 vamos a hablar sobre el angustioso tema de hacerse pis en la cama y algunos remedios!\" \/>\n<meta name=\"robots\" content=\"index, follow, max-snippet:-1, max-image-preview:large, max-video-preview:-1\" \/>\n<link rel=\"canonical\" href=\"https:\/\/www.lacestitadelbebe.es\/blog\/mi-peque-se-hace-pis-en-la-cama\/\" \/>\n<meta property=\"og:locale\" content=\"es_ES\" \/>\n<meta property=\"og:type\" content=\"article\" \/>\n<meta property=\"og:title\" content=\"Mi peque se hace pis en la cama - Blog la Cestita del Beb\u00e9\" \/>\n<meta property=\"og:description\" content=\"Desde el blog de la cestita del beb\u00e9 vamos a hablar sobre el angustioso tema de hacerse pis en la cama y algunos remedios!\" \/>\n<meta property=\"og:url\" content=\"https:\/\/www.lacestitadelbebe.es\/blog\/mi-peque-se-hace-pis-en-la-cama\/\" \/>\n<meta property=\"og:site_name\" content=\"Blog la Cestita del Beb\u00e9\" \/>\n<meta property=\"article:publisher\" content=\"https:\/\/www.facebook.com\/lacestitadelbebe.es\" \/>\n<meta property=\"article:published_time\" content=\"2025-03-03T06:17:34+00:00\" \/>\n<meta property=\"article:modified_time\" content=\"2025-03-03T06:17:36+00:00\" \/>\n<meta property=\"og:image\" content=\"https:\/\/www.lacestitadelbebe.es\/blog\/wp-content\/uploads\/2025\/02\/Pis_cama_LaCestitadelbe.jpg\" \/>\n\t<meta property=\"og:image:width\" content=\"650\" \/>\n\t<meta property=\"og:image:height\" content=\"300\" \/>\n\t<meta property=\"og:image:type\" content=\"image\/jpeg\" \/>\n<meta name=\"author\" content=\"La Cestita\" \/>\n<meta name=\"twitter:card\" content=\"summary_large_image\" \/>\n<meta name=\"twitter:creator\" content=\"@LaCestitaBebe\" \/>\n<meta name=\"twitter:site\" content=\"@LaCestitaBebe\" \/>\n<meta name=\"twitter:label1\" content=\"Escrito por\" \/>\n\t<meta name=\"twitter:data1\" content=\"La Cestita\" \/>\n\t<meta name=\"twitter:label2\" content=\"Tiempo de lectura\" \/>\n\t<meta name=\"twitter:data2\" content=\"7 minutos\" \/>\n<script type=\"application\/ld+json\" class=\"yoast-schema-graph\">{\"@context\":\"https:\\\/\\\/schema.org\",\"@graph\":[{\"@type\":\"Article\",\"@id\":\"https:\\\/\\\/www.lacestitadelbebe.es\\\/blog\\\/mi-peque-se-hace-pis-en-la-cama\\\/#article\",\"isPartOf\":{\"@id\":\"https:\\\/\\\/www.lacestitadelbebe.es\\\/blog\\\/mi-peque-se-hace-pis-en-la-cama\\\/\"},\"author\":{\"name\":\"La Cestita\",\"@id\":\"https:\\\/\\\/www.lacestitadelbebe.es\\\/blog\\\/#\\\/schema\\\/person\\\/4302d1284b0024ab11dca99558de40b4\"},\"headline\":\"Mi peque se hace pis en la cama\",\"datePublished\":\"2025-03-03T06:17:34+00:00\",\"dateModified\":\"2025-03-03T06:17:36+00:00\",\"mainEntityOfPage\":{\"@id\":\"https:\\\/\\\/www.lacestitadelbebe.es\\\/blog\\\/mi-peque-se-hace-pis-en-la-cama\\\/\"},\"wordCount\":1498,\"commentCount\":0,\"publisher\":{\"@id\":\"https:\\\/\\\/www.lacestitadelbebe.es\\\/blog\\\/#organization\"},\"image\":{\"@id\":\"https:\\\/\\\/www.lacestitadelbebe.es\\\/blog\\\/mi-peque-se-hace-pis-en-la-cama\\\/#primaryimage\"},\"thumbnailUrl\":\"https:\\\/\\\/www.lacestitadelbebe.es\\\/blog\\\/wp-content\\\/uploads\\\/2025\\\/02\\\/Pis_cama_LaCestitadelbe.jpg\",\"keywords\":[\"pis cama\"],\"articleSection\":[\"aprendizaje y estimulaci\u00f3n\",\"cuidados\",\"educaci\u00f3n\"],\"inLanguage\":\"es\",\"potentialAction\":[{\"@type\":\"CommentAction\",\"name\":\"Comment\",\"target\":[\"https:\\\/\\\/www.lacestitadelbebe.es\\\/blog\\\/mi-peque-se-hace-pis-en-la-cama\\\/#respond\"]}]},{\"@type\":\"WebPage\",\"@id\":\"https:\\\/\\\/www.lacestitadelbebe.es\\\/blog\\\/mi-peque-se-hace-pis-en-la-cama\\\/\",\"url\":\"https:\\\/\\\/www.lacestitadelbebe.es\\\/blog\\\/mi-peque-se-hace-pis-en-la-cama\\\/\",\"name\":\"Mi peque se hace pis en la cama - Blog la Cestita del Beb\u00e9\",\"isPartOf\":{\"@id\":\"https:\\\/\\\/www.lacestitadelbebe.es\\\/blog\\\/#website\"},\"primaryImageOfPage\":{\"@id\":\"https:\\\/\\\/www.lacestitadelbebe.es\\\/blog\\\/mi-peque-se-hace-pis-en-la-cama\\\/#primaryimage\"},\"image\":{\"@id\":\"https:\\\/\\\/www.lacestitadelbebe.es\\\/blog\\\/mi-peque-se-hace-pis-en-la-cama\\\/#primaryimage\"},\"thumbnailUrl\":\"https:\\\/\\\/www.lacestitadelbebe.es\\\/blog\\\/wp-content\\\/uploads\\\/2025\\\/02\\\/Pis_cama_LaCestitadelbe.jpg\",\"datePublished\":\"2025-03-03T06:17:34+00:00\",\"dateModified\":\"2025-03-03T06:17:36+00:00\",\"description\":\"Desde el blog de la cestita del beb\u00e9 vamos a hablar sobre el angustioso tema de hacerse pis en la cama y algunos remedios!\",\"breadcrumb\":{\"@id\":\"https:\\\/\\\/www.lacestitadelbebe.es\\\/blog\\\/mi-peque-se-hace-pis-en-la-cama\\\/#breadcrumb\"},\"inLanguage\":\"es\",\"potentialAction\":[{\"@type\":\"ReadAction\",\"target\":[\"https:\\\/\\\/www.lacestitadelbebe.es\\\/blog\\\/mi-peque-se-hace-pis-en-la-cama\\\/\"]}]},{\"@type\":\"ImageObject\",\"inLanguage\":\"es\",\"@id\":\"https:\\\/\\\/www.lacestitadelbebe.es\\\/blog\\\/mi-peque-se-hace-pis-en-la-cama\\\/#primaryimage\",\"url\":\"https:\\\/\\\/www.lacestitadelbebe.es\\\/blog\\\/wp-content\\\/uploads\\\/2025\\\/02\\\/Pis_cama_LaCestitadelbe.jpg\",\"contentUrl\":\"https:\\\/\\\/www.lacestitadelbebe.es\\\/blog\\\/wp-content\\\/uploads\\\/2025\\\/02\\\/Pis_cama_LaCestitadelbe.jpg\",\"width\":650,\"height\":300,\"caption\":\"Pis Cama LaCestitadelbe\"},{\"@type\":\"BreadcrumbList\",\"@id\":\"https:\\\/\\\/www.lacestitadelbebe.es\\\/blog\\\/mi-peque-se-hace-pis-en-la-cama\\\/#breadcrumb\",\"itemListElement\":[{\"@type\":\"ListItem\",\"position\":1,\"name\":\"Portada\",\"item\":\"https:\\\/\\\/www.lacestitadelbebe.es\\\/blog\\\/\"},{\"@type\":\"ListItem\",\"position\":2,\"name\":\"Mi peque se hace pis en la cama\"}]},{\"@type\":\"WebSite\",\"@id\":\"https:\\\/\\\/www.lacestitadelbebe.es\\\/blog\\\/#website\",\"url\":\"https:\\\/\\\/www.lacestitadelbebe.es\\\/blog\\\/\",\"name\":\"Blog la Cestita del Beb\u00e9\",\"description\":\"Hablamos de todo lo relacionado con beb\u00e9s\",\"publisher\":{\"@id\":\"https:\\\/\\\/www.lacestitadelbebe.es\\\/blog\\\/#organization\"},\"potentialAction\":[{\"@type\":\"SearchAction\",\"target\":{\"@type\":\"EntryPoint\",\"urlTemplate\":\"https:\\\/\\\/www.lacestitadelbebe.es\\\/blog\\\/?s={search_term_string}\"},\"query-input\":{\"@type\":\"PropertyValueSpecification\",\"valueRequired\":true,\"valueName\":\"search_term_string\"}}],\"inLanguage\":\"es\"},{\"@type\":\"Organization\",\"@id\":\"https:\\\/\\\/www.lacestitadelbebe.es\\\/blog\\\/#organization\",\"name\":\"La Cestita del Beb\u00e9\",\"url\":\"https:\\\/\\\/www.lacestitadelbebe.es\\\/blog\\\/\",\"logo\":{\"@type\":\"ImageObject\",\"inLanguage\":\"es\",\"@id\":\"https:\\\/\\\/www.lacestitadelbebe.es\\\/blog\\\/#\\\/schema\\\/logo\\\/image\\\/\",\"url\":\"https:\\\/\\\/www.lacestitadelbebe.es\\\/blog\\\/wp-content\\\/uploads\\\/2017\\\/10\\\/la_cestita_del_bebe_blog.png\",\"contentUrl\":\"https:\\\/\\\/www.lacestitadelbebe.es\\\/blog\\\/wp-content\\\/uploads\\\/2017\\\/10\\\/la_cestita_del_bebe_blog.png\",\"width\":375,\"height\":70,\"caption\":\"La Cestita del Beb\u00e9\"},\"image\":{\"@id\":\"https:\\\/\\\/www.lacestitadelbebe.es\\\/blog\\\/#\\\/schema\\\/logo\\\/image\\\/\"},\"sameAs\":[\"https:\\\/\\\/www.facebook.com\\\/lacestitadelbebe.es\",\"https:\\\/\\\/x.com\\\/LaCestitaBebe\"]},{\"@type\":\"Person\",\"@id\":\"https:\\\/\\\/www.lacestitadelbebe.es\\\/blog\\\/#\\\/schema\\\/person\\\/4302d1284b0024ab11dca99558de40b4\",\"name\":\"La Cestita\",\"image\":{\"@type\":\"ImageObject\",\"inLanguage\":\"es\",\"@id\":\"https:\\\/\\\/secure.gravatar.com\\\/avatar\\\/533b503d3fc1781cdd76eacd2aa8f68348cdb3201605fe5b4616e6032a228068?s=96&d=mm&r=g\",\"url\":\"https:\\\/\\\/secure.gravatar.com\\\/avatar\\\/533b503d3fc1781cdd76eacd2aa8f68348cdb3201605fe5b4616e6032a228068?s=96&d=mm&r=g\",\"contentUrl\":\"https:\\\/\\\/secure.gravatar.com\\\/avatar\\\/533b503d3fc1781cdd76eacd2aa8f68348cdb3201605fe5b4616e6032a228068?s=96&d=mm&r=g\",\"caption\":\"La Cestita\"},\"sameAs\":[\"https:\\\/\\\/www.lacestitadelbebe.es\"]}]}<\/script>\n<!-- \/ Yoast SEO plugin. -->","yoast_head_json":{"title":"Mi peque se hace pis en la cama - Blog la Cestita del Beb\u00e9","description":"Desde el blog de la cestita del beb\u00e9 vamos a hablar sobre el angustioso tema de hacerse pis en la cama y algunos remedios!","robots":{"index":"index","follow":"follow","max-snippet":"max-snippet:-1","max-image-preview":"max-image-preview:large","max-video-preview":"max-video-preview:-1"},"canonical":"https:\/\/www.lacestitadelbebe.es\/blog\/mi-peque-se-hace-pis-en-la-cama\/","og_locale":"es_ES","og_type":"article","og_title":"Mi peque se hace pis en la cama - Blog la Cestita del Beb\u00e9","og_description":"Desde el blog de la cestita del beb\u00e9 vamos a hablar sobre el angustioso tema de hacerse pis en la cama y algunos remedios!","og_url":"https:\/\/www.lacestitadelbebe.es\/blog\/mi-peque-se-hace-pis-en-la-cama\/","og_site_name":"Blog la Cestita del Beb\u00e9","article_publisher":"https:\/\/www.facebook.com\/lacestitadelbebe.es","article_published_time":"2025-03-03T06:17:34+00:00","article_modified_time":"2025-03-03T06:17:36+00:00","og_image":[{"width":650,"height":300,"url":"https:\/\/www.lacestitadelbebe.es\/blog\/wp-content\/uploads\/2025\/02\/Pis_cama_LaCestitadelbe.jpg","type":"image\/jpeg"}],"author":"La Cestita","twitter_card":"summary_large_image","twitter_creator":"@LaCestitaBebe","twitter_site":"@LaCestitaBebe","twitter_misc":{"Escrito por":"La Cestita","Tiempo de lectura":"7 minutos"},"schema":{"@context":"https:\/\/schema.org","@graph":[{"@type":"Article","@id":"https:\/\/www.lacestitadelbebe.es\/blog\/mi-peque-se-hace-pis-en-la-cama\/#article","isPartOf":{"@id":"https:\/\/www.lacestitadelbebe.es\/blog\/mi-peque-se-hace-pis-en-la-cama\/"},"author":{"name":"La Cestita","@id":"https:\/\/www.lacestitadelbebe.es\/blog\/#\/schema\/person\/4302d1284b0024ab11dca99558de40b4"},"headline":"Mi peque se hace pis en la cama","datePublished":"2025-03-03T06:17:34+00:00","dateModified":"2025-03-03T06:17:36+00:00","mainEntityOfPage":{"@id":"https:\/\/www.lacestitadelbebe.es\/blog\/mi-peque-se-hace-pis-en-la-cama\/"},"wordCount":1498,"commentCount":0,"publisher":{"@id":"https:\/\/www.lacestitadelbebe.es\/blog\/#organization"},"image":{"@id":"https:\/\/www.lacestitadelbebe.es\/blog\/mi-peque-se-hace-pis-en-la-cama\/#primaryimage"},"thumbnailUrl":"https:\/\/www.lacestitadelbebe.es\/blog\/wp-content\/uploads\/2025\/02\/Pis_cama_LaCestitadelbe.jpg","keywords":["pis cama"],"articleSection":["aprendizaje y estimulaci\u00f3n","cuidados","educaci\u00f3n"],"inLanguage":"es","potentialAction":[{"@type":"CommentAction","name":"Comment","target":["https:\/\/www.lacestitadelbebe.es\/blog\/mi-peque-se-hace-pis-en-la-cama\/#respond"]}]},{"@type":"WebPage","@id":"https:\/\/www.lacestitadelbebe.es\/blog\/mi-peque-se-hace-pis-en-la-cama\/","url":"https:\/\/www.lacestitadelbebe.es\/blog\/mi-peque-se-hace-pis-en-la-cama\/","name":"Mi peque se hace pis en la cama - Blog la Cestita del Beb\u00e9","isPartOf":{"@id":"https:\/\/www.lacestitadelbebe.es\/blog\/#website"},"primaryImageOfPage":{"@id":"https:\/\/www.lacestitadelbebe.es\/blog\/mi-peque-se-hace-pis-en-la-cama\/#primaryimage"},"image":{"@id":"https:\/\/www.lacestitadelbebe.es\/blog\/mi-peque-se-hace-pis-en-la-cama\/#primaryimage"},"thumbnailUrl":"https:\/\/www.lacestitadelbebe.es\/blog\/wp-content\/uploads\/2025\/02\/Pis_cama_LaCestitadelbe.jpg","datePublished":"2025-03-03T06:17:34+00:00","dateModified":"2025-03-03T06:17:36+00:00","description":"Desde el blog de la cestita del beb\u00e9 vamos a hablar sobre el angustioso tema de hacerse pis en la cama y algunos remedios!","breadcrumb":{"@id":"https:\/\/www.lacestitadelbebe.es\/blog\/mi-peque-se-hace-pis-en-la-cama\/#breadcrumb"},"inLanguage":"es","potentialAction":[{"@type":"ReadAction","target":["https:\/\/www.lacestitadelbebe.es\/blog\/mi-peque-se-hace-pis-en-la-cama\/"]}]},{"@type":"ImageObject","inLanguage":"es","@id":"https:\/\/www.lacestitadelbebe.es\/blog\/mi-peque-se-hace-pis-en-la-cama\/#primaryimage","url":"https:\/\/www.lacestitadelbebe.es\/blog\/wp-content\/uploads\/2025\/02\/Pis_cama_LaCestitadelbe.jpg","contentUrl":"https:\/\/www.lacestitadelbebe.es\/blog\/wp-content\/uploads\/2025\/02\/Pis_cama_LaCestitadelbe.jpg","width":650,"height":300,"caption":"Pis Cama LaCestitadelbe"},{"@type":"BreadcrumbList","@id":"https:\/\/www.lacestitadelbebe.es\/blog\/mi-peque-se-hace-pis-en-la-cama\/#breadcrumb","itemListElement":[{"@type":"ListItem","position":1,"name":"Portada","item":"https:\/\/www.lacestitadelbebe.es\/blog\/"},{"@type":"ListItem","position":2,"name":"Mi peque se hace pis en la cama"}]},{"@type":"WebSite","@id":"https:\/\/www.lacestitadelbebe.es\/blog\/#website","url":"https:\/\/www.lacestitadelbebe.es\/blog\/","name":"Blog la Cestita del Beb\u00e9","description":"Hablamos de todo lo relacionado con beb\u00e9s","publisher":{"@id":"https:\/\/www.lacestitadelbebe.es\/blog\/#organization"},"potentialAction":[{"@type":"SearchAction","target":{"@type":"EntryPoint","urlTemplate":"https:\/\/www.lacestitadelbebe.es\/blog\/?s={search_term_string}"},"query-input":{"@type":"PropertyValueSpecification","valueRequired":true,"valueName":"search_term_string"}}],"inLanguage":"es"},{"@type":"Organization","@id":"https:\/\/www.lacestitadelbebe.es\/blog\/#organization","name":"La Cestita del Beb\u00e9","url":"https:\/\/www.lacestitadelbebe.es\/blog\/","logo":{"@type":"ImageObject","inLanguage":"es","@id":"https:\/\/www.lacestitadelbebe.es\/blog\/#\/schema\/logo\/image\/","url":"https:\/\/www.lacestitadelbebe.es\/blog\/wp-content\/uploads\/2017\/10\/la_cestita_del_bebe_blog.png","contentUrl":"https:\/\/www.lacestitadelbebe.es\/blog\/wp-content\/uploads\/2017\/10\/la_cestita_del_bebe_blog.png","width":375,"height":70,"caption":"La Cestita del Beb\u00e9"},"image":{"@id":"https:\/\/www.lacestitadelbebe.es\/blog\/#\/schema\/logo\/image\/"},"sameAs":["https:\/\/www.facebook.com\/lacestitadelbebe.es","https:\/\/x.com\/LaCestitaBebe"]},{"@type":"Person","@id":"https:\/\/www.lacestitadelbebe.es\/blog\/#\/schema\/person\/4302d1284b0024ab11dca99558de40b4","name":"La Cestita","image":{"@type":"ImageObject","inLanguage":"es","@id":"https:\/\/secure.gravatar.com\/avatar\/533b503d3fc1781cdd76eacd2aa8f68348cdb3201605fe5b4616e6032a228068?s=96&d=mm&r=g","url":"https:\/\/secure.gravatar.com\/avatar\/533b503d3fc1781cdd76eacd2aa8f68348cdb3201605fe5b4616e6032a228068?s=96&d=mm&r=g","contentUrl":"https:\/\/secure.gravatar.com\/avatar\/533b503d3fc1781cdd76eacd2aa8f68348cdb3201605fe5b4616e6032a228068?s=96&d=mm&r=g","caption":"La Cestita"},"sameAs":["https:\/\/www.lacestitadelbebe.es"]}]}},"_links":{"self":[{"href":"https:\/\/www.lacestitadelbebe.es\/blog\/wp-json\/wp\/v2\/posts\/5131","targetHints":{"allow":["GET"]}}],"collection":[{"href":"https:\/\/www.lacestitadelbebe.es\/blog\/wp-json\/wp\/v2\/posts"}],"about":[{"href":"https:\/\/www.lacestitadelbebe.es\/blog\/wp-json\/wp\/v2\/types\/post"}],"author":[{"embeddable":true,"href":"https:\/\/www.lacestitadelbebe.es\/blog\/wp-json\/wp\/v2\/users\/1"}],"replies":[{"embeddable":true,"href":"https:\/\/www.lacestitadelbebe.es\/blog\/wp-json\/wp\/v2\/comments?post=5131"}],"version-history":[{"count":1,"href":"https:\/\/www.lacestitadelbebe.es\/blog\/wp-json\/wp\/v2\/posts\/5131\/revisions"}],"predecessor-version":[{"id":5134,"href":"https:\/\/www.lacestitadelbebe.es\/blog\/wp-json\/wp\/v2\/posts\/5131\/revisions\/5134"}],"wp:featuredmedia":[{"embeddable":true,"href":"https:\/\/www.lacestitadelbebe.es\/blog\/wp-json\/wp\/v2\/media\/5132"}],"wp:attachment":[{"href":"https:\/\/www.lacestitadelbebe.es\/blog\/wp-json\/wp\/v2\/media?parent=5131"}],"wp:term":[{"taxonomy":"category","embeddable":true,"href":"https:\/\/www.lacestitadelbebe.es\/blog\/wp-json\/wp\/v2\/categories?post=5131"},{"taxonomy":"post_tag","embeddable":true,"href":"https:\/\/www.lacestitadelbebe.es\/blog\/wp-json\/wp\/v2\/tags?post=5131"}],"curies":[{"name":"wp","href":"https:\/\/api.w.org\/{rel}","templated":true}]}}