{"id":5002,"date":"2024-11-06T06:14:02","date_gmt":"2024-11-06T06:14:02","guid":{"rendered":"https:\/\/www.lacestitadelbebe.es\/blog\/?p=5002"},"modified":"2024-11-06T06:14:03","modified_gmt":"2024-11-06T06:14:03","slug":"la-percepcion-de-los-colores-en-ninos","status":"publish","type":"post","link":"https:\/\/www.lacestitadelbebe.es\/blog\/la-percepcion-de-los-colores-en-ninos\/","title":{"rendered":"La percepci\u00f3n de los colores en ni\u00f1os\u00a0"},"content":{"rendered":"\n<p>La vida se puede ver del color que cada uno quiera. Por eso, desde el blog de <a href=\"https:\/\/lacestitadelbebe.es\">la cestita del beb\u00e9<\/a> vamos a ver como es la percepci\u00f3n de los colores en los peques.\u00a0<\/p><div id=\"ez-toc-container\" class=\"ez-toc-v2_0_82_2 ez-toc-wrap-center counter-hierarchy ez-toc-counter ez-toc-custom ez-toc-container-direction\">\n<div class=\"ez-toc-title-container\">\n<p class=\"ez-toc-title\" style=\"cursor:inherit\">Contenidos<\/p>\n<span class=\"ez-toc-title-toggle\"><a href=\"#\" class=\"ez-toc-pull-right ez-toc-btn ez-toc-btn-xs ez-toc-btn-default ez-toc-toggle\" aria-label=\"Alternar tabla de contenidos\"><span class=\"ez-toc-js-icon-con\"><span class=\"\"><span class=\"eztoc-hide\" style=\"display:none;\">Toggle<\/span><span class=\"ez-toc-icon-toggle-span\"><svg style=\"fill: #222222;color:#222222\" xmlns=\"http:\/\/www.w3.org\/2000\/svg\" class=\"list-377408\" width=\"20px\" height=\"20px\" viewBox=\"0 0 24 24\" fill=\"none\"><path d=\"M6 6H4v2h2V6zm14 0H8v2h12V6zM4 11h2v2H4v-2zm16 0H8v2h12v-2zM4 16h2v2H4v-2zm16 0H8v2h12v-2z\" fill=\"currentColor\"><\/path><\/svg><svg style=\"fill: #222222;color:#222222\" class=\"arrow-unsorted-368013\" xmlns=\"http:\/\/www.w3.org\/2000\/svg\" width=\"10px\" height=\"10px\" viewBox=\"0 0 24 24\" version=\"1.2\" baseProfile=\"tiny\"><path d=\"M18.2 9.3l-6.2-6.3-6.2 6.3c-.2.2-.3.4-.3.7s.1.5.3.7c.2.2.4.3.7.3h11c.3 0 .5-.1.7-.3.2-.2.3-.5.3-.7s-.1-.5-.3-.7zM5.8 14.7l6.2 6.3 6.2-6.3c.2-.2.3-.5.3-.7s-.1-.5-.3-.7c-.2-.2-.4-.3-.7-.3h-11c-.3 0-.5.1-.7.3-.2.2-.3.5-.3.7s.1.5.3.7z\"\/><\/svg><\/span><\/span><\/span><\/a><\/span><\/div>\n<nav><ul class='ez-toc-list ez-toc-list-level-1 eztoc-toggle-hide-by-default' ><li class='ez-toc-page-1 ez-toc-heading-level-2'><a class=\"ez-toc-link ez-toc-heading-1\" href=\"https:\/\/www.lacestitadelbebe.es\/blog\/la-percepcion-de-los-colores-en-ninos\/#%C2%BFQue_es_la_psicologia_del_color\" >\u00bfQu\u00e9 es la psicolog\u00eda del color?&nbsp;<\/a><\/li><li class='ez-toc-page-1 ez-toc-heading-level-2'><a class=\"ez-toc-link ez-toc-heading-2\" href=\"https:\/\/www.lacestitadelbebe.es\/blog\/la-percepcion-de-los-colores-en-ninos\/#Colores_de_emocion_que_significa_cada_color\" >Colores de emoci\u00f3n: qu\u00e9 significa cada color&nbsp;<\/a><ul class='ez-toc-list-level-3' ><li class='ez-toc-heading-level-3'><a class=\"ez-toc-link ez-toc-heading-3\" href=\"https:\/\/www.lacestitadelbebe.es\/blog\/la-percepcion-de-los-colores-en-ninos\/#El_color_blanco\" >El color blanco&nbsp;<\/a><\/li><li class='ez-toc-page-1 ez-toc-heading-level-3'><a class=\"ez-toc-link ez-toc-heading-4\" href=\"https:\/\/www.lacestitadelbebe.es\/blog\/la-percepcion-de-los-colores-en-ninos\/#El_color_rojo\" >El color rojo&nbsp;<\/a><\/li><li class='ez-toc-page-1 ez-toc-heading-level-3'><a class=\"ez-toc-link ez-toc-heading-5\" href=\"https:\/\/www.lacestitadelbebe.es\/blog\/la-percepcion-de-los-colores-en-ninos\/#El_color_amarillo\" >El color amarillo&nbsp;<\/a><\/li><li class='ez-toc-page-1 ez-toc-heading-level-3'><a class=\"ez-toc-link ez-toc-heading-6\" href=\"https:\/\/www.lacestitadelbebe.es\/blog\/la-percepcion-de-los-colores-en-ninos\/#El_color_verde\" >El color verde\u00a0<\/a><\/li><li class='ez-toc-page-1 ez-toc-heading-level-3'><a class=\"ez-toc-link ez-toc-heading-7\" href=\"https:\/\/www.lacestitadelbebe.es\/blog\/la-percepcion-de-los-colores-en-ninos\/#El_color_rosa\" >El color rosa&nbsp;<\/a><\/li><li class='ez-toc-page-1 ez-toc-heading-level-3'><a class=\"ez-toc-link ez-toc-heading-8\" href=\"https:\/\/www.lacestitadelbebe.es\/blog\/la-percepcion-de-los-colores-en-ninos\/#El_color_azul\" >El color azul&nbsp;<\/a><\/li><li class='ez-toc-page-1 ez-toc-heading-level-3'><a class=\"ez-toc-link ez-toc-heading-9\" href=\"https:\/\/www.lacestitadelbebe.es\/blog\/la-percepcion-de-los-colores-en-ninos\/#El_color_naranja\" >El color naranja&nbsp;<\/a><\/li><li class='ez-toc-page-1 ez-toc-heading-level-3'><a class=\"ez-toc-link ez-toc-heading-10\" href=\"https:\/\/www.lacestitadelbebe.es\/blog\/la-percepcion-de-los-colores-en-ninos\/#El_color_violeta\" >El color violeta&nbsp;<\/a><\/li><li class='ez-toc-page-1 ez-toc-heading-level-3'><a class=\"ez-toc-link ez-toc-heading-11\" href=\"https:\/\/www.lacestitadelbebe.es\/blog\/la-percepcion-de-los-colores-en-ninos\/#El_color_marron\" >El color marr\u00f3n&nbsp;<\/a><\/li><li class='ez-toc-page-1 ez-toc-heading-level-3'><a class=\"ez-toc-link ez-toc-heading-12\" href=\"https:\/\/www.lacestitadelbebe.es\/blog\/la-percepcion-de-los-colores-en-ninos\/#El_color_negro\" >El color negro&nbsp;<\/a><\/li><\/ul><\/li><\/ul><\/nav><\/div>\n\n\n\n<div class=\"wp-block-image\">\n<figure class=\"aligncenter size-full\"><img decoding=\"async\" width=\"485\" height=\"120\" data-src=\"https:\/\/www.lacestitadelbebe.es\/blog\/wp-content\/uploads\/2020\/08\/El-regreso-al-cole-y-los-gastos.png\" alt=\"\" class=\"wp-image-2622 lazyload\" data-srcset=\"https:\/\/www.lacestitadelbebe.es\/blog\/wp-content\/uploads\/2020\/08\/El-regreso-al-cole-y-los-gastos.png 485w, https:\/\/www.lacestitadelbebe.es\/blog\/wp-content\/uploads\/2020\/08\/El-regreso-al-cole-y-los-gastos-300x74.png 300w, https:\/\/www.lacestitadelbebe.es\/blog\/wp-content\/uploads\/2020\/08\/El-regreso-al-cole-y-los-gastos-768x191.png 768w\" data-sizes=\"(max-width: 485px) 100vw, 485px\" src=\"data:image\/svg+xml;base64,PHN2ZyB3aWR0aD0iMSIgaGVpZ2h0PSIxIiB4bWxucz0iaHR0cDovL3d3dy53My5vcmcvMjAwMC9zdmciPjwvc3ZnPg==\" style=\"--smush-placeholder-width: 485px; --smush-placeholder-aspect-ratio: 485\/120;\" \/><\/figure>\n<\/div>\n\n\n<p>La percepci\u00f3n del color es uno de los primeros est\u00edmulos a los que est\u00e1 expuesto un ni\u00f1o. En psicolog\u00eda del color es importante saber distinguir entre cada uno de ellos porque afectan a nuestro estado de \u00e1nimo y estado de \u00e1nimo.&nbsp;<\/p>\n\n\n\n<p>&nbsp;Naturalmente, todas las personas tendemos a asociar determinadas emociones con determinados colores. Desde los colores m\u00e1s claros y claros, como el blanco, el amarillo o el rojo, hasta los colores m\u00e1s intensos, como el azul, el marr\u00f3n o el negro, cada uno nos recuerda algo.&nbsp;<\/p>\n\n\n\n<p>&nbsp;El uso de colores puede ser de gran ayuda cuando los ni\u00f1os a\u00fan no saben expresar sus sentimientos. Tambi\u00e9n desempe\u00f1an un papel importante en el desarrollo de los ni\u00f1os y poco a poco se convierten en parte de su vida personal y de su estilo de vida. \u00bfC\u00f3mo afecta la psicolog\u00eda del color a los ni\u00f1os? \u00bfC\u00f3mo podemos utilizar esto en la educaci\u00f3n infantil en casa o en el aula? Consulta todos los detalles en esta completa gu\u00eda que te ser\u00e1 de gran utilidad.&nbsp;<\/p>\n\n\n\n<h2 class=\"wp-block-heading\"><span class=\"ez-toc-section\" id=\"%C2%BFQue_es_la_psicologia_del_color\"><\/span>\u00bfQu\u00e9 es la psicolog\u00eda del color?&nbsp;<span class=\"ez-toc-section-end\"><\/span><\/h2>\n\n\n\n<p>&nbsp;La psicolog\u00eda del color, tambi\u00e9n conocida como cromoterapia, nos dice c\u00f3mo se siente un ni\u00f1o en un momento dado. Es una forma de que los ni\u00f1os expresen sus sentimientos en funci\u00f3n de los colores que eligen para cada ocasi\u00f3n.&nbsp;<\/p>\n\n\n\n<p>&nbsp;Este es un requisito previo para expresar emociones basadas en los colores de los ni\u00f1os. Cada nota afecta las emociones de una forma diferente y nos aporta mucha informaci\u00f3n que podemos utilizar de forma inconsciente. &nbsp;<\/p>\n\n\n\n<p>A trav\u00e9s de los colores, los ni\u00f1os pueden experimentar, sentir y comunicarse. Se pueden usar en la ropa, elegir l\u00e1pices para dibujar o combinar los tonos de los juguetes que tu hijo elija para una ocasi\u00f3n. &nbsp;<\/p>\n\n\n\n<p>Si le pides a un ni\u00f1o o ni\u00f1a que elija entre diferentes colores y luego observas los colores que usa, podr\u00e1s leer entre l\u00edneas c\u00f3mo se siente. No pueden expresarlo con palabras, pero pueden expresarlo de la manera m\u00e1s inocente que nunca podr\u00e1 ser enga\u00f1ada. &nbsp;<\/p>\n\n\n\n<h2 class=\"wp-block-heading\"><span class=\"ez-toc-section\" id=\"Colores_de_emocion_que_significa_cada_color\"><\/span>Colores de emoci\u00f3n: qu\u00e9 significa cada color&nbsp;<span class=\"ez-toc-section-end\"><\/span><\/h2>\n\n\n\n<p>Muchos terapeutas infantiles utilizan la psicolog\u00eda del color para diagnosticar y tratar determinadas lesiones o problemas. Esta es una t\u00e9cnica muy \u00fatil para cualquier grupo de edad, pero especialmente para los menores que utilizan este medio de comunicaci\u00f3n. &nbsp;<\/p>\n\n\n\n<p>Los colores y las emociones de los ni\u00f1os est\u00e1n indisolublemente ligados desde el nacimiento. Por supuesto, el uso de cada color puede ser subjetivo, pero generalmente comparten un significado que se puede entender de la siguiente manera:&nbsp;<\/p>\n\n\n\n<h3 class=\"wp-block-heading\"><span class=\"ez-toc-section\" id=\"El_color_blanco\"><\/span>El color blanco&nbsp;<span class=\"ez-toc-section-end\"><\/span><\/h3>\n\n\n\n<p>El blanco es un color tranquilo y sencillo. Este color se asocia con la creatividad y cuando se utiliza en ambientes como habitaciones, ayuda a estimular la imaginaci\u00f3n y anima a los ni\u00f1os a ser m\u00e1s creativos.&nbsp;&nbsp;<\/p>\n\n\n\n<p>Los ni\u00f1os que visten ropa blanca prefieren el orden y la paz. Puede ser porque forma parte de su personalidad o porque tiene que encontrarlo en su vida.&nbsp;<\/p>\n\n\n\n<h3 class=\"wp-block-heading\"><span class=\"ez-toc-section\" id=\"El_color_rojo\"><\/span>El color rojo&nbsp;<span class=\"ez-toc-section-end\"><\/span><\/h3>\n\n\n\n<p>El color rojo simboliza vitalidad, juventud y vitalidad. Simboliza liderazgo y esp\u00edritu emprendedor. Los ni\u00f1os tranquilos y relajados entienden el color rojo de forma diferente que los ni\u00f1os m\u00e1s activos.&nbsp;<\/p>\n\n\n\n<p>Por ejemplo, un ni\u00f1o que parece molesto y elige el color rojo nos dice que no puede controlar sus emociones, que suelen ser negativas. Esto se debe a colores m\u00e1s intensos, dejando tonalidades m\u00e1s claras para los peque\u00f1os m\u00e1s racionales.&nbsp;<\/p>\n\n\n\n<h3 class=\"wp-block-heading\"><span class=\"ez-toc-section\" id=\"El_color_amarillo\"><\/span>El color amarillo&nbsp;<span class=\"ez-toc-section-end\"><\/span><\/h3>\n\n\n\n<p>El amarillo es un color que da energ\u00eda, es optimista y aporta alegr\u00eda. Este color mejora la atenci\u00f3n de los ni\u00f1os, \u00fasalo en la sala de trabajo o estudio.&nbsp;<\/p>\n\n\n\n<p>Los ni\u00f1os a los que les gusta el color amarillo suelen ser extrovertidos, sociables y muy sensibles. Cuando se utiliza en pinturas, tambi\u00e9n puede representar cuestiones complejas, controvertidas o emocionales.&nbsp;<\/p>\n\n\n\n<h3 class=\"wp-block-heading\"><span class=\"ez-toc-section\" id=\"El_color_verde\"><\/span>El color verde\u00a0<span class=\"ez-toc-section-end\"><\/span><\/h3>\n\n\n\n<p>El verde es el color de la esperanza y un color natural que da a las personas una sensaci\u00f3n de equilibrio. Utilizando diferentes tonalidades de verde, transmite a la perfecci\u00f3n armon\u00eda y paz, y es perfecto para relajar incluso a los ni\u00f1os m\u00e1s inquietos, especialmente en verde claro. &nbsp;<\/p>\n\n\n\n<p>El uso de este color y la preferencia de algunos ni\u00f1os por \u00e9l sugiere relajaci\u00f3n y falta de tensi\u00f3n. Pero tambi\u00e9n puede tener el efecto negativo de la pereza o, por otro lado, la preferencia por el entorno natural. &nbsp;<\/p>\n\n\n\n<h3 class=\"wp-block-heading\"><span class=\"ez-toc-section\" id=\"El_color_rosa\"><\/span>El color rosa&nbsp;<span class=\"ez-toc-section-end\"><\/span><\/h3>\n\n\n\n<p>El rosa es el color de la inocencia y la sensibilidad. Este color se asocia principalmente a las ni\u00f1as, pero a muchos ni\u00f1os tambi\u00e9n les encanta y lo utilizan sin dudarlo en su d\u00eda a d\u00eda.&nbsp;<\/p>\n\n\n\n<p>&nbsp;Este color se suele utilizar para expresar sentimientos y emociones hacia otra persona, como por ejemplo una pareja, hermano, hermana, profesor, padre o madre. Especialmente los m\u00e1s cercanos a los que amas. Proporciona paz y fomenta la imaginaci\u00f3n en una variedad de entornos.&nbsp;<\/p>\n\n\n\n<h3 class=\"wp-block-heading\"><span class=\"ez-toc-section\" id=\"El_color_azul\"><\/span>El color azul&nbsp;<span class=\"ez-toc-section-end\"><\/span><\/h3>\n\n\n\n<p>El color azul tiene dos significados diferentes. Por un lado, es el color de la paz y la relajaci\u00f3n, pero tambi\u00e9n de la tristeza y la nostalgia. Es popular para zonas de sal\u00f3n como habitaciones infantiles y es adecuado tanto para ni\u00f1os como para ni\u00f1as.&nbsp;<\/p>\n\n\n\n<p>&nbsp;Los ni\u00f1os peque\u00f1os que eligen el color azul son muy sensibles y demuestran una gran inteligencia. El color azul claro ayuda a mejorar el arte y la m\u00fasica e inspira nuevos talentos. &nbsp;<\/p>\n\n\n\n<h3 class=\"wp-block-heading\"><span class=\"ez-toc-section\" id=\"El_color_naranja\"><\/span>El color naranja&nbsp;<span class=\"ez-toc-section-end\"><\/span><\/h3>\n\n\n\n<p>Un hermoso color como el naranja simboliza la creatividad y el entusiasmo. Es el color de la comunicaci\u00f3n que favorece la comunicaci\u00f3n de los ni\u00f1os en el aula y la comunicaci\u00f3n con los adultos.&nbsp;<\/p>\n\n\n\n<p>&nbsp;Este color se asocia a la necesidad de algunos ni\u00f1os de interactuar con otros y a la impulsividad, pero no a los tonos agresivos asociados al rojo.&nbsp;<\/p>\n\n\n\n<h3 class=\"wp-block-heading\"><span class=\"ez-toc-section\" id=\"El_color_violeta\"><\/span>El color violeta&nbsp;<span class=\"ez-toc-section-end\"><\/span><\/h3>\n\n\n\n<p>Varios tonos de violeta, violeta o lavanda se asocian con el equilibrio y la espiritualidad. Aunque parece un color triste, en realidad muestra un estado de \u00e1nimo muy estable y tranquilo.&nbsp;<\/p>\n\n\n\n<p>Es uno de los colores beb\u00e9 m\u00e1s atractivos para los ni\u00f1os por su intensidad y potencia. Es simplemente una fusi\u00f3n de energ\u00eda pac\u00edfica roja y azul combinada en un solo color.&nbsp;<\/p>\n\n\n\n<h3 class=\"wp-block-heading\"><span class=\"ez-toc-section\" id=\"El_color_marron\"><\/span>El color marr\u00f3n&nbsp;<span class=\"ez-toc-section-end\"><\/span><\/h3>\n\n\n\n<p>Aunque el color es m\u00e1s oscuro, no parece negro. Los tonos marrones y, a veces, grises, se consideran colores tristes e indican estr\u00e9s emocional en los ni\u00f1os.&nbsp;<\/p>\n\n\n\n<p>Tambi\u00e9n es un color muy utilizado por ni\u00f1os que tienen un sentido amplio de la realidad y no tienen una imaginaci\u00f3n abstracta muy desarrollada. Hay que fijarse en los detalles en los que los ni\u00f1os utilizan este color, porque no es uno de los colores favoritos de los ni\u00f1os peque\u00f1os.&nbsp;<\/p>\n\n\n\n<h3 class=\"wp-block-heading\"><span class=\"ez-toc-section\" id=\"El_color_negro\"><\/span>El color negro&nbsp;<span class=\"ez-toc-section-end\"><\/span><\/h3>\n\n\n\n<p>El negro es elegante, pero tambi\u00e9n tiene una sensaci\u00f3n fr\u00eda y solemne. Un ni\u00f1o que prefiere el negro a la hora de vestirse, elegir juguetes o colorear mostrar\u00e1 emociones negativas.&nbsp;<\/p>\n\n\n\n<p>Se asocia tanto con ni\u00f1os melanc\u00f3licos, melanc\u00f3licos o tristes, como con ni\u00f1os introvertidos. Suelen utilizarlo para resaltar personas o situaciones de su entorno que provocan mal humor o inestabilidad.&nbsp;<\/p>\n\n\n\n<p>Resumir el significado de los colores seg\u00fan la psicolog\u00eda del color.&nbsp;<\/p>\n\n\n\n<p>Si se pregunta c\u00f3mo explicar las elecciones de color de su hijo en un momento determinado, observe su uso del color o preg\u00fantele directamente c\u00f3mo se siente cuando usa el color. Esta es la mejor manera de comprender la psicolog\u00eda del color y hacer que su significado sea accesible para todos.&nbsp;<\/p>\n\n\n\n<p>Esperamos que disfrut\u00e9is de la vida a todo color, nos despedimos hasta la pr\u00f3xima ocasi\u00f3n!&nbsp;<\/p>\n","protected":false},"excerpt":{"rendered":"<p>La vida se puede ver del color que cada uno quiera. Por eso, desde el blog de la cestita del beb\u00e9 vamos a ver como es la percepci\u00f3n de los colores en los peques.\u00a0 La percepci\u00f3n del color es uno de los primeros est\u00edmulos a los que est\u00e1 expuesto un ni\u00f1o. En psicolog\u00eda del color &#8230; <a title=\"La percepci\u00f3n de los colores en ni\u00f1os\u00a0\" class=\"read-more\" href=\"https:\/\/www.lacestitadelbebe.es\/blog\/la-percepcion-de-los-colores-en-ninos\/\" aria-label=\"Leer m\u00e1s sobre La percepci\u00f3n de los colores en ni\u00f1os\u00a0\">Leer m\u00e1s<\/a><\/p>\n","protected":false},"author":1,"featured_media":5003,"comment_status":"open","ping_status":"open","sticky":false,"template":"","format":"standard","meta":{"_exactmetrics_skip_tracking":false,"_exactmetrics_sitenote_active":false,"_exactmetrics_sitenote_note":"","_exactmetrics_sitenote_category":0,"footnotes":""},"categories":[89,102,82],"tags":[847],"class_list":["post-5002","post","type-post","status-publish","format-standard","has-post-thumbnail","hentry","category-aprendizaje-y-estimulacion","category-cuidados","category-maternidad","tag-colores-y-peques"],"yoast_head":"<!-- This site is optimized with the Yoast SEO plugin v27.5 - https:\/\/yoast.com\/product\/yoast-seo-wordpress\/ -->\n<title>La percepci\u00f3n de los colores en ni\u00f1os\u00a0 - Blog la Cestita del Beb\u00e9<\/title>\n<meta name=\"description\" content=\"Desde el blog de La Cestita del Beb\u00e9 os dejamos la percepci\u00f3n de los colores y sentimientos que despiertan en los peques!\" \/>\n<meta name=\"robots\" content=\"index, follow, max-snippet:-1, max-image-preview:large, max-video-preview:-1\" \/>\n<link rel=\"canonical\" href=\"https:\/\/www.lacestitadelbebe.es\/blog\/la-percepcion-de-los-colores-en-ninos\/\" \/>\n<meta property=\"og:locale\" content=\"es_ES\" \/>\n<meta property=\"og:type\" content=\"article\" \/>\n<meta property=\"og:title\" content=\"La percepci\u00f3n de los colores en ni\u00f1os\u00a0 - Blog la Cestita del Beb\u00e9\" \/>\n<meta property=\"og:description\" content=\"Desde el blog de La Cestita del Beb\u00e9 os dejamos la percepci\u00f3n de los colores y sentimientos que despiertan en los peques!\" \/>\n<meta property=\"og:url\" content=\"https:\/\/www.lacestitadelbebe.es\/blog\/la-percepcion-de-los-colores-en-ninos\/\" \/>\n<meta property=\"og:site_name\" content=\"Blog la Cestita del Beb\u00e9\" \/>\n<meta property=\"article:publisher\" content=\"https:\/\/www.facebook.com\/lacestitadelbebe.es\" \/>\n<meta property=\"article:published_time\" content=\"2024-11-06T06:14:02+00:00\" \/>\n<meta property=\"article:modified_time\" content=\"2024-11-06T06:14:03+00:00\" \/>\n<meta property=\"og:image\" content=\"https:\/\/www.lacestitadelbebe.es\/blog\/wp-content\/uploads\/2024\/11\/Colores-peques.jpg\" \/>\n\t<meta property=\"og:image:width\" content=\"1600\" \/>\n\t<meta property=\"og:image:height\" content=\"533\" \/>\n\t<meta property=\"og:image:type\" content=\"image\/jpeg\" \/>\n<meta name=\"author\" content=\"La Cestita\" \/>\n<meta name=\"twitter:card\" content=\"summary_large_image\" \/>\n<meta name=\"twitter:creator\" content=\"@LaCestitaBebe\" \/>\n<meta name=\"twitter:site\" content=\"@LaCestitaBebe\" \/>\n<meta name=\"twitter:label1\" content=\"Escrito por\" \/>\n\t<meta name=\"twitter:data1\" content=\"La Cestita\" \/>\n\t<meta name=\"twitter:label2\" content=\"Tiempo de lectura\" \/>\n\t<meta name=\"twitter:data2\" content=\"7 minutos\" \/>\n<script type=\"application\/ld+json\" class=\"yoast-schema-graph\">{\"@context\":\"https:\\\/\\\/schema.org\",\"@graph\":[{\"@type\":\"Article\",\"@id\":\"https:\\\/\\\/www.lacestitadelbebe.es\\\/blog\\\/la-percepcion-de-los-colores-en-ninos\\\/#article\",\"isPartOf\":{\"@id\":\"https:\\\/\\\/www.lacestitadelbebe.es\\\/blog\\\/la-percepcion-de-los-colores-en-ninos\\\/\"},\"author\":{\"name\":\"La Cestita\",\"@id\":\"https:\\\/\\\/www.lacestitadelbebe.es\\\/blog\\\/#\\\/schema\\\/person\\\/4302d1284b0024ab11dca99558de40b4\"},\"headline\":\"La percepci\u00f3n de los colores en ni\u00f1os\u00a0\",\"datePublished\":\"2024-11-06T06:14:02+00:00\",\"dateModified\":\"2024-11-06T06:14:03+00:00\",\"mainEntityOfPage\":{\"@id\":\"https:\\\/\\\/www.lacestitadelbebe.es\\\/blog\\\/la-percepcion-de-los-colores-en-ninos\\\/\"},\"wordCount\":1436,\"commentCount\":0,\"publisher\":{\"@id\":\"https:\\\/\\\/www.lacestitadelbebe.es\\\/blog\\\/#organization\"},\"image\":{\"@id\":\"https:\\\/\\\/www.lacestitadelbebe.es\\\/blog\\\/la-percepcion-de-los-colores-en-ninos\\\/#primaryimage\"},\"thumbnailUrl\":\"https:\\\/\\\/www.lacestitadelbebe.es\\\/blog\\\/wp-content\\\/uploads\\\/2024\\\/11\\\/Colores-peques.jpg\",\"keywords\":[\"colores y peques\"],\"articleSection\":[\"aprendizaje y estimulaci\u00f3n\",\"cuidados\",\"maternidad\"],\"inLanguage\":\"es\",\"potentialAction\":[{\"@type\":\"CommentAction\",\"name\":\"Comment\",\"target\":[\"https:\\\/\\\/www.lacestitadelbebe.es\\\/blog\\\/la-percepcion-de-los-colores-en-ninos\\\/#respond\"]}]},{\"@type\":\"WebPage\",\"@id\":\"https:\\\/\\\/www.lacestitadelbebe.es\\\/blog\\\/la-percepcion-de-los-colores-en-ninos\\\/\",\"url\":\"https:\\\/\\\/www.lacestitadelbebe.es\\\/blog\\\/la-percepcion-de-los-colores-en-ninos\\\/\",\"name\":\"La percepci\u00f3n de los colores en ni\u00f1os\u00a0 - Blog la Cestita del Beb\u00e9\",\"isPartOf\":{\"@id\":\"https:\\\/\\\/www.lacestitadelbebe.es\\\/blog\\\/#website\"},\"primaryImageOfPage\":{\"@id\":\"https:\\\/\\\/www.lacestitadelbebe.es\\\/blog\\\/la-percepcion-de-los-colores-en-ninos\\\/#primaryimage\"},\"image\":{\"@id\":\"https:\\\/\\\/www.lacestitadelbebe.es\\\/blog\\\/la-percepcion-de-los-colores-en-ninos\\\/#primaryimage\"},\"thumbnailUrl\":\"https:\\\/\\\/www.lacestitadelbebe.es\\\/blog\\\/wp-content\\\/uploads\\\/2024\\\/11\\\/Colores-peques.jpg\",\"datePublished\":\"2024-11-06T06:14:02+00:00\",\"dateModified\":\"2024-11-06T06:14:03+00:00\",\"description\":\"Desde el blog de La Cestita del Beb\u00e9 os dejamos la percepci\u00f3n de los colores y sentimientos que despiertan en los peques!\",\"breadcrumb\":{\"@id\":\"https:\\\/\\\/www.lacestitadelbebe.es\\\/blog\\\/la-percepcion-de-los-colores-en-ninos\\\/#breadcrumb\"},\"inLanguage\":\"es\",\"potentialAction\":[{\"@type\":\"ReadAction\",\"target\":[\"https:\\\/\\\/www.lacestitadelbebe.es\\\/blog\\\/la-percepcion-de-los-colores-en-ninos\\\/\"]}]},{\"@type\":\"ImageObject\",\"inLanguage\":\"es\",\"@id\":\"https:\\\/\\\/www.lacestitadelbebe.es\\\/blog\\\/la-percepcion-de-los-colores-en-ninos\\\/#primaryimage\",\"url\":\"https:\\\/\\\/www.lacestitadelbebe.es\\\/blog\\\/wp-content\\\/uploads\\\/2024\\\/11\\\/Colores-peques.jpg\",\"contentUrl\":\"https:\\\/\\\/www.lacestitadelbebe.es\\\/blog\\\/wp-content\\\/uploads\\\/2024\\\/11\\\/Colores-peques.jpg\",\"width\":1600,\"height\":533},{\"@type\":\"BreadcrumbList\",\"@id\":\"https:\\\/\\\/www.lacestitadelbebe.es\\\/blog\\\/la-percepcion-de-los-colores-en-ninos\\\/#breadcrumb\",\"itemListElement\":[{\"@type\":\"ListItem\",\"position\":1,\"name\":\"Portada\",\"item\":\"https:\\\/\\\/www.lacestitadelbebe.es\\\/blog\\\/\"},{\"@type\":\"ListItem\",\"position\":2,\"name\":\"La percepci\u00f3n de los colores en ni\u00f1os\u00a0\"}]},{\"@type\":\"WebSite\",\"@id\":\"https:\\\/\\\/www.lacestitadelbebe.es\\\/blog\\\/#website\",\"url\":\"https:\\\/\\\/www.lacestitadelbebe.es\\\/blog\\\/\",\"name\":\"Blog la Cestita del Beb\u00e9\",\"description\":\"Hablamos de todo lo relacionado con beb\u00e9s\",\"publisher\":{\"@id\":\"https:\\\/\\\/www.lacestitadelbebe.es\\\/blog\\\/#organization\"},\"potentialAction\":[{\"@type\":\"SearchAction\",\"target\":{\"@type\":\"EntryPoint\",\"urlTemplate\":\"https:\\\/\\\/www.lacestitadelbebe.es\\\/blog\\\/?s={search_term_string}\"},\"query-input\":{\"@type\":\"PropertyValueSpecification\",\"valueRequired\":true,\"valueName\":\"search_term_string\"}}],\"inLanguage\":\"es\"},{\"@type\":\"Organization\",\"@id\":\"https:\\\/\\\/www.lacestitadelbebe.es\\\/blog\\\/#organization\",\"name\":\"La Cestita del Beb\u00e9\",\"url\":\"https:\\\/\\\/www.lacestitadelbebe.es\\\/blog\\\/\",\"logo\":{\"@type\":\"ImageObject\",\"inLanguage\":\"es\",\"@id\":\"https:\\\/\\\/www.lacestitadelbebe.es\\\/blog\\\/#\\\/schema\\\/logo\\\/image\\\/\",\"url\":\"https:\\\/\\\/www.lacestitadelbebe.es\\\/blog\\\/wp-content\\\/uploads\\\/2017\\\/10\\\/la_cestita_del_bebe_blog.png\",\"contentUrl\":\"https:\\\/\\\/www.lacestitadelbebe.es\\\/blog\\\/wp-content\\\/uploads\\\/2017\\\/10\\\/la_cestita_del_bebe_blog.png\",\"width\":375,\"height\":70,\"caption\":\"La Cestita del Beb\u00e9\"},\"image\":{\"@id\":\"https:\\\/\\\/www.lacestitadelbebe.es\\\/blog\\\/#\\\/schema\\\/logo\\\/image\\\/\"},\"sameAs\":[\"https:\\\/\\\/www.facebook.com\\\/lacestitadelbebe.es\",\"https:\\\/\\\/x.com\\\/LaCestitaBebe\"]},{\"@type\":\"Person\",\"@id\":\"https:\\\/\\\/www.lacestitadelbebe.es\\\/blog\\\/#\\\/schema\\\/person\\\/4302d1284b0024ab11dca99558de40b4\",\"name\":\"La Cestita\",\"image\":{\"@type\":\"ImageObject\",\"inLanguage\":\"es\",\"@id\":\"https:\\\/\\\/secure.gravatar.com\\\/avatar\\\/533b503d3fc1781cdd76eacd2aa8f68348cdb3201605fe5b4616e6032a228068?s=96&d=mm&r=g\",\"url\":\"https:\\\/\\\/secure.gravatar.com\\\/avatar\\\/533b503d3fc1781cdd76eacd2aa8f68348cdb3201605fe5b4616e6032a228068?s=96&d=mm&r=g\",\"contentUrl\":\"https:\\\/\\\/secure.gravatar.com\\\/avatar\\\/533b503d3fc1781cdd76eacd2aa8f68348cdb3201605fe5b4616e6032a228068?s=96&d=mm&r=g\",\"caption\":\"La Cestita\"},\"sameAs\":[\"https:\\\/\\\/www.lacestitadelbebe.es\"]}]}<\/script>\n<!-- \/ Yoast SEO plugin. -->","yoast_head_json":{"title":"La percepci\u00f3n de los colores en ni\u00f1os\u00a0 - Blog la Cestita del Beb\u00e9","description":"Desde el blog de La Cestita del Beb\u00e9 os dejamos la percepci\u00f3n de los colores y sentimientos que despiertan en los peques!","robots":{"index":"index","follow":"follow","max-snippet":"max-snippet:-1","max-image-preview":"max-image-preview:large","max-video-preview":"max-video-preview:-1"},"canonical":"https:\/\/www.lacestitadelbebe.es\/blog\/la-percepcion-de-los-colores-en-ninos\/","og_locale":"es_ES","og_type":"article","og_title":"La percepci\u00f3n de los colores en ni\u00f1os\u00a0 - Blog la Cestita del Beb\u00e9","og_description":"Desde el blog de La Cestita del Beb\u00e9 os dejamos la percepci\u00f3n de los colores y sentimientos que despiertan en los peques!","og_url":"https:\/\/www.lacestitadelbebe.es\/blog\/la-percepcion-de-los-colores-en-ninos\/","og_site_name":"Blog la Cestita del Beb\u00e9","article_publisher":"https:\/\/www.facebook.com\/lacestitadelbebe.es","article_published_time":"2024-11-06T06:14:02+00:00","article_modified_time":"2024-11-06T06:14:03+00:00","og_image":[{"width":1600,"height":533,"url":"https:\/\/www.lacestitadelbebe.es\/blog\/wp-content\/uploads\/2024\/11\/Colores-peques.jpg","type":"image\/jpeg"}],"author":"La Cestita","twitter_card":"summary_large_image","twitter_creator":"@LaCestitaBebe","twitter_site":"@LaCestitaBebe","twitter_misc":{"Escrito por":"La Cestita","Tiempo de lectura":"7 minutos"},"schema":{"@context":"https:\/\/schema.org","@graph":[{"@type":"Article","@id":"https:\/\/www.lacestitadelbebe.es\/blog\/la-percepcion-de-los-colores-en-ninos\/#article","isPartOf":{"@id":"https:\/\/www.lacestitadelbebe.es\/blog\/la-percepcion-de-los-colores-en-ninos\/"},"author":{"name":"La Cestita","@id":"https:\/\/www.lacestitadelbebe.es\/blog\/#\/schema\/person\/4302d1284b0024ab11dca99558de40b4"},"headline":"La percepci\u00f3n de los colores en ni\u00f1os\u00a0","datePublished":"2024-11-06T06:14:02+00:00","dateModified":"2024-11-06T06:14:03+00:00","mainEntityOfPage":{"@id":"https:\/\/www.lacestitadelbebe.es\/blog\/la-percepcion-de-los-colores-en-ninos\/"},"wordCount":1436,"commentCount":0,"publisher":{"@id":"https:\/\/www.lacestitadelbebe.es\/blog\/#organization"},"image":{"@id":"https:\/\/www.lacestitadelbebe.es\/blog\/la-percepcion-de-los-colores-en-ninos\/#primaryimage"},"thumbnailUrl":"https:\/\/www.lacestitadelbebe.es\/blog\/wp-content\/uploads\/2024\/11\/Colores-peques.jpg","keywords":["colores y peques"],"articleSection":["aprendizaje y estimulaci\u00f3n","cuidados","maternidad"],"inLanguage":"es","potentialAction":[{"@type":"CommentAction","name":"Comment","target":["https:\/\/www.lacestitadelbebe.es\/blog\/la-percepcion-de-los-colores-en-ninos\/#respond"]}]},{"@type":"WebPage","@id":"https:\/\/www.lacestitadelbebe.es\/blog\/la-percepcion-de-los-colores-en-ninos\/","url":"https:\/\/www.lacestitadelbebe.es\/blog\/la-percepcion-de-los-colores-en-ninos\/","name":"La percepci\u00f3n de los colores en ni\u00f1os\u00a0 - Blog la Cestita del Beb\u00e9","isPartOf":{"@id":"https:\/\/www.lacestitadelbebe.es\/blog\/#website"},"primaryImageOfPage":{"@id":"https:\/\/www.lacestitadelbebe.es\/blog\/la-percepcion-de-los-colores-en-ninos\/#primaryimage"},"image":{"@id":"https:\/\/www.lacestitadelbebe.es\/blog\/la-percepcion-de-los-colores-en-ninos\/#primaryimage"},"thumbnailUrl":"https:\/\/www.lacestitadelbebe.es\/blog\/wp-content\/uploads\/2024\/11\/Colores-peques.jpg","datePublished":"2024-11-06T06:14:02+00:00","dateModified":"2024-11-06T06:14:03+00:00","description":"Desde el blog de La Cestita del Beb\u00e9 os dejamos la percepci\u00f3n de los colores y sentimientos que despiertan en los peques!","breadcrumb":{"@id":"https:\/\/www.lacestitadelbebe.es\/blog\/la-percepcion-de-los-colores-en-ninos\/#breadcrumb"},"inLanguage":"es","potentialAction":[{"@type":"ReadAction","target":["https:\/\/www.lacestitadelbebe.es\/blog\/la-percepcion-de-los-colores-en-ninos\/"]}]},{"@type":"ImageObject","inLanguage":"es","@id":"https:\/\/www.lacestitadelbebe.es\/blog\/la-percepcion-de-los-colores-en-ninos\/#primaryimage","url":"https:\/\/www.lacestitadelbebe.es\/blog\/wp-content\/uploads\/2024\/11\/Colores-peques.jpg","contentUrl":"https:\/\/www.lacestitadelbebe.es\/blog\/wp-content\/uploads\/2024\/11\/Colores-peques.jpg","width":1600,"height":533},{"@type":"BreadcrumbList","@id":"https:\/\/www.lacestitadelbebe.es\/blog\/la-percepcion-de-los-colores-en-ninos\/#breadcrumb","itemListElement":[{"@type":"ListItem","position":1,"name":"Portada","item":"https:\/\/www.lacestitadelbebe.es\/blog\/"},{"@type":"ListItem","position":2,"name":"La percepci\u00f3n de los colores en ni\u00f1os\u00a0"}]},{"@type":"WebSite","@id":"https:\/\/www.lacestitadelbebe.es\/blog\/#website","url":"https:\/\/www.lacestitadelbebe.es\/blog\/","name":"Blog la Cestita del Beb\u00e9","description":"Hablamos de todo lo relacionado con beb\u00e9s","publisher":{"@id":"https:\/\/www.lacestitadelbebe.es\/blog\/#organization"},"potentialAction":[{"@type":"SearchAction","target":{"@type":"EntryPoint","urlTemplate":"https:\/\/www.lacestitadelbebe.es\/blog\/?s={search_term_string}"},"query-input":{"@type":"PropertyValueSpecification","valueRequired":true,"valueName":"search_term_string"}}],"inLanguage":"es"},{"@type":"Organization","@id":"https:\/\/www.lacestitadelbebe.es\/blog\/#organization","name":"La Cestita del Beb\u00e9","url":"https:\/\/www.lacestitadelbebe.es\/blog\/","logo":{"@type":"ImageObject","inLanguage":"es","@id":"https:\/\/www.lacestitadelbebe.es\/blog\/#\/schema\/logo\/image\/","url":"https:\/\/www.lacestitadelbebe.es\/blog\/wp-content\/uploads\/2017\/10\/la_cestita_del_bebe_blog.png","contentUrl":"https:\/\/www.lacestitadelbebe.es\/blog\/wp-content\/uploads\/2017\/10\/la_cestita_del_bebe_blog.png","width":375,"height":70,"caption":"La Cestita del Beb\u00e9"},"image":{"@id":"https:\/\/www.lacestitadelbebe.es\/blog\/#\/schema\/logo\/image\/"},"sameAs":["https:\/\/www.facebook.com\/lacestitadelbebe.es","https:\/\/x.com\/LaCestitaBebe"]},{"@type":"Person","@id":"https:\/\/www.lacestitadelbebe.es\/blog\/#\/schema\/person\/4302d1284b0024ab11dca99558de40b4","name":"La Cestita","image":{"@type":"ImageObject","inLanguage":"es","@id":"https:\/\/secure.gravatar.com\/avatar\/533b503d3fc1781cdd76eacd2aa8f68348cdb3201605fe5b4616e6032a228068?s=96&d=mm&r=g","url":"https:\/\/secure.gravatar.com\/avatar\/533b503d3fc1781cdd76eacd2aa8f68348cdb3201605fe5b4616e6032a228068?s=96&d=mm&r=g","contentUrl":"https:\/\/secure.gravatar.com\/avatar\/533b503d3fc1781cdd76eacd2aa8f68348cdb3201605fe5b4616e6032a228068?s=96&d=mm&r=g","caption":"La Cestita"},"sameAs":["https:\/\/www.lacestitadelbebe.es"]}]}},"_links":{"self":[{"href":"https:\/\/www.lacestitadelbebe.es\/blog\/wp-json\/wp\/v2\/posts\/5002","targetHints":{"allow":["GET"]}}],"collection":[{"href":"https:\/\/www.lacestitadelbebe.es\/blog\/wp-json\/wp\/v2\/posts"}],"about":[{"href":"https:\/\/www.lacestitadelbebe.es\/blog\/wp-json\/wp\/v2\/types\/post"}],"author":[{"embeddable":true,"href":"https:\/\/www.lacestitadelbebe.es\/blog\/wp-json\/wp\/v2\/users\/1"}],"replies":[{"embeddable":true,"href":"https:\/\/www.lacestitadelbebe.es\/blog\/wp-json\/wp\/v2\/comments?post=5002"}],"version-history":[{"count":1,"href":"https:\/\/www.lacestitadelbebe.es\/blog\/wp-json\/wp\/v2\/posts\/5002\/revisions"}],"predecessor-version":[{"id":5004,"href":"https:\/\/www.lacestitadelbebe.es\/blog\/wp-json\/wp\/v2\/posts\/5002\/revisions\/5004"}],"wp:featuredmedia":[{"embeddable":true,"href":"https:\/\/www.lacestitadelbebe.es\/blog\/wp-json\/wp\/v2\/media\/5003"}],"wp:attachment":[{"href":"https:\/\/www.lacestitadelbebe.es\/blog\/wp-json\/wp\/v2\/media?parent=5002"}],"wp:term":[{"taxonomy":"category","embeddable":true,"href":"https:\/\/www.lacestitadelbebe.es\/blog\/wp-json\/wp\/v2\/categories?post=5002"},{"taxonomy":"post_tag","embeddable":true,"href":"https:\/\/www.lacestitadelbebe.es\/blog\/wp-json\/wp\/v2\/tags?post=5002"}],"curies":[{"name":"wp","href":"https:\/\/api.w.org\/{rel}","templated":true}]}}