{"id":4896,"date":"2024-07-24T05:02:09","date_gmt":"2024-07-24T05:02:09","guid":{"rendered":"https:\/\/www.lacestitadelbebe.es\/blog\/?p=4896"},"modified":"2024-07-24T05:12:40","modified_gmt":"2024-07-24T05:12:40","slug":"que-meter-en-maleta-para-el-parto","status":"publish","type":"post","link":"https:\/\/www.lacestitadelbebe.es\/blog\/que-meter-en-maleta-para-el-parto\/","title":{"rendered":"Que meter en maleta para el parto"},"content":{"rendered":"\n<p>Esperamos est\u00e9is pasando un verano genial, por ahora mucho menos calor y mucho deporte en la TV. <\/p><div id=\"ez-toc-container\" class=\"ez-toc-v2_0_82_2 ez-toc-wrap-center counter-hierarchy ez-toc-counter ez-toc-custom ez-toc-container-direction\">\n<div class=\"ez-toc-title-container\">\n<p class=\"ez-toc-title\" style=\"cursor:inherit\">Contenidos<\/p>\n<span class=\"ez-toc-title-toggle\"><a href=\"#\" class=\"ez-toc-pull-right ez-toc-btn ez-toc-btn-xs ez-toc-btn-default ez-toc-toggle\" aria-label=\"Alternar tabla de contenidos\"><span class=\"ez-toc-js-icon-con\"><span class=\"\"><span class=\"eztoc-hide\" style=\"display:none;\">Toggle<\/span><span class=\"ez-toc-icon-toggle-span\"><svg style=\"fill: #222222;color:#222222\" xmlns=\"http:\/\/www.w3.org\/2000\/svg\" class=\"list-377408\" width=\"20px\" height=\"20px\" viewBox=\"0 0 24 24\" fill=\"none\"><path d=\"M6 6H4v2h2V6zm14 0H8v2h12V6zM4 11h2v2H4v-2zm16 0H8v2h12v-2zM4 16h2v2H4v-2zm16 0H8v2h12v-2z\" fill=\"currentColor\"><\/path><\/svg><svg style=\"fill: #222222;color:#222222\" class=\"arrow-unsorted-368013\" xmlns=\"http:\/\/www.w3.org\/2000\/svg\" width=\"10px\" height=\"10px\" viewBox=\"0 0 24 24\" version=\"1.2\" baseProfile=\"tiny\"><path d=\"M18.2 9.3l-6.2-6.3-6.2 6.3c-.2.2-.3.4-.3.7s.1.5.3.7c.2.2.4.3.7.3h11c.3 0 .5-.1.7-.3.2-.2.3-.5.3-.7s-.1-.5-.3-.7zM5.8 14.7l6.2 6.3 6.2-6.3c.2-.2.3-.5.3-.7s-.1-.5-.3-.7c-.2-.2-.4-.3-.7-.3h-11c-.3 0-.5.1-.7.3-.2.2-.3.5-.3.7s.1.5.3.7z\"\/><\/svg><\/span><\/span><\/span><\/a><\/span><\/div>\n<nav><ul class='ez-toc-list ez-toc-list-level-1 eztoc-toggle-hide-by-default' ><li class='ez-toc-page-1 ez-toc-heading-level-2'><a class=\"ez-toc-link ez-toc-heading-1\" href=\"https:\/\/www.lacestitadelbebe.es\/blog\/que-meter-en-maleta-para-el-parto\/#Lo_que_no_se_te_puede_olvidar\" >Lo que no se te puede olvidar<\/a><\/li><li class='ez-toc-page-1 ez-toc-heading-level-2'><a class=\"ez-toc-link ez-toc-heading-2\" href=\"https:\/\/www.lacestitadelbebe.es\/blog\/que-meter-en-maleta-para-el-parto\/#Para_la_estancia_en_el_hospital_de_la_mama\" >Para la estancia en el hospital de la mam\u00e1<\/a><\/li><li class='ez-toc-page-1 ez-toc-heading-level-2'><a class=\"ez-toc-link ez-toc-heading-3\" href=\"https:\/\/www.lacestitadelbebe.es\/blog\/que-meter-en-maleta-para-el-parto\/#Lo_que_no_puede_faltar_para_el_bebe\" >Lo que no puede faltar para el beb\u00e9<\/a><\/li><li class='ez-toc-page-1 ez-toc-heading-level-2'><a class=\"ez-toc-link ez-toc-heading-4\" href=\"https:\/\/www.lacestitadelbebe.es\/blog\/que-meter-en-maleta-para-el-parto\/#Consejos_para_preparar_correctamente_la_bolsa_del_hospital\" >Consejos para preparar correctamente la bolsa del hospital<\/a><\/li><li class='ez-toc-page-1 ez-toc-heading-level-2'><a class=\"ez-toc-link ez-toc-heading-5\" href=\"https:\/\/www.lacestitadelbebe.es\/blog\/que-meter-en-maleta-para-el-parto\/#Seguimos_en_pandemia_productos_para_el_Covid\" >Seguimos en pandemia, productos para el Covid<\/a><\/li><\/ul><\/nav><\/div>\n\n\n\n\n<p>El tiempo pasa muy r\u00e1pido y si estamos embarazadas y vemos que ya la fecha se empieza a ver en el calendario ser\u00e1 importante tener todo bien preparado. Sabemos que un parto y el nacimiento del beb\u00e9 trae mucha alegr\u00eda, pero tambi\u00e9n nervios, papeleos y lo mejor es que tengamos todos los deberes hechos. Desde el\u00a0<a href=\"https:\/\/lacestitadelbebe.es\/blog\">blog de La Cestita del Beb\u00e9<\/a>\u00a0os vamos a grandes rasgos lo m\u00e1s importante que tendr\u00e9is que tener preparado para la llegada del beb\u00e9.<\/p>\n\n\n\n<p>Contenidos<a href=\"https:\/\/www.lacestitadelbebe.es\/blog\/se-acerca-el-parto-ten-preparada-la-maleta\/#\"><\/a><\/p>\n\n\n<div class=\"wp-block-image\">\n<figure class=\"aligncenter\"><img decoding=\"async\" width=\"485\" height=\"322\" data-src=\"https:\/\/www.lacestitadelbebe.es\/blog\/wp-content\/uploads\/2021\/03\/Ventajas-de-tener-un-diario-de-embarazo_LaCestitadelBebe-scaled.jpg\" alt=\"\" class=\"wp-image-3109 lazyload\" data-srcset=\"https:\/\/www.lacestitadelbebe.es\/blog\/wp-content\/uploads\/2021\/03\/Ventajas-de-tener-un-diario-de-embarazo_LaCestitadelBebe-scaled.jpg 485w, https:\/\/www.lacestitadelbebe.es\/blog\/wp-content\/uploads\/2021\/03\/Ventajas-de-tener-un-diario-de-embarazo_LaCestitadelBebe-300x199.jpg 300w, https:\/\/www.lacestitadelbebe.es\/blog\/wp-content\/uploads\/2021\/03\/Ventajas-de-tener-un-diario-de-embarazo_LaCestitadelBebe-768x510.jpg 768w\" data-sizes=\"(max-width: 485px) 100vw, 485px\" src=\"data:image\/svg+xml;base64,PHN2ZyB3aWR0aD0iMSIgaGVpZ2h0PSIxIiB4bWxucz0iaHR0cDovL3d3dy53My5vcmcvMjAwMC9zdmciPjwvc3ZnPg==\" style=\"--smush-placeholder-width: 485px; --smush-placeholder-aspect-ratio: 485\/322;\" \/><\/figure>\n<\/div>\n\n\n<p>As\u00ed que si es tu caso, de que falta muy poco para tener tu beb\u00e9 cara a cara, lo mejor es que teng\u00e1is todo preparado de ante mano y est\u00e9is informados sobre los tr\u00e1mites. As\u00ed que sin m\u00e1s dilaci\u00f3n es dejamos una lista con los indispensables para el beb\u00e9 y la mam\u00e1 en su estancia en el hospital.<\/p>\n\n\n\n<h2 class=\"wp-block-heading\"><span class=\"ez-toc-section\" id=\"Lo_que_no_se_te_puede_olvidar\"><\/span>Lo que no se te puede olvidar<span class=\"ez-toc-section-end\"><\/span><\/h2>\n\n\n\n<ul class=\"wp-block-list\">\n<li>Tema\u00a0<strong>medicaci\u00f3n que tomes habitualmente.<\/strong><\/li>\n\n\n\n<li><strong>Documentaci\u00f3n que vas a necesitar<\/strong>\u00a0como libro de familia, los DNIs vuestro y del pap\u00e1, el historial del embarazo si lo ten\u00e9is, documentaci\u00f3n importante del ginec\u00f3logo e incluso plan de parto.<\/li>\n\n\n\n<li><strong>Camis\u00f3n<\/strong>, puedes llevarte ropa para estar en el hospital, la estancia suelen ser dos d\u00edas si todo va bien, pero es mejor llevar ropa por si acaso.<\/li>\n\n\n\n<li><strong>Neceser<\/strong>, importante recordar echar los productos de higiene personal, como champ\u00fas, geles de ba\u00f1o, pasta de dientes, cepillos, desodorantes, etc.<\/li>\n\n\n\n<li><strong>Zapatillas c\u00f3modas<\/strong>, las de estar por casa son perfectamente v\u00e1lidas, s\u00f3lo para estar por la habitaci\u00f3n de la mejor manera.<\/li>\n\n\n\n<li><strong>Agua y algo de comida<\/strong>, os la dar\u00e1n en el hospital y se puede comprar all\u00ed, pero hidratarse es de vital importancia, lo mismo que comer bien o alg\u00fan snack como frutos secos para recuperar energ\u00edas.<\/li>\n\n\n\n<li><strong>Tel\u00e9fono m\u00f3vil<\/strong>, no es indispensable, pero en estos tiempos est\u00e1 bien tener la conexi\u00f3n y si quieres hacer alguna foto del beb\u00e9.<\/li>\n<\/ul>\n\n\n\n<h2 class=\"wp-block-heading\"><span class=\"ez-toc-section\" id=\"Para_la_estancia_en_el_hospital_de_la_mama\"><\/span>Para la estancia en el hospital de la mam\u00e1<span class=\"ez-toc-section-end\"><\/span><\/h2>\n\n\n\n<ul class=\"wp-block-list\">\n<li><strong>La ropa es de vital importancia, lo mejor es que sea holgada, probablemente ser\u00e1 ropa que s\u00f3lo utilizar\u00e9is un tiempo hasta que recuperar la figura<\/strong>. Lo mejor camisetas anchas o adecuadas para la lactancia, pantalones de embarazo para evitar dolores.\u00a0 Sujetadores de lactancia, braguitas desechables.<\/li>\n\n\n\n<li><strong>Discos de lactancia<\/strong>. Si no te ha subido la leche todav\u00eda puede ser que no los necesites, pero lo mejor es tenerlos, porque si no mojar\u00e1s los sujetadores e ir\u00e1s incomoda y fr\u00eda.<\/li>\n\n\n\n<li><strong>Compresas adecuadas para el posparto<\/strong>, lo mejor es que sean BIO.<\/li>\n\n\n\n<li><strong>Crema de pezones o pezoneras<\/strong>, si ten\u00e9is delicada la piel puede ser que aparezcan grietas, aunque suele tardar m\u00e1s en aparecer e indican un problema en la posici\u00f3n de dar el pecho.<\/li>\n<\/ul>\n\n\n\n<h2 class=\"wp-block-heading\"><span class=\"ez-toc-section\" id=\"Lo_que_no_puede_faltar_para_el_bebe\"><\/span>Lo que no puede faltar para el beb\u00e9<span class=\"ez-toc-section-end\"><\/span><\/h2>\n\n\n\n<p><strong>La ropa ser\u00e1 de vital importancia para el bienestar del beb\u00e9 y os pedir\u00e1n para que lo puedan vestir tras el ba\u00f1o o las pruebas<\/strong>. Recordad llevar tambi\u00e9n la silla tipo cuco correctamente instalada para poder llevaros al beb\u00e9 con seguridad de vuelta a casa.<\/p>\n\n\n\n<p>Si todo va bien con&nbsp;<strong>un parto normal y sin complicaciones la estancia en hospital con pruebas y dem\u00e1s son 48 horas<\/strong>, si es un parto con ces\u00e1rea o hay complicaciones la estancia se puede alargar hasta una semana o m\u00e1s dependiendo del pron\u00f3stico y recuperaci\u00f3n.<\/p>\n\n\n\n<ul class=\"wp-block-list\">\n<li><strong>Bodies<\/strong>, para cambiarlos r\u00e1pido lo mejor de manga corta y con corchetes, para llevar debajo de otra ropa. Ser\u00e1 necesarios llevar varios por si vamos a estar m\u00e1s tiempo.<\/li>\n\n\n\n<li><strong>Pelees de cuerpo entero.<\/strong>\u00a0Llevar varios tambi\u00e9n\u00a0 y que se abrochen de forma f\u00e1cil y sencilla, en el hospital les cambiar\u00e1n las enfermeras, pero al llegar a casa os tocar\u00e1 a vosotros.<\/li>\n\n\n\n<li><strong>Gorros<\/strong>, si estamos en temporada fr\u00eda, se deber\u00e1n llevar varios gorros, hay muchos set de ropa que vienen con todo incluidos.<\/li>\n\n\n\n<li><strong>Muselinas<\/strong>, ocupan poco espacio, y est\u00e1n bien para envolverlos o limpiar las babas o despu\u00e9s de las tomas tras la lactancia por si tienen reflujo.<\/li>\n\n\n\n<li><strong>Pa\u00f1ales<\/strong>, es un b\u00e1sico que tendr\u00e1s que tener muchos en casa y algunos en el hospital. Lo normal es que los hospitales te provean los pa\u00f1ales que tienen de muestras.<\/li>\n\n\n\n<li><strong>Cremas para el cambio de pa\u00f1ales.\u00a0<\/strong>Lo mejor es usar cremas BIO para que no irriten la piel del reci\u00e9n nacido.<\/li>\n\n\n\n<li><strong>Mantas<\/strong>\u00a0para tener caliente al beb\u00e9 si es necesario, al sacarlo de la cunita o para transportarlo luego en el coche.<\/li>\n\n\n\n<li><strong>Toallitas h\u00famedas<\/strong>, lo mejor que sean BIO, son muy \u00fatiles para limpiar todo.<\/li>\n\n\n\n<li><strong>Silla coche grupo 0<\/strong>. Como hemos comentado al principio, lo mejor es ponerla con tiempo, ya que hay que seguir unas instrucciones y lo mejor es hacerlo bien y con tranquilidad.<\/li>\n<\/ul>\n\n\n\n<h2 class=\"wp-block-heading\"><span class=\"ez-toc-section\" id=\"Consejos_para_preparar_correctamente_la_bolsa_del_hospital\"><\/span>Consejos para preparar correctamente la bolsa del hospital<span class=\"ez-toc-section-end\"><\/span><\/h2>\n\n\n\n<p>Ante todo hacerlo y&nbsp;<strong>llevar a cabo los preparativos con tiempo, para que los nervios y las prisas no nos jueguen malas pasadas en el \u00faltimo momento<\/strong>&nbsp;o m\u00e1s viajes de los previstos a casa a recoger productos olvidados.<\/p>\n\n\n\n<ul class=\"wp-block-list\">\n<li><strong>Elaborar una lista con todos los b\u00e1sicos<\/strong>, puedes tirar de experiencia, consejos, internet o incluso de este art\u00edculo basado en nuestra experiencia como padres.<\/li>\n\n\n\n<li>Tienes que\u00a0<strong>echar lo b\u00e1sico<\/strong>\u00a0tampoco llevarte todos los enseres de casa ni productos que vayan a ser necesarios en el hospital, ellos tienen los medios principales.<\/li>\n\n\n\n<li><strong>La maleta o los bolsos lo mejor es que lo llevemos por separado<\/strong>, una para nosotr@s las mam\u00e1s, otro para el beb\u00e9 y el neceser.<\/li>\n\n\n\n<li><strong>Una buena organizaci\u00f3n<\/strong>\u00a0bien con notas o bolsas transparentes para ver el contenido nos ayudar\u00e1 a encontrar r\u00e1pidamente lo que buscamos.<\/li>\n\n\n\n<li>Lo normal ser\u00e1\u00a0<strong>tener preparada la maleta con todo lo anterior dos meses o mes y medio antes de la fecha estimada del parto,\u00a0<\/strong>m\u00e1s que nada por si surge cualquier inconveniente o se adelanta su llegada.<\/li>\n<\/ul>\n\n\n\n<p>Ante cualquier duda lo recomendable es consultar con el ginec\u00f3logo o la matrona que estar\u00e1n para brindarte su apoyo en todo momento durante el embarazo para lo que necesites y las dudas que te asalten y m\u00e1s ahora con el covid-19.<\/p>\n\n\n\n<h2 class=\"wp-block-heading\"><span class=\"ez-toc-section\" id=\"Seguimos_en_pandemia_productos_para_el_Covid\"><\/span>Seguimos en pandemia, productos para el Covid<span class=\"ez-toc-section-end\"><\/span><\/h2>\n\n\n\n<ul class=\"wp-block-list\">\n<li>Para el parto ser\u00e1 normal que te hagan una\u00a0<strong>prueba PCR<\/strong>, si la tienes reciente puedes ense\u00f1arla, ya que ser\u00e1 necesaria en caso de ces\u00e1rea programado o inducci\u00f3n al parto en una fecha.<\/li>\n\n\n\n<li><strong>Uso de mascarilla.<\/strong>\u00a0Sigue siendo de uso obligado en lugares cerrados. Deber\u00e9is llevar mascarilla tanto t\u00fa como vuestro acompa\u00f1ante o c\u00f3nyuge.<\/li>\n\n\n\n<li><strong>Uso de gel hidroalcoh\u00f3lico<\/strong>. Suele haber en hospitales pero no est\u00e1 dem\u00e1s en llevar un peque\u00f1o bote donde podamos usarle antes de tocar al beb\u00e9 o tras ir al ba\u00f1o o manipular otros productos o tocar puertas del hospital. No sustituye al lavado de manos pero en caso de no poder lavarse siempre es mejor esto, eso s\u00ed, no abus\u00e9is sino la piel se resentir\u00e1.<\/li>\n<\/ul>\n\n\n\n<p>Esperando que todo vaya bien y no os dej\u00e9is nada os deseamos un buen parto y que pronto pod\u00e1is disfrutar de vuestro beb\u00e9. Recordad que&nbsp;<strong>ahora los&nbsp;<\/strong><a href=\"https:\/\/www.lacestitadelbebe.es\/es\"><strong>regalos de beb\u00e9<\/strong><\/a><strong>&nbsp;no se pueden entregar en la habitaci\u00f3n, es necesario recogerlos en recepci\u00f3n. Sigue as\u00ed el protocolo para evitar visitas innecesarias a la habitaci\u00f3n, pero pod\u00e9is enviar teniendo esto en cuenta vuestra&nbsp;<\/strong><a href=\"https:\/\/lacestitadelbebe.es\/es\/6-canastillas-regalos-bebe\"><strong>Canastilla regalo para el beb\u00e9<\/strong><\/a><strong>&nbsp;al hospital o bien vuestra&nbsp;<\/strong><a href=\"https:\/\/lacestitadelbebe.es\/es\/9-tarta-de-panales\"><strong>elegante tarta de pa\u00f1ales personalizada<\/strong><\/a><strong>&nbsp;con r\u00e1pidas entregas<\/strong>, tambi\u00e9n en domicilio y empresa.<\/p>\n","protected":false},"excerpt":{"rendered":"<p>Esperamos est\u00e9is pasando un verano genial, por ahora mucho menos calor y mucho deporte en la TV. El tiempo pasa muy r\u00e1pido y si estamos embarazadas y vemos que ya la fecha se empieza a ver en el calendario ser\u00e1 importante tener todo bien preparado. Sabemos que un parto y el nacimiento del beb\u00e9 trae &#8230; <a title=\"Que meter en maleta para el parto\" class=\"read-more\" href=\"https:\/\/www.lacestitadelbebe.es\/blog\/que-meter-en-maleta-para-el-parto\/\" aria-label=\"Leer m\u00e1s sobre Que meter en maleta para el parto\">Leer m\u00e1s<\/a><\/p>\n","protected":false},"author":1,"featured_media":4393,"comment_status":"open","ping_status":"open","sticky":false,"template":"","format":"standard","meta":{"_exactmetrics_skip_tracking":false,"_exactmetrics_sitenote_active":false,"_exactmetrics_sitenote_note":"","_exactmetrics_sitenote_category":0,"footnotes":""},"categories":[89,78,102,106,82],"tags":[828],"class_list":["post-4896","post","type-post","status-publish","format-standard","has-post-thumbnail","hentry","category-aprendizaje-y-estimulacion","category-bebes","category-cuidados","category-embarazo","category-maternidad","tag-maleta-para-el-parto"],"yoast_head":"<!-- This site is optimized with the Yoast SEO plugin v27.4 - https:\/\/yoast.com\/product\/yoast-seo-wordpress\/ -->\n<title>Que meter en maleta para el parto - Blog la Cestita del Beb\u00e9<\/title>\n<meta name=\"description\" content=\"Desde el blog de La Cestita del Beb\u00e9 os dejamos un art\u00edculo con b\u00e1sicos para llevar al hospital cuando se acerca el parto!\" \/>\n<meta name=\"robots\" content=\"index, follow, max-snippet:-1, max-image-preview:large, max-video-preview:-1\" \/>\n<link rel=\"canonical\" href=\"https:\/\/www.lacestitadelbebe.es\/blog\/que-meter-en-maleta-para-el-parto\/\" \/>\n<meta property=\"og:locale\" content=\"es_ES\" \/>\n<meta property=\"og:type\" content=\"article\" \/>\n<meta property=\"og:title\" content=\"Que meter en maleta para el parto - Blog la Cestita del Beb\u00e9\" \/>\n<meta property=\"og:description\" content=\"Desde el blog de La Cestita del Beb\u00e9 os dejamos un art\u00edculo con b\u00e1sicos para llevar al hospital cuando se acerca el parto!\" \/>\n<meta property=\"og:url\" content=\"https:\/\/www.lacestitadelbebe.es\/blog\/que-meter-en-maleta-para-el-parto\/\" \/>\n<meta property=\"og:site_name\" content=\"Blog la Cestita del Beb\u00e9\" \/>\n<meta property=\"article:publisher\" content=\"https:\/\/www.facebook.com\/lacestitadelbebe.es\" \/>\n<meta property=\"article:published_time\" content=\"2024-07-24T05:02:09+00:00\" \/>\n<meta property=\"article:modified_time\" content=\"2024-07-24T05:12:40+00:00\" \/>\n<meta property=\"og:image\" content=\"https:\/\/www.lacestitadelbebe.es\/blog\/wp-content\/uploads\/2023\/08\/monitores_embarazo_LaCestitaBebe-1024x683.jpg\" \/>\n\t<meta property=\"og:image:width\" content=\"1024\" \/>\n\t<meta property=\"og:image:height\" content=\"683\" \/>\n\t<meta property=\"og:image:type\" content=\"image\/jpeg\" \/>\n<meta name=\"author\" content=\"La Cestita\" \/>\n<meta name=\"twitter:card\" content=\"summary_large_image\" \/>\n<meta name=\"twitter:creator\" content=\"@LaCestitaBebe\" \/>\n<meta name=\"twitter:site\" content=\"@LaCestitaBebe\" \/>\n<meta name=\"twitter:label1\" content=\"Escrito por\" \/>\n\t<meta name=\"twitter:data1\" content=\"La Cestita\" \/>\n\t<meta name=\"twitter:label2\" content=\"Tiempo de lectura\" \/>\n\t<meta name=\"twitter:data2\" content=\"6 minutos\" \/>\n<script type=\"application\/ld+json\" class=\"yoast-schema-graph\">{\"@context\":\"https:\\\/\\\/schema.org\",\"@graph\":[{\"@type\":\"Article\",\"@id\":\"https:\\\/\\\/www.lacestitadelbebe.es\\\/blog\\\/que-meter-en-maleta-para-el-parto\\\/#article\",\"isPartOf\":{\"@id\":\"https:\\\/\\\/www.lacestitadelbebe.es\\\/blog\\\/que-meter-en-maleta-para-el-parto\\\/\"},\"author\":{\"name\":\"La Cestita\",\"@id\":\"https:\\\/\\\/www.lacestitadelbebe.es\\\/blog\\\/#\\\/schema\\\/person\\\/4302d1284b0024ab11dca99558de40b4\"},\"headline\":\"Que meter en maleta para el parto\",\"datePublished\":\"2024-07-24T05:02:09+00:00\",\"dateModified\":\"2024-07-24T05:12:40+00:00\",\"mainEntityOfPage\":{\"@id\":\"https:\\\/\\\/www.lacestitadelbebe.es\\\/blog\\\/que-meter-en-maleta-para-el-parto\\\/\"},\"wordCount\":1318,\"commentCount\":0,\"publisher\":{\"@id\":\"https:\\\/\\\/www.lacestitadelbebe.es\\\/blog\\\/#organization\"},\"image\":{\"@id\":\"https:\\\/\\\/www.lacestitadelbebe.es\\\/blog\\\/que-meter-en-maleta-para-el-parto\\\/#primaryimage\"},\"thumbnailUrl\":\"https:\\\/\\\/www.lacestitadelbebe.es\\\/blog\\\/wp-content\\\/uploads\\\/2023\\\/08\\\/monitores_embarazo_LaCestitaBebe.jpg\",\"keywords\":[\"maleta para el parto\"],\"articleSection\":[\"aprendizaje y estimulaci\u00f3n\",\"Beb\u00e9s\",\"cuidados\",\"embarazo\",\"maternidad\"],\"inLanguage\":\"es\",\"potentialAction\":[{\"@type\":\"CommentAction\",\"name\":\"Comment\",\"target\":[\"https:\\\/\\\/www.lacestitadelbebe.es\\\/blog\\\/que-meter-en-maleta-para-el-parto\\\/#respond\"]}]},{\"@type\":\"WebPage\",\"@id\":\"https:\\\/\\\/www.lacestitadelbebe.es\\\/blog\\\/que-meter-en-maleta-para-el-parto\\\/\",\"url\":\"https:\\\/\\\/www.lacestitadelbebe.es\\\/blog\\\/que-meter-en-maleta-para-el-parto\\\/\",\"name\":\"Que meter en maleta para el parto - Blog la Cestita del Beb\u00e9\",\"isPartOf\":{\"@id\":\"https:\\\/\\\/www.lacestitadelbebe.es\\\/blog\\\/#website\"},\"primaryImageOfPage\":{\"@id\":\"https:\\\/\\\/www.lacestitadelbebe.es\\\/blog\\\/que-meter-en-maleta-para-el-parto\\\/#primaryimage\"},\"image\":{\"@id\":\"https:\\\/\\\/www.lacestitadelbebe.es\\\/blog\\\/que-meter-en-maleta-para-el-parto\\\/#primaryimage\"},\"thumbnailUrl\":\"https:\\\/\\\/www.lacestitadelbebe.es\\\/blog\\\/wp-content\\\/uploads\\\/2023\\\/08\\\/monitores_embarazo_LaCestitaBebe.jpg\",\"datePublished\":\"2024-07-24T05:02:09+00:00\",\"dateModified\":\"2024-07-24T05:12:40+00:00\",\"description\":\"Desde el blog de La Cestita del Beb\u00e9 os dejamos un art\u00edculo con b\u00e1sicos para llevar al hospital cuando se acerca el parto!\",\"breadcrumb\":{\"@id\":\"https:\\\/\\\/www.lacestitadelbebe.es\\\/blog\\\/que-meter-en-maleta-para-el-parto\\\/#breadcrumb\"},\"inLanguage\":\"es\",\"potentialAction\":[{\"@type\":\"ReadAction\",\"target\":[\"https:\\\/\\\/www.lacestitadelbebe.es\\\/blog\\\/que-meter-en-maleta-para-el-parto\\\/\"]}]},{\"@type\":\"ImageObject\",\"inLanguage\":\"es\",\"@id\":\"https:\\\/\\\/www.lacestitadelbebe.es\\\/blog\\\/que-meter-en-maleta-para-el-parto\\\/#primaryimage\",\"url\":\"https:\\\/\\\/www.lacestitadelbebe.es\\\/blog\\\/wp-content\\\/uploads\\\/2023\\\/08\\\/monitores_embarazo_LaCestitaBebe.jpg\",\"contentUrl\":\"https:\\\/\\\/www.lacestitadelbebe.es\\\/blog\\\/wp-content\\\/uploads\\\/2023\\\/08\\\/monitores_embarazo_LaCestitaBebe.jpg\",\"width\":5421,\"height\":3614},{\"@type\":\"BreadcrumbList\",\"@id\":\"https:\\\/\\\/www.lacestitadelbebe.es\\\/blog\\\/que-meter-en-maleta-para-el-parto\\\/#breadcrumb\",\"itemListElement\":[{\"@type\":\"ListItem\",\"position\":1,\"name\":\"Portada\",\"item\":\"https:\\\/\\\/www.lacestitadelbebe.es\\\/blog\\\/\"},{\"@type\":\"ListItem\",\"position\":2,\"name\":\"Que meter en maleta para el parto\"}]},{\"@type\":\"WebSite\",\"@id\":\"https:\\\/\\\/www.lacestitadelbebe.es\\\/blog\\\/#website\",\"url\":\"https:\\\/\\\/www.lacestitadelbebe.es\\\/blog\\\/\",\"name\":\"Blog la Cestita del Beb\u00e9\",\"description\":\"Hablamos de todo lo relacionado con beb\u00e9s\",\"publisher\":{\"@id\":\"https:\\\/\\\/www.lacestitadelbebe.es\\\/blog\\\/#organization\"},\"potentialAction\":[{\"@type\":\"SearchAction\",\"target\":{\"@type\":\"EntryPoint\",\"urlTemplate\":\"https:\\\/\\\/www.lacestitadelbebe.es\\\/blog\\\/?s={search_term_string}\"},\"query-input\":{\"@type\":\"PropertyValueSpecification\",\"valueRequired\":true,\"valueName\":\"search_term_string\"}}],\"inLanguage\":\"es\"},{\"@type\":\"Organization\",\"@id\":\"https:\\\/\\\/www.lacestitadelbebe.es\\\/blog\\\/#organization\",\"name\":\"La Cestita del Beb\u00e9\",\"url\":\"https:\\\/\\\/www.lacestitadelbebe.es\\\/blog\\\/\",\"logo\":{\"@type\":\"ImageObject\",\"inLanguage\":\"es\",\"@id\":\"https:\\\/\\\/www.lacestitadelbebe.es\\\/blog\\\/#\\\/schema\\\/logo\\\/image\\\/\",\"url\":\"https:\\\/\\\/www.lacestitadelbebe.es\\\/blog\\\/wp-content\\\/uploads\\\/2017\\\/10\\\/la_cestita_del_bebe_blog.png\",\"contentUrl\":\"https:\\\/\\\/www.lacestitadelbebe.es\\\/blog\\\/wp-content\\\/uploads\\\/2017\\\/10\\\/la_cestita_del_bebe_blog.png\",\"width\":375,\"height\":70,\"caption\":\"La Cestita del Beb\u00e9\"},\"image\":{\"@id\":\"https:\\\/\\\/www.lacestitadelbebe.es\\\/blog\\\/#\\\/schema\\\/logo\\\/image\\\/\"},\"sameAs\":[\"https:\\\/\\\/www.facebook.com\\\/lacestitadelbebe.es\",\"https:\\\/\\\/x.com\\\/LaCestitaBebe\"]},{\"@type\":\"Person\",\"@id\":\"https:\\\/\\\/www.lacestitadelbebe.es\\\/blog\\\/#\\\/schema\\\/person\\\/4302d1284b0024ab11dca99558de40b4\",\"name\":\"La Cestita\",\"image\":{\"@type\":\"ImageObject\",\"inLanguage\":\"es\",\"@id\":\"https:\\\/\\\/secure.gravatar.com\\\/avatar\\\/533b503d3fc1781cdd76eacd2aa8f68348cdb3201605fe5b4616e6032a228068?s=96&d=mm&r=g\",\"url\":\"https:\\\/\\\/secure.gravatar.com\\\/avatar\\\/533b503d3fc1781cdd76eacd2aa8f68348cdb3201605fe5b4616e6032a228068?s=96&d=mm&r=g\",\"contentUrl\":\"https:\\\/\\\/secure.gravatar.com\\\/avatar\\\/533b503d3fc1781cdd76eacd2aa8f68348cdb3201605fe5b4616e6032a228068?s=96&d=mm&r=g\",\"caption\":\"La Cestita\"},\"sameAs\":[\"https:\\\/\\\/www.lacestitadelbebe.es\"]}]}<\/script>\n<!-- \/ Yoast SEO plugin. -->","yoast_head_json":{"title":"Que meter en maleta para el parto - Blog la Cestita del Beb\u00e9","description":"Desde el blog de La Cestita del Beb\u00e9 os dejamos un art\u00edculo con b\u00e1sicos para llevar al hospital cuando se acerca el parto!","robots":{"index":"index","follow":"follow","max-snippet":"max-snippet:-1","max-image-preview":"max-image-preview:large","max-video-preview":"max-video-preview:-1"},"canonical":"https:\/\/www.lacestitadelbebe.es\/blog\/que-meter-en-maleta-para-el-parto\/","og_locale":"es_ES","og_type":"article","og_title":"Que meter en maleta para el parto - Blog la Cestita del Beb\u00e9","og_description":"Desde el blog de La Cestita del Beb\u00e9 os dejamos un art\u00edculo con b\u00e1sicos para llevar al hospital cuando se acerca el parto!","og_url":"https:\/\/www.lacestitadelbebe.es\/blog\/que-meter-en-maleta-para-el-parto\/","og_site_name":"Blog la Cestita del Beb\u00e9","article_publisher":"https:\/\/www.facebook.com\/lacestitadelbebe.es","article_published_time":"2024-07-24T05:02:09+00:00","article_modified_time":"2024-07-24T05:12:40+00:00","og_image":[{"width":1024,"height":683,"url":"https:\/\/www.lacestitadelbebe.es\/blog\/wp-content\/uploads\/2023\/08\/monitores_embarazo_LaCestitaBebe-1024x683.jpg","type":"image\/jpeg"}],"author":"La Cestita","twitter_card":"summary_large_image","twitter_creator":"@LaCestitaBebe","twitter_site":"@LaCestitaBebe","twitter_misc":{"Escrito por":"La Cestita","Tiempo de lectura":"6 minutos"},"schema":{"@context":"https:\/\/schema.org","@graph":[{"@type":"Article","@id":"https:\/\/www.lacestitadelbebe.es\/blog\/que-meter-en-maleta-para-el-parto\/#article","isPartOf":{"@id":"https:\/\/www.lacestitadelbebe.es\/blog\/que-meter-en-maleta-para-el-parto\/"},"author":{"name":"La Cestita","@id":"https:\/\/www.lacestitadelbebe.es\/blog\/#\/schema\/person\/4302d1284b0024ab11dca99558de40b4"},"headline":"Que meter en maleta para el parto","datePublished":"2024-07-24T05:02:09+00:00","dateModified":"2024-07-24T05:12:40+00:00","mainEntityOfPage":{"@id":"https:\/\/www.lacestitadelbebe.es\/blog\/que-meter-en-maleta-para-el-parto\/"},"wordCount":1318,"commentCount":0,"publisher":{"@id":"https:\/\/www.lacestitadelbebe.es\/blog\/#organization"},"image":{"@id":"https:\/\/www.lacestitadelbebe.es\/blog\/que-meter-en-maleta-para-el-parto\/#primaryimage"},"thumbnailUrl":"https:\/\/www.lacestitadelbebe.es\/blog\/wp-content\/uploads\/2023\/08\/monitores_embarazo_LaCestitaBebe.jpg","keywords":["maleta para el parto"],"articleSection":["aprendizaje y estimulaci\u00f3n","Beb\u00e9s","cuidados","embarazo","maternidad"],"inLanguage":"es","potentialAction":[{"@type":"CommentAction","name":"Comment","target":["https:\/\/www.lacestitadelbebe.es\/blog\/que-meter-en-maleta-para-el-parto\/#respond"]}]},{"@type":"WebPage","@id":"https:\/\/www.lacestitadelbebe.es\/blog\/que-meter-en-maleta-para-el-parto\/","url":"https:\/\/www.lacestitadelbebe.es\/blog\/que-meter-en-maleta-para-el-parto\/","name":"Que meter en maleta para el parto - Blog la Cestita del Beb\u00e9","isPartOf":{"@id":"https:\/\/www.lacestitadelbebe.es\/blog\/#website"},"primaryImageOfPage":{"@id":"https:\/\/www.lacestitadelbebe.es\/blog\/que-meter-en-maleta-para-el-parto\/#primaryimage"},"image":{"@id":"https:\/\/www.lacestitadelbebe.es\/blog\/que-meter-en-maleta-para-el-parto\/#primaryimage"},"thumbnailUrl":"https:\/\/www.lacestitadelbebe.es\/blog\/wp-content\/uploads\/2023\/08\/monitores_embarazo_LaCestitaBebe.jpg","datePublished":"2024-07-24T05:02:09+00:00","dateModified":"2024-07-24T05:12:40+00:00","description":"Desde el blog de La Cestita del Beb\u00e9 os dejamos un art\u00edculo con b\u00e1sicos para llevar al hospital cuando se acerca el parto!","breadcrumb":{"@id":"https:\/\/www.lacestitadelbebe.es\/blog\/que-meter-en-maleta-para-el-parto\/#breadcrumb"},"inLanguage":"es","potentialAction":[{"@type":"ReadAction","target":["https:\/\/www.lacestitadelbebe.es\/blog\/que-meter-en-maleta-para-el-parto\/"]}]},{"@type":"ImageObject","inLanguage":"es","@id":"https:\/\/www.lacestitadelbebe.es\/blog\/que-meter-en-maleta-para-el-parto\/#primaryimage","url":"https:\/\/www.lacestitadelbebe.es\/blog\/wp-content\/uploads\/2023\/08\/monitores_embarazo_LaCestitaBebe.jpg","contentUrl":"https:\/\/www.lacestitadelbebe.es\/blog\/wp-content\/uploads\/2023\/08\/monitores_embarazo_LaCestitaBebe.jpg","width":5421,"height":3614},{"@type":"BreadcrumbList","@id":"https:\/\/www.lacestitadelbebe.es\/blog\/que-meter-en-maleta-para-el-parto\/#breadcrumb","itemListElement":[{"@type":"ListItem","position":1,"name":"Portada","item":"https:\/\/www.lacestitadelbebe.es\/blog\/"},{"@type":"ListItem","position":2,"name":"Que meter en maleta para el parto"}]},{"@type":"WebSite","@id":"https:\/\/www.lacestitadelbebe.es\/blog\/#website","url":"https:\/\/www.lacestitadelbebe.es\/blog\/","name":"Blog la Cestita del Beb\u00e9","description":"Hablamos de todo lo relacionado con beb\u00e9s","publisher":{"@id":"https:\/\/www.lacestitadelbebe.es\/blog\/#organization"},"potentialAction":[{"@type":"SearchAction","target":{"@type":"EntryPoint","urlTemplate":"https:\/\/www.lacestitadelbebe.es\/blog\/?s={search_term_string}"},"query-input":{"@type":"PropertyValueSpecification","valueRequired":true,"valueName":"search_term_string"}}],"inLanguage":"es"},{"@type":"Organization","@id":"https:\/\/www.lacestitadelbebe.es\/blog\/#organization","name":"La Cestita del Beb\u00e9","url":"https:\/\/www.lacestitadelbebe.es\/blog\/","logo":{"@type":"ImageObject","inLanguage":"es","@id":"https:\/\/www.lacestitadelbebe.es\/blog\/#\/schema\/logo\/image\/","url":"https:\/\/www.lacestitadelbebe.es\/blog\/wp-content\/uploads\/2017\/10\/la_cestita_del_bebe_blog.png","contentUrl":"https:\/\/www.lacestitadelbebe.es\/blog\/wp-content\/uploads\/2017\/10\/la_cestita_del_bebe_blog.png","width":375,"height":70,"caption":"La Cestita del Beb\u00e9"},"image":{"@id":"https:\/\/www.lacestitadelbebe.es\/blog\/#\/schema\/logo\/image\/"},"sameAs":["https:\/\/www.facebook.com\/lacestitadelbebe.es","https:\/\/x.com\/LaCestitaBebe"]},{"@type":"Person","@id":"https:\/\/www.lacestitadelbebe.es\/blog\/#\/schema\/person\/4302d1284b0024ab11dca99558de40b4","name":"La Cestita","image":{"@type":"ImageObject","inLanguage":"es","@id":"https:\/\/secure.gravatar.com\/avatar\/533b503d3fc1781cdd76eacd2aa8f68348cdb3201605fe5b4616e6032a228068?s=96&d=mm&r=g","url":"https:\/\/secure.gravatar.com\/avatar\/533b503d3fc1781cdd76eacd2aa8f68348cdb3201605fe5b4616e6032a228068?s=96&d=mm&r=g","contentUrl":"https:\/\/secure.gravatar.com\/avatar\/533b503d3fc1781cdd76eacd2aa8f68348cdb3201605fe5b4616e6032a228068?s=96&d=mm&r=g","caption":"La Cestita"},"sameAs":["https:\/\/www.lacestitadelbebe.es"]}]}},"_links":{"self":[{"href":"https:\/\/www.lacestitadelbebe.es\/blog\/wp-json\/wp\/v2\/posts\/4896","targetHints":{"allow":["GET"]}}],"collection":[{"href":"https:\/\/www.lacestitadelbebe.es\/blog\/wp-json\/wp\/v2\/posts"}],"about":[{"href":"https:\/\/www.lacestitadelbebe.es\/blog\/wp-json\/wp\/v2\/types\/post"}],"author":[{"embeddable":true,"href":"https:\/\/www.lacestitadelbebe.es\/blog\/wp-json\/wp\/v2\/users\/1"}],"replies":[{"embeddable":true,"href":"https:\/\/www.lacestitadelbebe.es\/blog\/wp-json\/wp\/v2\/comments?post=4896"}],"version-history":[{"count":1,"href":"https:\/\/www.lacestitadelbebe.es\/blog\/wp-json\/wp\/v2\/posts\/4896\/revisions"}],"predecessor-version":[{"id":4897,"href":"https:\/\/www.lacestitadelbebe.es\/blog\/wp-json\/wp\/v2\/posts\/4896\/revisions\/4897"}],"wp:featuredmedia":[{"embeddable":true,"href":"https:\/\/www.lacestitadelbebe.es\/blog\/wp-json\/wp\/v2\/media\/4393"}],"wp:attachment":[{"href":"https:\/\/www.lacestitadelbebe.es\/blog\/wp-json\/wp\/v2\/media?parent=4896"}],"wp:term":[{"taxonomy":"category","embeddable":true,"href":"https:\/\/www.lacestitadelbebe.es\/blog\/wp-json\/wp\/v2\/categories?post=4896"},{"taxonomy":"post_tag","embeddable":true,"href":"https:\/\/www.lacestitadelbebe.es\/blog\/wp-json\/wp\/v2\/tags?post=4896"}],"curies":[{"name":"wp","href":"https:\/\/api.w.org\/{rel}","templated":true}]}}