{"id":4868,"date":"2024-06-26T04:57:58","date_gmt":"2024-06-26T04:57:58","guid":{"rendered":"https:\/\/www.lacestitadelbebe.es\/blog\/?p=4868"},"modified":"2024-08-12T12:11:02","modified_gmt":"2024-08-12T12:11:02","slug":"como-llevar-el-embarazo-en-verano","status":"publish","type":"post","link":"https:\/\/www.lacestitadelbebe.es\/blog\/como-llevar-el-embarazo-en-verano\/","title":{"rendered":"Como llevar el embarazo en verano"},"content":{"rendered":"\n<p>Todos sabemos que el verano es una de las \u00e9pocas m\u00e1s bonitas del a\u00f1o, calor, vacaciones, en fin vida, pero todav\u00eda puede ser mejor si descubres que est\u00e1s embarazada. Desde el blog de&nbsp;<a href=\"https:\/\/www.lacestitadelbebe.es\/\">LaCestitadelBebe<\/a>&nbsp;vamos a ver las ventajas e inconvenientes de quedarse embarazada en verano, en concreto en el mes de Julio.<\/p><div id=\"ez-toc-container\" class=\"ez-toc-v2_0_82_2 ez-toc-wrap-center counter-hierarchy ez-toc-counter ez-toc-custom ez-toc-container-direction\">\n<div class=\"ez-toc-title-container\">\n<p class=\"ez-toc-title\" style=\"cursor:inherit\">Contenidos<\/p>\n<span class=\"ez-toc-title-toggle\"><a href=\"#\" class=\"ez-toc-pull-right ez-toc-btn ez-toc-btn-xs ez-toc-btn-default ez-toc-toggle\" aria-label=\"Alternar tabla de contenidos\"><span class=\"ez-toc-js-icon-con\"><span class=\"\"><span class=\"eztoc-hide\" style=\"display:none;\">Toggle<\/span><span class=\"ez-toc-icon-toggle-span\"><svg style=\"fill: #222222;color:#222222\" xmlns=\"http:\/\/www.w3.org\/2000\/svg\" class=\"list-377408\" width=\"20px\" height=\"20px\" viewBox=\"0 0 24 24\" fill=\"none\"><path d=\"M6 6H4v2h2V6zm14 0H8v2h12V6zM4 11h2v2H4v-2zm16 0H8v2h12v-2zM4 16h2v2H4v-2zm16 0H8v2h12v-2z\" fill=\"currentColor\"><\/path><\/svg><svg style=\"fill: #222222;color:#222222\" class=\"arrow-unsorted-368013\" xmlns=\"http:\/\/www.w3.org\/2000\/svg\" width=\"10px\" height=\"10px\" viewBox=\"0 0 24 24\" version=\"1.2\" baseProfile=\"tiny\"><path d=\"M18.2 9.3l-6.2-6.3-6.2 6.3c-.2.2-.3.4-.3.7s.1.5.3.7c.2.2.4.3.7.3h11c.3 0 .5-.1.7-.3.2-.2.3-.5.3-.7s-.1-.5-.3-.7zM5.8 14.7l6.2 6.3 6.2-6.3c.2-.2.3-.5.3-.7s-.1-.5-.3-.7c-.2-.2-.4-.3-.7-.3h-11c-.3 0-.5.1-.7.3-.2.2-.3.5-.3.7s.1.5.3.7z\"\/><\/svg><\/span><\/span><\/span><\/a><\/span><\/div>\n<nav><ul class='ez-toc-list ez-toc-list-level-1 eztoc-toggle-hide-by-default' ><li class='ez-toc-page-1 ez-toc-heading-level-2'><a class=\"ez-toc-link ez-toc-heading-1\" href=\"https:\/\/www.lacestitadelbebe.es\/blog\/como-llevar-el-embarazo-en-verano\/#Embarazo_en_Julio_pros_y_contras\" >Embarazo en Julio pros y contras<\/a><\/li><li class='ez-toc-page-1 ez-toc-heading-level-2'><a class=\"ez-toc-link ez-toc-heading-2\" href=\"https:\/\/www.lacestitadelbebe.es\/blog\/como-llevar-el-embarazo-en-verano\/#Primer_trimestre_de_Julio_a_Septiembre\" >Primer trimestre de Julio a Septiembre<\/a><\/li><li class='ez-toc-page-1 ez-toc-heading-level-2'><a class=\"ez-toc-link ez-toc-heading-3\" href=\"https:\/\/www.lacestitadelbebe.es\/blog\/como-llevar-el-embarazo-en-verano\/#El_segundo_trimestre_de_Octubre_a_Diciembre\" >El segundo trimestre de Octubre a Diciembre<\/a><\/li><li class='ez-toc-page-1 ez-toc-heading-level-2'><a class=\"ez-toc-link ez-toc-heading-4\" href=\"https:\/\/www.lacestitadelbebe.es\/blog\/como-llevar-el-embarazo-en-verano\/#El_tercer_trimestre_de_Enero_a_Marzo\" >El tercer trimestre de Enero a Marzo<\/a><\/li><li class='ez-toc-page-1 ez-toc-heading-level-2'><a class=\"ez-toc-link ez-toc-heading-5\" href=\"https:\/\/www.lacestitadelbebe.es\/blog\/como-llevar-el-embarazo-en-verano\/#Llegando_el_parto\" >Llegando el parto<\/a><\/li><\/ul><\/nav><\/div>\n\n\n\n\n<p><\/p>\n\n\n<div class=\"wp-block-image\">\n<figure class=\"aligncenter\"><img decoding=\"async\" width=\"485\" height=\"324\" data-src=\"https:\/\/www.lacestitadelbebe.es\/blog\/wp-content\/uploads\/2021\/07\/Embarazada-en-Verano-scaled.jpg\" alt=\"\" class=\"wp-image-3315 lazyload\" data-srcset=\"https:\/\/www.lacestitadelbebe.es\/blog\/wp-content\/uploads\/2021\/07\/Embarazada-en-Verano-scaled.jpg 485w, https:\/\/www.lacestitadelbebe.es\/blog\/wp-content\/uploads\/2021\/07\/Embarazada-en-Verano-300x200.jpg 300w, https:\/\/www.lacestitadelbebe.es\/blog\/wp-content\/uploads\/2021\/07\/Embarazada-en-Verano-768x512.jpg 768w\" data-sizes=\"(max-width: 485px) 100vw, 485px\" src=\"data:image\/svg+xml;base64,PHN2ZyB3aWR0aD0iMSIgaGVpZ2h0PSIxIiB4bWxucz0iaHR0cDovL3d3dy53My5vcmcvMjAwMC9zdmciPjwvc3ZnPg==\" style=\"--smush-placeholder-width: 485px; --smush-placeholder-aspect-ratio: 485\/324;\" \/><\/figure>\n<\/div>\n\n\n<h2 class=\"wp-block-heading\"><span class=\"ez-toc-section\" id=\"Embarazo_en_Julio_pros_y_contras\"><\/span>Embarazo en Julio pros y contras<span class=\"ez-toc-section-end\"><\/span><\/h2>\n\n\n\n<p><strong>Como coment\u00e1bamos en nuestro pa\u00eds el mes de Julio suele ser uno de los m\u00e1s calurosos del verano, m\u00e1s horas de luz y vacaciones hacen que nuestro estado an\u00edmico est\u00e9 m\u00e1s alto que en \u00e9pocas m\u00e1s fr\u00edas. Si te has quedado embarazada en Julio apenas notar\u00e1s mucho los efectos del embarazo este mes as\u00ed que tampoco es tan preocupante como si estuvieras de 8 meses.<\/strong><\/p>\n\n\n\n<p>Las ventajas de quedarse embarazada en julio suelen ser bastantes aunque como en todo siempre hay inconvenientes, pero todo se te pasar\u00e1 cuando tengas a tu beb\u00e9 en brazos y est\u00e9is feliz.<\/p>\n\n\n\n<p>Vamos a ver que te deparar\u00e1 tu nueva aventura de 9 meses conforma vayas avanzando en el embarazo, vamos a verlo por trimestres.<\/p>\n\n\n\n<h2 class=\"wp-block-heading\"><span class=\"ez-toc-section\" id=\"Primer_trimestre_de_Julio_a_Septiembre\"><\/span>Primer trimestre de Julio a Septiembre<span class=\"ez-toc-section-end\"><\/span><\/h2>\n\n\n\n<p>Lo primero a matizar es que comenzamos a contar desde Julio, siempre que sea en los primeros d\u00edas del mes, si es en los \u00faltimos el embarazo y el trimestre ser\u00e1 m\u00e1s largo y habr\u00eda que incluir Octubre.<\/p>\n\n\n\n<p><strong>El primer trimestre es donde se van notando los cambios hormonales en el cuerpo, sobre todo en los pechos y aparecen las temidas n\u00e1useas. Suelen sufrirlas muchas de las mujeres embarazadas, pero no tienes por qu\u00e9 ser t\u00fa<\/strong>. Hemos de recordar que&nbsp;<strong>las n\u00e1useas suelen darse con mayor frecuencia en los meses con calor<\/strong>, ya que suelen empeorar.<\/p>\n\n\n\n<p>Los cambios se empezaran a notar y con&nbsp;<strong>el calor del verano probablemente notemos un incremento del cansancio y sue\u00f1o<\/strong>. Algo completamente normal que nos pasa a todos sin estar en estado de buena esperanza.<\/p>\n\n\n\n<p><strong>Respecto a viajar, se puede hacer, siempre que se tomen las precauciones necesarias y se lleve todo correcto en el coche. Lo m\u00e1s recomendable son trayectos no muy largos y siempre que no sean embarazos de riesgo o que conlleven complicaciones<\/strong>. Adem\u00e1s durante las primeras semanas deber\u00e1s someterte a m\u00e1s pruebas y test para ver la evoluci\u00f3n del embarazo y que todo est\u00e9 bien.<\/p>\n\n\n\n<p>Como estamos viendo la verdad es que el verano lo salvaremos bastante bien y m\u00e1s si tienes la suerte de poder disfrutar libre de s\u00edntomas como las n\u00e1useas. Adem\u00e1s en esta etapa no tienes todav\u00eda una gran tripa que nos incomode para poder hacer algo de ejercicio, pasear y descansar adecuadamente. Esto ser\u00e1 muy beneficioso para el cuerpo y la mente.<\/p>\n\n\n\n<p>.<\/p>\n\n\n\n<h2 class=\"wp-block-heading\"><span class=\"ez-toc-section\" id=\"El_segundo_trimestre_de_Octubre_a_Diciembre\"><\/span>El segundo trimestre de Octubre a Diciembre<span class=\"ez-toc-section-end\"><\/span><\/h2>\n\n\n\n<p><strong>Dejando a tras el verano nos vamos adentrando en los meses de oto\u00f1o e invierno que son los m\u00e1s fr\u00edos del a\u00f1o<\/strong>. Pero no todo es malo, en esta \u00e9poca hay muchas celebraciones y sobre todo podremos celebrar las navidades en familia aunque ya con m\u00e1s barriga.<\/p>\n\n\n\n<p>Al llegar la navidad si estamos de Julio la tripa todav\u00eda no ser\u00e1 muy grande y abultada, lo que permitir\u00e1 disfrutar de toda la magia de la navidad con mayor ilusi\u00f3n si cabe.<\/p>\n\n\n\n<p><strong>Estando embarazada no podr\u00e1s ir tan a lo loco en las comidas, y es importante cuidarse y seguir una\u00a0dieta con el embarazo en navidad<\/strong>. Todos los problemas con las digestiones se pueden agravar y sobre todo debemos evitar los alimentos crudos. Es importante mantener un grado de estr\u00e9s bajo por lo que se recomienda reducir las salidas, compras y preparativos. Recuerda los excesos de todo tipo son malos y m\u00e1s en tu estado.<\/p>\n\n\n\n<p><strong>La \u00e9poca fr\u00eda es bonita pero requiere de m\u00e1s cuidados y mimos para la salud, ya que entre la gripe, catarros, coronavirus y dem\u00e1s virus, pueden implicar complicaciones en el embarazo<\/strong>. Por lo que siempre utilizar sentido com\u00fan, abrigarse bien y no exponerse mucho a los virus en sitios cerrados y con mala ventilaci\u00f3n.<\/p>\n\n\n\n<h2 class=\"wp-block-heading\"><span class=\"ez-toc-section\" id=\"El_tercer_trimestre_de_Enero_a_Marzo\"><\/span>El tercer trimestre de Enero a Marzo<span class=\"ez-toc-section-end\"><\/span><\/h2>\n\n\n\n<p>Ya pasada la navidad seguiremos con los meses fr\u00edos, llegando a marzo las temperaturas se suelen suavizar y los d\u00edas alargar, eso s\u00ed pronto empezar\u00e1 la temporada de alergias.<\/p>\n\n\n\n<p><strong>En el intervalo de la primavera los arboles suelen estar en periodo de polinizaci\u00f3n aumentando las concentraciones de polen en el ambiente y pueden causar alergias<\/strong>. Si eres alergia o crees que sufres de alguna, lo mejor es acudir al m\u00e9dico y que os haga las pruebas pertinentes. Lagrimeo de ojos, picor de nariz, estornudos o incluso asma pueden complicaros el d\u00eda a d\u00eda.<\/p>\n\n\n\n<p>En caso de no sufrir de alergias se acerca otra buena etapa para poder disfrutar m\u00e1s de la naturaleza, los paseos y el aire libre para llegar en la mejor f\u00edsica posible al parto y sobretodo una buena mentalidad.<\/p>\n\n\n\n<h2 class=\"wp-block-heading\"><span class=\"ez-toc-section\" id=\"Llegando_el_parto\"><\/span>Llegando el parto<span class=\"ez-toc-section-end\"><\/span><\/h2>\n\n\n\n<p><strong>Como hemos comentado las fechas pueden variar llegando incluso a abril, dependiendo del d\u00eda de embarazo de julio y si se sufre alg\u00fan retraso en el parto, pero lo normal ser\u00e1 tener al beb\u00e9 entre marzo y abril.<\/strong><\/p>\n\n\n\n<p>Viendo los trimestres del embarazo parecen fechas ideales para quedarse embarazada, ya que nacer en primavera es una buena \u00e9poca.&nbsp;&nbsp;<strong>Los d\u00edas son m\u00e1s largos, m\u00e1s calor, la naturaleza tambi\u00e9n revive y podemos pasear mucho m\u00e1s aprovechando con cuidado los beneficios del sol y la vitamina D.<\/strong><\/p>\n\n\n\n<p>Este estado an\u00edmico m\u00e1s alegre nos permite una mejor recuperaci\u00f3n tras el parto, disfrutar con el beb\u00e9 y ponerse en forma de cara al verano y poder disfrutar de este con un beb\u00e9 m\u00e1s crecido y unas merecidas vacaciones.<\/p>\n\n\n\n<p><strong>Los beb\u00e9s que nacen en primavera suelen ser m\u00e1s en\u00e9rgicos y optimistas que los nacidos en otras \u00e9pocas del a\u00f1o, que tambi\u00e9n tienen otros beneficios<\/strong>. Durante esta \u00e9poca&nbsp;<strong>los virus m\u00e1s t\u00edpicos adem\u00e1s del coronavirus suelen ser la otitis, conjuntivitis y la gastroenteritis<\/strong>. Los contagios se suelen dar en guarder\u00edas y en el cole por parte de los hermanos mayores.<\/p>\n\n\n\n<p>Como hemos visto&nbsp;<strong>la concepci\u00f3n en el mes de Julio suele tener un embarazo muy tranquilo y bueno<\/strong>. Pero&nbsp;<strong>si lo que busc\u00e1is es un regalo bueno, bonito y barato para celebrar una baby shower por todo lo alto o regalar a los pap\u00e1s y mam\u00e1s, no os pod\u00e9is perder nuestras&nbsp;<\/strong><a href=\"https:\/\/lacestitadelbebe.es\/es\/6-canastillas-regalos-bebe\"><strong>cestas originales para beb\u00e9s<\/strong><\/a><strong>, ramos elaborados con ropita de reci\u00e9n nacido o nuestras&nbsp;<\/strong><a href=\"https:\/\/lacestitadelbebe.es\/es\/9-tarta-de-panales\"><strong>excelentes tartas de pa\u00f1ales a medida<\/strong><\/a>. <\/p>\n\n\n\n<p>Esperando que disfrutes mucho de tu embarazo, el beb\u00e9 y el verano, cuidaros y nos leemos en la pr\u00f3xima ocasi\u00f3n!<\/p>\n","protected":false},"excerpt":{"rendered":"<p>Todos sabemos que el verano es una de las \u00e9pocas m\u00e1s bonitas del a\u00f1o, calor, vacaciones, en fin vida, pero todav\u00eda puede ser mejor si descubres que est\u00e1s embarazada. Desde el blog de&nbsp;LaCestitadelBebe&nbsp;vamos a ver las ventajas e inconvenientes de quedarse embarazada en verano, en concreto en el mes de Julio. Embarazo en Julio pros &#8230; <a title=\"Como llevar el embarazo en verano\" class=\"read-more\" href=\"https:\/\/www.lacestitadelbebe.es\/blog\/como-llevar-el-embarazo-en-verano\/\" aria-label=\"Leer m\u00e1s sobre Como llevar el embarazo en verano\">Leer m\u00e1s<\/a><\/p>\n","protected":false},"author":1,"featured_media":4836,"comment_status":"open","ping_status":"open","sticky":false,"template":"","format":"standard","meta":{"_exactmetrics_skip_tracking":false,"_exactmetrics_sitenote_active":false,"_exactmetrics_sitenote_note":"","_exactmetrics_sitenote_category":0,"footnotes":""},"categories":[89,78,106,82],"tags":[821],"class_list":["post-4868","post","type-post","status-publish","format-standard","has-post-thumbnail","hentry","category-aprendizaje-y-estimulacion","category-bebes","category-embarazo","category-maternidad","tag-embarazo-verano"],"yoast_head":"<!-- This site is optimized with the Yoast SEO plugin v27.4 - https:\/\/yoast.com\/product\/yoast-seo-wordpress\/ -->\n<title>Como llevar el embarazo en verano - Blog la Cestita del Beb\u00e9<\/title>\n<meta name=\"description\" content=\"Desde el blog de La Cestita del Beb\u00e9 os dejamos unos tips para llevar de la mejor forma posible el embarazo durante el verano\" \/>\n<meta name=\"robots\" content=\"index, follow, max-snippet:-1, max-image-preview:large, max-video-preview:-1\" \/>\n<link rel=\"canonical\" href=\"https:\/\/www.lacestitadelbebe.es\/blog\/como-llevar-el-embarazo-en-verano\/\" \/>\n<meta property=\"og:locale\" content=\"es_ES\" \/>\n<meta property=\"og:type\" content=\"article\" \/>\n<meta property=\"og:title\" content=\"Como llevar el embarazo en verano - Blog la Cestita del Beb\u00e9\" \/>\n<meta property=\"og:description\" content=\"Desde el blog de La Cestita del Beb\u00e9 os dejamos unos tips para llevar de la mejor forma posible el embarazo durante el verano\" \/>\n<meta property=\"og:url\" content=\"https:\/\/www.lacestitadelbebe.es\/blog\/como-llevar-el-embarazo-en-verano\/\" \/>\n<meta property=\"og:site_name\" content=\"Blog la Cestita del Beb\u00e9\" \/>\n<meta property=\"article:publisher\" content=\"https:\/\/www.facebook.com\/lacestitadelbebe.es\" \/>\n<meta property=\"article:published_time\" content=\"2024-06-26T04:57:58+00:00\" \/>\n<meta property=\"article:modified_time\" content=\"2024-08-12T12:11:02+00:00\" \/>\n<meta property=\"og:image\" content=\"https:\/\/www.lacestitadelbebe.es\/blog\/wp-content\/uploads\/2018\/05\/El-Calor-y-la-Piel-del-Bebe.jpg\" \/>\n\t<meta property=\"og:image:width\" content=\"1600\" \/>\n\t<meta property=\"og:image:height\" content=\"1067\" \/>\n\t<meta property=\"og:image:type\" content=\"image\/jpeg\" \/>\n<meta name=\"author\" content=\"La Cestita\" \/>\n<meta name=\"twitter:card\" content=\"summary_large_image\" \/>\n<meta name=\"twitter:creator\" content=\"@LaCestitaBebe\" \/>\n<meta name=\"twitter:site\" content=\"@LaCestitaBebe\" \/>\n<meta name=\"twitter:label1\" content=\"Escrito por\" \/>\n\t<meta name=\"twitter:data1\" content=\"La Cestita\" \/>\n\t<meta name=\"twitter:label2\" content=\"Tiempo de lectura\" \/>\n\t<meta name=\"twitter:data2\" content=\"6 minutos\" \/>\n<script type=\"application\/ld+json\" class=\"yoast-schema-graph\">{\"@context\":\"https:\\\/\\\/schema.org\",\"@graph\":[{\"@type\":\"Article\",\"@id\":\"https:\\\/\\\/www.lacestitadelbebe.es\\\/blog\\\/como-llevar-el-embarazo-en-verano\\\/#article\",\"isPartOf\":{\"@id\":\"https:\\\/\\\/www.lacestitadelbebe.es\\\/blog\\\/como-llevar-el-embarazo-en-verano\\\/\"},\"author\":{\"name\":\"La Cestita\",\"@id\":\"https:\\\/\\\/www.lacestitadelbebe.es\\\/blog\\\/#\\\/schema\\\/person\\\/4302d1284b0024ab11dca99558de40b4\"},\"headline\":\"Como llevar el embarazo en verano\",\"datePublished\":\"2024-06-26T04:57:58+00:00\",\"dateModified\":\"2024-08-12T12:11:02+00:00\",\"mainEntityOfPage\":{\"@id\":\"https:\\\/\\\/www.lacestitadelbebe.es\\\/blog\\\/como-llevar-el-embarazo-en-verano\\\/\"},\"wordCount\":1170,\"commentCount\":0,\"publisher\":{\"@id\":\"https:\\\/\\\/www.lacestitadelbebe.es\\\/blog\\\/#organization\"},\"image\":{\"@id\":\"https:\\\/\\\/www.lacestitadelbebe.es\\\/blog\\\/como-llevar-el-embarazo-en-verano\\\/#primaryimage\"},\"thumbnailUrl\":\"https:\\\/\\\/www.lacestitadelbebe.es\\\/blog\\\/wp-content\\\/uploads\\\/2018\\\/05\\\/El-Calor-y-la-Piel-del-Bebe.jpg\",\"keywords\":[\"embarazo verano\"],\"articleSection\":[\"aprendizaje y estimulaci\u00f3n\",\"Beb\u00e9s\",\"embarazo\",\"maternidad\"],\"inLanguage\":\"es\",\"potentialAction\":[{\"@type\":\"CommentAction\",\"name\":\"Comment\",\"target\":[\"https:\\\/\\\/www.lacestitadelbebe.es\\\/blog\\\/como-llevar-el-embarazo-en-verano\\\/#respond\"]}]},{\"@type\":\"WebPage\",\"@id\":\"https:\\\/\\\/www.lacestitadelbebe.es\\\/blog\\\/como-llevar-el-embarazo-en-verano\\\/\",\"url\":\"https:\\\/\\\/www.lacestitadelbebe.es\\\/blog\\\/como-llevar-el-embarazo-en-verano\\\/\",\"name\":\"Como llevar el embarazo en verano - Blog la Cestita del Beb\u00e9\",\"isPartOf\":{\"@id\":\"https:\\\/\\\/www.lacestitadelbebe.es\\\/blog\\\/#website\"},\"primaryImageOfPage\":{\"@id\":\"https:\\\/\\\/www.lacestitadelbebe.es\\\/blog\\\/como-llevar-el-embarazo-en-verano\\\/#primaryimage\"},\"image\":{\"@id\":\"https:\\\/\\\/www.lacestitadelbebe.es\\\/blog\\\/como-llevar-el-embarazo-en-verano\\\/#primaryimage\"},\"thumbnailUrl\":\"https:\\\/\\\/www.lacestitadelbebe.es\\\/blog\\\/wp-content\\\/uploads\\\/2018\\\/05\\\/El-Calor-y-la-Piel-del-Bebe.jpg\",\"datePublished\":\"2024-06-26T04:57:58+00:00\",\"dateModified\":\"2024-08-12T12:11:02+00:00\",\"description\":\"Desde el blog de La Cestita del Beb\u00e9 os dejamos unos tips para llevar de la mejor forma posible el embarazo durante el verano\",\"breadcrumb\":{\"@id\":\"https:\\\/\\\/www.lacestitadelbebe.es\\\/blog\\\/como-llevar-el-embarazo-en-verano\\\/#breadcrumb\"},\"inLanguage\":\"es\",\"potentialAction\":[{\"@type\":\"ReadAction\",\"target\":[\"https:\\\/\\\/www.lacestitadelbebe.es\\\/blog\\\/como-llevar-el-embarazo-en-verano\\\/\"]}]},{\"@type\":\"ImageObject\",\"inLanguage\":\"es\",\"@id\":\"https:\\\/\\\/www.lacestitadelbebe.es\\\/blog\\\/como-llevar-el-embarazo-en-verano\\\/#primaryimage\",\"url\":\"https:\\\/\\\/www.lacestitadelbebe.es\\\/blog\\\/wp-content\\\/uploads\\\/2018\\\/05\\\/El-Calor-y-la-Piel-del-Bebe.jpg\",\"contentUrl\":\"https:\\\/\\\/www.lacestitadelbebe.es\\\/blog\\\/wp-content\\\/uploads\\\/2018\\\/05\\\/El-Calor-y-la-Piel-del-Bebe.jpg\",\"width\":1600,\"height\":1067,\"caption\":\"El Calor y\u00a0la Piel del Beb\u00e9\"},{\"@type\":\"BreadcrumbList\",\"@id\":\"https:\\\/\\\/www.lacestitadelbebe.es\\\/blog\\\/como-llevar-el-embarazo-en-verano\\\/#breadcrumb\",\"itemListElement\":[{\"@type\":\"ListItem\",\"position\":1,\"name\":\"Portada\",\"item\":\"https:\\\/\\\/www.lacestitadelbebe.es\\\/blog\\\/\"},{\"@type\":\"ListItem\",\"position\":2,\"name\":\"Como llevar el embarazo en verano\"}]},{\"@type\":\"WebSite\",\"@id\":\"https:\\\/\\\/www.lacestitadelbebe.es\\\/blog\\\/#website\",\"url\":\"https:\\\/\\\/www.lacestitadelbebe.es\\\/blog\\\/\",\"name\":\"Blog la Cestita del Beb\u00e9\",\"description\":\"Hablamos de todo lo relacionado con beb\u00e9s\",\"publisher\":{\"@id\":\"https:\\\/\\\/www.lacestitadelbebe.es\\\/blog\\\/#organization\"},\"potentialAction\":[{\"@type\":\"SearchAction\",\"target\":{\"@type\":\"EntryPoint\",\"urlTemplate\":\"https:\\\/\\\/www.lacestitadelbebe.es\\\/blog\\\/?s={search_term_string}\"},\"query-input\":{\"@type\":\"PropertyValueSpecification\",\"valueRequired\":true,\"valueName\":\"search_term_string\"}}],\"inLanguage\":\"es\"},{\"@type\":\"Organization\",\"@id\":\"https:\\\/\\\/www.lacestitadelbebe.es\\\/blog\\\/#organization\",\"name\":\"La Cestita del Beb\u00e9\",\"url\":\"https:\\\/\\\/www.lacestitadelbebe.es\\\/blog\\\/\",\"logo\":{\"@type\":\"ImageObject\",\"inLanguage\":\"es\",\"@id\":\"https:\\\/\\\/www.lacestitadelbebe.es\\\/blog\\\/#\\\/schema\\\/logo\\\/image\\\/\",\"url\":\"https:\\\/\\\/www.lacestitadelbebe.es\\\/blog\\\/wp-content\\\/uploads\\\/2017\\\/10\\\/la_cestita_del_bebe_blog.png\",\"contentUrl\":\"https:\\\/\\\/www.lacestitadelbebe.es\\\/blog\\\/wp-content\\\/uploads\\\/2017\\\/10\\\/la_cestita_del_bebe_blog.png\",\"width\":375,\"height\":70,\"caption\":\"La Cestita del Beb\u00e9\"},\"image\":{\"@id\":\"https:\\\/\\\/www.lacestitadelbebe.es\\\/blog\\\/#\\\/schema\\\/logo\\\/image\\\/\"},\"sameAs\":[\"https:\\\/\\\/www.facebook.com\\\/lacestitadelbebe.es\",\"https:\\\/\\\/x.com\\\/LaCestitaBebe\"]},{\"@type\":\"Person\",\"@id\":\"https:\\\/\\\/www.lacestitadelbebe.es\\\/blog\\\/#\\\/schema\\\/person\\\/4302d1284b0024ab11dca99558de40b4\",\"name\":\"La Cestita\",\"image\":{\"@type\":\"ImageObject\",\"inLanguage\":\"es\",\"@id\":\"https:\\\/\\\/secure.gravatar.com\\\/avatar\\\/533b503d3fc1781cdd76eacd2aa8f68348cdb3201605fe5b4616e6032a228068?s=96&d=mm&r=g\",\"url\":\"https:\\\/\\\/secure.gravatar.com\\\/avatar\\\/533b503d3fc1781cdd76eacd2aa8f68348cdb3201605fe5b4616e6032a228068?s=96&d=mm&r=g\",\"contentUrl\":\"https:\\\/\\\/secure.gravatar.com\\\/avatar\\\/533b503d3fc1781cdd76eacd2aa8f68348cdb3201605fe5b4616e6032a228068?s=96&d=mm&r=g\",\"caption\":\"La Cestita\"},\"sameAs\":[\"https:\\\/\\\/www.lacestitadelbebe.es\"]}]}<\/script>\n<!-- \/ Yoast SEO plugin. -->","yoast_head_json":{"title":"Como llevar el embarazo en verano - Blog la Cestita del Beb\u00e9","description":"Desde el blog de La Cestita del Beb\u00e9 os dejamos unos tips para llevar de la mejor forma posible el embarazo durante el verano","robots":{"index":"index","follow":"follow","max-snippet":"max-snippet:-1","max-image-preview":"max-image-preview:large","max-video-preview":"max-video-preview:-1"},"canonical":"https:\/\/www.lacestitadelbebe.es\/blog\/como-llevar-el-embarazo-en-verano\/","og_locale":"es_ES","og_type":"article","og_title":"Como llevar el embarazo en verano - Blog la Cestita del Beb\u00e9","og_description":"Desde el blog de La Cestita del Beb\u00e9 os dejamos unos tips para llevar de la mejor forma posible el embarazo durante el verano","og_url":"https:\/\/www.lacestitadelbebe.es\/blog\/como-llevar-el-embarazo-en-verano\/","og_site_name":"Blog la Cestita del Beb\u00e9","article_publisher":"https:\/\/www.facebook.com\/lacestitadelbebe.es","article_published_time":"2024-06-26T04:57:58+00:00","article_modified_time":"2024-08-12T12:11:02+00:00","og_image":[{"width":1600,"height":1067,"url":"https:\/\/www.lacestitadelbebe.es\/blog\/wp-content\/uploads\/2018\/05\/El-Calor-y-la-Piel-del-Bebe.jpg","type":"image\/jpeg"}],"author":"La Cestita","twitter_card":"summary_large_image","twitter_creator":"@LaCestitaBebe","twitter_site":"@LaCestitaBebe","twitter_misc":{"Escrito por":"La Cestita","Tiempo de lectura":"6 minutos"},"schema":{"@context":"https:\/\/schema.org","@graph":[{"@type":"Article","@id":"https:\/\/www.lacestitadelbebe.es\/blog\/como-llevar-el-embarazo-en-verano\/#article","isPartOf":{"@id":"https:\/\/www.lacestitadelbebe.es\/blog\/como-llevar-el-embarazo-en-verano\/"},"author":{"name":"La Cestita","@id":"https:\/\/www.lacestitadelbebe.es\/blog\/#\/schema\/person\/4302d1284b0024ab11dca99558de40b4"},"headline":"Como llevar el embarazo en verano","datePublished":"2024-06-26T04:57:58+00:00","dateModified":"2024-08-12T12:11:02+00:00","mainEntityOfPage":{"@id":"https:\/\/www.lacestitadelbebe.es\/blog\/como-llevar-el-embarazo-en-verano\/"},"wordCount":1170,"commentCount":0,"publisher":{"@id":"https:\/\/www.lacestitadelbebe.es\/blog\/#organization"},"image":{"@id":"https:\/\/www.lacestitadelbebe.es\/blog\/como-llevar-el-embarazo-en-verano\/#primaryimage"},"thumbnailUrl":"https:\/\/www.lacestitadelbebe.es\/blog\/wp-content\/uploads\/2018\/05\/El-Calor-y-la-Piel-del-Bebe.jpg","keywords":["embarazo verano"],"articleSection":["aprendizaje y estimulaci\u00f3n","Beb\u00e9s","embarazo","maternidad"],"inLanguage":"es","potentialAction":[{"@type":"CommentAction","name":"Comment","target":["https:\/\/www.lacestitadelbebe.es\/blog\/como-llevar-el-embarazo-en-verano\/#respond"]}]},{"@type":"WebPage","@id":"https:\/\/www.lacestitadelbebe.es\/blog\/como-llevar-el-embarazo-en-verano\/","url":"https:\/\/www.lacestitadelbebe.es\/blog\/como-llevar-el-embarazo-en-verano\/","name":"Como llevar el embarazo en verano - Blog la Cestita del Beb\u00e9","isPartOf":{"@id":"https:\/\/www.lacestitadelbebe.es\/blog\/#website"},"primaryImageOfPage":{"@id":"https:\/\/www.lacestitadelbebe.es\/blog\/como-llevar-el-embarazo-en-verano\/#primaryimage"},"image":{"@id":"https:\/\/www.lacestitadelbebe.es\/blog\/como-llevar-el-embarazo-en-verano\/#primaryimage"},"thumbnailUrl":"https:\/\/www.lacestitadelbebe.es\/blog\/wp-content\/uploads\/2018\/05\/El-Calor-y-la-Piel-del-Bebe.jpg","datePublished":"2024-06-26T04:57:58+00:00","dateModified":"2024-08-12T12:11:02+00:00","description":"Desde el blog de La Cestita del Beb\u00e9 os dejamos unos tips para llevar de la mejor forma posible el embarazo durante el verano","breadcrumb":{"@id":"https:\/\/www.lacestitadelbebe.es\/blog\/como-llevar-el-embarazo-en-verano\/#breadcrumb"},"inLanguage":"es","potentialAction":[{"@type":"ReadAction","target":["https:\/\/www.lacestitadelbebe.es\/blog\/como-llevar-el-embarazo-en-verano\/"]}]},{"@type":"ImageObject","inLanguage":"es","@id":"https:\/\/www.lacestitadelbebe.es\/blog\/como-llevar-el-embarazo-en-verano\/#primaryimage","url":"https:\/\/www.lacestitadelbebe.es\/blog\/wp-content\/uploads\/2018\/05\/El-Calor-y-la-Piel-del-Bebe.jpg","contentUrl":"https:\/\/www.lacestitadelbebe.es\/blog\/wp-content\/uploads\/2018\/05\/El-Calor-y-la-Piel-del-Bebe.jpg","width":1600,"height":1067,"caption":"El Calor y\u00a0la Piel del Beb\u00e9"},{"@type":"BreadcrumbList","@id":"https:\/\/www.lacestitadelbebe.es\/blog\/como-llevar-el-embarazo-en-verano\/#breadcrumb","itemListElement":[{"@type":"ListItem","position":1,"name":"Portada","item":"https:\/\/www.lacestitadelbebe.es\/blog\/"},{"@type":"ListItem","position":2,"name":"Como llevar el embarazo en verano"}]},{"@type":"WebSite","@id":"https:\/\/www.lacestitadelbebe.es\/blog\/#website","url":"https:\/\/www.lacestitadelbebe.es\/blog\/","name":"Blog la Cestita del Beb\u00e9","description":"Hablamos de todo lo relacionado con beb\u00e9s","publisher":{"@id":"https:\/\/www.lacestitadelbebe.es\/blog\/#organization"},"potentialAction":[{"@type":"SearchAction","target":{"@type":"EntryPoint","urlTemplate":"https:\/\/www.lacestitadelbebe.es\/blog\/?s={search_term_string}"},"query-input":{"@type":"PropertyValueSpecification","valueRequired":true,"valueName":"search_term_string"}}],"inLanguage":"es"},{"@type":"Organization","@id":"https:\/\/www.lacestitadelbebe.es\/blog\/#organization","name":"La Cestita del Beb\u00e9","url":"https:\/\/www.lacestitadelbebe.es\/blog\/","logo":{"@type":"ImageObject","inLanguage":"es","@id":"https:\/\/www.lacestitadelbebe.es\/blog\/#\/schema\/logo\/image\/","url":"https:\/\/www.lacestitadelbebe.es\/blog\/wp-content\/uploads\/2017\/10\/la_cestita_del_bebe_blog.png","contentUrl":"https:\/\/www.lacestitadelbebe.es\/blog\/wp-content\/uploads\/2017\/10\/la_cestita_del_bebe_blog.png","width":375,"height":70,"caption":"La Cestita del Beb\u00e9"},"image":{"@id":"https:\/\/www.lacestitadelbebe.es\/blog\/#\/schema\/logo\/image\/"},"sameAs":["https:\/\/www.facebook.com\/lacestitadelbebe.es","https:\/\/x.com\/LaCestitaBebe"]},{"@type":"Person","@id":"https:\/\/www.lacestitadelbebe.es\/blog\/#\/schema\/person\/4302d1284b0024ab11dca99558de40b4","name":"La Cestita","image":{"@type":"ImageObject","inLanguage":"es","@id":"https:\/\/secure.gravatar.com\/avatar\/533b503d3fc1781cdd76eacd2aa8f68348cdb3201605fe5b4616e6032a228068?s=96&d=mm&r=g","url":"https:\/\/secure.gravatar.com\/avatar\/533b503d3fc1781cdd76eacd2aa8f68348cdb3201605fe5b4616e6032a228068?s=96&d=mm&r=g","contentUrl":"https:\/\/secure.gravatar.com\/avatar\/533b503d3fc1781cdd76eacd2aa8f68348cdb3201605fe5b4616e6032a228068?s=96&d=mm&r=g","caption":"La Cestita"},"sameAs":["https:\/\/www.lacestitadelbebe.es"]}]}},"_links":{"self":[{"href":"https:\/\/www.lacestitadelbebe.es\/blog\/wp-json\/wp\/v2\/posts\/4868","targetHints":{"allow":["GET"]}}],"collection":[{"href":"https:\/\/www.lacestitadelbebe.es\/blog\/wp-json\/wp\/v2\/posts"}],"about":[{"href":"https:\/\/www.lacestitadelbebe.es\/blog\/wp-json\/wp\/v2\/types\/post"}],"author":[{"embeddable":true,"href":"https:\/\/www.lacestitadelbebe.es\/blog\/wp-json\/wp\/v2\/users\/1"}],"replies":[{"embeddable":true,"href":"https:\/\/www.lacestitadelbebe.es\/blog\/wp-json\/wp\/v2\/comments?post=4868"}],"version-history":[{"count":2,"href":"https:\/\/www.lacestitadelbebe.es\/blog\/wp-json\/wp\/v2\/posts\/4868\/revisions"}],"predecessor-version":[{"id":4920,"href":"https:\/\/www.lacestitadelbebe.es\/blog\/wp-json\/wp\/v2\/posts\/4868\/revisions\/4920"}],"wp:featuredmedia":[{"embeddable":true,"href":"https:\/\/www.lacestitadelbebe.es\/blog\/wp-json\/wp\/v2\/media\/4836"}],"wp:attachment":[{"href":"https:\/\/www.lacestitadelbebe.es\/blog\/wp-json\/wp\/v2\/media?parent=4868"}],"wp:term":[{"taxonomy":"category","embeddable":true,"href":"https:\/\/www.lacestitadelbebe.es\/blog\/wp-json\/wp\/v2\/categories?post=4868"},{"taxonomy":"post_tag","embeddable":true,"href":"https:\/\/www.lacestitadelbebe.es\/blog\/wp-json\/wp\/v2\/tags?post=4868"}],"curies":[{"name":"wp","href":"https:\/\/api.w.org\/{rel}","templated":true}]}}