{"id":4578,"date":"2024-02-05T06:04:30","date_gmt":"2024-02-05T06:04:30","guid":{"rendered":"https:\/\/www.lacestitadelbebe.es\/blog\/?p=4578"},"modified":"2024-04-30T09:05:09","modified_gmt":"2024-04-30T09:05:09","slug":"mi-hijo-escribe-al-reves-tiene-algun-problema","status":"publish","type":"post","link":"https:\/\/www.lacestitadelbebe.es\/blog\/mi-hijo-escribe-al-reves-tiene-algun-problema\/","title":{"rendered":"Mi hijo escribe al rev\u00e9s \u00bftiene alg\u00fan problema?\u00a0"},"content":{"rendered":"\n<p>Desde el blog de La Cestita del Beb\u00e9 vamos a tocar un tema que a todos padres y madres nos parece duro y es cuando los peques comienzan a escribir.&nbsp;<\/p><div id=\"ez-toc-container\" class=\"ez-toc-v2_0_82_2 ez-toc-wrap-center counter-hierarchy ez-toc-counter ez-toc-custom ez-toc-container-direction\">\n<div class=\"ez-toc-title-container\">\n<p class=\"ez-toc-title\" style=\"cursor:inherit\">Contenidos<\/p>\n<span class=\"ez-toc-title-toggle\"><a href=\"#\" class=\"ez-toc-pull-right ez-toc-btn ez-toc-btn-xs ez-toc-btn-default ez-toc-toggle\" aria-label=\"Alternar tabla de contenidos\"><span class=\"ez-toc-js-icon-con\"><span class=\"\"><span class=\"eztoc-hide\" style=\"display:none;\">Toggle<\/span><span class=\"ez-toc-icon-toggle-span\"><svg style=\"fill: #222222;color:#222222\" xmlns=\"http:\/\/www.w3.org\/2000\/svg\" class=\"list-377408\" width=\"20px\" height=\"20px\" viewBox=\"0 0 24 24\" fill=\"none\"><path d=\"M6 6H4v2h2V6zm14 0H8v2h12V6zM4 11h2v2H4v-2zm16 0H8v2h12v-2zM4 16h2v2H4v-2zm16 0H8v2h12v-2z\" fill=\"currentColor\"><\/path><\/svg><svg style=\"fill: #222222;color:#222222\" class=\"arrow-unsorted-368013\" xmlns=\"http:\/\/www.w3.org\/2000\/svg\" width=\"10px\" height=\"10px\" viewBox=\"0 0 24 24\" version=\"1.2\" baseProfile=\"tiny\"><path d=\"M18.2 9.3l-6.2-6.3-6.2 6.3c-.2.2-.3.4-.3.7s.1.5.3.7c.2.2.4.3.7.3h11c.3 0 .5-.1.7-.3.2-.2.3-.5.3-.7s-.1-.5-.3-.7zM5.8 14.7l6.2 6.3 6.2-6.3c.2-.2.3-.5.3-.7s-.1-.5-.3-.7c-.2-.2-.4-.3-.7-.3h-11c-.3 0-.5.1-.7.3-.2.2-.3.5-.3.7s.1.5.3.7z\"\/><\/svg><\/span><\/span><\/span><\/a><\/span><\/div>\n<nav><ul class='ez-toc-list ez-toc-list-level-1 eztoc-toggle-hide-by-default' ><li class='ez-toc-page-1 ez-toc-heading-level-2'><a class=\"ez-toc-link ez-toc-heading-1\" href=\"https:\/\/www.lacestitadelbebe.es\/blog\/mi-hijo-escribe-al-reves-tiene-algun-problema\/#%C2%BFQue_es_escribir_en_espejo\" >\u00bfQu\u00e9 es escribir en espejo?&nbsp;<\/a><\/li><li class='ez-toc-page-1 ez-toc-heading-level-2'><a class=\"ez-toc-link ez-toc-heading-2\" href=\"https:\/\/www.lacestitadelbebe.es\/blog\/mi-hijo-escribe-al-reves-tiene-algun-problema\/#%C2%BFPor_que_algunos_ninos_escriben_al_reves\" >\u00bfPor qu\u00e9 algunos ni\u00f1os escriben al rev\u00e9s?&nbsp;<\/a><\/li><li class='ez-toc-page-1 ez-toc-heading-level-2'><a class=\"ez-toc-link ez-toc-heading-3\" href=\"https:\/\/www.lacestitadelbebe.es\/blog\/mi-hijo-escribe-al-reves-tiene-algun-problema\/#%C2%BFLos_ninos_desarrollaran_dislexia_si_escriben_al_reves\" >\u00bfLos ni\u00f1os desarrollar\u00e1n dislexia si escriben al rev\u00e9s?&nbsp;<\/a><\/li><li class='ez-toc-page-1 ez-toc-heading-level-2'><a class=\"ez-toc-link ez-toc-heading-4\" href=\"https:\/\/www.lacestitadelbebe.es\/blog\/mi-hijo-escribe-al-reves-tiene-algun-problema\/#%C2%BFCuando_pueden_los_ninos_romper_el_habito_de_escribir_al_reves\" >\u00bfCu\u00e1ndo pueden los ni\u00f1os romper el h\u00e1bito de escribir al rev\u00e9s? &nbsp;<\/a><ul class='ez-toc-list-level-3' ><li class='ez-toc-heading-level-3'><a class=\"ez-toc-link ez-toc-heading-5\" href=\"https:\/\/www.lacestitadelbebe.es\/blog\/mi-hijo-escribe-al-reves-tiene-algun-problema\/#Obtener_lateralidad\" >Obtener lateralidad&nbsp;<\/a><\/li><\/ul><\/li><li class='ez-toc-page-1 ez-toc-heading-level-2'><a class=\"ez-toc-link ez-toc-heading-6\" href=\"https:\/\/www.lacestitadelbebe.es\/blog\/mi-hijo-escribe-al-reves-tiene-algun-problema\/#%C2%BFComo_ayudar_a_los_ninos_a_escribir_caracteres_invertidos\" >\u00bfC\u00f3mo ayudar a los ni\u00f1os a escribir caracteres invertidos?&nbsp;<\/a><\/li><\/ul><\/nav><\/div>\n\n\n\n<div class=\"wp-block-image\">\n<figure class=\"aligncenter size-large\"><img decoding=\"async\" width=\"1024\" height=\"1024\" data-src=\"https:\/\/www.lacestitadelbebe.es\/blog\/wp-content\/uploads\/2020\/12\/Aprendiendo-a-escribir-1024x1024.jpg\" alt=\"\" class=\"wp-image-2852 lazyload\" data-srcset=\"https:\/\/www.lacestitadelbebe.es\/blog\/wp-content\/uploads\/2020\/12\/Aprendiendo-a-escribir-1024x1024.jpg 1024w, https:\/\/www.lacestitadelbebe.es\/blog\/wp-content\/uploads\/2020\/12\/Aprendiendo-a-escribir-300x300.jpg 300w, https:\/\/www.lacestitadelbebe.es\/blog\/wp-content\/uploads\/2020\/12\/Aprendiendo-a-escribir-150x150.jpg 150w, https:\/\/www.lacestitadelbebe.es\/blog\/wp-content\/uploads\/2020\/12\/Aprendiendo-a-escribir-768x768.jpg 768w, https:\/\/www.lacestitadelbebe.es\/blog\/wp-content\/uploads\/2020\/12\/Aprendiendo-a-escribir-scaled.jpg 350w\" data-sizes=\"(max-width: 1024px) 100vw, 1024px\" src=\"data:image\/svg+xml;base64,PHN2ZyB3aWR0aD0iMSIgaGVpZ2h0PSIxIiB4bWxucz0iaHR0cDovL3d3dy53My5vcmcvMjAwMC9zdmciPjwvc3ZnPg==\" style=\"--smush-placeholder-width: 1024px; --smush-placeholder-aspect-ratio: 1024\/1024;\" \/><\/figure>\n<\/div>\n\n\n<p>Aprender a escribir es una tarea dif\u00edcil pero necesaria en la primera infancia. \u00bfAlguna vez has notado que algunos ni\u00f1os escriben al rev\u00e9s? Este detalle a veces forma parte del aprendizaje y no es necesariamente una se\u00f1al para que los padres o educadores est\u00e9n atentos.&nbsp;&nbsp;<\/p>\n\n\n\n<p>Y es que debemos trabajar mucho los padres acompa\u00f1ando a nuestros peques en en este laborioso aprendizaje, que se plasma como el trabajo del hogar a la escuela que engloba el aprendizaje en la vida.<\/p>\n\n\n\n<p>Escribir al rev\u00e9s se llama escritura en espejo y es m\u00e1s com\u00fan en los ni\u00f1os de lo que pensamos. Algunos ni\u00f1os usan solo unos pocos textos. Por el contrario, algunas personas son a\u00fan m\u00e1s complicadas. &nbsp;<\/p>\n\n\n\n<p>Pueden volver a escribir palabras e incluso tener una frase que califica para los ancianos no puede restaurar, incluso si pagamos todos sus esfuerzos. En esta gu\u00eda te contamos todo lo que necesitas saber sobre la escritura en espejo en los ni\u00f1os, cu\u00e1ndo ocurre y cu\u00e1les son las principales causas. Tambi\u00e9n a qu\u00e9 edad suele desaparecer y qu\u00e9 podemos hacer los adultos para ayudar a los m\u00e1s peque\u00f1os. \u00a1un expediente!&nbsp;<\/p>\n\n\n\n<h2 class=\"wp-block-heading\"><span class=\"ez-toc-section\" id=\"%C2%BFQue_es_escribir_en_espejo\"><\/span>\u00bfQu\u00e9 es escribir en espejo?&nbsp;<span class=\"ez-toc-section-end\"><\/span><\/h2>\n\n\n\n<p>Escritura en espejo, escritura en espejo o escritura invertida es un tipo de caligraf\u00eda en la que el escritor invierte las letras, a diferencia del tipo normal. Se trata de escribir letras con caracteres orientados en lados opuestos. Aunque esto var\u00eda de persona a persona, tambi\u00e9n existen otras diferencias. &nbsp;<\/p>\n\n\n\n<p>La escritura en espejo tambi\u00e9n se puede lograr escribiendo de derecha a izquierda, colocando letras de abajo hacia arriba, cambiando completamente el significado de una palabra o cambiando solo ciertas letras. Normalmente, el resultado ser\u00e1n letras que se ven como deber\u00edan en el espejo. \u00a0<\/p>\n\n\n\n<h2 class=\"wp-block-heading\"><span class=\"ez-toc-section\" id=\"%C2%BFPor_que_algunos_ninos_escriben_al_reves\"><\/span>\u00bfPor qu\u00e9 algunos ni\u00f1os escriben al rev\u00e9s?&nbsp;<span class=\"ez-toc-section-end\"><\/span><\/h2>\n\n\n\n<p>Cuando un ni\u00f1o empieza a aprender a escribir, es normal que empiece a escribir al rev\u00e9s. En t\u00e9rminos generales, esta escritura inversa es una condici\u00f3n temporal que desaparecer\u00e1 a medida que el cerebro del ni\u00f1o madure. Los ni\u00f1os que escriben al rev\u00e9s pueden ser diestros o zurdos, pero resulta que esto \u00faltimo es m\u00e1s com\u00fan. &nbsp;<\/p>\n\n\n\n<p>Tambi\u00e9n es m\u00e1s frecuente en pa\u00edses que escriben de derecha a izquierda, como el \u00e1rabe o el japon\u00e9s. Adem\u00e1s de estos motivos, podemos destacar otros motivos por los que los ni\u00f1os suelen escribir delante de un espejo:\u00a0<\/p>\n\n\n\n<ul class=\"wp-block-list\">\n<li>Falta de simetr\u00eda o desarrollo lateral&nbsp;&nbsp;<\/li>\n\n\n\n<li>Problemas con la percepci\u00f3n visual en los ni\u00f1os. &nbsp;<\/li>\n\n\n\n<li>Los cambios en el cerebro pueden conducir a un mayor dominio de un hemisferio del cerebro.&nbsp;&nbsp;<\/li>\n\n\n\n<li>Causas gen\u00e9ticas, especialmente si uno de los padres ha tenido una condici\u00f3n similar. &nbsp;<\/li>\n<\/ul>\n\n\n\n<p>Tambi\u00e9n hay estudios cient\u00edficos que intentan vincular la escritura en espejo con mayores capacidades intelectuales en los ni\u00f1os. &nbsp;<\/p>\n\n\n\n<p>Aunque a\u00fan no se han obtenido resultados fiables. Cuando un ni\u00f1o escribe al rev\u00e9s, es importante analizar las posibles razones de ello y si estas razones est\u00e1n relacionadas con alg\u00fan d\u00e9ficit de desarrollo o de adaptaci\u00f3n. En base a esto, los padres pueden tomar medidas con la ayuda de profesionales para prevenir el problema lo mejor posible.&nbsp;<\/p>\n\n\n\n<h2 class=\"wp-block-heading\"><span class=\"ez-toc-section\" id=\"%C2%BFLos_ninos_desarrollaran_dislexia_si_escriben_al_reves\"><\/span>\u00bfLos ni\u00f1os desarrollar\u00e1n dislexia si escriben al rev\u00e9s?&nbsp;<span class=\"ez-toc-section-end\"><\/span><\/h2>\n\n\n\n<p>Esta es otra pregunta muy com\u00fan en la que solemos pensar los padres cuando nuestros hijos escriben al rev\u00e9s frente al espejo. Pero la respuesta es contundente: no existe ninguna relaci\u00f3n.&nbsp;&nbsp;<\/p>\n\n\n\n<p>Aunque algunos ni\u00f1os con dislexia escriben letras y n\u00fameros al rev\u00e9s, las investigaciones muestran que casi todos los ni\u00f1os que escriben en espejo no tienen las dificultades de aprendizaje asociadas con la dislexia. &nbsp;<\/p>\n\n\n\n<p>Es cuesti\u00f3n de pr\u00e1ctica para el ni\u00f1o o ni\u00f1a, y seguir aprendiendo y desarroll\u00e1ndose para que la escritura en espejo desaparezca y pueda escribir correcta y perfectamente.&nbsp;<\/p>\n\n\n\n<p>Reflejar letras puede parecer sencillo a los ni\u00f1os, pero a medida que crecemos se vuelve una tarea muy dif\u00edcil poder realizarlo. O si no, intenta escribir como un ni\u00f1o. \u00a1Es dif\u00edcil, quiz\u00e1 incluso imposible!&nbsp;<\/p>\n\n\n\n<h2 class=\"wp-block-heading\"><span class=\"ez-toc-section\" id=\"%C2%BFCuando_pueden_los_ninos_romper_el_habito_de_escribir_al_reves\"><\/span>\u00bfCu\u00e1ndo pueden los ni\u00f1os romper el h\u00e1bito de escribir al rev\u00e9s? &nbsp;<span class=\"ez-toc-section-end\"><\/span><\/h2>\n\n\n\n<p>Cuando los ni\u00f1os aprenden a escribir, pueden pasar por diferentes etapas para adquirir los conocimientos que necesitan. El cerebro humano funciona igual para todos, aunque no debemos olvidar que cada uno es diferente y puede aprender a su propio ritmo. Algunos ni\u00f1os tienden a olvidar la direcci\u00f3n de escritura de las letras cuando aprenden algunas letras. Recuerdan formas m\u00e1s f\u00e1ciles, pero no est\u00e1n seguros de si ir a la derecha o a la izquierda y cometen errores. \u00a0<\/p>\n\n\n\n<h3 class=\"wp-block-heading\"><span class=\"ez-toc-section\" id=\"Obtener_lateralidad\"><\/span>Obtener lateralidad&nbsp;<span class=\"ez-toc-section-end\"><\/span><\/h3>\n\n\n\n<p>Un ni\u00f1o tarda bastante en adquirir lo que se llama lateralidad. Esta es la capacidad de distinguir entre izquierda y derecha formando patrones corporales en uno mismo o en otros objetos, como letras y n\u00fameros escritos. &nbsp;<\/p>\n\n\n\n<p>La adquisici\u00f3n de lateralidad comienza entre los 3 y 5 a\u00f1os y no finaliza hasta antes de la pubertad (alrededor de los 10 o 12 a\u00f1os). Durante este proceso, el ni\u00f1o puede tener ciertos problemas con la orientaci\u00f3n espacial en todos los aspectos posibles. &nbsp;<\/p>\n\n\n\n<p>Algunos ni\u00f1os tienden a utilizar la mano izquierda o derecha de forma indiscriminada. Ya sea recogiendo los platos mientras come, coloreando o incluso escribiendo, dales tiempo para que decidan qu\u00e9 mano prefieren o si son ambas. Por supuesto, los padres no tenemos que preocuparnos por eso. Este no es solo un proceso natural que les ocurre a todos los ni\u00f1os, es parte de su desarrollo. No se considera un problema real para el ni\u00f1o a menos que se detecte otro comportamiento inusual.\u00a0<\/p>\n\n\n\n<h2 class=\"wp-block-heading\"><span class=\"ez-toc-section\" id=\"%C2%BFComo_ayudar_a_los_ninos_a_escribir_caracteres_invertidos\"><\/span>\u00bfC\u00f3mo ayudar a los ni\u00f1os a escribir caracteres invertidos?&nbsp;<span class=\"ez-toc-section-end\"><\/span><\/h2>\n\n\n\n<p>&nbsp;Aunque hemos enfatizado que esta es una etapa muy com\u00fan en los ni\u00f1os, est\u00e1 bien que los padres o educadores ayuden a los ni\u00f1os peque\u00f1os a evitar la escritura en espejo. De hecho, se recomienda el uso de s\u00f3lidas t\u00e9cnicas pedag\u00f3gicas para la intervenci\u00f3n. \u00bfC\u00f3mo ayudas a los ni\u00f1os en esta etapa de aprendizaje? La forma m\u00e1s eficaz es procesar las letras una a la vez. Lo primero que debe hacer es averiguar qu\u00e9 s\u00edmbolos, letras y n\u00fameros est\u00e1n causando problemas para poder solucionarlos individualmente.&nbsp;<\/p>\n\n\n\n<p>Las m\u00e1s habituales, por ejemplo, son las letras b, d, p y q, con las que comenzamos una a una hasta que no haya confusi\u00f3n a la hora de escribirlas. Haremos lo mismo con los n\u00fameros, como volver al 3, trabajando uno a la vez antes de pasar al siguiente. &nbsp;<\/p>\n\n\n\n<p>Practica escribir, pronunciar y usar ejemplos reales de palabras para ayudarte a identificarlas y deletrearlas t\u00fa mismo. Habla con tu maestro o consejero escolar sobre la posibilidad de extender el trabajo del hogar a la escuela. &nbsp;<\/p>\n\n\n\n<p>Es mucho m\u00e1s f\u00e1cil corregir estos h\u00e1bitos cuando hay varias personas responsables del aprendizaje de tu hijo. En ocasiones, la ayuda de un logopeda puede resultar \u00fatil para un ni\u00f1o o ni\u00f1a que sigue escribiendo palabras o palabras al rev\u00e9s desde los 8 a\u00f1os. \u00a0<\/p>\n\n\n\n<p>La atenci\u00f3n temprana cuando surgen problemas de aprendizaje puede conducir a mejores resultados a largo plazo, y para los ni\u00f1os con dislexia no hay duda de que la ayuda de un terapeuta puede ser muy \u00fatil cuando los resultados no se pueden lograr por otros medios.&nbsp;<\/p>\n","protected":false},"excerpt":{"rendered":"<p>Desde el blog de La Cestita del Beb\u00e9 vamos a tocar un tema que a todos padres y madres nos parece duro y es cuando los peques comienzan a escribir.&nbsp; Aprender a escribir es una tarea dif\u00edcil pero necesaria en la primera infancia. \u00bfAlguna vez has notado que algunos ni\u00f1os escriben al rev\u00e9s? Este detalle &#8230; <a title=\"Mi hijo escribe al rev\u00e9s \u00bftiene alg\u00fan problema?\u00a0\" class=\"read-more\" href=\"https:\/\/www.lacestitadelbebe.es\/blog\/mi-hijo-escribe-al-reves-tiene-algun-problema\/\" aria-label=\"Leer m\u00e1s sobre Mi hijo escribe al rev\u00e9s \u00bftiene alg\u00fan problema?\u00a0\">Leer m\u00e1s<\/a><\/p>\n","protected":false},"author":1,"featured_media":2853,"comment_status":"open","ping_status":"open","sticky":false,"template":"","format":"standard","meta":{"_exactmetrics_skip_tracking":false,"_exactmetrics_sitenote_active":false,"_exactmetrics_sitenote_note":"","_exactmetrics_sitenote_category":0,"footnotes":""},"categories":[89,78,82],"tags":[774],"class_list":["post-4578","post","type-post","status-publish","format-standard","has-post-thumbnail","hentry","category-aprendizaje-y-estimulacion","category-bebes","category-maternidad","tag-escritura-espejo"],"yoast_head":"<!-- This site is optimized with the Yoast SEO plugin v27.5 - https:\/\/yoast.com\/product\/yoast-seo-wordpress\/ -->\n<title>Mi hijo escribe al rev\u00e9s \u00bftiene alg\u00fan problema?\u00a0 - Blog la Cestita del Beb\u00e9<\/title>\n<meta name=\"description\" content=\"Desde el blog de La Cestita del Beb\u00e9 os dejamos algunos consejos para solventar la escritura en espejo de los peques aprendiendo a escribir\" \/>\n<meta name=\"robots\" content=\"index, follow, max-snippet:-1, max-image-preview:large, max-video-preview:-1\" \/>\n<link rel=\"canonical\" href=\"https:\/\/www.lacestitadelbebe.es\/blog\/mi-hijo-escribe-al-reves-tiene-algun-problema\/\" \/>\n<meta property=\"og:locale\" content=\"es_ES\" \/>\n<meta property=\"og:type\" content=\"article\" \/>\n<meta property=\"og:title\" content=\"Mi hijo escribe al rev\u00e9s \u00bftiene alg\u00fan problema?\u00a0 - Blog la Cestita del Beb\u00e9\" \/>\n<meta property=\"og:description\" content=\"Desde el blog de La Cestita del Beb\u00e9 os dejamos algunos consejos para solventar la escritura en espejo de los peques aprendiendo a escribir\" \/>\n<meta property=\"og:url\" content=\"https:\/\/www.lacestitadelbebe.es\/blog\/mi-hijo-escribe-al-reves-tiene-algun-problema\/\" \/>\n<meta property=\"og:site_name\" content=\"Blog la Cestita del Beb\u00e9\" \/>\n<meta property=\"article:publisher\" content=\"https:\/\/www.facebook.com\/lacestitadelbebe.es\" \/>\n<meta property=\"article:published_time\" content=\"2024-02-05T06:04:30+00:00\" \/>\n<meta property=\"article:modified_time\" content=\"2024-04-30T09:05:09+00:00\" \/>\n<meta property=\"og:image\" content=\"https:\/\/www.lacestitadelbebe.es\/blog\/wp-content\/uploads\/2020\/12\/Aprendiendo-a-escribir_LaCestitadelBebe-scaled.jpg\" \/>\n\t<meta property=\"og:image:width\" content=\"485\" \/>\n\t<meta property=\"og:image:height\" content=\"324\" \/>\n\t<meta property=\"og:image:type\" content=\"image\/jpeg\" \/>\n<meta name=\"author\" content=\"La Cestita\" \/>\n<meta name=\"twitter:card\" content=\"summary_large_image\" \/>\n<meta name=\"twitter:creator\" content=\"@LaCestitaBebe\" \/>\n<meta name=\"twitter:site\" content=\"@LaCestitaBebe\" \/>\n<meta name=\"twitter:label1\" content=\"Escrito por\" \/>\n\t<meta name=\"twitter:data1\" content=\"La Cestita\" \/>\n\t<meta name=\"twitter:label2\" content=\"Tiempo de lectura\" \/>\n\t<meta name=\"twitter:data2\" content=\"6 minutos\" \/>\n<script type=\"application\/ld+json\" class=\"yoast-schema-graph\">{\"@context\":\"https:\\\/\\\/schema.org\",\"@graph\":[{\"@type\":\"Article\",\"@id\":\"https:\\\/\\\/www.lacestitadelbebe.es\\\/blog\\\/mi-hijo-escribe-al-reves-tiene-algun-problema\\\/#article\",\"isPartOf\":{\"@id\":\"https:\\\/\\\/www.lacestitadelbebe.es\\\/blog\\\/mi-hijo-escribe-al-reves-tiene-algun-problema\\\/\"},\"author\":{\"name\":\"La Cestita\",\"@id\":\"https:\\\/\\\/www.lacestitadelbebe.es\\\/blog\\\/#\\\/schema\\\/person\\\/4302d1284b0024ab11dca99558de40b4\"},\"headline\":\"Mi hijo escribe al rev\u00e9s \u00bftiene alg\u00fan problema?\u00a0\",\"datePublished\":\"2024-02-05T06:04:30+00:00\",\"dateModified\":\"2024-04-30T09:05:09+00:00\",\"mainEntityOfPage\":{\"@id\":\"https:\\\/\\\/www.lacestitadelbebe.es\\\/blog\\\/mi-hijo-escribe-al-reves-tiene-algun-problema\\\/\"},\"wordCount\":1347,\"commentCount\":0,\"publisher\":{\"@id\":\"https:\\\/\\\/www.lacestitadelbebe.es\\\/blog\\\/#organization\"},\"image\":{\"@id\":\"https:\\\/\\\/www.lacestitadelbebe.es\\\/blog\\\/mi-hijo-escribe-al-reves-tiene-algun-problema\\\/#primaryimage\"},\"thumbnailUrl\":\"https:\\\/\\\/www.lacestitadelbebe.es\\\/blog\\\/wp-content\\\/uploads\\\/2020\\\/12\\\/Aprendiendo-a-escribir_LaCestitadelBebe-scaled.jpg\",\"keywords\":[\"escritura espejo\"],\"articleSection\":[\"aprendizaje y estimulaci\u00f3n\",\"Beb\u00e9s\",\"maternidad\"],\"inLanguage\":\"es\",\"potentialAction\":[{\"@type\":\"CommentAction\",\"name\":\"Comment\",\"target\":[\"https:\\\/\\\/www.lacestitadelbebe.es\\\/blog\\\/mi-hijo-escribe-al-reves-tiene-algun-problema\\\/#respond\"]}]},{\"@type\":\"WebPage\",\"@id\":\"https:\\\/\\\/www.lacestitadelbebe.es\\\/blog\\\/mi-hijo-escribe-al-reves-tiene-algun-problema\\\/\",\"url\":\"https:\\\/\\\/www.lacestitadelbebe.es\\\/blog\\\/mi-hijo-escribe-al-reves-tiene-algun-problema\\\/\",\"name\":\"Mi hijo escribe al rev\u00e9s \u00bftiene alg\u00fan problema?\u00a0 - Blog la Cestita del Beb\u00e9\",\"isPartOf\":{\"@id\":\"https:\\\/\\\/www.lacestitadelbebe.es\\\/blog\\\/#website\"},\"primaryImageOfPage\":{\"@id\":\"https:\\\/\\\/www.lacestitadelbebe.es\\\/blog\\\/mi-hijo-escribe-al-reves-tiene-algun-problema\\\/#primaryimage\"},\"image\":{\"@id\":\"https:\\\/\\\/www.lacestitadelbebe.es\\\/blog\\\/mi-hijo-escribe-al-reves-tiene-algun-problema\\\/#primaryimage\"},\"thumbnailUrl\":\"https:\\\/\\\/www.lacestitadelbebe.es\\\/blog\\\/wp-content\\\/uploads\\\/2020\\\/12\\\/Aprendiendo-a-escribir_LaCestitadelBebe-scaled.jpg\",\"datePublished\":\"2024-02-05T06:04:30+00:00\",\"dateModified\":\"2024-04-30T09:05:09+00:00\",\"description\":\"Desde el blog de La Cestita del Beb\u00e9 os dejamos algunos consejos para solventar la escritura en espejo de los peques aprendiendo a escribir\",\"breadcrumb\":{\"@id\":\"https:\\\/\\\/www.lacestitadelbebe.es\\\/blog\\\/mi-hijo-escribe-al-reves-tiene-algun-problema\\\/#breadcrumb\"},\"inLanguage\":\"es\",\"potentialAction\":[{\"@type\":\"ReadAction\",\"target\":[\"https:\\\/\\\/www.lacestitadelbebe.es\\\/blog\\\/mi-hijo-escribe-al-reves-tiene-algun-problema\\\/\"]}]},{\"@type\":\"ImageObject\",\"inLanguage\":\"es\",\"@id\":\"https:\\\/\\\/www.lacestitadelbebe.es\\\/blog\\\/mi-hijo-escribe-al-reves-tiene-algun-problema\\\/#primaryimage\",\"url\":\"https:\\\/\\\/www.lacestitadelbebe.es\\\/blog\\\/wp-content\\\/uploads\\\/2020\\\/12\\\/Aprendiendo-a-escribir_LaCestitadelBebe-scaled.jpg\",\"contentUrl\":\"https:\\\/\\\/www.lacestitadelbebe.es\\\/blog\\\/wp-content\\\/uploads\\\/2020\\\/12\\\/Aprendiendo-a-escribir_LaCestitadelBebe-scaled.jpg\",\"width\":485,\"height\":324},{\"@type\":\"BreadcrumbList\",\"@id\":\"https:\\\/\\\/www.lacestitadelbebe.es\\\/blog\\\/mi-hijo-escribe-al-reves-tiene-algun-problema\\\/#breadcrumb\",\"itemListElement\":[{\"@type\":\"ListItem\",\"position\":1,\"name\":\"Portada\",\"item\":\"https:\\\/\\\/www.lacestitadelbebe.es\\\/blog\\\/\"},{\"@type\":\"ListItem\",\"position\":2,\"name\":\"Mi hijo escribe al rev\u00e9s \u00bftiene alg\u00fan problema?\u00a0\"}]},{\"@type\":\"WebSite\",\"@id\":\"https:\\\/\\\/www.lacestitadelbebe.es\\\/blog\\\/#website\",\"url\":\"https:\\\/\\\/www.lacestitadelbebe.es\\\/blog\\\/\",\"name\":\"Blog la Cestita del Beb\u00e9\",\"description\":\"Hablamos de todo lo relacionado con beb\u00e9s\",\"publisher\":{\"@id\":\"https:\\\/\\\/www.lacestitadelbebe.es\\\/blog\\\/#organization\"},\"potentialAction\":[{\"@type\":\"SearchAction\",\"target\":{\"@type\":\"EntryPoint\",\"urlTemplate\":\"https:\\\/\\\/www.lacestitadelbebe.es\\\/blog\\\/?s={search_term_string}\"},\"query-input\":{\"@type\":\"PropertyValueSpecification\",\"valueRequired\":true,\"valueName\":\"search_term_string\"}}],\"inLanguage\":\"es\"},{\"@type\":\"Organization\",\"@id\":\"https:\\\/\\\/www.lacestitadelbebe.es\\\/blog\\\/#organization\",\"name\":\"La Cestita del Beb\u00e9\",\"url\":\"https:\\\/\\\/www.lacestitadelbebe.es\\\/blog\\\/\",\"logo\":{\"@type\":\"ImageObject\",\"inLanguage\":\"es\",\"@id\":\"https:\\\/\\\/www.lacestitadelbebe.es\\\/blog\\\/#\\\/schema\\\/logo\\\/image\\\/\",\"url\":\"https:\\\/\\\/www.lacestitadelbebe.es\\\/blog\\\/wp-content\\\/uploads\\\/2017\\\/10\\\/la_cestita_del_bebe_blog.png\",\"contentUrl\":\"https:\\\/\\\/www.lacestitadelbebe.es\\\/blog\\\/wp-content\\\/uploads\\\/2017\\\/10\\\/la_cestita_del_bebe_blog.png\",\"width\":375,\"height\":70,\"caption\":\"La Cestita del Beb\u00e9\"},\"image\":{\"@id\":\"https:\\\/\\\/www.lacestitadelbebe.es\\\/blog\\\/#\\\/schema\\\/logo\\\/image\\\/\"},\"sameAs\":[\"https:\\\/\\\/www.facebook.com\\\/lacestitadelbebe.es\",\"https:\\\/\\\/x.com\\\/LaCestitaBebe\"]},{\"@type\":\"Person\",\"@id\":\"https:\\\/\\\/www.lacestitadelbebe.es\\\/blog\\\/#\\\/schema\\\/person\\\/4302d1284b0024ab11dca99558de40b4\",\"name\":\"La Cestita\",\"image\":{\"@type\":\"ImageObject\",\"inLanguage\":\"es\",\"@id\":\"https:\\\/\\\/secure.gravatar.com\\\/avatar\\\/533b503d3fc1781cdd76eacd2aa8f68348cdb3201605fe5b4616e6032a228068?s=96&d=mm&r=g\",\"url\":\"https:\\\/\\\/secure.gravatar.com\\\/avatar\\\/533b503d3fc1781cdd76eacd2aa8f68348cdb3201605fe5b4616e6032a228068?s=96&d=mm&r=g\",\"contentUrl\":\"https:\\\/\\\/secure.gravatar.com\\\/avatar\\\/533b503d3fc1781cdd76eacd2aa8f68348cdb3201605fe5b4616e6032a228068?s=96&d=mm&r=g\",\"caption\":\"La Cestita\"},\"sameAs\":[\"https:\\\/\\\/www.lacestitadelbebe.es\"]}]}<\/script>\n<!-- \/ Yoast SEO plugin. -->","yoast_head_json":{"title":"Mi hijo escribe al rev\u00e9s \u00bftiene alg\u00fan problema?\u00a0 - Blog la Cestita del Beb\u00e9","description":"Desde el blog de La Cestita del Beb\u00e9 os dejamos algunos consejos para solventar la escritura en espejo de los peques aprendiendo a escribir","robots":{"index":"index","follow":"follow","max-snippet":"max-snippet:-1","max-image-preview":"max-image-preview:large","max-video-preview":"max-video-preview:-1"},"canonical":"https:\/\/www.lacestitadelbebe.es\/blog\/mi-hijo-escribe-al-reves-tiene-algun-problema\/","og_locale":"es_ES","og_type":"article","og_title":"Mi hijo escribe al rev\u00e9s \u00bftiene alg\u00fan problema?\u00a0 - Blog la Cestita del Beb\u00e9","og_description":"Desde el blog de La Cestita del Beb\u00e9 os dejamos algunos consejos para solventar la escritura en espejo de los peques aprendiendo a escribir","og_url":"https:\/\/www.lacestitadelbebe.es\/blog\/mi-hijo-escribe-al-reves-tiene-algun-problema\/","og_site_name":"Blog la Cestita del Beb\u00e9","article_publisher":"https:\/\/www.facebook.com\/lacestitadelbebe.es","article_published_time":"2024-02-05T06:04:30+00:00","article_modified_time":"2024-04-30T09:05:09+00:00","og_image":[{"width":485,"height":324,"url":"https:\/\/www.lacestitadelbebe.es\/blog\/wp-content\/uploads\/2020\/12\/Aprendiendo-a-escribir_LaCestitadelBebe-scaled.jpg","type":"image\/jpeg"}],"author":"La Cestita","twitter_card":"summary_large_image","twitter_creator":"@LaCestitaBebe","twitter_site":"@LaCestitaBebe","twitter_misc":{"Escrito por":"La Cestita","Tiempo de lectura":"6 minutos"},"schema":{"@context":"https:\/\/schema.org","@graph":[{"@type":"Article","@id":"https:\/\/www.lacestitadelbebe.es\/blog\/mi-hijo-escribe-al-reves-tiene-algun-problema\/#article","isPartOf":{"@id":"https:\/\/www.lacestitadelbebe.es\/blog\/mi-hijo-escribe-al-reves-tiene-algun-problema\/"},"author":{"name":"La Cestita","@id":"https:\/\/www.lacestitadelbebe.es\/blog\/#\/schema\/person\/4302d1284b0024ab11dca99558de40b4"},"headline":"Mi hijo escribe al rev\u00e9s \u00bftiene alg\u00fan problema?\u00a0","datePublished":"2024-02-05T06:04:30+00:00","dateModified":"2024-04-30T09:05:09+00:00","mainEntityOfPage":{"@id":"https:\/\/www.lacestitadelbebe.es\/blog\/mi-hijo-escribe-al-reves-tiene-algun-problema\/"},"wordCount":1347,"commentCount":0,"publisher":{"@id":"https:\/\/www.lacestitadelbebe.es\/blog\/#organization"},"image":{"@id":"https:\/\/www.lacestitadelbebe.es\/blog\/mi-hijo-escribe-al-reves-tiene-algun-problema\/#primaryimage"},"thumbnailUrl":"https:\/\/www.lacestitadelbebe.es\/blog\/wp-content\/uploads\/2020\/12\/Aprendiendo-a-escribir_LaCestitadelBebe-scaled.jpg","keywords":["escritura espejo"],"articleSection":["aprendizaje y estimulaci\u00f3n","Beb\u00e9s","maternidad"],"inLanguage":"es","potentialAction":[{"@type":"CommentAction","name":"Comment","target":["https:\/\/www.lacestitadelbebe.es\/blog\/mi-hijo-escribe-al-reves-tiene-algun-problema\/#respond"]}]},{"@type":"WebPage","@id":"https:\/\/www.lacestitadelbebe.es\/blog\/mi-hijo-escribe-al-reves-tiene-algun-problema\/","url":"https:\/\/www.lacestitadelbebe.es\/blog\/mi-hijo-escribe-al-reves-tiene-algun-problema\/","name":"Mi hijo escribe al rev\u00e9s \u00bftiene alg\u00fan problema?\u00a0 - Blog la Cestita del Beb\u00e9","isPartOf":{"@id":"https:\/\/www.lacestitadelbebe.es\/blog\/#website"},"primaryImageOfPage":{"@id":"https:\/\/www.lacestitadelbebe.es\/blog\/mi-hijo-escribe-al-reves-tiene-algun-problema\/#primaryimage"},"image":{"@id":"https:\/\/www.lacestitadelbebe.es\/blog\/mi-hijo-escribe-al-reves-tiene-algun-problema\/#primaryimage"},"thumbnailUrl":"https:\/\/www.lacestitadelbebe.es\/blog\/wp-content\/uploads\/2020\/12\/Aprendiendo-a-escribir_LaCestitadelBebe-scaled.jpg","datePublished":"2024-02-05T06:04:30+00:00","dateModified":"2024-04-30T09:05:09+00:00","description":"Desde el blog de La Cestita del Beb\u00e9 os dejamos algunos consejos para solventar la escritura en espejo de los peques aprendiendo a escribir","breadcrumb":{"@id":"https:\/\/www.lacestitadelbebe.es\/blog\/mi-hijo-escribe-al-reves-tiene-algun-problema\/#breadcrumb"},"inLanguage":"es","potentialAction":[{"@type":"ReadAction","target":["https:\/\/www.lacestitadelbebe.es\/blog\/mi-hijo-escribe-al-reves-tiene-algun-problema\/"]}]},{"@type":"ImageObject","inLanguage":"es","@id":"https:\/\/www.lacestitadelbebe.es\/blog\/mi-hijo-escribe-al-reves-tiene-algun-problema\/#primaryimage","url":"https:\/\/www.lacestitadelbebe.es\/blog\/wp-content\/uploads\/2020\/12\/Aprendiendo-a-escribir_LaCestitadelBebe-scaled.jpg","contentUrl":"https:\/\/www.lacestitadelbebe.es\/blog\/wp-content\/uploads\/2020\/12\/Aprendiendo-a-escribir_LaCestitadelBebe-scaled.jpg","width":485,"height":324},{"@type":"BreadcrumbList","@id":"https:\/\/www.lacestitadelbebe.es\/blog\/mi-hijo-escribe-al-reves-tiene-algun-problema\/#breadcrumb","itemListElement":[{"@type":"ListItem","position":1,"name":"Portada","item":"https:\/\/www.lacestitadelbebe.es\/blog\/"},{"@type":"ListItem","position":2,"name":"Mi hijo escribe al rev\u00e9s \u00bftiene alg\u00fan problema?\u00a0"}]},{"@type":"WebSite","@id":"https:\/\/www.lacestitadelbebe.es\/blog\/#website","url":"https:\/\/www.lacestitadelbebe.es\/blog\/","name":"Blog la Cestita del Beb\u00e9","description":"Hablamos de todo lo relacionado con beb\u00e9s","publisher":{"@id":"https:\/\/www.lacestitadelbebe.es\/blog\/#organization"},"potentialAction":[{"@type":"SearchAction","target":{"@type":"EntryPoint","urlTemplate":"https:\/\/www.lacestitadelbebe.es\/blog\/?s={search_term_string}"},"query-input":{"@type":"PropertyValueSpecification","valueRequired":true,"valueName":"search_term_string"}}],"inLanguage":"es"},{"@type":"Organization","@id":"https:\/\/www.lacestitadelbebe.es\/blog\/#organization","name":"La Cestita del Beb\u00e9","url":"https:\/\/www.lacestitadelbebe.es\/blog\/","logo":{"@type":"ImageObject","inLanguage":"es","@id":"https:\/\/www.lacestitadelbebe.es\/blog\/#\/schema\/logo\/image\/","url":"https:\/\/www.lacestitadelbebe.es\/blog\/wp-content\/uploads\/2017\/10\/la_cestita_del_bebe_blog.png","contentUrl":"https:\/\/www.lacestitadelbebe.es\/blog\/wp-content\/uploads\/2017\/10\/la_cestita_del_bebe_blog.png","width":375,"height":70,"caption":"La Cestita del Beb\u00e9"},"image":{"@id":"https:\/\/www.lacestitadelbebe.es\/blog\/#\/schema\/logo\/image\/"},"sameAs":["https:\/\/www.facebook.com\/lacestitadelbebe.es","https:\/\/x.com\/LaCestitaBebe"]},{"@type":"Person","@id":"https:\/\/www.lacestitadelbebe.es\/blog\/#\/schema\/person\/4302d1284b0024ab11dca99558de40b4","name":"La Cestita","image":{"@type":"ImageObject","inLanguage":"es","@id":"https:\/\/secure.gravatar.com\/avatar\/533b503d3fc1781cdd76eacd2aa8f68348cdb3201605fe5b4616e6032a228068?s=96&d=mm&r=g","url":"https:\/\/secure.gravatar.com\/avatar\/533b503d3fc1781cdd76eacd2aa8f68348cdb3201605fe5b4616e6032a228068?s=96&d=mm&r=g","contentUrl":"https:\/\/secure.gravatar.com\/avatar\/533b503d3fc1781cdd76eacd2aa8f68348cdb3201605fe5b4616e6032a228068?s=96&d=mm&r=g","caption":"La Cestita"},"sameAs":["https:\/\/www.lacestitadelbebe.es"]}]}},"_links":{"self":[{"href":"https:\/\/www.lacestitadelbebe.es\/blog\/wp-json\/wp\/v2\/posts\/4578","targetHints":{"allow":["GET"]}}],"collection":[{"href":"https:\/\/www.lacestitadelbebe.es\/blog\/wp-json\/wp\/v2\/posts"}],"about":[{"href":"https:\/\/www.lacestitadelbebe.es\/blog\/wp-json\/wp\/v2\/types\/post"}],"author":[{"embeddable":true,"href":"https:\/\/www.lacestitadelbebe.es\/blog\/wp-json\/wp\/v2\/users\/1"}],"replies":[{"embeddable":true,"href":"https:\/\/www.lacestitadelbebe.es\/blog\/wp-json\/wp\/v2\/comments?post=4578"}],"version-history":[{"count":6,"href":"https:\/\/www.lacestitadelbebe.es\/blog\/wp-json\/wp\/v2\/posts\/4578\/revisions"}],"predecessor-version":[{"id":4771,"href":"https:\/\/www.lacestitadelbebe.es\/blog\/wp-json\/wp\/v2\/posts\/4578\/revisions\/4771"}],"wp:featuredmedia":[{"embeddable":true,"href":"https:\/\/www.lacestitadelbebe.es\/blog\/wp-json\/wp\/v2\/media\/2853"}],"wp:attachment":[{"href":"https:\/\/www.lacestitadelbebe.es\/blog\/wp-json\/wp\/v2\/media?parent=4578"}],"wp:term":[{"taxonomy":"category","embeddable":true,"href":"https:\/\/www.lacestitadelbebe.es\/blog\/wp-json\/wp\/v2\/categories?post=4578"},{"taxonomy":"post_tag","embeddable":true,"href":"https:\/\/www.lacestitadelbebe.es\/blog\/wp-json\/wp\/v2\/tags?post=4578"}],"curies":[{"name":"wp","href":"https:\/\/api.w.org\/{rel}","templated":true}]}}