{"id":45,"date":"2016-05-22T16:49:00","date_gmt":"2016-05-22T16:49:00","guid":{"rendered":"https:\/\/lacestitadelbebe.es\/blog\/canastillas-marineras-para-nino-y-nina\/"},"modified":"2020-04-26T18:29:37","modified_gmt":"2020-04-26T18:29:37","slug":"canastillas-marineras-para-nino-y-nina","status":"publish","type":"post","link":"https:\/\/www.lacestitadelbebe.es\/blog\/canastillas-marineras-para-nino-y-nina\/","title":{"rendered":"Canastillas Marineras para ni\u00f1o y ni\u00f1a"},"content":{"rendered":"<p>Este temporada de nuevo la moda de estilo marinero vuelve a ser tendencia, un estilo que sobrevive a los a\u00f1os reinvent\u00e1ndose esta vez con nuevos modelos, a cada cual m\u00e1s coqueto.<\/p>\n<p>Si bien es verdad que los beb\u00e9s est\u00e1n siempre preciosos les pongamos lo que les pongamos van a estar realmente guapos con estos nuevos <a href=\"https:\/\/lacestitadelbebe.es\/es\/nino\/1025-pelele-marinero.html\">modelitos<\/a> que les tenemos preparados en <a href=\"https:\/\/lacestitadelbebe.es\/es\/\">La Cestita del Beb\u00e9<\/a>.<\/p>\n<p>Una canastilla muy de moda para los amantes del estilo marinero y un detalle requetebonito para dar la Enhorabuena a los Pap\u00e1s y la Bienvenida a los peque\u00f1ines como merece y a un precio realmente econ\u00f3mico.<\/p>\n<div class=\"separator\" style=\"clear: both; text-align: center;\">\n<a href=\"https:\/\/lacestitadelbebe.es\/es\/nino\/1213-canastilla-marinera-nino-.html\"><img decoding=\"async\" border=\"0\" height=\"614\" data-src=\"https:\/\/lacestitadelbebe.es\/blog\/wp-content\/uploads\/2016\/05\/MarineraniC3B1o.jpg\" width=\"640\" src=\"data:image\/svg+xml;base64,PHN2ZyB3aWR0aD0iMSIgaGVpZ2h0PSIxIiB4bWxucz0iaHR0cDovL3d3dy53My5vcmcvMjAwMC9zdmciPjwvc3ZnPg==\" class=\"lazyload\" style=\"--smush-placeholder-width: 640px; --smush-placeholder-aspect-ratio: 640\/614;\"><\/a><\/div>\n<div class=\"separator\" style=\"clear: both; text-align: center;\">\n<img decoding=\"async\" border=\"0\" height=\"640\" data-src=\"https:\/\/lacestitadelbebe.es\/blog\/wp-content\/uploads\/2016\/05\/canastillamarineraniC3B1a.jpg\" width=\"624\" src=\"data:image\/svg+xml;base64,PHN2ZyB3aWR0aD0iMSIgaGVpZ2h0PSIxIiB4bWxucz0iaHR0cDovL3d3dy53My5vcmcvMjAwMC9zdmciPjwvc3ZnPg==\" class=\"lazyload\" style=\"--smush-placeholder-width: 624px; --smush-placeholder-aspect-ratio: 624\/640;\"><\/div>\n<p>\u00bfA que son una moner\u00eda? y por s\u00f3lo 37.95\u20ac un detalle precioso que los pap\u00e1s no olvidar\u00e1n!<\/p>\n","protected":false},"excerpt":{"rendered":"<p>Este temporada de nuevo la moda de estilo marinero vuelve a ser tendencia, un estilo que sobrevive a los a\u00f1os reinvent\u00e1ndose esta vez con nuevos modelos, a cada cual m\u00e1s coqueto. Si bien es verdad que los beb\u00e9s est\u00e1n siempre preciosos les pongamos lo que les pongamos van a estar realmente guapos con estos nuevos &#8230; <a title=\"Canastillas Marineras para ni\u00f1o y ni\u00f1a\" class=\"read-more\" href=\"https:\/\/www.lacestitadelbebe.es\/blog\/canastillas-marineras-para-nino-y-nina\/\" aria-label=\"Leer m\u00e1s sobre Canastillas Marineras para ni\u00f1o y ni\u00f1a\">Leer m\u00e1s<\/a><\/p>\n","protected":false},"author":1,"featured_media":226,"comment_status":"open","ping_status":"open","sticky":false,"template":"","format":"standard","meta":{"_exactmetrics_skip_tracking":false,"_exactmetrics_sitenote_active":false,"_exactmetrics_sitenote_note":"","_exactmetrics_sitenote_category":0,"footnotes":""},"categories":[1],"tags":[19,20,3,4,5,13,6],"class_list":["post-45","post","type-post","status-publish","format-standard","has-post-thumbnail","hentry","category-sin-categoria","tag-canastilla-bebe","tag-canastilla-recien-nacido","tag-canastillas-bebe","tag-cesta-bebe","tag-cestas-bebe","tag-cestas-de-bebe","tag-cestas-para-bebes"],"yoast_head":"<!-- This site is optimized with the Yoast SEO plugin v27.5 - https:\/\/yoast.com\/product\/yoast-seo-wordpress\/ -->\n<title>Canastillas Marineras para ni\u00f1o y ni\u00f1a - Blog la Cestita del Beb\u00e9<\/title>\n<meta name=\"robots\" content=\"index, follow, max-snippet:-1, max-image-preview:large, max-video-preview:-1\" \/>\n<link rel=\"canonical\" href=\"https:\/\/lacestitadelbebe.es\/es\/6-canastillas-regalos-bebe\" \/>\n<meta property=\"og:locale\" content=\"es_ES\" \/>\n<meta property=\"og:type\" content=\"article\" \/>\n<meta property=\"og:title\" content=\"Canastillas Marineras para ni\u00f1o y ni\u00f1a - Blog la Cestita del Beb\u00e9\" \/>\n<meta property=\"og:description\" content=\"Este temporada de nuevo la moda de estilo marinero vuelve a ser tendencia, un estilo que sobrevive a los a\u00f1os reinvent\u00e1ndose esta vez con nuevos modelos, a cada cual m\u00e1s coqueto. Si bien es verdad que los beb\u00e9s est\u00e1n siempre preciosos les pongamos lo que les pongamos van a estar realmente guapos con estos nuevos ... Leer m\u00e1s\" \/>\n<meta property=\"og:url\" content=\"https:\/\/lacestitadelbebe.es\/es\/6-canastillas-regalos-bebe\" \/>\n<meta property=\"og:site_name\" content=\"Blog la Cestita del Beb\u00e9\" \/>\n<meta property=\"article:publisher\" content=\"https:\/\/www.facebook.com\/lacestitadelbebe.es\" \/>\n<meta property=\"article:published_time\" content=\"2016-05-22T16:49:00+00:00\" \/>\n<meta property=\"article:modified_time\" content=\"2020-04-26T18:29:37+00:00\" \/>\n<meta property=\"og:image\" content=\"https:\/\/www.lacestitadelbebe.es\/blog\/wp-content\/uploads\/2016\/05\/MarineraniC3B1o.jpg\" \/>\n\t<meta property=\"og:image:width\" content=\"365\" \/>\n\t<meta property=\"og:image:height\" content=\"350\" \/>\n\t<meta property=\"og:image:type\" content=\"image\/jpeg\" \/>\n<meta name=\"author\" content=\"La Cestita\" \/>\n<meta name=\"twitter:card\" content=\"summary_large_image\" \/>\n<meta name=\"twitter:creator\" content=\"@LaCestitaBebe\" \/>\n<meta name=\"twitter:site\" content=\"@LaCestitaBebe\" \/>\n<meta name=\"twitter:label1\" content=\"Escrito por\" \/>\n\t<meta name=\"twitter:data1\" content=\"La Cestita\" \/>\n\t<meta name=\"twitter:label2\" content=\"Tiempo de lectura\" \/>\n\t<meta name=\"twitter:data2\" content=\"1 minuto\" \/>\n<script type=\"application\/ld+json\" class=\"yoast-schema-graph\">{\"@context\":\"https:\\\/\\\/schema.org\",\"@graph\":[{\"@type\":\"Article\",\"@id\":\"https:\\\/\\\/lacestitadelbebe.es\\\/es\\\/6-canastillas-regalos-bebe#article\",\"isPartOf\":{\"@id\":\"https:\\\/\\\/www.lacestitadelbebe.es\\\/blog\\\/canastillas-marineras-para-nino-y-nina\\\/\"},\"author\":{\"name\":\"La Cestita\",\"@id\":\"https:\\\/\\\/www.lacestitadelbebe.es\\\/blog\\\/#\\\/schema\\\/person\\\/4302d1284b0024ab11dca99558de40b4\"},\"headline\":\"Canastillas Marineras para ni\u00f1o y ni\u00f1a\",\"datePublished\":\"2016-05-22T16:49:00+00:00\",\"dateModified\":\"2020-04-26T18:29:37+00:00\",\"mainEntityOfPage\":{\"@id\":\"https:\\\/\\\/www.lacestitadelbebe.es\\\/blog\\\/canastillas-marineras-para-nino-y-nina\\\/\"},\"wordCount\":137,\"commentCount\":0,\"publisher\":{\"@id\":\"https:\\\/\\\/www.lacestitadelbebe.es\\\/blog\\\/#organization\"},\"image\":{\"@id\":\"https:\\\/\\\/lacestitadelbebe.es\\\/es\\\/6-canastillas-regalos-bebe#primaryimage\"},\"thumbnailUrl\":\"https:\\\/\\\/www.lacestitadelbebe.es\\\/blog\\\/wp-content\\\/uploads\\\/2016\\\/05\\\/MarineraniC3B1o.jpg\",\"keywords\":[\"canastilla bebe\",\"canastilla reci\u00e9n nacido\",\"canastillas bebe\",\"cesta bebe\",\"cestas bebe\",\"cestas de bebe\",\"cestas para bebes\"],\"inLanguage\":\"es\",\"potentialAction\":[{\"@type\":\"CommentAction\",\"name\":\"Comment\",\"target\":[\"https:\\\/\\\/lacestitadelbebe.es\\\/es\\\/6-canastillas-regalos-bebe#respond\"]}]},{\"@type\":\"WebPage\",\"@id\":\"https:\\\/\\\/www.lacestitadelbebe.es\\\/blog\\\/canastillas-marineras-para-nino-y-nina\\\/\",\"url\":\"https:\\\/\\\/lacestitadelbebe.es\\\/es\\\/6-canastillas-regalos-bebe\",\"name\":\"Canastillas Marineras para ni\u00f1o y ni\u00f1a - Blog la Cestita del Beb\u00e9\",\"isPartOf\":{\"@id\":\"https:\\\/\\\/www.lacestitadelbebe.es\\\/blog\\\/#website\"},\"primaryImageOfPage\":{\"@id\":\"https:\\\/\\\/lacestitadelbebe.es\\\/es\\\/6-canastillas-regalos-bebe#primaryimage\"},\"image\":{\"@id\":\"https:\\\/\\\/lacestitadelbebe.es\\\/es\\\/6-canastillas-regalos-bebe#primaryimage\"},\"thumbnailUrl\":\"https:\\\/\\\/www.lacestitadelbebe.es\\\/blog\\\/wp-content\\\/uploads\\\/2016\\\/05\\\/MarineraniC3B1o.jpg\",\"datePublished\":\"2016-05-22T16:49:00+00:00\",\"dateModified\":\"2020-04-26T18:29:37+00:00\",\"breadcrumb\":{\"@id\":\"https:\\\/\\\/lacestitadelbebe.es\\\/es\\\/6-canastillas-regalos-bebe#breadcrumb\"},\"inLanguage\":\"es\",\"potentialAction\":[{\"@type\":\"ReadAction\",\"target\":[\"https:\\\/\\\/lacestitadelbebe.es\\\/es\\\/6-canastillas-regalos-bebe\"]}]},{\"@type\":\"ImageObject\",\"inLanguage\":\"es\",\"@id\":\"https:\\\/\\\/lacestitadelbebe.es\\\/es\\\/6-canastillas-regalos-bebe#primaryimage\",\"url\":\"https:\\\/\\\/www.lacestitadelbebe.es\\\/blog\\\/wp-content\\\/uploads\\\/2016\\\/05\\\/MarineraniC3B1o.jpg\",\"contentUrl\":\"https:\\\/\\\/www.lacestitadelbebe.es\\\/blog\\\/wp-content\\\/uploads\\\/2016\\\/05\\\/MarineraniC3B1o.jpg\",\"width\":365,\"height\":350},{\"@type\":\"BreadcrumbList\",\"@id\":\"https:\\\/\\\/lacestitadelbebe.es\\\/es\\\/6-canastillas-regalos-bebe#breadcrumb\",\"itemListElement\":[{\"@type\":\"ListItem\",\"position\":1,\"name\":\"Portada\",\"item\":\"https:\\\/\\\/www.lacestitadelbebe.es\\\/blog\\\/\"},{\"@type\":\"ListItem\",\"position\":2,\"name\":\"Canastillas Marineras para ni\u00f1o y ni\u00f1a\"}]},{\"@type\":\"WebSite\",\"@id\":\"https:\\\/\\\/www.lacestitadelbebe.es\\\/blog\\\/#website\",\"url\":\"https:\\\/\\\/www.lacestitadelbebe.es\\\/blog\\\/\",\"name\":\"Blog la Cestita del Beb\u00e9\",\"description\":\"Hablamos de todo lo relacionado con beb\u00e9s\",\"publisher\":{\"@id\":\"https:\\\/\\\/www.lacestitadelbebe.es\\\/blog\\\/#organization\"},\"potentialAction\":[{\"@type\":\"SearchAction\",\"target\":{\"@type\":\"EntryPoint\",\"urlTemplate\":\"https:\\\/\\\/www.lacestitadelbebe.es\\\/blog\\\/?s={search_term_string}\"},\"query-input\":{\"@type\":\"PropertyValueSpecification\",\"valueRequired\":true,\"valueName\":\"search_term_string\"}}],\"inLanguage\":\"es\"},{\"@type\":\"Organization\",\"@id\":\"https:\\\/\\\/www.lacestitadelbebe.es\\\/blog\\\/#organization\",\"name\":\"La Cestita del Beb\u00e9\",\"url\":\"https:\\\/\\\/www.lacestitadelbebe.es\\\/blog\\\/\",\"logo\":{\"@type\":\"ImageObject\",\"inLanguage\":\"es\",\"@id\":\"https:\\\/\\\/www.lacestitadelbebe.es\\\/blog\\\/#\\\/schema\\\/logo\\\/image\\\/\",\"url\":\"https:\\\/\\\/www.lacestitadelbebe.es\\\/blog\\\/wp-content\\\/uploads\\\/2017\\\/10\\\/la_cestita_del_bebe_blog.png\",\"contentUrl\":\"https:\\\/\\\/www.lacestitadelbebe.es\\\/blog\\\/wp-content\\\/uploads\\\/2017\\\/10\\\/la_cestita_del_bebe_blog.png\",\"width\":375,\"height\":70,\"caption\":\"La Cestita del Beb\u00e9\"},\"image\":{\"@id\":\"https:\\\/\\\/www.lacestitadelbebe.es\\\/blog\\\/#\\\/schema\\\/logo\\\/image\\\/\"},\"sameAs\":[\"https:\\\/\\\/www.facebook.com\\\/lacestitadelbebe.es\",\"https:\\\/\\\/x.com\\\/LaCestitaBebe\"]},{\"@type\":\"Person\",\"@id\":\"https:\\\/\\\/www.lacestitadelbebe.es\\\/blog\\\/#\\\/schema\\\/person\\\/4302d1284b0024ab11dca99558de40b4\",\"name\":\"La Cestita\",\"image\":{\"@type\":\"ImageObject\",\"inLanguage\":\"es\",\"@id\":\"https:\\\/\\\/secure.gravatar.com\\\/avatar\\\/533b503d3fc1781cdd76eacd2aa8f68348cdb3201605fe5b4616e6032a228068?s=96&d=mm&r=g\",\"url\":\"https:\\\/\\\/secure.gravatar.com\\\/avatar\\\/533b503d3fc1781cdd76eacd2aa8f68348cdb3201605fe5b4616e6032a228068?s=96&d=mm&r=g\",\"contentUrl\":\"https:\\\/\\\/secure.gravatar.com\\\/avatar\\\/533b503d3fc1781cdd76eacd2aa8f68348cdb3201605fe5b4616e6032a228068?s=96&d=mm&r=g\",\"caption\":\"La Cestita\"},\"sameAs\":[\"https:\\\/\\\/www.lacestitadelbebe.es\"]}]}<\/script>\n<!-- \/ Yoast SEO plugin. -->","yoast_head_json":{"title":"Canastillas Marineras para ni\u00f1o y ni\u00f1a - Blog la Cestita del Beb\u00e9","robots":{"index":"index","follow":"follow","max-snippet":"max-snippet:-1","max-image-preview":"max-image-preview:large","max-video-preview":"max-video-preview:-1"},"canonical":"https:\/\/lacestitadelbebe.es\/es\/6-canastillas-regalos-bebe","og_locale":"es_ES","og_type":"article","og_title":"Canastillas Marineras para ni\u00f1o y ni\u00f1a - Blog la Cestita del Beb\u00e9","og_description":"Este temporada de nuevo la moda de estilo marinero vuelve a ser tendencia, un estilo que sobrevive a los a\u00f1os reinvent\u00e1ndose esta vez con nuevos modelos, a cada cual m\u00e1s coqueto. Si bien es verdad que los beb\u00e9s est\u00e1n siempre preciosos les pongamos lo que les pongamos van a estar realmente guapos con estos nuevos ... Leer m\u00e1s","og_url":"https:\/\/lacestitadelbebe.es\/es\/6-canastillas-regalos-bebe","og_site_name":"Blog la Cestita del Beb\u00e9","article_publisher":"https:\/\/www.facebook.com\/lacestitadelbebe.es","article_published_time":"2016-05-22T16:49:00+00:00","article_modified_time":"2020-04-26T18:29:37+00:00","og_image":[{"width":365,"height":350,"url":"https:\/\/www.lacestitadelbebe.es\/blog\/wp-content\/uploads\/2016\/05\/MarineraniC3B1o.jpg","type":"image\/jpeg"}],"author":"La Cestita","twitter_card":"summary_large_image","twitter_creator":"@LaCestitaBebe","twitter_site":"@LaCestitaBebe","twitter_misc":{"Escrito por":"La Cestita","Tiempo de lectura":"1 minuto"},"schema":{"@context":"https:\/\/schema.org","@graph":[{"@type":"Article","@id":"https:\/\/lacestitadelbebe.es\/es\/6-canastillas-regalos-bebe#article","isPartOf":{"@id":"https:\/\/www.lacestitadelbebe.es\/blog\/canastillas-marineras-para-nino-y-nina\/"},"author":{"name":"La Cestita","@id":"https:\/\/www.lacestitadelbebe.es\/blog\/#\/schema\/person\/4302d1284b0024ab11dca99558de40b4"},"headline":"Canastillas Marineras para ni\u00f1o y ni\u00f1a","datePublished":"2016-05-22T16:49:00+00:00","dateModified":"2020-04-26T18:29:37+00:00","mainEntityOfPage":{"@id":"https:\/\/www.lacestitadelbebe.es\/blog\/canastillas-marineras-para-nino-y-nina\/"},"wordCount":137,"commentCount":0,"publisher":{"@id":"https:\/\/www.lacestitadelbebe.es\/blog\/#organization"},"image":{"@id":"https:\/\/lacestitadelbebe.es\/es\/6-canastillas-regalos-bebe#primaryimage"},"thumbnailUrl":"https:\/\/www.lacestitadelbebe.es\/blog\/wp-content\/uploads\/2016\/05\/MarineraniC3B1o.jpg","keywords":["canastilla bebe","canastilla reci\u00e9n nacido","canastillas bebe","cesta bebe","cestas bebe","cestas de bebe","cestas para bebes"],"inLanguage":"es","potentialAction":[{"@type":"CommentAction","name":"Comment","target":["https:\/\/lacestitadelbebe.es\/es\/6-canastillas-regalos-bebe#respond"]}]},{"@type":"WebPage","@id":"https:\/\/www.lacestitadelbebe.es\/blog\/canastillas-marineras-para-nino-y-nina\/","url":"https:\/\/lacestitadelbebe.es\/es\/6-canastillas-regalos-bebe","name":"Canastillas Marineras para ni\u00f1o y ni\u00f1a - Blog la Cestita del Beb\u00e9","isPartOf":{"@id":"https:\/\/www.lacestitadelbebe.es\/blog\/#website"},"primaryImageOfPage":{"@id":"https:\/\/lacestitadelbebe.es\/es\/6-canastillas-regalos-bebe#primaryimage"},"image":{"@id":"https:\/\/lacestitadelbebe.es\/es\/6-canastillas-regalos-bebe#primaryimage"},"thumbnailUrl":"https:\/\/www.lacestitadelbebe.es\/blog\/wp-content\/uploads\/2016\/05\/MarineraniC3B1o.jpg","datePublished":"2016-05-22T16:49:00+00:00","dateModified":"2020-04-26T18:29:37+00:00","breadcrumb":{"@id":"https:\/\/lacestitadelbebe.es\/es\/6-canastillas-regalos-bebe#breadcrumb"},"inLanguage":"es","potentialAction":[{"@type":"ReadAction","target":["https:\/\/lacestitadelbebe.es\/es\/6-canastillas-regalos-bebe"]}]},{"@type":"ImageObject","inLanguage":"es","@id":"https:\/\/lacestitadelbebe.es\/es\/6-canastillas-regalos-bebe#primaryimage","url":"https:\/\/www.lacestitadelbebe.es\/blog\/wp-content\/uploads\/2016\/05\/MarineraniC3B1o.jpg","contentUrl":"https:\/\/www.lacestitadelbebe.es\/blog\/wp-content\/uploads\/2016\/05\/MarineraniC3B1o.jpg","width":365,"height":350},{"@type":"BreadcrumbList","@id":"https:\/\/lacestitadelbebe.es\/es\/6-canastillas-regalos-bebe#breadcrumb","itemListElement":[{"@type":"ListItem","position":1,"name":"Portada","item":"https:\/\/www.lacestitadelbebe.es\/blog\/"},{"@type":"ListItem","position":2,"name":"Canastillas Marineras para ni\u00f1o y ni\u00f1a"}]},{"@type":"WebSite","@id":"https:\/\/www.lacestitadelbebe.es\/blog\/#website","url":"https:\/\/www.lacestitadelbebe.es\/blog\/","name":"Blog la Cestita del Beb\u00e9","description":"Hablamos de todo lo relacionado con beb\u00e9s","publisher":{"@id":"https:\/\/www.lacestitadelbebe.es\/blog\/#organization"},"potentialAction":[{"@type":"SearchAction","target":{"@type":"EntryPoint","urlTemplate":"https:\/\/www.lacestitadelbebe.es\/blog\/?s={search_term_string}"},"query-input":{"@type":"PropertyValueSpecification","valueRequired":true,"valueName":"search_term_string"}}],"inLanguage":"es"},{"@type":"Organization","@id":"https:\/\/www.lacestitadelbebe.es\/blog\/#organization","name":"La Cestita del Beb\u00e9","url":"https:\/\/www.lacestitadelbebe.es\/blog\/","logo":{"@type":"ImageObject","inLanguage":"es","@id":"https:\/\/www.lacestitadelbebe.es\/blog\/#\/schema\/logo\/image\/","url":"https:\/\/www.lacestitadelbebe.es\/blog\/wp-content\/uploads\/2017\/10\/la_cestita_del_bebe_blog.png","contentUrl":"https:\/\/www.lacestitadelbebe.es\/blog\/wp-content\/uploads\/2017\/10\/la_cestita_del_bebe_blog.png","width":375,"height":70,"caption":"La Cestita del Beb\u00e9"},"image":{"@id":"https:\/\/www.lacestitadelbebe.es\/blog\/#\/schema\/logo\/image\/"},"sameAs":["https:\/\/www.facebook.com\/lacestitadelbebe.es","https:\/\/x.com\/LaCestitaBebe"]},{"@type":"Person","@id":"https:\/\/www.lacestitadelbebe.es\/blog\/#\/schema\/person\/4302d1284b0024ab11dca99558de40b4","name":"La Cestita","image":{"@type":"ImageObject","inLanguage":"es","@id":"https:\/\/secure.gravatar.com\/avatar\/533b503d3fc1781cdd76eacd2aa8f68348cdb3201605fe5b4616e6032a228068?s=96&d=mm&r=g","url":"https:\/\/secure.gravatar.com\/avatar\/533b503d3fc1781cdd76eacd2aa8f68348cdb3201605fe5b4616e6032a228068?s=96&d=mm&r=g","contentUrl":"https:\/\/secure.gravatar.com\/avatar\/533b503d3fc1781cdd76eacd2aa8f68348cdb3201605fe5b4616e6032a228068?s=96&d=mm&r=g","caption":"La Cestita"},"sameAs":["https:\/\/www.lacestitadelbebe.es"]}]}},"_links":{"self":[{"href":"https:\/\/www.lacestitadelbebe.es\/blog\/wp-json\/wp\/v2\/posts\/45","targetHints":{"allow":["GET"]}}],"collection":[{"href":"https:\/\/www.lacestitadelbebe.es\/blog\/wp-json\/wp\/v2\/posts"}],"about":[{"href":"https:\/\/www.lacestitadelbebe.es\/blog\/wp-json\/wp\/v2\/types\/post"}],"author":[{"embeddable":true,"href":"https:\/\/www.lacestitadelbebe.es\/blog\/wp-json\/wp\/v2\/users\/1"}],"replies":[{"embeddable":true,"href":"https:\/\/www.lacestitadelbebe.es\/blog\/wp-json\/wp\/v2\/comments?post=45"}],"version-history":[{"count":3,"href":"https:\/\/www.lacestitadelbebe.es\/blog\/wp-json\/wp\/v2\/posts\/45\/revisions"}],"predecessor-version":[{"id":2285,"href":"https:\/\/www.lacestitadelbebe.es\/blog\/wp-json\/wp\/v2\/posts\/45\/revisions\/2285"}],"wp:featuredmedia":[{"embeddable":true,"href":"https:\/\/www.lacestitadelbebe.es\/blog\/wp-json\/wp\/v2\/media\/226"}],"wp:attachment":[{"href":"https:\/\/www.lacestitadelbebe.es\/blog\/wp-json\/wp\/v2\/media?parent=45"}],"wp:term":[{"taxonomy":"category","embeddable":true,"href":"https:\/\/www.lacestitadelbebe.es\/blog\/wp-json\/wp\/v2\/categories?post=45"},{"taxonomy":"post_tag","embeddable":true,"href":"https:\/\/www.lacestitadelbebe.es\/blog\/wp-json\/wp\/v2\/tags?post=45"}],"curies":[{"name":"wp","href":"https:\/\/api.w.org\/{rel}","templated":true}]}}