{"id":4453,"date":"2023-10-25T05:07:19","date_gmt":"2023-10-25T05:07:19","guid":{"rendered":"https:\/\/www.lacestitadelbebe.es\/blog\/?p=4453"},"modified":"2023-10-25T05:07:20","modified_gmt":"2023-10-25T05:07:20","slug":"como-detectar-si-el-peque-necesita-gafas","status":"publish","type":"post","link":"https:\/\/www.lacestitadelbebe.es\/blog\/como-detectar-si-el-peque-necesita-gafas\/","title":{"rendered":"Como detectar si el peque necesita gafas"},"content":{"rendered":"\n<p>Esperando que llegue el fresco ya, que ya toca os dejamos un art\u00edculo para ver s vuestros hij@s est\u00e1n hechos unos linces.<\/p>\n\n\n<div class=\"wp-block-image\">\n<figure class=\"aligncenter size-full\"><img decoding=\"async\" width=\"275\" height=\"183\" data-src=\"https:\/\/www.lacestitadelbebe.es\/blog\/wp-content\/uploads\/2020\/04\/ni\u00f1o_gafas.jpg\" alt=\"\" class=\"wp-image-2251 lazyload\" src=\"data:image\/svg+xml;base64,PHN2ZyB3aWR0aD0iMSIgaGVpZ2h0PSIxIiB4bWxucz0iaHR0cDovL3d3dy53My5vcmcvMjAwMC9zdmciPjwvc3ZnPg==\" style=\"--smush-placeholder-width: 275px; --smush-placeholder-aspect-ratio: 275\/183;\" \/><\/figure>\n<\/div>\n\n\n<p>Actualmente en muchos coles les hacen pruebas de vista al empezar el curso. Ya que como todos sabemos la vista es uno de los principales sentidos que tenemos para relacionarnos con el mundo que nos rodea. Por este motivo desde el blog de&nbsp;<a href=\"https:\/\/lacestitadelbebe.es\/es\/\">Lacestitadelbebe<\/a>&nbsp;os dejamos unos tips o consejos que pueden ayudarnos a desvelar alg\u00fan problema de visi\u00f3n en nuestros peques.<\/p>\n\n\n\n<p><strong>Que dicen los estudios<\/strong><\/p>\n\n\n\n<p><strong>Seg\u00fan los estudios se estima que los trastornos de vista m\u00e1s comunes como son la miop\u00eda, hipermetrop\u00eda y astigmatismo llegan a afectar a uno de cada 5 ni\u00f1os en edad escolar<\/strong>, a lo que se suma que en estos tiempos tan tecnol\u00f3gicos se pueda abusar de tablets, m\u00f3viles, PC\u2019s, etc. que pueden acabar cansando y da\u00f1ando la vista de los m\u00e1s peque\u00f1os.<\/p>\n\n\n\n<p><strong>Ellos no avisan pero dan pistas<\/strong><\/p>\n\n\n\n<p>Es verdad que ellos casi nunca nos dir\u00e1n directamente que tienen un problema de visi\u00f3n, ya que es un tema un tanto complejo a edades tempranas. Pero&nbsp;<strong>si tenemos en cuenta una serie de pautas podemos ver si necesitan una revisi\u00f3n para detectar un problema de visi\u00f3n<\/strong>. Ya que cuanto antes lo detectemos antes pondremos remedio. Como padres debemos estar atentos siempre e intentar ver cosas que no son normales en su comportamiento habitual.<\/p>\n\n\n\n<p>Estos son algunos de los indicios principales que nos pueden hacer sospechar:<\/p>\n\n\n\n<ul class=\"wp-block-list\">\n<li><strong>Siempre prefiere sentarse cerca de la pizarra<\/strong>. Por normal general esto suele ser poco frecuente ya que por timidez y miedo a los profesores los ni\u00f1@s prefieren sentarse atr\u00e1s del todo. As\u00ed que si lo hace delante puede ser un indicio o no, puede que le guste estar m\u00e1s centrado.<\/li>\n\n\n\n<li><strong>Escribe pegado al papel<\/strong>. Cuando hay un problema de visi\u00f3n de distancia corta, los peques suelen solventarlo peg\u00e1ndose mucho al papel a la hora de escribir o leer. Este puede ser un indicio de fallo de visi\u00f3n en corta distancia.<\/li>\n\n\n\n<li><strong>Gi\u00f1a demasiado los ojos y parpadea muy a menudo.<\/strong>&nbsp;Como en los otros casos debemos asegurarnos de que no haya otra causa detr\u00e1s como los tics o una costumbre adquirida, pero puede ser una causa de visi\u00f3n borrosa.<\/li>\n\n\n\n<li><strong>Ojos entornados<\/strong>. Este signo de mala visi\u00f3n de lejos suele ser muy evidente y es que de esta forma se fuerza la vista para enfocar mejor.<\/li>\n\n\n\n<li><strong>Dolor de cabeza al leer o ver la tv<\/strong>. Debido al esfuerzo que deben hacer si su vista es defectuosa, tanto en distancias cortas como largas, puede acabar derivando en dolores de cabeza.<\/li>\n\n\n\n<li><strong>Enrojecimiento de ojos y picor<\/strong>, si se frotan mucho los ojos y vemos que los capilares de las zonas blancas est\u00e1n muy rojos son evidencias de fallo de visi\u00f3n, pero tambi\u00e9n debemos desechar las presencias de virus.<\/li>\n\n\n\n<li><strong>Lectura inconexa<\/strong>. Al leer y escribir puede ser que se salte palabras o frases perdiendo el hilo de la lectura o de la escritura, muchas veces este trastorno es diagnostica como de d\u00e9ficit de atenci\u00f3n. Pero puede estar detr\u00e1s un problema de visi\u00f3n lo que har\u00eda que el diagnostico anterior sea err\u00f3neo.<\/li>\n\n\n\n<li><strong>Cambio de h\u00e1bitos y juegos<\/strong>. Por normal general cuando la vista funciona mal los ni\u00f1os suelen cambiar de h\u00e1bitos, por ejemplo si juegan al futbol, pero la visi\u00f3n no es buena lo dejan y suelen refugiarse en otros juegos menos movidos y m\u00e1s caseros. Tambi\u00e9n pueden darse el caso de ni\u00f1@s que lean mucho y de repente dejen de hacerlo y vayan a jugar a la calle u otro tipo de costumbres que cambian de una forma muy r\u00e1pida y notoria. Por esto nos deber\u00e1 llamar la atenci\u00f3n.<\/li>\n\n\n\n<li><strong>Inclinan la cabeza a un lado<\/strong>. Ya sea para escribir, leer o ver bien la pizarra o la tele, muchos ni\u00f1os tienden a girar la cabeza hac\u00eda un lado. La explicaci\u00f3n est\u00e1 en que si un ojo ve mal siempre tienden a focalizar con el que conserva m\u00e1s agudeza visual. As\u00ed este gesto suele confirmar problemas de visi\u00f3n m\u00e1s acusado en uno de los ojos.<\/li>\n\n\n\n<li><strong>El profesor nos indica que necesita gafas<\/strong>. Muchas veces son los mejores detectores de que los ni \u00f1@s no ven bien, sobretodo, entre los que se sientan en las \u00faltimas filas. Ya que cuando les haga leer tendr\u00e1n que reconocer que no ven bien o ven borrosas las letras.<\/li>\n\n\n\n<li><strong>Muestra m\u00e1s torpeza de la normal<\/strong>. Si vemos que \u00faltimamente est\u00e1 muy torpe, no esquiva bien los objetos, se equivoca en direcciones o se cae mucho, tambi\u00e9n puede ser un indicio de falta de agudeza visual.<\/li>\n<\/ul>\n\n\n\n<p>Recordar que ver bien es muy importante para el aprendizaje y nuestra relaci\u00f3n del d\u00eda a d\u00eda con nuestro entorno y otras personas. As\u00ed que en caso de duda o apreciar alguno de los signos anteriores o un descenso del rendimiento acad\u00e9mico es recomendable acudir cuanto antes a una revisi\u00f3n de la vista.<\/p>\n\n\n\n<p>Adem\u00e1s&nbsp;<strong>cuanto antes se traten estos problemas mejor ser\u00e1 para que se pueden corregir, ya que el desarrollo de los ojos como el resto del cuerpo no acaba hasta la adolescencia y esto puede ir corrigiendo o agravando el problema<\/strong>, pero lo m\u00e1s importante es tenerlo controlado.<\/p>\n\n\n\n<p>El oculista llevar\u00e1 a cabo diversas pruebas con letras, colores y formas para elaborar un diagn\u00f3stico de las principales patolog\u00edas que puedan tener.<\/p>\n\n\n\n<ul class=\"wp-block-list\">\n<li><strong>Bizquera o estrabismo<\/strong>. Se puede corregir con lentes especiales forzando a los ojos que respeten su correcta alineaci\u00f3n, si este m\u00e9todo no resulta eficaz, se puede practicar una sencilla cirug\u00eda para su correcci\u00f3n.<\/li>\n\n\n\n<li><strong>Astigmatismo<\/strong>. Consiste en un defecto en la curva de la c\u00f3rnea originando de esta forma que no se vea con total claridad. Se precisa de lentes de contacto o gagas para su correcci\u00f3n.<\/li>\n\n\n\n<li><strong>Hipermetrop\u00eda<\/strong>. Este defecto provoca que los peque\u00f1os vean mal de cerca y bien de lejos. Siempre prefiere jugar fuera de casa en lugar de otras actividades que acarreen forzar la vista en distancias cortas.<\/li>\n\n\n\n<li><strong>Miop\u00eda<\/strong>. Uno de los defectos m\u00e1s comunes, el principal defecto es la mala visi\u00f3n de lejos. Las dioptr\u00edas que as\u00ed se indica el nivel de severidad del defecto suelen aumentar hasta la adolescencia, es decir con el desarrollo se agrava y se va perdiendo algo de visi\u00f3n. Se corrige con gafas.<\/li>\n<\/ul>\n\n\n\n<p>Muchas veces algunas de estos indicios no querr\u00e1 decir que padezcan alg\u00fan trastorno de visi\u00f3n. Para que nuestra vida sea plena y por tanto la de ellos es de vital importancia poseer todos los sentidos en perfecto estado. Por ello nosotros&nbsp;<strong>trabajamos muy duro en nuestros&nbsp;<\/strong><a href=\"https:\/\/lacestitadelbebe.es\/es\/\"><strong>exclusivos regalos de beb\u00e9<\/strong><\/a><strong>&nbsp;utilizando primeras marcas y productos BIO respetuosos con el beb\u00e9 y el medio ambiente<\/strong>. En estos d\u00edas ofrecemos todo de forma online para que puedas&nbsp;<a href=\"https:\/\/lacestitadelbebe.es\/es\/6-canastillas-regalos-bebe\"><strong>crear tu canastilla bebe para hospital<\/strong><\/a><strong>&nbsp;o dise\u00f1ar tu&nbsp;<\/strong><a href=\"https:\/\/lacestitadelbebe.es\/es\/9-tartas-de-panales\"><strong>tarta de pa\u00f1ales empleados<\/strong><\/a><strong>&nbsp;si tienes una empresa o una babyshower<\/strong>.<\/p>\n\n\n\n<p>Para acabar nos vamos recordando que&nbsp;<strong>estamos en temporada de bodas y nacimientos, que pueden estar alteradas por los virus, pero que nosotros os enviamos online porque ese recuerdo del evento no puede faltar<\/strong>!<\/p>\n\n\n\n<p>Cuidaros mucho y nos leemos en la pr\u00f3xima ocasi\u00f3n!&nbsp;&nbsp;&nbsp;&nbsp; Chao!<\/p>\n","protected":false},"excerpt":{"rendered":"<p>Esperando que llegue el fresco ya, que ya toca os dejamos un art\u00edculo para ver s vuestros hij@s est\u00e1n hechos unos linces. Actualmente en muchos coles les hacen pruebas de vista al empezar el curso. Ya que como todos sabemos la vista es uno de los principales sentidos que tenemos para relacionarnos con el mundo &#8230; <a title=\"Como detectar si el peque necesita gafas\" class=\"read-more\" href=\"https:\/\/www.lacestitadelbebe.es\/blog\/como-detectar-si-el-peque-necesita-gafas\/\" aria-label=\"Leer m\u00e1s sobre Como detectar si el peque necesita gafas\">Leer m\u00e1s<\/a><\/p>\n","protected":false},"author":1,"featured_media":2252,"comment_status":"open","ping_status":"open","sticky":false,"template":"","format":"standard","meta":{"_exactmetrics_skip_tracking":false,"_exactmetrics_sitenote_active":false,"_exactmetrics_sitenote_note":"","_exactmetrics_sitenote_category":0,"footnotes":""},"categories":[89,78,102],"tags":[746],"class_list":["post-4453","post","type-post","status-publish","format-standard","has-post-thumbnail","hentry","category-aprendizaje-y-estimulacion","category-bebes","category-cuidados","tag-vision-bebes-2"],"yoast_head":"<!-- This site is optimized with the Yoast SEO plugin v27.4 - https:\/\/yoast.com\/product\/yoast-seo-wordpress\/ -->\n<title>Como detectar si el peque necesita gafas - Blog la Cestita del Beb\u00e9<\/title>\n<meta name=\"description\" content=\"Desde el blog de La Cestita del Bebe os dejamos unos tips para saber si vuestros peque\u00f1os tienen defectos en la vista!\" \/>\n<meta name=\"robots\" content=\"index, follow, max-snippet:-1, max-image-preview:large, max-video-preview:-1\" \/>\n<link rel=\"canonical\" href=\"https:\/\/www.lacestitadelbebe.es\/blog\/como-detectar-si-el-peque-necesita-gafas\/\" \/>\n<meta property=\"og:locale\" content=\"es_ES\" \/>\n<meta property=\"og:type\" content=\"article\" \/>\n<meta property=\"og:title\" content=\"Como detectar si el peque necesita gafas - Blog la Cestita del Beb\u00e9\" \/>\n<meta property=\"og:description\" content=\"Desde el blog de La Cestita del Bebe os dejamos unos tips para saber si vuestros peque\u00f1os tienen defectos en la vista!\" \/>\n<meta property=\"og:url\" content=\"https:\/\/www.lacestitadelbebe.es\/blog\/como-detectar-si-el-peque-necesita-gafas\/\" \/>\n<meta property=\"og:site_name\" content=\"Blog la Cestita del Beb\u00e9\" \/>\n<meta property=\"article:publisher\" content=\"https:\/\/www.facebook.com\/lacestitadelbebe.es\" \/>\n<meta property=\"article:published_time\" content=\"2023-10-25T05:07:19+00:00\" \/>\n<meta property=\"article:modified_time\" content=\"2023-10-25T05:07:20+00:00\" \/>\n<meta property=\"og:image\" content=\"https:\/\/www.lacestitadelbebe.es\/blog\/wp-content\/uploads\/2020\/04\/ni\u00f1os_gafas-scaled.jpg\" \/>\n\t<meta property=\"og:image:width\" content=\"485\" \/>\n\t<meta property=\"og:image:height\" content=\"324\" \/>\n\t<meta property=\"og:image:type\" content=\"image\/jpeg\" \/>\n<meta name=\"author\" content=\"La Cestita\" \/>\n<meta name=\"twitter:card\" content=\"summary_large_image\" \/>\n<meta name=\"twitter:creator\" content=\"@LaCestitaBebe\" \/>\n<meta name=\"twitter:site\" content=\"@LaCestitaBebe\" \/>\n<meta name=\"twitter:label1\" content=\"Escrito por\" \/>\n\t<meta name=\"twitter:data1\" content=\"La Cestita\" \/>\n\t<meta name=\"twitter:label2\" content=\"Tiempo de lectura\" \/>\n\t<meta name=\"twitter:data2\" content=\"6 minutos\" \/>\n<script type=\"application\/ld+json\" class=\"yoast-schema-graph\">{\"@context\":\"https:\\\/\\\/schema.org\",\"@graph\":[{\"@type\":\"Article\",\"@id\":\"https:\\\/\\\/www.lacestitadelbebe.es\\\/blog\\\/como-detectar-si-el-peque-necesita-gafas\\\/#article\",\"isPartOf\":{\"@id\":\"https:\\\/\\\/www.lacestitadelbebe.es\\\/blog\\\/como-detectar-si-el-peque-necesita-gafas\\\/\"},\"author\":{\"name\":\"La Cestita\",\"@id\":\"https:\\\/\\\/www.lacestitadelbebe.es\\\/blog\\\/#\\\/schema\\\/person\\\/4302d1284b0024ab11dca99558de40b4\"},\"headline\":\"Como detectar si el peque necesita gafas\",\"datePublished\":\"2023-10-25T05:07:19+00:00\",\"dateModified\":\"2023-10-25T05:07:20+00:00\",\"mainEntityOfPage\":{\"@id\":\"https:\\\/\\\/www.lacestitadelbebe.es\\\/blog\\\/como-detectar-si-el-peque-necesita-gafas\\\/\"},\"wordCount\":1278,\"commentCount\":0,\"publisher\":{\"@id\":\"https:\\\/\\\/www.lacestitadelbebe.es\\\/blog\\\/#organization\"},\"image\":{\"@id\":\"https:\\\/\\\/www.lacestitadelbebe.es\\\/blog\\\/como-detectar-si-el-peque-necesita-gafas\\\/#primaryimage\"},\"thumbnailUrl\":\"https:\\\/\\\/www.lacestitadelbebe.es\\\/blog\\\/wp-content\\\/uploads\\\/2020\\\/04\\\/ni\u00f1os_gafas-scaled.jpg\",\"keywords\":[\"vision bebes\"],\"articleSection\":[\"aprendizaje y estimulaci\u00f3n\",\"Beb\u00e9s\",\"cuidados\"],\"inLanguage\":\"es\",\"potentialAction\":[{\"@type\":\"CommentAction\",\"name\":\"Comment\",\"target\":[\"https:\\\/\\\/www.lacestitadelbebe.es\\\/blog\\\/como-detectar-si-el-peque-necesita-gafas\\\/#respond\"]}]},{\"@type\":\"WebPage\",\"@id\":\"https:\\\/\\\/www.lacestitadelbebe.es\\\/blog\\\/como-detectar-si-el-peque-necesita-gafas\\\/\",\"url\":\"https:\\\/\\\/www.lacestitadelbebe.es\\\/blog\\\/como-detectar-si-el-peque-necesita-gafas\\\/\",\"name\":\"Como detectar si el peque necesita gafas - Blog la Cestita del Beb\u00e9\",\"isPartOf\":{\"@id\":\"https:\\\/\\\/www.lacestitadelbebe.es\\\/blog\\\/#website\"},\"primaryImageOfPage\":{\"@id\":\"https:\\\/\\\/www.lacestitadelbebe.es\\\/blog\\\/como-detectar-si-el-peque-necesita-gafas\\\/#primaryimage\"},\"image\":{\"@id\":\"https:\\\/\\\/www.lacestitadelbebe.es\\\/blog\\\/como-detectar-si-el-peque-necesita-gafas\\\/#primaryimage\"},\"thumbnailUrl\":\"https:\\\/\\\/www.lacestitadelbebe.es\\\/blog\\\/wp-content\\\/uploads\\\/2020\\\/04\\\/ni\u00f1os_gafas-scaled.jpg\",\"datePublished\":\"2023-10-25T05:07:19+00:00\",\"dateModified\":\"2023-10-25T05:07:20+00:00\",\"description\":\"Desde el blog de La Cestita del Bebe os dejamos unos tips para saber si vuestros peque\u00f1os tienen defectos en la vista!\",\"breadcrumb\":{\"@id\":\"https:\\\/\\\/www.lacestitadelbebe.es\\\/blog\\\/como-detectar-si-el-peque-necesita-gafas\\\/#breadcrumb\"},\"inLanguage\":\"es\",\"potentialAction\":[{\"@type\":\"ReadAction\",\"target\":[\"https:\\\/\\\/www.lacestitadelbebe.es\\\/blog\\\/como-detectar-si-el-peque-necesita-gafas\\\/\"]}]},{\"@type\":\"ImageObject\",\"inLanguage\":\"es\",\"@id\":\"https:\\\/\\\/www.lacestitadelbebe.es\\\/blog\\\/como-detectar-si-el-peque-necesita-gafas\\\/#primaryimage\",\"url\":\"https:\\\/\\\/www.lacestitadelbebe.es\\\/blog\\\/wp-content\\\/uploads\\\/2020\\\/04\\\/ni\u00f1os_gafas-scaled.jpg\",\"contentUrl\":\"https:\\\/\\\/www.lacestitadelbebe.es\\\/blog\\\/wp-content\\\/uploads\\\/2020\\\/04\\\/ni\u00f1os_gafas-scaled.jpg\",\"width\":485,\"height\":324,\"caption\":\"nuestros hijos necesitan gafas\"},{\"@type\":\"BreadcrumbList\",\"@id\":\"https:\\\/\\\/www.lacestitadelbebe.es\\\/blog\\\/como-detectar-si-el-peque-necesita-gafas\\\/#breadcrumb\",\"itemListElement\":[{\"@type\":\"ListItem\",\"position\":1,\"name\":\"Portada\",\"item\":\"https:\\\/\\\/www.lacestitadelbebe.es\\\/blog\\\/\"},{\"@type\":\"ListItem\",\"position\":2,\"name\":\"Como detectar si el peque necesita gafas\"}]},{\"@type\":\"WebSite\",\"@id\":\"https:\\\/\\\/www.lacestitadelbebe.es\\\/blog\\\/#website\",\"url\":\"https:\\\/\\\/www.lacestitadelbebe.es\\\/blog\\\/\",\"name\":\"Blog la Cestita del Beb\u00e9\",\"description\":\"Hablamos de todo lo relacionado con beb\u00e9s\",\"publisher\":{\"@id\":\"https:\\\/\\\/www.lacestitadelbebe.es\\\/blog\\\/#organization\"},\"potentialAction\":[{\"@type\":\"SearchAction\",\"target\":{\"@type\":\"EntryPoint\",\"urlTemplate\":\"https:\\\/\\\/www.lacestitadelbebe.es\\\/blog\\\/?s={search_term_string}\"},\"query-input\":{\"@type\":\"PropertyValueSpecification\",\"valueRequired\":true,\"valueName\":\"search_term_string\"}}],\"inLanguage\":\"es\"},{\"@type\":\"Organization\",\"@id\":\"https:\\\/\\\/www.lacestitadelbebe.es\\\/blog\\\/#organization\",\"name\":\"La Cestita del Beb\u00e9\",\"url\":\"https:\\\/\\\/www.lacestitadelbebe.es\\\/blog\\\/\",\"logo\":{\"@type\":\"ImageObject\",\"inLanguage\":\"es\",\"@id\":\"https:\\\/\\\/www.lacestitadelbebe.es\\\/blog\\\/#\\\/schema\\\/logo\\\/image\\\/\",\"url\":\"https:\\\/\\\/www.lacestitadelbebe.es\\\/blog\\\/wp-content\\\/uploads\\\/2017\\\/10\\\/la_cestita_del_bebe_blog.png\",\"contentUrl\":\"https:\\\/\\\/www.lacestitadelbebe.es\\\/blog\\\/wp-content\\\/uploads\\\/2017\\\/10\\\/la_cestita_del_bebe_blog.png\",\"width\":375,\"height\":70,\"caption\":\"La Cestita del Beb\u00e9\"},\"image\":{\"@id\":\"https:\\\/\\\/www.lacestitadelbebe.es\\\/blog\\\/#\\\/schema\\\/logo\\\/image\\\/\"},\"sameAs\":[\"https:\\\/\\\/www.facebook.com\\\/lacestitadelbebe.es\",\"https:\\\/\\\/x.com\\\/LaCestitaBebe\"]},{\"@type\":\"Person\",\"@id\":\"https:\\\/\\\/www.lacestitadelbebe.es\\\/blog\\\/#\\\/schema\\\/person\\\/4302d1284b0024ab11dca99558de40b4\",\"name\":\"La Cestita\",\"image\":{\"@type\":\"ImageObject\",\"inLanguage\":\"es\",\"@id\":\"https:\\\/\\\/secure.gravatar.com\\\/avatar\\\/533b503d3fc1781cdd76eacd2aa8f68348cdb3201605fe5b4616e6032a228068?s=96&d=mm&r=g\",\"url\":\"https:\\\/\\\/secure.gravatar.com\\\/avatar\\\/533b503d3fc1781cdd76eacd2aa8f68348cdb3201605fe5b4616e6032a228068?s=96&d=mm&r=g\",\"contentUrl\":\"https:\\\/\\\/secure.gravatar.com\\\/avatar\\\/533b503d3fc1781cdd76eacd2aa8f68348cdb3201605fe5b4616e6032a228068?s=96&d=mm&r=g\",\"caption\":\"La Cestita\"},\"sameAs\":[\"https:\\\/\\\/www.lacestitadelbebe.es\"]}]}<\/script>\n<!-- \/ Yoast SEO plugin. -->","yoast_head_json":{"title":"Como detectar si el peque necesita gafas - Blog la Cestita del Beb\u00e9","description":"Desde el blog de La Cestita del Bebe os dejamos unos tips para saber si vuestros peque\u00f1os tienen defectos en la vista!","robots":{"index":"index","follow":"follow","max-snippet":"max-snippet:-1","max-image-preview":"max-image-preview:large","max-video-preview":"max-video-preview:-1"},"canonical":"https:\/\/www.lacestitadelbebe.es\/blog\/como-detectar-si-el-peque-necesita-gafas\/","og_locale":"es_ES","og_type":"article","og_title":"Como detectar si el peque necesita gafas - Blog la Cestita del Beb\u00e9","og_description":"Desde el blog de La Cestita del Bebe os dejamos unos tips para saber si vuestros peque\u00f1os tienen defectos en la vista!","og_url":"https:\/\/www.lacestitadelbebe.es\/blog\/como-detectar-si-el-peque-necesita-gafas\/","og_site_name":"Blog la Cestita del Beb\u00e9","article_publisher":"https:\/\/www.facebook.com\/lacestitadelbebe.es","article_published_time":"2023-10-25T05:07:19+00:00","article_modified_time":"2023-10-25T05:07:20+00:00","og_image":[{"width":485,"height":324,"url":"https:\/\/www.lacestitadelbebe.es\/blog\/wp-content\/uploads\/2020\/04\/ni\u00f1os_gafas-scaled.jpg","type":"image\/jpeg"}],"author":"La Cestita","twitter_card":"summary_large_image","twitter_creator":"@LaCestitaBebe","twitter_site":"@LaCestitaBebe","twitter_misc":{"Escrito por":"La Cestita","Tiempo de lectura":"6 minutos"},"schema":{"@context":"https:\/\/schema.org","@graph":[{"@type":"Article","@id":"https:\/\/www.lacestitadelbebe.es\/blog\/como-detectar-si-el-peque-necesita-gafas\/#article","isPartOf":{"@id":"https:\/\/www.lacestitadelbebe.es\/blog\/como-detectar-si-el-peque-necesita-gafas\/"},"author":{"name":"La Cestita","@id":"https:\/\/www.lacestitadelbebe.es\/blog\/#\/schema\/person\/4302d1284b0024ab11dca99558de40b4"},"headline":"Como detectar si el peque necesita gafas","datePublished":"2023-10-25T05:07:19+00:00","dateModified":"2023-10-25T05:07:20+00:00","mainEntityOfPage":{"@id":"https:\/\/www.lacestitadelbebe.es\/blog\/como-detectar-si-el-peque-necesita-gafas\/"},"wordCount":1278,"commentCount":0,"publisher":{"@id":"https:\/\/www.lacestitadelbebe.es\/blog\/#organization"},"image":{"@id":"https:\/\/www.lacestitadelbebe.es\/blog\/como-detectar-si-el-peque-necesita-gafas\/#primaryimage"},"thumbnailUrl":"https:\/\/www.lacestitadelbebe.es\/blog\/wp-content\/uploads\/2020\/04\/ni\u00f1os_gafas-scaled.jpg","keywords":["vision bebes"],"articleSection":["aprendizaje y estimulaci\u00f3n","Beb\u00e9s","cuidados"],"inLanguage":"es","potentialAction":[{"@type":"CommentAction","name":"Comment","target":["https:\/\/www.lacestitadelbebe.es\/blog\/como-detectar-si-el-peque-necesita-gafas\/#respond"]}]},{"@type":"WebPage","@id":"https:\/\/www.lacestitadelbebe.es\/blog\/como-detectar-si-el-peque-necesita-gafas\/","url":"https:\/\/www.lacestitadelbebe.es\/blog\/como-detectar-si-el-peque-necesita-gafas\/","name":"Como detectar si el peque necesita gafas - Blog la Cestita del Beb\u00e9","isPartOf":{"@id":"https:\/\/www.lacestitadelbebe.es\/blog\/#website"},"primaryImageOfPage":{"@id":"https:\/\/www.lacestitadelbebe.es\/blog\/como-detectar-si-el-peque-necesita-gafas\/#primaryimage"},"image":{"@id":"https:\/\/www.lacestitadelbebe.es\/blog\/como-detectar-si-el-peque-necesita-gafas\/#primaryimage"},"thumbnailUrl":"https:\/\/www.lacestitadelbebe.es\/blog\/wp-content\/uploads\/2020\/04\/ni\u00f1os_gafas-scaled.jpg","datePublished":"2023-10-25T05:07:19+00:00","dateModified":"2023-10-25T05:07:20+00:00","description":"Desde el blog de La Cestita del Bebe os dejamos unos tips para saber si vuestros peque\u00f1os tienen defectos en la vista!","breadcrumb":{"@id":"https:\/\/www.lacestitadelbebe.es\/blog\/como-detectar-si-el-peque-necesita-gafas\/#breadcrumb"},"inLanguage":"es","potentialAction":[{"@type":"ReadAction","target":["https:\/\/www.lacestitadelbebe.es\/blog\/como-detectar-si-el-peque-necesita-gafas\/"]}]},{"@type":"ImageObject","inLanguage":"es","@id":"https:\/\/www.lacestitadelbebe.es\/blog\/como-detectar-si-el-peque-necesita-gafas\/#primaryimage","url":"https:\/\/www.lacestitadelbebe.es\/blog\/wp-content\/uploads\/2020\/04\/ni\u00f1os_gafas-scaled.jpg","contentUrl":"https:\/\/www.lacestitadelbebe.es\/blog\/wp-content\/uploads\/2020\/04\/ni\u00f1os_gafas-scaled.jpg","width":485,"height":324,"caption":"nuestros hijos necesitan gafas"},{"@type":"BreadcrumbList","@id":"https:\/\/www.lacestitadelbebe.es\/blog\/como-detectar-si-el-peque-necesita-gafas\/#breadcrumb","itemListElement":[{"@type":"ListItem","position":1,"name":"Portada","item":"https:\/\/www.lacestitadelbebe.es\/blog\/"},{"@type":"ListItem","position":2,"name":"Como detectar si el peque necesita gafas"}]},{"@type":"WebSite","@id":"https:\/\/www.lacestitadelbebe.es\/blog\/#website","url":"https:\/\/www.lacestitadelbebe.es\/blog\/","name":"Blog la Cestita del Beb\u00e9","description":"Hablamos de todo lo relacionado con beb\u00e9s","publisher":{"@id":"https:\/\/www.lacestitadelbebe.es\/blog\/#organization"},"potentialAction":[{"@type":"SearchAction","target":{"@type":"EntryPoint","urlTemplate":"https:\/\/www.lacestitadelbebe.es\/blog\/?s={search_term_string}"},"query-input":{"@type":"PropertyValueSpecification","valueRequired":true,"valueName":"search_term_string"}}],"inLanguage":"es"},{"@type":"Organization","@id":"https:\/\/www.lacestitadelbebe.es\/blog\/#organization","name":"La Cestita del Beb\u00e9","url":"https:\/\/www.lacestitadelbebe.es\/blog\/","logo":{"@type":"ImageObject","inLanguage":"es","@id":"https:\/\/www.lacestitadelbebe.es\/blog\/#\/schema\/logo\/image\/","url":"https:\/\/www.lacestitadelbebe.es\/blog\/wp-content\/uploads\/2017\/10\/la_cestita_del_bebe_blog.png","contentUrl":"https:\/\/www.lacestitadelbebe.es\/blog\/wp-content\/uploads\/2017\/10\/la_cestita_del_bebe_blog.png","width":375,"height":70,"caption":"La Cestita del Beb\u00e9"},"image":{"@id":"https:\/\/www.lacestitadelbebe.es\/blog\/#\/schema\/logo\/image\/"},"sameAs":["https:\/\/www.facebook.com\/lacestitadelbebe.es","https:\/\/x.com\/LaCestitaBebe"]},{"@type":"Person","@id":"https:\/\/www.lacestitadelbebe.es\/blog\/#\/schema\/person\/4302d1284b0024ab11dca99558de40b4","name":"La Cestita","image":{"@type":"ImageObject","inLanguage":"es","@id":"https:\/\/secure.gravatar.com\/avatar\/533b503d3fc1781cdd76eacd2aa8f68348cdb3201605fe5b4616e6032a228068?s=96&d=mm&r=g","url":"https:\/\/secure.gravatar.com\/avatar\/533b503d3fc1781cdd76eacd2aa8f68348cdb3201605fe5b4616e6032a228068?s=96&d=mm&r=g","contentUrl":"https:\/\/secure.gravatar.com\/avatar\/533b503d3fc1781cdd76eacd2aa8f68348cdb3201605fe5b4616e6032a228068?s=96&d=mm&r=g","caption":"La Cestita"},"sameAs":["https:\/\/www.lacestitadelbebe.es"]}]}},"_links":{"self":[{"href":"https:\/\/www.lacestitadelbebe.es\/blog\/wp-json\/wp\/v2\/posts\/4453","targetHints":{"allow":["GET"]}}],"collection":[{"href":"https:\/\/www.lacestitadelbebe.es\/blog\/wp-json\/wp\/v2\/posts"}],"about":[{"href":"https:\/\/www.lacestitadelbebe.es\/blog\/wp-json\/wp\/v2\/types\/post"}],"author":[{"embeddable":true,"href":"https:\/\/www.lacestitadelbebe.es\/blog\/wp-json\/wp\/v2\/users\/1"}],"replies":[{"embeddable":true,"href":"https:\/\/www.lacestitadelbebe.es\/blog\/wp-json\/wp\/v2\/comments?post=4453"}],"version-history":[{"count":1,"href":"https:\/\/www.lacestitadelbebe.es\/blog\/wp-json\/wp\/v2\/posts\/4453\/revisions"}],"predecessor-version":[{"id":4454,"href":"https:\/\/www.lacestitadelbebe.es\/blog\/wp-json\/wp\/v2\/posts\/4453\/revisions\/4454"}],"wp:featuredmedia":[{"embeddable":true,"href":"https:\/\/www.lacestitadelbebe.es\/blog\/wp-json\/wp\/v2\/media\/2252"}],"wp:attachment":[{"href":"https:\/\/www.lacestitadelbebe.es\/blog\/wp-json\/wp\/v2\/media?parent=4453"}],"wp:term":[{"taxonomy":"category","embeddable":true,"href":"https:\/\/www.lacestitadelbebe.es\/blog\/wp-json\/wp\/v2\/categories?post=4453"},{"taxonomy":"post_tag","embeddable":true,"href":"https:\/\/www.lacestitadelbebe.es\/blog\/wp-json\/wp\/v2\/tags?post=4453"}],"curies":[{"name":"wp","href":"https:\/\/api.w.org\/{rel}","templated":true}]}}