{"id":39,"date":"2017-01-15T18:05:00","date_gmt":"2017-01-15T18:05:00","guid":{"rendered":"https:\/\/lacestitadelbebe.es\/blog\/las-tartas-de-panales-han-convertido-ya\/"},"modified":"2019-02-19T14:25:00","modified_gmt":"2019-02-19T14:25:00","slug":"las-tartas-de-panales-han-convertido-ya","status":"publish","type":"post","link":"https:\/\/www.lacestitadelbebe.es\/blog\/las-tartas-de-panales-han-convertido-ya\/","title":{"rendered":"Ultimas tendencias en tartas de pa\u00f1ales"},"content":{"rendered":"<div dir=\"ltr\" style=\"text-align: left;\" trbidi=\"on\">\nLas&nbsp;<a href=\"https:\/\/lacestitadelbebe.es\/es\/9-tartas-de-panales\" target=\"_blank\">tartas de pa\u00f1ales<\/a>&nbsp;se han convertido ya en un regalo cl\u00e1sico para el nacimiento de un beb\u00e9 o para agasajar a la mam\u00e1 embarazada en una babyshower.&nbsp;<br \/>\nPor esta raz\u00f3n ya no se busca s\u00f3lo una&nbsp;<a href=\"https:\/\/lacestitadelbebe.es\/es\/9-tartas-de-panales\" target=\"_blank\">tarta de pa\u00f1ales<\/a>&nbsp;cl\u00e1sica sino que se premia la originalidad y el dise\u00f1o inovador, diferente y como no divertido.&nbsp;<br \/>\nPor esta raz\u00f3n los vendedores de tartas de pa\u00f1ales cada vez m\u00e1s buscan dise\u00f1os diferentes creando diferentes formas para sus creaciones.<br \/>\nSe busca ya no s\u00f3lo la practicidad que ofrece un&nbsp;<a href=\"https:\/\/lacestitadelbebe.es\/es\/\" target=\"_blank\">regalo para beb\u00e9&nbsp;<\/a>como son las tartas de pa\u00f1ales sino tambi\u00e9n sorprender a los pap\u00e1s con un regalo diferente.&nbsp;<\/p>\n<p>Los que buscan un&nbsp;<a href=\"https:\/\/lacestitadelbebe.es\/es\/\" target=\"_blank\">regalo original<\/a>&nbsp;est\u00e1n de enhorabuena ya que tienen multitud de formas para elegir, desde un bater\u00eda de pa\u00f1ales, d\u00f3nde un peque\u00f1o osito percusionista nos felicita por la llegada de nuestro peque\u00f1o a ritmo de platillo hasta una moto para los pap\u00e1s amantes de la carretera (aunque seguro que gusta tambi\u00e9n a los que no lo son), triciclo o triciclo con remolque para los que buscan una tarta de pa\u00f1ales muy completa adem\u00e1s de original.&nbsp;<\/p>\n<div class=\"separator\" style=\"clear: both; text-align: center;\">\n<a href=\"https:\/\/1.bp.blogspot.com\/-mhWmgUd3TI0\/WHu5DIoX7oI\/AAAAAAAAAIA\/_E99V2R8ZkwL2xjM9OhMUmrrwrvQbFtFgCLcB\/s1600\/moto%2Bneutro.jpg\" imageanchor=\"1\" style=\"margin-left: 1em; margin-right: 1em;\"><img decoding=\"async\" border=\"0\" height=\"400\" data-src=\"https:\/\/lacestitadelbebe.es\/blog\/wp-content\/uploads\/2017\/01\/motoneutro.jpg\" width=\"320\" src=\"data:image\/svg+xml;base64,PHN2ZyB3aWR0aD0iMSIgaGVpZ2h0PSIxIiB4bWxucz0iaHR0cDovL3d3dy53My5vcmcvMjAwMC9zdmciPjwvc3ZnPg==\" class=\"lazyload\" style=\"--smush-placeholder-width: 320px; --smush-placeholder-aspect-ratio: 320\/400;\"><\/a><\/div>\n<div class=\"separator\" style=\"clear: both; text-align: center;\">\n<a href=\"https:\/\/4.bp.blogspot.com\/-5vwWrdEXnmc\/WHu5G4vvq1I\/AAAAAAAAAIE\/l9uGAFs6IXEKAaYBuSSxLb_X-eIn_TIMACLcB\/s1600\/bateria%2Bazul-1.jpg\" imageanchor=\"1\" style=\"margin-left: 1em; margin-right: 1em;\"><img decoding=\"async\" border=\"0\" height=\"250\" data-src=\"https:\/\/lacestitadelbebe.es\/blog\/wp-content\/uploads\/2017\/01\/bateriaazul-1.jpg\" width=\"400\" src=\"data:image\/svg+xml;base64,PHN2ZyB3aWR0aD0iMSIgaGVpZ2h0PSIxIiB4bWxucz0iaHR0cDovL3d3dy53My5vcmcvMjAwMC9zdmciPjwvc3ZnPg==\" class=\"lazyload\" style=\"--smush-placeholder-width: 400px; --smush-placeholder-aspect-ratio: 400\/250;\"><\/a><\/div>\n<p>Eso s\u00ed, por supuesto sin dejar de lado la incorporaci\u00f3n de elementos \u00fatiles para los primeros meses de vida del beb\u00e9. Ser\u00eda recomendable incluir en la tarta uno o m\u00e1s elementos de esta lista: &nbsp;<br \/>\n&#8211; Productos de h\u00edgiene como body milk, crema de pa\u00f1al, colonia, gel de ba\u00f1o, aceites de maseje, etc. de las marcas m\u00e1s comerciales y siempre respetuosas con la delicada piel del beb\u00e9.&nbsp;<br \/>\n&#8211; Ropa de casa tal como una mantita suave o cobertor, una capa de ba\u00f1o o una muselina, la \u00faltima tendencia, fabricada en fibras naturales sirve tanto para cubrir al bebe, como para arrullarlo.&nbsp;<br \/>\n&#8211; Ropa de primera puesta: pueden ser bodies, pilamita o pelele, un conjunto suave de algod\u00f3n, gorro, patucos o manoplas anti ara\u00f1azos de algod\u00f3n, calcetines, etc.<br \/>\n&#8211; Un peque\u00f1o juguete tal como un peluche, sonajero o dou dou.<\/p>\n<\/div>\n","protected":false},"excerpt":{"rendered":"<p>Las&nbsp;tartas de pa\u00f1ales&nbsp;se han convertido ya en un regalo cl\u00e1sico para el nacimiento de un beb\u00e9 o para agasajar a la mam\u00e1 embarazada en una babyshower.&nbsp; Por esta raz\u00f3n ya no se busca s\u00f3lo una&nbsp;tarta de pa\u00f1ales&nbsp;cl\u00e1sica sino que se premia la originalidad y el dise\u00f1o inovador, diferente y como no divertido.&nbsp; Por esta raz\u00f3n &#8230; <a title=\"Ultimas tendencias en tartas de pa\u00f1ales\" class=\"read-more\" href=\"https:\/\/www.lacestitadelbebe.es\/blog\/las-tartas-de-panales-han-convertido-ya\/\" aria-label=\"Leer m\u00e1s sobre Ultimas tendencias en tartas de pa\u00f1ales\">Leer m\u00e1s<\/a><\/p>\n","protected":false},"author":1,"featured_media":206,"comment_status":"open","ping_status":"open","sticky":false,"template":"","format":"standard","meta":{"_exactmetrics_skip_tracking":false,"_exactmetrics_sitenote_active":false,"_exactmetrics_sitenote_note":"","_exactmetrics_sitenote_category":0,"footnotes":""},"categories":[1],"tags":[31,24,61,50,14,32,15,41],"class_list":["post-39","post","type-post","status-publish","format-standard","has-post-thumbnail","hentry","category-sin-categoria","tag-cesta-regalo-bebe","tag-regalo-bebe","tag-regalo-original","tag-regalos-para-bebes","tag-tarta-de-panales","tag-tarta-de-panales-original","tag-tartas-de-panales","tag-torta-de-panales"],"yoast_head":"<!-- This site is optimized with the Yoast SEO plugin v27.5 - https:\/\/yoast.com\/product\/yoast-seo-wordpress\/ -->\n<title>Ultimas tendencias en tartas de pa\u00f1ales - Blog la Cestita del Beb\u00e9<\/title>\n<meta name=\"robots\" content=\"noindex, follow\" \/>\n<meta property=\"og:locale\" content=\"es_ES\" \/>\n<meta property=\"og:type\" content=\"article\" \/>\n<meta property=\"og:title\" content=\"Ultimas tendencias en tartas de pa\u00f1ales - Blog la Cestita del Beb\u00e9\" \/>\n<meta property=\"og:description\" content=\"Las&nbsp;tartas de pa\u00f1ales&nbsp;se han convertido ya en un regalo cl\u00e1sico para el nacimiento de un beb\u00e9 o para agasajar a la mam\u00e1 embarazada en una babyshower.&nbsp; Por esta raz\u00f3n ya no se busca s\u00f3lo una&nbsp;tarta de pa\u00f1ales&nbsp;cl\u00e1sica sino que se premia la originalidad y el dise\u00f1o inovador, diferente y como no divertido.&nbsp; Por esta raz\u00f3n ... Leer m\u00e1s\" \/>\n<meta property=\"og:url\" content=\"https:\/\/lacestitadelbebe.es\/es\/9-tartas-de-panales\" \/>\n<meta property=\"og:site_name\" content=\"Blog la Cestita del Beb\u00e9\" \/>\n<meta property=\"article:publisher\" content=\"https:\/\/www.facebook.com\/lacestitadelbebe.es\" \/>\n<meta property=\"article:published_time\" content=\"2017-01-15T18:05:00+00:00\" \/>\n<meta property=\"article:modified_time\" content=\"2019-02-19T14:25:00+00:00\" \/>\n<meta property=\"og:image\" content=\"https:\/\/www.lacestitadelbebe.es\/blog\/wp-content\/uploads\/2017\/01\/motoneutro.jpg\" \/>\n\t<meta property=\"og:image:width\" content=\"281\" \/>\n\t<meta property=\"og:image:height\" content=\"350\" \/>\n\t<meta property=\"og:image:type\" content=\"image\/jpeg\" \/>\n<meta name=\"author\" content=\"La Cestita\" \/>\n<meta name=\"twitter:card\" content=\"summary_large_image\" \/>\n<meta name=\"twitter:creator\" content=\"@LaCestitaBebe\" \/>\n<meta name=\"twitter:site\" content=\"@LaCestitaBebe\" \/>\n<meta name=\"twitter:label1\" content=\"Escrito por\" \/>\n\t<meta name=\"twitter:data1\" content=\"La Cestita\" \/>\n\t<meta name=\"twitter:label2\" content=\"Tiempo de lectura\" \/>\n\t<meta name=\"twitter:data2\" content=\"2 minutos\" \/>\n<script type=\"application\/ld+json\" class=\"yoast-schema-graph\">{\"@context\":\"https:\\\/\\\/schema.org\",\"@graph\":[{\"@type\":\"Article\",\"@id\":\"https:\\\/\\\/lacestitadelbebe.es\\\/es\\\/9-tartas-de-panales#article\",\"isPartOf\":{\"@id\":\"https:\\\/\\\/www.lacestitadelbebe.es\\\/blog\\\/las-tartas-de-panales-han-convertido-ya\\\/\"},\"author\":{\"name\":\"La Cestita\",\"@id\":\"https:\\\/\\\/www.lacestitadelbebe.es\\\/blog\\\/#\\\/schema\\\/person\\\/4302d1284b0024ab11dca99558de40b4\"},\"headline\":\"Ultimas tendencias en tartas de pa\u00f1ales\",\"datePublished\":\"2017-01-15T18:05:00+00:00\",\"dateModified\":\"2019-02-19T14:25:00+00:00\",\"mainEntityOfPage\":{\"@id\":\"https:\\\/\\\/www.lacestitadelbebe.es\\\/blog\\\/las-tartas-de-panales-han-convertido-ya\\\/\"},\"wordCount\":381,\"commentCount\":0,\"publisher\":{\"@id\":\"https:\\\/\\\/www.lacestitadelbebe.es\\\/blog\\\/#organization\"},\"image\":{\"@id\":\"https:\\\/\\\/lacestitadelbebe.es\\\/es\\\/9-tartas-de-panales#primaryimage\"},\"thumbnailUrl\":\"https:\\\/\\\/www.lacestitadelbebe.es\\\/blog\\\/wp-content\\\/uploads\\\/2017\\\/01\\\/motoneutro.jpg\",\"keywords\":[\"cesta regalo bebe\",\"regalo bebe\",\"regalo original\",\"regalos para bebes\",\"tarta de pa\u00f1ales\",\"tarta de pa\u00f1ales original\",\"tartas de pa\u00f1ales\",\"torta de pa\u00f1ales\"],\"inLanguage\":\"es\",\"potentialAction\":[{\"@type\":\"CommentAction\",\"name\":\"Comment\",\"target\":[\"https:\\\/\\\/lacestitadelbebe.es\\\/es\\\/9-tartas-de-panales#respond\"]}]},{\"@type\":\"WebPage\",\"@id\":\"https:\\\/\\\/www.lacestitadelbebe.es\\\/blog\\\/las-tartas-de-panales-han-convertido-ya\\\/\",\"url\":\"https:\\\/\\\/lacestitadelbebe.es\\\/es\\\/9-tartas-de-panales\",\"name\":\"Ultimas tendencias en tartas de pa\u00f1ales - Blog la Cestita del Beb\u00e9\",\"isPartOf\":{\"@id\":\"https:\\\/\\\/www.lacestitadelbebe.es\\\/blog\\\/#website\"},\"primaryImageOfPage\":{\"@id\":\"https:\\\/\\\/lacestitadelbebe.es\\\/es\\\/9-tartas-de-panales#primaryimage\"},\"image\":{\"@id\":\"https:\\\/\\\/lacestitadelbebe.es\\\/es\\\/9-tartas-de-panales#primaryimage\"},\"thumbnailUrl\":\"https:\\\/\\\/www.lacestitadelbebe.es\\\/blog\\\/wp-content\\\/uploads\\\/2017\\\/01\\\/motoneutro.jpg\",\"datePublished\":\"2017-01-15T18:05:00+00:00\",\"dateModified\":\"2019-02-19T14:25:00+00:00\",\"breadcrumb\":{\"@id\":\"https:\\\/\\\/lacestitadelbebe.es\\\/es\\\/9-tartas-de-panales#breadcrumb\"},\"inLanguage\":\"es\",\"potentialAction\":[{\"@type\":\"ReadAction\",\"target\":[\"https:\\\/\\\/lacestitadelbebe.es\\\/es\\\/9-tartas-de-panales\"]}]},{\"@type\":\"ImageObject\",\"inLanguage\":\"es\",\"@id\":\"https:\\\/\\\/lacestitadelbebe.es\\\/es\\\/9-tartas-de-panales#primaryimage\",\"url\":\"https:\\\/\\\/www.lacestitadelbebe.es\\\/blog\\\/wp-content\\\/uploads\\\/2017\\\/01\\\/motoneutro.jpg\",\"contentUrl\":\"https:\\\/\\\/www.lacestitadelbebe.es\\\/blog\\\/wp-content\\\/uploads\\\/2017\\\/01\\\/motoneutro.jpg\",\"width\":281,\"height\":350},{\"@type\":\"BreadcrumbList\",\"@id\":\"https:\\\/\\\/lacestitadelbebe.es\\\/es\\\/9-tartas-de-panales#breadcrumb\",\"itemListElement\":[{\"@type\":\"ListItem\",\"position\":1,\"name\":\"Portada\",\"item\":\"https:\\\/\\\/www.lacestitadelbebe.es\\\/blog\\\/\"},{\"@type\":\"ListItem\",\"position\":2,\"name\":\"Ultimas tendencias en tartas de pa\u00f1ales\"}]},{\"@type\":\"WebSite\",\"@id\":\"https:\\\/\\\/www.lacestitadelbebe.es\\\/blog\\\/#website\",\"url\":\"https:\\\/\\\/www.lacestitadelbebe.es\\\/blog\\\/\",\"name\":\"Blog la Cestita del Beb\u00e9\",\"description\":\"Hablamos de todo lo relacionado con beb\u00e9s\",\"publisher\":{\"@id\":\"https:\\\/\\\/www.lacestitadelbebe.es\\\/blog\\\/#organization\"},\"potentialAction\":[{\"@type\":\"SearchAction\",\"target\":{\"@type\":\"EntryPoint\",\"urlTemplate\":\"https:\\\/\\\/www.lacestitadelbebe.es\\\/blog\\\/?s={search_term_string}\"},\"query-input\":{\"@type\":\"PropertyValueSpecification\",\"valueRequired\":true,\"valueName\":\"search_term_string\"}}],\"inLanguage\":\"es\"},{\"@type\":\"Organization\",\"@id\":\"https:\\\/\\\/www.lacestitadelbebe.es\\\/blog\\\/#organization\",\"name\":\"La Cestita del Beb\u00e9\",\"url\":\"https:\\\/\\\/www.lacestitadelbebe.es\\\/blog\\\/\",\"logo\":{\"@type\":\"ImageObject\",\"inLanguage\":\"es\",\"@id\":\"https:\\\/\\\/www.lacestitadelbebe.es\\\/blog\\\/#\\\/schema\\\/logo\\\/image\\\/\",\"url\":\"https:\\\/\\\/www.lacestitadelbebe.es\\\/blog\\\/wp-content\\\/uploads\\\/2017\\\/10\\\/la_cestita_del_bebe_blog.png\",\"contentUrl\":\"https:\\\/\\\/www.lacestitadelbebe.es\\\/blog\\\/wp-content\\\/uploads\\\/2017\\\/10\\\/la_cestita_del_bebe_blog.png\",\"width\":375,\"height\":70,\"caption\":\"La Cestita del Beb\u00e9\"},\"image\":{\"@id\":\"https:\\\/\\\/www.lacestitadelbebe.es\\\/blog\\\/#\\\/schema\\\/logo\\\/image\\\/\"},\"sameAs\":[\"https:\\\/\\\/www.facebook.com\\\/lacestitadelbebe.es\",\"https:\\\/\\\/x.com\\\/LaCestitaBebe\"]},{\"@type\":\"Person\",\"@id\":\"https:\\\/\\\/www.lacestitadelbebe.es\\\/blog\\\/#\\\/schema\\\/person\\\/4302d1284b0024ab11dca99558de40b4\",\"name\":\"La Cestita\",\"image\":{\"@type\":\"ImageObject\",\"inLanguage\":\"es\",\"@id\":\"https:\\\/\\\/secure.gravatar.com\\\/avatar\\\/533b503d3fc1781cdd76eacd2aa8f68348cdb3201605fe5b4616e6032a228068?s=96&d=mm&r=g\",\"url\":\"https:\\\/\\\/secure.gravatar.com\\\/avatar\\\/533b503d3fc1781cdd76eacd2aa8f68348cdb3201605fe5b4616e6032a228068?s=96&d=mm&r=g\",\"contentUrl\":\"https:\\\/\\\/secure.gravatar.com\\\/avatar\\\/533b503d3fc1781cdd76eacd2aa8f68348cdb3201605fe5b4616e6032a228068?s=96&d=mm&r=g\",\"caption\":\"La Cestita\"},\"sameAs\":[\"https:\\\/\\\/www.lacestitadelbebe.es\"]}]}<\/script>\n<!-- \/ Yoast SEO plugin. -->","yoast_head_json":{"title":"Ultimas tendencias en tartas de pa\u00f1ales - Blog la Cestita del Beb\u00e9","robots":{"index":"noindex","follow":"follow"},"og_locale":"es_ES","og_type":"article","og_title":"Ultimas tendencias en tartas de pa\u00f1ales - Blog la Cestita del Beb\u00e9","og_description":"Las&nbsp;tartas de pa\u00f1ales&nbsp;se han convertido ya en un regalo cl\u00e1sico para el nacimiento de un beb\u00e9 o para agasajar a la mam\u00e1 embarazada en una babyshower.&nbsp; Por esta raz\u00f3n ya no se busca s\u00f3lo una&nbsp;tarta de pa\u00f1ales&nbsp;cl\u00e1sica sino que se premia la originalidad y el dise\u00f1o inovador, diferente y como no divertido.&nbsp; Por esta raz\u00f3n ... Leer m\u00e1s","og_url":"https:\/\/lacestitadelbebe.es\/es\/9-tartas-de-panales","og_site_name":"Blog la Cestita del Beb\u00e9","article_publisher":"https:\/\/www.facebook.com\/lacestitadelbebe.es","article_published_time":"2017-01-15T18:05:00+00:00","article_modified_time":"2019-02-19T14:25:00+00:00","og_image":[{"width":281,"height":350,"url":"https:\/\/www.lacestitadelbebe.es\/blog\/wp-content\/uploads\/2017\/01\/motoneutro.jpg","type":"image\/jpeg"}],"author":"La Cestita","twitter_card":"summary_large_image","twitter_creator":"@LaCestitaBebe","twitter_site":"@LaCestitaBebe","twitter_misc":{"Escrito por":"La Cestita","Tiempo de lectura":"2 minutos"},"schema":{"@context":"https:\/\/schema.org","@graph":[{"@type":"Article","@id":"https:\/\/lacestitadelbebe.es\/es\/9-tartas-de-panales#article","isPartOf":{"@id":"https:\/\/www.lacestitadelbebe.es\/blog\/las-tartas-de-panales-han-convertido-ya\/"},"author":{"name":"La Cestita","@id":"https:\/\/www.lacestitadelbebe.es\/blog\/#\/schema\/person\/4302d1284b0024ab11dca99558de40b4"},"headline":"Ultimas tendencias en tartas de pa\u00f1ales","datePublished":"2017-01-15T18:05:00+00:00","dateModified":"2019-02-19T14:25:00+00:00","mainEntityOfPage":{"@id":"https:\/\/www.lacestitadelbebe.es\/blog\/las-tartas-de-panales-han-convertido-ya\/"},"wordCount":381,"commentCount":0,"publisher":{"@id":"https:\/\/www.lacestitadelbebe.es\/blog\/#organization"},"image":{"@id":"https:\/\/lacestitadelbebe.es\/es\/9-tartas-de-panales#primaryimage"},"thumbnailUrl":"https:\/\/www.lacestitadelbebe.es\/blog\/wp-content\/uploads\/2017\/01\/motoneutro.jpg","keywords":["cesta regalo bebe","regalo bebe","regalo original","regalos para bebes","tarta de pa\u00f1ales","tarta de pa\u00f1ales original","tartas de pa\u00f1ales","torta de pa\u00f1ales"],"inLanguage":"es","potentialAction":[{"@type":"CommentAction","name":"Comment","target":["https:\/\/lacestitadelbebe.es\/es\/9-tartas-de-panales#respond"]}]},{"@type":"WebPage","@id":"https:\/\/www.lacestitadelbebe.es\/blog\/las-tartas-de-panales-han-convertido-ya\/","url":"https:\/\/lacestitadelbebe.es\/es\/9-tartas-de-panales","name":"Ultimas tendencias en tartas de pa\u00f1ales - Blog la Cestita del Beb\u00e9","isPartOf":{"@id":"https:\/\/www.lacestitadelbebe.es\/blog\/#website"},"primaryImageOfPage":{"@id":"https:\/\/lacestitadelbebe.es\/es\/9-tartas-de-panales#primaryimage"},"image":{"@id":"https:\/\/lacestitadelbebe.es\/es\/9-tartas-de-panales#primaryimage"},"thumbnailUrl":"https:\/\/www.lacestitadelbebe.es\/blog\/wp-content\/uploads\/2017\/01\/motoneutro.jpg","datePublished":"2017-01-15T18:05:00+00:00","dateModified":"2019-02-19T14:25:00+00:00","breadcrumb":{"@id":"https:\/\/lacestitadelbebe.es\/es\/9-tartas-de-panales#breadcrumb"},"inLanguage":"es","potentialAction":[{"@type":"ReadAction","target":["https:\/\/lacestitadelbebe.es\/es\/9-tartas-de-panales"]}]},{"@type":"ImageObject","inLanguage":"es","@id":"https:\/\/lacestitadelbebe.es\/es\/9-tartas-de-panales#primaryimage","url":"https:\/\/www.lacestitadelbebe.es\/blog\/wp-content\/uploads\/2017\/01\/motoneutro.jpg","contentUrl":"https:\/\/www.lacestitadelbebe.es\/blog\/wp-content\/uploads\/2017\/01\/motoneutro.jpg","width":281,"height":350},{"@type":"BreadcrumbList","@id":"https:\/\/lacestitadelbebe.es\/es\/9-tartas-de-panales#breadcrumb","itemListElement":[{"@type":"ListItem","position":1,"name":"Portada","item":"https:\/\/www.lacestitadelbebe.es\/blog\/"},{"@type":"ListItem","position":2,"name":"Ultimas tendencias en tartas de pa\u00f1ales"}]},{"@type":"WebSite","@id":"https:\/\/www.lacestitadelbebe.es\/blog\/#website","url":"https:\/\/www.lacestitadelbebe.es\/blog\/","name":"Blog la Cestita del Beb\u00e9","description":"Hablamos de todo lo relacionado con beb\u00e9s","publisher":{"@id":"https:\/\/www.lacestitadelbebe.es\/blog\/#organization"},"potentialAction":[{"@type":"SearchAction","target":{"@type":"EntryPoint","urlTemplate":"https:\/\/www.lacestitadelbebe.es\/blog\/?s={search_term_string}"},"query-input":{"@type":"PropertyValueSpecification","valueRequired":true,"valueName":"search_term_string"}}],"inLanguage":"es"},{"@type":"Organization","@id":"https:\/\/www.lacestitadelbebe.es\/blog\/#organization","name":"La Cestita del Beb\u00e9","url":"https:\/\/www.lacestitadelbebe.es\/blog\/","logo":{"@type":"ImageObject","inLanguage":"es","@id":"https:\/\/www.lacestitadelbebe.es\/blog\/#\/schema\/logo\/image\/","url":"https:\/\/www.lacestitadelbebe.es\/blog\/wp-content\/uploads\/2017\/10\/la_cestita_del_bebe_blog.png","contentUrl":"https:\/\/www.lacestitadelbebe.es\/blog\/wp-content\/uploads\/2017\/10\/la_cestita_del_bebe_blog.png","width":375,"height":70,"caption":"La Cestita del Beb\u00e9"},"image":{"@id":"https:\/\/www.lacestitadelbebe.es\/blog\/#\/schema\/logo\/image\/"},"sameAs":["https:\/\/www.facebook.com\/lacestitadelbebe.es","https:\/\/x.com\/LaCestitaBebe"]},{"@type":"Person","@id":"https:\/\/www.lacestitadelbebe.es\/blog\/#\/schema\/person\/4302d1284b0024ab11dca99558de40b4","name":"La Cestita","image":{"@type":"ImageObject","inLanguage":"es","@id":"https:\/\/secure.gravatar.com\/avatar\/533b503d3fc1781cdd76eacd2aa8f68348cdb3201605fe5b4616e6032a228068?s=96&d=mm&r=g","url":"https:\/\/secure.gravatar.com\/avatar\/533b503d3fc1781cdd76eacd2aa8f68348cdb3201605fe5b4616e6032a228068?s=96&d=mm&r=g","contentUrl":"https:\/\/secure.gravatar.com\/avatar\/533b503d3fc1781cdd76eacd2aa8f68348cdb3201605fe5b4616e6032a228068?s=96&d=mm&r=g","caption":"La Cestita"},"sameAs":["https:\/\/www.lacestitadelbebe.es"]}]}},"_links":{"self":[{"href":"https:\/\/www.lacestitadelbebe.es\/blog\/wp-json\/wp\/v2\/posts\/39","targetHints":{"allow":["GET"]}}],"collection":[{"href":"https:\/\/www.lacestitadelbebe.es\/blog\/wp-json\/wp\/v2\/posts"}],"about":[{"href":"https:\/\/www.lacestitadelbebe.es\/blog\/wp-json\/wp\/v2\/types\/post"}],"author":[{"embeddable":true,"href":"https:\/\/www.lacestitadelbebe.es\/blog\/wp-json\/wp\/v2\/users\/1"}],"replies":[{"embeddable":true,"href":"https:\/\/www.lacestitadelbebe.es\/blog\/wp-json\/wp\/v2\/comments?post=39"}],"version-history":[{"count":2,"href":"https:\/\/www.lacestitadelbebe.es\/blog\/wp-json\/wp\/v2\/posts\/39\/revisions"}],"predecessor-version":[{"id":1422,"href":"https:\/\/www.lacestitadelbebe.es\/blog\/wp-json\/wp\/v2\/posts\/39\/revisions\/1422"}],"wp:featuredmedia":[{"embeddable":true,"href":"https:\/\/www.lacestitadelbebe.es\/blog\/wp-json\/wp\/v2\/media\/206"}],"wp:attachment":[{"href":"https:\/\/www.lacestitadelbebe.es\/blog\/wp-json\/wp\/v2\/media?parent=39"}],"wp:term":[{"taxonomy":"category","embeddable":true,"href":"https:\/\/www.lacestitadelbebe.es\/blog\/wp-json\/wp\/v2\/categories?post=39"},{"taxonomy":"post_tag","embeddable":true,"href":"https:\/\/www.lacestitadelbebe.es\/blog\/wp-json\/wp\/v2\/tags?post=39"}],"curies":[{"name":"wp","href":"https:\/\/api.w.org\/{rel}","templated":true}]}}