{"id":3898,"date":"2022-11-09T06:27:24","date_gmt":"2022-11-09T06:27:24","guid":{"rendered":"https:\/\/www.lacestitadelbebe.es\/blog\/?p=3898"},"modified":"2022-11-09T06:27:26","modified_gmt":"2022-11-09T06:27:26","slug":"cuidar-y-disfrutar-con-el-bebe-en-invierno","status":"publish","type":"post","link":"https:\/\/www.lacestitadelbebe.es\/blog\/cuidar-y-disfrutar-con-el-bebe-en-invierno\/","title":{"rendered":"Cuidar y disfrutar con el beb\u00e9 en invierno"},"content":{"rendered":"\n<p>El tiempo desapacible y el fr\u00edo se van imponiendo, el invierno va llegando y la navidad est\u00e1 a un mes vista y ya luce la decoraci\u00f3n navide\u00f1a, pero como pap\u00e1s y mam\u00e1s siempre podemos hacer planes con el fr\u00edo. No todo es negativo en estas duras etapas del a\u00f1o, siempre podemos disfrutar a tope de nuestros beb\u00e9s con estos consejos del blog de&nbsp;<a href=\"https:\/\/www.lacestitadelbebe.es\/\">lacestitadelbebe.es<\/a>&nbsp;aunque debemos extremar m\u00e1s la precauci\u00f3n y cuidados.<\/p>\n\n\n<div class=\"wp-block-image\">\n<figure class=\"aligncenter size-full\"><img decoding=\"async\" width=\"466\" height=\"350\" data-src=\"https:\/\/www.lacestitadelbebe.es\/blog\/wp-content\/uploads\/2019\/12\/Lugares_navidad-scaled.jpg\" alt=\"\" class=\"wp-image-2034 lazyload\" data-srcset=\"https:\/\/www.lacestitadelbebe.es\/blog\/wp-content\/uploads\/2019\/12\/Lugares_navidad-scaled.jpg 466w, https:\/\/www.lacestitadelbebe.es\/blog\/wp-content\/uploads\/2019\/12\/Lugares_navidad-300x225.jpg 300w, https:\/\/www.lacestitadelbebe.es\/blog\/wp-content\/uploads\/2019\/12\/Lugares_navidad-768x576.jpg 768w\" data-sizes=\"(max-width: 466px) 100vw, 466px\" src=\"data:image\/svg+xml;base64,PHN2ZyB3aWR0aD0iMSIgaGVpZ2h0PSIxIiB4bWxucz0iaHR0cDovL3d3dy53My5vcmcvMjAwMC9zdmciPjwvc3ZnPg==\" style=\"--smush-placeholder-width: 466px; --smush-placeholder-aspect-ratio: 466\/350;\" \/><figcaption class=\"wp-element-caption\">Ciudad engalanada con adornos de navidad<\/figcaption><\/figure>\n<\/div>\n\n\n<p>Por norma general,&nbsp;<strong>la mayor\u00eda de las personas prefieren que sus hijos nazcan con el calorcito de \u00e9pocas m\u00e1s c\u00e1lidas como son la primavera y el verano<\/strong>. Es normal porque por normal general&nbsp;<strong>el fr\u00edo implica m\u00e1s cuidados para los m\u00e1s peque\u00f1os y beb\u00e9s, su sistema inmune no est\u00e1 desarrollado y los hace m\u00e1s vulnerables al fr\u00edo y virus de diversa \u00edndole<\/strong>.<\/p>\n\n\n\n<p>En estas \u00e9pocas oto\u00f1ales e invernales&nbsp;<strong>los catarros, gripes y resfriados son los que m\u00e1s van a molestar a los peque\u00f1os, ya que la media suele rondar entre los diez al a\u00f1o<\/strong>. Como hemos comentado el principal motivo es que su sistema inmune es todav\u00eda d\u00e9bil. As\u00ed&nbsp;<strong>que hasta que sus defensas no se fortalezcan y aprendan a combatir los virus ser\u00e1 normal ir cogiendo diversas enfermedades de tipo leve incluso en Verano<\/strong>. Ya que los cambios de temperatura y sudar tampoco les ayuda mucho, pero con el buen tiempo siempre es m\u00e1s apetecible salir para estimular los sentidos.<\/p>\n\n\n\n<p><strong>Cuidados en casa<\/strong><\/p>\n\n\n\n<p>En la temporada de mal tiempo este ser\u00e1&nbsp;<strong>el lugar donde el reci\u00e9n nacido pasar\u00e1 el mayor tiempo, as\u00ed que ser\u00e1 importante que tengamos la casa en unas condiciones ideales<\/strong>. Para ello&nbsp;<strong>lo principal ser\u00e1 que la casa est\u00e9 a una temperatura de entre 20 y 23\u00ba C. La calefacci\u00f3n siempre nos reseca las mucosas, para ello podemos poner vasos con agua encima de los radiadores o bien disponer de humidificadores<\/strong>. Al agua podemos a\u00f1adirle esencia de eucalipto disponible en las farmacias, esto ayudar\u00e1 a despejar las v\u00edas y respirar mejor.<\/p>\n\n\n\n<p>A la hora de combatir los resfriados e<strong>s importante ventilar bien la casa, renovando de esta forma el aire y su calidad<\/strong>, ya que los ambientes cargados no son buenos y m\u00e1s propensos a enfermedades respiratorias.<\/p>\n\n\n\n<p>Otra medida que nos recomiendan en el hospital y el pediatra ser\u00e1<strong>&nbsp;ponerlo un ratito a la luz sobre todo del sol para ayudar a eliminar la bilirrubina y mejorar la asimilaci\u00f3n de las vitaminas<\/strong>.<\/p>\n\n\n\n<p>Cuando los beb\u00e9s son reci\u00e9n nacidos o muy peque\u00f1os ser\u00e1 habitual recibir visitas por parte de familiares y amigos para conocer al nuevo miembro, deberemos tener al beb\u00e9 bien arropado ya que esta puede ser otra de las causas de contagio de resfriados.<\/p>\n\n\n\n<p><strong>Hora del paseo<\/strong><\/p>\n\n\n\n<p>Conforme vayamos pasando oto\u00f1o y entre el invierno lo normal es que las temperaturas sean cada vez m\u00e1s bajas o g\u00e9lidas, pero con un poco de sentido com\u00fan y eligiendo d\u00edas que no haga mucho fr\u00edo podemos salir.&nbsp;<strong>Podemos aprovechar las temperaturas del mediod\u00eda o bien las primeras de la tarde que es cuando m\u00e1s calor suele hacer<\/strong>. Se debe llevar convenientemente abrigado al beb\u00e9, con las manos y parte de la cabeza tambi\u00e9n tapados.&nbsp;<strong>Para mayor comodidad y protecci\u00f3n lo mejor es usar un saco para el cochecito y si hace viento podemos usar una burbuja de pl\u00e1stico para protegerle.<\/strong><\/p>\n\n\n\n<p>Respecto a la ropa&nbsp;<strong>lo mejor es llevar muchas capas delgadas, siempre mejor que una gruesa, as\u00ed siempre podemos quitar o poner dependiendo de la temperatura<\/strong>. Ya que sudar o coger fr\u00edo no es bueno, los cambios de temperatura siempre suelen acarrear resfriados.<\/p>\n\n\n\n<p><strong>Vamos a relajarnos<\/strong><\/p>\n\n\n\n<p>Cuando son peque\u00f1os la hora del ba\u00f1o suele ser uno de esos momentos de juegos y relajaci\u00f3n, y que muchos padres solemos aprovechar para calmar a los beb\u00e9s antes de una siesta o un pl\u00e1cido sue\u00f1o reparador.&nbsp;<strong>Es importante hacerlo con una temperatura agradable y la temperatura del agua est\u00e1 siempre sobre los 37\u00baC, nuestra temperatura corporal.<\/strong><\/p>\n\n\n\n<p><strong>A la hora de dormir el ambiente debe ser c\u00e1lido pero sin excederse, ya que muy abrigado puede sudar destaparse y enfriarse, o peor a\u00fan propiciar la muerte s\u00fabita que se produce por ahogamiento<\/strong>&nbsp;al girarse boca abajo o taparse la cabeza.<\/p>\n\n\n\n<p>Esperamos que estos consejos les ayuden, aunque&nbsp;<strong>hay que tener paciencia ya que es inevitable que cojan unos cuantos resfriados al a\u00f1o que probablemente nos acabaran afectando tambi\u00e9n a nosotros, en cuanto el beb\u00e9 est\u00e9 malito podemos llevarlo al pediatra<\/strong>&nbsp;para ver que partes tiene afectadas y ver mejor su evoluci\u00f3n.<\/p>\n\n\n\n<p>Sabemos lo que&nbsp;<strong>cuid\u00e1is a vuestros beb\u00e9s y lo que cuesta mantenerlos sanos as\u00ed que trabajamos para tener las mejores&nbsp;<\/strong><a href=\"https:\/\/lacestitadelbebe.es\/es\/125-mantas-y-toquillas\"><strong>mantas de calidad bordadas<\/strong><\/a><strong>&nbsp;con detalles de gran calidad<\/strong>, que tanto calorcito y mismos les ofrecen. Tambi\u00e9n en los peluches y ropa, ya que&nbsp;<strong>nuestros originales regalos de beb\u00e9 est\u00e1n pensados y creados especialmente para mimarlos en todo momento<\/strong>.<\/p>\n\n\n\n<p><strong>Recapitulando un poco en la cestita del beb\u00e9 hemos trabajado duro para presentaros nuevos productos y regalos tanto para nacimientos de particulares, empresas y detalles para grandes eventos como los bautizos de los beb\u00e9s, comuni\u00f3n y bodas<\/strong>. Por lo tanto vamos actualizando nuestro cat\u00e1logo seg\u00fan las exigencias del mercado y tendencias que tanto os gustan, pero sin subir precios, ya que la calidad debe ser asequible para todos.<\/p>\n\n\n\n<p>Para acabar os recordamos que estamos trabajando m\u00e1s que nunca para cumplir con las exigencias y tener los mejores regalos para beb\u00e9s al mejor precio con grandes ofertas y descuentos. Tenemos ofertas desde nuestras cestas de beb\u00e9, ramos, tartas de pa\u00f1ales a nuestros detalles de boda, bautizo y comuni\u00f3n<\/p>\n\n\n\n<p>Para cumplir con las r\u00e1pidas y fiables entregas, siempre contamos con las mejores agencias de transporte para que las entregas sean r\u00e1pidas en menos de 24h tanto en hospital, como domicilios o empresas. Y para env\u00edos a Europa? No hay problema tambi\u00e9n los hacemos con un exhausto seguimiento.<\/p>\n\n\n\n<p>Seguimos con nuestra&nbsp;<strong>pol\u00edtica de precios bajos, con grandes ofertas y manteniendo siempre el 5% de descuento en todos los pedidos y m\u00ednimo un 10% garantizado para empresas<\/strong>! Cuidaros mucho, nos leemos en la pr\u00f3xima!<\/p>\n","protected":false},"excerpt":{"rendered":"<p>El tiempo desapacible y el fr\u00edo se van imponiendo, el invierno va llegando y la navidad est\u00e1 a un mes vista y ya luce la decoraci\u00f3n navide\u00f1a, pero como pap\u00e1s y mam\u00e1s siempre podemos hacer planes con el fr\u00edo. No todo es negativo en estas duras etapas del a\u00f1o, siempre podemos disfrutar a tope de &#8230; <a title=\"Cuidar y disfrutar con el beb\u00e9 en invierno\" class=\"read-more\" href=\"https:\/\/www.lacestitadelbebe.es\/blog\/cuidar-y-disfrutar-con-el-bebe-en-invierno\/\" aria-label=\"Leer m\u00e1s sobre Cuidar y disfrutar con el beb\u00e9 en invierno\">Leer m\u00e1s<\/a><\/p>\n","protected":false},"author":1,"featured_media":2787,"comment_status":"open","ping_status":"open","sticky":false,"template":"","format":"standard","meta":{"_exactmetrics_skip_tracking":false,"_exactmetrics_sitenote_active":false,"_exactmetrics_sitenote_note":"","_exactmetrics_sitenote_category":0,"footnotes":""},"categories":[89,78,102,106,82,426],"tags":[654],"class_list":["post-3898","post","type-post","status-publish","format-standard","has-post-thumbnail","hentry","category-aprendizaje-y-estimulacion","category-bebes","category-cuidados","category-embarazo","category-maternidad","category-navidad","tag-bebes-en-invierno"],"yoast_head":"<!-- This site is optimized with the Yoast SEO plugin v27.4 - https:\/\/yoast.com\/product\/yoast-seo-wordpress\/ -->\n<title>Cuidar y disfrutar con el beb\u00e9 en invierno - La Cestita del Beb\u00e9<\/title>\n<meta name=\"description\" content=\"Desde el blog de LaCestitadelBebe te dejamos un post para disfrutar del invierno y la navidad con nuestro adorable beb\u00e9\" \/>\n<meta name=\"robots\" content=\"index, follow, max-snippet:-1, max-image-preview:large, max-video-preview:-1\" \/>\n<link rel=\"canonical\" href=\"https:\/\/www.lacestitadelbebe.es\/blog\/cuidar-y-disfrutar-con-el-bebe-en-invierno\/\" \/>\n<meta property=\"og:locale\" content=\"es_ES\" \/>\n<meta property=\"og:type\" content=\"article\" \/>\n<meta property=\"og:title\" content=\"Cuidar y disfrutar con el beb\u00e9 en invierno - La Cestita del Beb\u00e9\" \/>\n<meta property=\"og:description\" content=\"Desde el blog de LaCestitadelBebe te dejamos un post para disfrutar del invierno y la navidad con nuestro adorable beb\u00e9\" \/>\n<meta property=\"og:url\" content=\"https:\/\/www.lacestitadelbebe.es\/blog\/cuidar-y-disfrutar-con-el-bebe-en-invierno\/\" \/>\n<meta property=\"og:site_name\" content=\"Blog la Cestita del Beb\u00e9\" \/>\n<meta property=\"article:publisher\" content=\"https:\/\/www.facebook.com\/lacestitadelbebe.es\" \/>\n<meta property=\"article:published_time\" content=\"2022-11-09T06:27:24+00:00\" \/>\n<meta property=\"article:modified_time\" content=\"2022-11-09T06:27:26+00:00\" \/>\n<meta property=\"og:image\" content=\"https:\/\/www.lacestitadelbebe.es\/blog\/wp-content\/uploads\/2020\/11\/Regalos-para-bebes-en-navidad-scaled.jpg\" \/>\n\t<meta property=\"og:image:width\" content=\"485\" \/>\n\t<meta property=\"og:image:height\" content=\"322\" \/>\n\t<meta property=\"og:image:type\" content=\"image\/jpeg\" \/>\n<meta name=\"author\" content=\"La Cestita\" \/>\n<meta name=\"twitter:card\" content=\"summary_large_image\" \/>\n<meta name=\"twitter:creator\" content=\"@LaCestitaBebe\" \/>\n<meta name=\"twitter:site\" content=\"@LaCestitaBebe\" \/>\n<meta name=\"twitter:label1\" content=\"Escrito por\" \/>\n\t<meta name=\"twitter:data1\" content=\"La Cestita\" \/>\n\t<meta name=\"twitter:label2\" content=\"Tiempo de lectura\" \/>\n\t<meta name=\"twitter:data2\" content=\"5 minutos\" \/>\n<script type=\"application\/ld+json\" class=\"yoast-schema-graph\">{\"@context\":\"https:\\\/\\\/schema.org\",\"@graph\":[{\"@type\":\"Article\",\"@id\":\"https:\\\/\\\/www.lacestitadelbebe.es\\\/blog\\\/cuidar-y-disfrutar-con-el-bebe-en-invierno\\\/#article\",\"isPartOf\":{\"@id\":\"https:\\\/\\\/www.lacestitadelbebe.es\\\/blog\\\/cuidar-y-disfrutar-con-el-bebe-en-invierno\\\/\"},\"author\":{\"name\":\"La Cestita\",\"@id\":\"https:\\\/\\\/www.lacestitadelbebe.es\\\/blog\\\/#\\\/schema\\\/person\\\/4302d1284b0024ab11dca99558de40b4\"},\"headline\":\"Cuidar y disfrutar con el beb\u00e9 en invierno\",\"datePublished\":\"2022-11-09T06:27:24+00:00\",\"dateModified\":\"2022-11-09T06:27:26+00:00\",\"mainEntityOfPage\":{\"@id\":\"https:\\\/\\\/www.lacestitadelbebe.es\\\/blog\\\/cuidar-y-disfrutar-con-el-bebe-en-invierno\\\/\"},\"wordCount\":1111,\"commentCount\":0,\"publisher\":{\"@id\":\"https:\\\/\\\/www.lacestitadelbebe.es\\\/blog\\\/#organization\"},\"image\":{\"@id\":\"https:\\\/\\\/www.lacestitadelbebe.es\\\/blog\\\/cuidar-y-disfrutar-con-el-bebe-en-invierno\\\/#primaryimage\"},\"thumbnailUrl\":\"https:\\\/\\\/www.lacestitadelbebe.es\\\/blog\\\/wp-content\\\/uploads\\\/2020\\\/11\\\/Regalos-para-bebes-en-navidad-scaled.jpg\",\"keywords\":[\"beb\u00e9s en invierno\"],\"articleSection\":[\"aprendizaje y estimulaci\u00f3n\",\"Beb\u00e9s\",\"cuidados\",\"embarazo\",\"maternidad\",\"Navidad\"],\"inLanguage\":\"es\",\"potentialAction\":[{\"@type\":\"CommentAction\",\"name\":\"Comment\",\"target\":[\"https:\\\/\\\/www.lacestitadelbebe.es\\\/blog\\\/cuidar-y-disfrutar-con-el-bebe-en-invierno\\\/#respond\"]}]},{\"@type\":\"WebPage\",\"@id\":\"https:\\\/\\\/www.lacestitadelbebe.es\\\/blog\\\/cuidar-y-disfrutar-con-el-bebe-en-invierno\\\/\",\"url\":\"https:\\\/\\\/www.lacestitadelbebe.es\\\/blog\\\/cuidar-y-disfrutar-con-el-bebe-en-invierno\\\/\",\"name\":\"Cuidar y disfrutar con el beb\u00e9 en invierno - La Cestita del Beb\u00e9\",\"isPartOf\":{\"@id\":\"https:\\\/\\\/www.lacestitadelbebe.es\\\/blog\\\/#website\"},\"primaryImageOfPage\":{\"@id\":\"https:\\\/\\\/www.lacestitadelbebe.es\\\/blog\\\/cuidar-y-disfrutar-con-el-bebe-en-invierno\\\/#primaryimage\"},\"image\":{\"@id\":\"https:\\\/\\\/www.lacestitadelbebe.es\\\/blog\\\/cuidar-y-disfrutar-con-el-bebe-en-invierno\\\/#primaryimage\"},\"thumbnailUrl\":\"https:\\\/\\\/www.lacestitadelbebe.es\\\/blog\\\/wp-content\\\/uploads\\\/2020\\\/11\\\/Regalos-para-bebes-en-navidad-scaled.jpg\",\"datePublished\":\"2022-11-09T06:27:24+00:00\",\"dateModified\":\"2022-11-09T06:27:26+00:00\",\"description\":\"Desde el blog de LaCestitadelBebe te dejamos un post para disfrutar del invierno y la navidad con nuestro adorable beb\u00e9\",\"breadcrumb\":{\"@id\":\"https:\\\/\\\/www.lacestitadelbebe.es\\\/blog\\\/cuidar-y-disfrutar-con-el-bebe-en-invierno\\\/#breadcrumb\"},\"inLanguage\":\"es\",\"potentialAction\":[{\"@type\":\"ReadAction\",\"target\":[\"https:\\\/\\\/www.lacestitadelbebe.es\\\/blog\\\/cuidar-y-disfrutar-con-el-bebe-en-invierno\\\/\"]}]},{\"@type\":\"ImageObject\",\"inLanguage\":\"es\",\"@id\":\"https:\\\/\\\/www.lacestitadelbebe.es\\\/blog\\\/cuidar-y-disfrutar-con-el-bebe-en-invierno\\\/#primaryimage\",\"url\":\"https:\\\/\\\/www.lacestitadelbebe.es\\\/blog\\\/wp-content\\\/uploads\\\/2020\\\/11\\\/Regalos-para-bebes-en-navidad-scaled.jpg\",\"contentUrl\":\"https:\\\/\\\/www.lacestitadelbebe.es\\\/blog\\\/wp-content\\\/uploads\\\/2020\\\/11\\\/Regalos-para-bebes-en-navidad-scaled.jpg\",\"width\":485,\"height\":322},{\"@type\":\"BreadcrumbList\",\"@id\":\"https:\\\/\\\/www.lacestitadelbebe.es\\\/blog\\\/cuidar-y-disfrutar-con-el-bebe-en-invierno\\\/#breadcrumb\",\"itemListElement\":[{\"@type\":\"ListItem\",\"position\":1,\"name\":\"Portada\",\"item\":\"https:\\\/\\\/www.lacestitadelbebe.es\\\/blog\\\/\"},{\"@type\":\"ListItem\",\"position\":2,\"name\":\"Cuidar y disfrutar con el beb\u00e9 en invierno\"}]},{\"@type\":\"WebSite\",\"@id\":\"https:\\\/\\\/www.lacestitadelbebe.es\\\/blog\\\/#website\",\"url\":\"https:\\\/\\\/www.lacestitadelbebe.es\\\/blog\\\/\",\"name\":\"Blog la Cestita del Beb\u00e9\",\"description\":\"Hablamos de todo lo relacionado con beb\u00e9s\",\"publisher\":{\"@id\":\"https:\\\/\\\/www.lacestitadelbebe.es\\\/blog\\\/#organization\"},\"potentialAction\":[{\"@type\":\"SearchAction\",\"target\":{\"@type\":\"EntryPoint\",\"urlTemplate\":\"https:\\\/\\\/www.lacestitadelbebe.es\\\/blog\\\/?s={search_term_string}\"},\"query-input\":{\"@type\":\"PropertyValueSpecification\",\"valueRequired\":true,\"valueName\":\"search_term_string\"}}],\"inLanguage\":\"es\"},{\"@type\":\"Organization\",\"@id\":\"https:\\\/\\\/www.lacestitadelbebe.es\\\/blog\\\/#organization\",\"name\":\"La Cestita del Beb\u00e9\",\"url\":\"https:\\\/\\\/www.lacestitadelbebe.es\\\/blog\\\/\",\"logo\":{\"@type\":\"ImageObject\",\"inLanguage\":\"es\",\"@id\":\"https:\\\/\\\/www.lacestitadelbebe.es\\\/blog\\\/#\\\/schema\\\/logo\\\/image\\\/\",\"url\":\"https:\\\/\\\/www.lacestitadelbebe.es\\\/blog\\\/wp-content\\\/uploads\\\/2017\\\/10\\\/la_cestita_del_bebe_blog.png\",\"contentUrl\":\"https:\\\/\\\/www.lacestitadelbebe.es\\\/blog\\\/wp-content\\\/uploads\\\/2017\\\/10\\\/la_cestita_del_bebe_blog.png\",\"width\":375,\"height\":70,\"caption\":\"La Cestita del Beb\u00e9\"},\"image\":{\"@id\":\"https:\\\/\\\/www.lacestitadelbebe.es\\\/blog\\\/#\\\/schema\\\/logo\\\/image\\\/\"},\"sameAs\":[\"https:\\\/\\\/www.facebook.com\\\/lacestitadelbebe.es\",\"https:\\\/\\\/x.com\\\/LaCestitaBebe\"]},{\"@type\":\"Person\",\"@id\":\"https:\\\/\\\/www.lacestitadelbebe.es\\\/blog\\\/#\\\/schema\\\/person\\\/4302d1284b0024ab11dca99558de40b4\",\"name\":\"La Cestita\",\"image\":{\"@type\":\"ImageObject\",\"inLanguage\":\"es\",\"@id\":\"https:\\\/\\\/secure.gravatar.com\\\/avatar\\\/533b503d3fc1781cdd76eacd2aa8f68348cdb3201605fe5b4616e6032a228068?s=96&d=mm&r=g\",\"url\":\"https:\\\/\\\/secure.gravatar.com\\\/avatar\\\/533b503d3fc1781cdd76eacd2aa8f68348cdb3201605fe5b4616e6032a228068?s=96&d=mm&r=g\",\"contentUrl\":\"https:\\\/\\\/secure.gravatar.com\\\/avatar\\\/533b503d3fc1781cdd76eacd2aa8f68348cdb3201605fe5b4616e6032a228068?s=96&d=mm&r=g\",\"caption\":\"La Cestita\"},\"sameAs\":[\"https:\\\/\\\/www.lacestitadelbebe.es\"]}]}<\/script>\n<!-- \/ Yoast SEO plugin. -->","yoast_head_json":{"title":"Cuidar y disfrutar con el beb\u00e9 en invierno - La Cestita del Beb\u00e9","description":"Desde el blog de LaCestitadelBebe te dejamos un post para disfrutar del invierno y la navidad con nuestro adorable beb\u00e9","robots":{"index":"index","follow":"follow","max-snippet":"max-snippet:-1","max-image-preview":"max-image-preview:large","max-video-preview":"max-video-preview:-1"},"canonical":"https:\/\/www.lacestitadelbebe.es\/blog\/cuidar-y-disfrutar-con-el-bebe-en-invierno\/","og_locale":"es_ES","og_type":"article","og_title":"Cuidar y disfrutar con el beb\u00e9 en invierno - La Cestita del Beb\u00e9","og_description":"Desde el blog de LaCestitadelBebe te dejamos un post para disfrutar del invierno y la navidad con nuestro adorable beb\u00e9","og_url":"https:\/\/www.lacestitadelbebe.es\/blog\/cuidar-y-disfrutar-con-el-bebe-en-invierno\/","og_site_name":"Blog la Cestita del Beb\u00e9","article_publisher":"https:\/\/www.facebook.com\/lacestitadelbebe.es","article_published_time":"2022-11-09T06:27:24+00:00","article_modified_time":"2022-11-09T06:27:26+00:00","og_image":[{"width":485,"height":322,"url":"https:\/\/www.lacestitadelbebe.es\/blog\/wp-content\/uploads\/2020\/11\/Regalos-para-bebes-en-navidad-scaled.jpg","type":"image\/jpeg"}],"author":"La Cestita","twitter_card":"summary_large_image","twitter_creator":"@LaCestitaBebe","twitter_site":"@LaCestitaBebe","twitter_misc":{"Escrito por":"La Cestita","Tiempo de lectura":"5 minutos"},"schema":{"@context":"https:\/\/schema.org","@graph":[{"@type":"Article","@id":"https:\/\/www.lacestitadelbebe.es\/blog\/cuidar-y-disfrutar-con-el-bebe-en-invierno\/#article","isPartOf":{"@id":"https:\/\/www.lacestitadelbebe.es\/blog\/cuidar-y-disfrutar-con-el-bebe-en-invierno\/"},"author":{"name":"La Cestita","@id":"https:\/\/www.lacestitadelbebe.es\/blog\/#\/schema\/person\/4302d1284b0024ab11dca99558de40b4"},"headline":"Cuidar y disfrutar con el beb\u00e9 en invierno","datePublished":"2022-11-09T06:27:24+00:00","dateModified":"2022-11-09T06:27:26+00:00","mainEntityOfPage":{"@id":"https:\/\/www.lacestitadelbebe.es\/blog\/cuidar-y-disfrutar-con-el-bebe-en-invierno\/"},"wordCount":1111,"commentCount":0,"publisher":{"@id":"https:\/\/www.lacestitadelbebe.es\/blog\/#organization"},"image":{"@id":"https:\/\/www.lacestitadelbebe.es\/blog\/cuidar-y-disfrutar-con-el-bebe-en-invierno\/#primaryimage"},"thumbnailUrl":"https:\/\/www.lacestitadelbebe.es\/blog\/wp-content\/uploads\/2020\/11\/Regalos-para-bebes-en-navidad-scaled.jpg","keywords":["beb\u00e9s en invierno"],"articleSection":["aprendizaje y estimulaci\u00f3n","Beb\u00e9s","cuidados","embarazo","maternidad","Navidad"],"inLanguage":"es","potentialAction":[{"@type":"CommentAction","name":"Comment","target":["https:\/\/www.lacestitadelbebe.es\/blog\/cuidar-y-disfrutar-con-el-bebe-en-invierno\/#respond"]}]},{"@type":"WebPage","@id":"https:\/\/www.lacestitadelbebe.es\/blog\/cuidar-y-disfrutar-con-el-bebe-en-invierno\/","url":"https:\/\/www.lacestitadelbebe.es\/blog\/cuidar-y-disfrutar-con-el-bebe-en-invierno\/","name":"Cuidar y disfrutar con el beb\u00e9 en invierno - La Cestita del Beb\u00e9","isPartOf":{"@id":"https:\/\/www.lacestitadelbebe.es\/blog\/#website"},"primaryImageOfPage":{"@id":"https:\/\/www.lacestitadelbebe.es\/blog\/cuidar-y-disfrutar-con-el-bebe-en-invierno\/#primaryimage"},"image":{"@id":"https:\/\/www.lacestitadelbebe.es\/blog\/cuidar-y-disfrutar-con-el-bebe-en-invierno\/#primaryimage"},"thumbnailUrl":"https:\/\/www.lacestitadelbebe.es\/blog\/wp-content\/uploads\/2020\/11\/Regalos-para-bebes-en-navidad-scaled.jpg","datePublished":"2022-11-09T06:27:24+00:00","dateModified":"2022-11-09T06:27:26+00:00","description":"Desde el blog de LaCestitadelBebe te dejamos un post para disfrutar del invierno y la navidad con nuestro adorable beb\u00e9","breadcrumb":{"@id":"https:\/\/www.lacestitadelbebe.es\/blog\/cuidar-y-disfrutar-con-el-bebe-en-invierno\/#breadcrumb"},"inLanguage":"es","potentialAction":[{"@type":"ReadAction","target":["https:\/\/www.lacestitadelbebe.es\/blog\/cuidar-y-disfrutar-con-el-bebe-en-invierno\/"]}]},{"@type":"ImageObject","inLanguage":"es","@id":"https:\/\/www.lacestitadelbebe.es\/blog\/cuidar-y-disfrutar-con-el-bebe-en-invierno\/#primaryimage","url":"https:\/\/www.lacestitadelbebe.es\/blog\/wp-content\/uploads\/2020\/11\/Regalos-para-bebes-en-navidad-scaled.jpg","contentUrl":"https:\/\/www.lacestitadelbebe.es\/blog\/wp-content\/uploads\/2020\/11\/Regalos-para-bebes-en-navidad-scaled.jpg","width":485,"height":322},{"@type":"BreadcrumbList","@id":"https:\/\/www.lacestitadelbebe.es\/blog\/cuidar-y-disfrutar-con-el-bebe-en-invierno\/#breadcrumb","itemListElement":[{"@type":"ListItem","position":1,"name":"Portada","item":"https:\/\/www.lacestitadelbebe.es\/blog\/"},{"@type":"ListItem","position":2,"name":"Cuidar y disfrutar con el beb\u00e9 en invierno"}]},{"@type":"WebSite","@id":"https:\/\/www.lacestitadelbebe.es\/blog\/#website","url":"https:\/\/www.lacestitadelbebe.es\/blog\/","name":"Blog la Cestita del Beb\u00e9","description":"Hablamos de todo lo relacionado con beb\u00e9s","publisher":{"@id":"https:\/\/www.lacestitadelbebe.es\/blog\/#organization"},"potentialAction":[{"@type":"SearchAction","target":{"@type":"EntryPoint","urlTemplate":"https:\/\/www.lacestitadelbebe.es\/blog\/?s={search_term_string}"},"query-input":{"@type":"PropertyValueSpecification","valueRequired":true,"valueName":"search_term_string"}}],"inLanguage":"es"},{"@type":"Organization","@id":"https:\/\/www.lacestitadelbebe.es\/blog\/#organization","name":"La Cestita del Beb\u00e9","url":"https:\/\/www.lacestitadelbebe.es\/blog\/","logo":{"@type":"ImageObject","inLanguage":"es","@id":"https:\/\/www.lacestitadelbebe.es\/blog\/#\/schema\/logo\/image\/","url":"https:\/\/www.lacestitadelbebe.es\/blog\/wp-content\/uploads\/2017\/10\/la_cestita_del_bebe_blog.png","contentUrl":"https:\/\/www.lacestitadelbebe.es\/blog\/wp-content\/uploads\/2017\/10\/la_cestita_del_bebe_blog.png","width":375,"height":70,"caption":"La Cestita del Beb\u00e9"},"image":{"@id":"https:\/\/www.lacestitadelbebe.es\/blog\/#\/schema\/logo\/image\/"},"sameAs":["https:\/\/www.facebook.com\/lacestitadelbebe.es","https:\/\/x.com\/LaCestitaBebe"]},{"@type":"Person","@id":"https:\/\/www.lacestitadelbebe.es\/blog\/#\/schema\/person\/4302d1284b0024ab11dca99558de40b4","name":"La Cestita","image":{"@type":"ImageObject","inLanguage":"es","@id":"https:\/\/secure.gravatar.com\/avatar\/533b503d3fc1781cdd76eacd2aa8f68348cdb3201605fe5b4616e6032a228068?s=96&d=mm&r=g","url":"https:\/\/secure.gravatar.com\/avatar\/533b503d3fc1781cdd76eacd2aa8f68348cdb3201605fe5b4616e6032a228068?s=96&d=mm&r=g","contentUrl":"https:\/\/secure.gravatar.com\/avatar\/533b503d3fc1781cdd76eacd2aa8f68348cdb3201605fe5b4616e6032a228068?s=96&d=mm&r=g","caption":"La Cestita"},"sameAs":["https:\/\/www.lacestitadelbebe.es"]}]}},"_links":{"self":[{"href":"https:\/\/www.lacestitadelbebe.es\/blog\/wp-json\/wp\/v2\/posts\/3898","targetHints":{"allow":["GET"]}}],"collection":[{"href":"https:\/\/www.lacestitadelbebe.es\/blog\/wp-json\/wp\/v2\/posts"}],"about":[{"href":"https:\/\/www.lacestitadelbebe.es\/blog\/wp-json\/wp\/v2\/types\/post"}],"author":[{"embeddable":true,"href":"https:\/\/www.lacestitadelbebe.es\/blog\/wp-json\/wp\/v2\/users\/1"}],"replies":[{"embeddable":true,"href":"https:\/\/www.lacestitadelbebe.es\/blog\/wp-json\/wp\/v2\/comments?post=3898"}],"version-history":[{"count":2,"href":"https:\/\/www.lacestitadelbebe.es\/blog\/wp-json\/wp\/v2\/posts\/3898\/revisions"}],"predecessor-version":[{"id":3900,"href":"https:\/\/www.lacestitadelbebe.es\/blog\/wp-json\/wp\/v2\/posts\/3898\/revisions\/3900"}],"wp:featuredmedia":[{"embeddable":true,"href":"https:\/\/www.lacestitadelbebe.es\/blog\/wp-json\/wp\/v2\/media\/2787"}],"wp:attachment":[{"href":"https:\/\/www.lacestitadelbebe.es\/blog\/wp-json\/wp\/v2\/media?parent=3898"}],"wp:term":[{"taxonomy":"category","embeddable":true,"href":"https:\/\/www.lacestitadelbebe.es\/blog\/wp-json\/wp\/v2\/categories?post=3898"},{"taxonomy":"post_tag","embeddable":true,"href":"https:\/\/www.lacestitadelbebe.es\/blog\/wp-json\/wp\/v2\/tags?post=3898"}],"curies":[{"name":"wp","href":"https:\/\/api.w.org\/{rel}","templated":true}]}}