{"id":3662,"date":"2022-04-13T05:11:43","date_gmt":"2022-04-13T05:11:43","guid":{"rendered":"https:\/\/www.lacestitadelbebe.es\/blog\/?p=3662"},"modified":"2024-01-31T10:52:22","modified_gmt":"2024-01-31T10:52:22","slug":"consejos-para-viajar-con-bebes-y-peques-esta-semana-santa","status":"publish","type":"post","link":"https:\/\/www.lacestitadelbebe.es\/blog\/consejos-para-viajar-con-bebes-y-peques-esta-semana-santa\/","title":{"rendered":"Consejos para viajar con beb\u00e9s y peques esta Semana Santa"},"content":{"rendered":"\n<p>Estamos ya en plena Semana Santa y seguro que a todos nos pasa por la cabeza hacer un viaje o una escapa para salir de la rutina y recargar pilas en familia. Si ten\u00e9is beb\u00e9s en casa o peques tendr\u00e9is que tener unas cuantas precauciones que os dejamos desde el blog de <a href=\"https:\/\/lacestitadelbebe.es\/es\/\">La Cestita del Bebe<\/a>.<\/p><div id=\"ez-toc-container\" class=\"ez-toc-v2_0_82_2 ez-toc-wrap-center counter-hierarchy ez-toc-counter ez-toc-custom ez-toc-container-direction\">\n<div class=\"ez-toc-title-container\">\n<p class=\"ez-toc-title\" style=\"cursor:inherit\">Contenidos<\/p>\n<span class=\"ez-toc-title-toggle\"><a href=\"#\" class=\"ez-toc-pull-right ez-toc-btn ez-toc-btn-xs ez-toc-btn-default ez-toc-toggle\" aria-label=\"Alternar tabla de contenidos\"><span class=\"ez-toc-js-icon-con\"><span class=\"\"><span class=\"eztoc-hide\" style=\"display:none;\">Toggle<\/span><span class=\"ez-toc-icon-toggle-span\"><svg style=\"fill: #222222;color:#222222\" xmlns=\"http:\/\/www.w3.org\/2000\/svg\" class=\"list-377408\" width=\"20px\" height=\"20px\" viewBox=\"0 0 24 24\" fill=\"none\"><path d=\"M6 6H4v2h2V6zm14 0H8v2h12V6zM4 11h2v2H4v-2zm16 0H8v2h12v-2zM4 16h2v2H4v-2zm16 0H8v2h12v-2z\" fill=\"currentColor\"><\/path><\/svg><svg style=\"fill: #222222;color:#222222\" class=\"arrow-unsorted-368013\" xmlns=\"http:\/\/www.w3.org\/2000\/svg\" width=\"10px\" height=\"10px\" viewBox=\"0 0 24 24\" version=\"1.2\" baseProfile=\"tiny\"><path d=\"M18.2 9.3l-6.2-6.3-6.2 6.3c-.2.2-.3.4-.3.7s.1.5.3.7c.2.2.4.3.7.3h11c.3 0 .5-.1.7-.3.2-.2.3-.5.3-.7s-.1-.5-.3-.7zM5.8 14.7l6.2 6.3 6.2-6.3c.2-.2.3-.5.3-.7s-.1-.5-.3-.7c-.2-.2-.4-.3-.7-.3h-11c-.3 0-.5.1-.7.3-.2.2-.3.5-.3.7s.1.5.3.7z\"\/><\/svg><\/span><\/span><\/span><\/a><\/span><\/div>\n<nav><ul class='ez-toc-list ez-toc-list-level-1 eztoc-toggle-hide-by-default' ><li class='ez-toc-page-1 ez-toc-heading-level-2'><a class=\"ez-toc-link ez-toc-heading-1\" href=\"https:\/\/www.lacestitadelbebe.es\/blog\/consejos-para-viajar-con-bebes-y-peques-esta-semana-santa\/#Una_buena_planificacion_suele_ser_esencial\" >Una buena planificaci\u00f3n suele ser esencial<\/a><\/li><li class='ez-toc-page-1 ez-toc-heading-level-2'><a class=\"ez-toc-link ez-toc-heading-2\" href=\"https:\/\/www.lacestitadelbebe.es\/blog\/consejos-para-viajar-con-bebes-y-peques-esta-semana-santa\/#Circular_respetando_las_normas_de_circulacion\" >Circular respetando las normas de circulaci\u00f3n<\/a><\/li><li class='ez-toc-page-1 ez-toc-heading-level-2'><a class=\"ez-toc-link ez-toc-heading-3\" href=\"https:\/\/www.lacestitadelbebe.es\/blog\/consejos-para-viajar-con-bebes-y-peques-esta-semana-santa\/#Parar_cada_dos_horas_al_menos\" >Parar cada dos horas al menos<\/a><\/li><li class='ez-toc-page-1 ez-toc-heading-level-2'><a class=\"ez-toc-link ez-toc-heading-4\" href=\"https:\/\/www.lacestitadelbebe.es\/blog\/consejos-para-viajar-con-bebes-y-peques-esta-semana-santa\/#Poner_una_temperatura_adecuada\" >Poner una temperatura adecuada<\/a><\/li><\/ul><\/nav><\/div>\n\n\n\n<div class=\"wp-block-image\">\n<figure class=\"aligncenter size-large\"><img decoding=\"async\" width=\"1024\" height=\"678\" data-src=\"https:\/\/www.lacestitadelbebe.es\/blog\/wp-content\/uploads\/2020\/06\/Preparar-los-viajes-con-los-peques-y-bebes-1024x678.jpg\" alt=\"\" class=\"wp-image-2537 lazyload\" data-srcset=\"https:\/\/www.lacestitadelbebe.es\/blog\/wp-content\/uploads\/2020\/06\/Preparar-los-viajes-con-los-peques-y-bebes-1024x678.jpg 1024w, https:\/\/www.lacestitadelbebe.es\/blog\/wp-content\/uploads\/2020\/06\/Preparar-los-viajes-con-los-peques-y-bebes-300x199.jpg 300w, https:\/\/www.lacestitadelbebe.es\/blog\/wp-content\/uploads\/2020\/06\/Preparar-los-viajes-con-los-peques-y-bebes-768x508.jpg 768w, https:\/\/www.lacestitadelbebe.es\/blog\/wp-content\/uploads\/2020\/06\/Preparar-los-viajes-con-los-peques-y-bebes-scaled.jpg 485w\" data-sizes=\"(max-width: 1024px) 100vw, 1024px\" src=\"data:image\/svg+xml;base64,PHN2ZyB3aWR0aD0iMSIgaGVpZ2h0PSIxIiB4bWxucz0iaHR0cDovL3d3dy53My5vcmcvMjAwMC9zdmciPjwvc3ZnPg==\" style=\"--smush-placeholder-width: 1024px; --smush-placeholder-aspect-ratio: 1024\/678;\" \/><figcaption class=\"wp-element-caption\">Peque disfrutando de la playa<\/figcaption><\/figure>\n<\/div>\n\n\n<p>De esta forma si se van a realizar desplazamientos por carretera estos santos d\u00edas, es necesario tomar todas las medidas de seguridad, revisar el coche y utilizar todo el sentido com\u00fan y prudencia para evitar sustos.<\/p>\n\n\n\n<p>As\u00ed que aqu\u00ed van una serie de consejos que ten\u00e9is que tener en cuenta s\u00ed o s\u00ed antes de salir en familia:<\/p>\n\n\n\n<h2 class=\"wp-block-heading\"><span class=\"ez-toc-section\" id=\"Una_buena_planificacion_suele_ser_esencial\"><\/span>Una buena planificaci\u00f3n suele ser esencial<span class=\"ez-toc-section-end\"><\/span><\/h2>\n\n\n\n<p><strong>Para ir de viaje en familia con ni\u00f1os peque\u00f1os y beb\u00e9s son necesarias muchas cosas y productos, por ello es de importante que unos d\u00edas antes pensemos en el viaje y en que nos conlleva<\/strong>.<\/p>\n\n\n\n<p>Tendremos que tener en cuenta en funci\u00f3n del destino, la hora de salida, el trayecto y que puede haber retenciones. Por lo tanto, siempre llevar un bolso de mano con todo lo necesario para atender a los peques o beb\u00e9s en las necesarias paradas si el viaje es largo. Esto har\u00e1 que todos estemos mucho m\u00e1s tranquilos y el viaje no se haga estresante para todos.<\/p>\n\n\n\n<p>Los peques deben viajar en su silla<\/p>\n\n\n\n<p><strong>Siempre se debe utilizar un sistema de retenci\u00f3n infantil homologado seg\u00fan el peso y la talla de los menores, adem\u00e1s de hacer un buen uso de ello. Estos sistemas reducen en gran medida las lesiones y peligro de muerte en un accidente, siendo obligatorios hasta que los peques alcancen unos 135 cent\u00edmetros de altura, aunque se recomienda utilizarlos hasta 150 cent\u00edmetros.<\/strong><\/p>\n\n\n\n<p>Los sistemas de retenci\u00f3n deben ser nuevos&nbsp; a ser posible, o que no hayan sufrido da\u00f1os o deterioros graves y debemos estar seguros de que est\u00e1n bien instaladas y quedan sujetos de forma firme sin juegos ni movimientos extra\u00f1os que comprometan la seguridad de todos.<\/p>\n\n\n\n<h2 class=\"wp-block-heading\"><span class=\"ez-toc-section\" id=\"Circular_respetando_las_normas_de_circulacion\"><\/span>Circular respetando las normas de circulaci\u00f3n<span class=\"ez-toc-section-end\"><\/span><\/h2>\n\n\n\n<p><strong>Siempre debemos sentarnos al volante lo m\u00e1s despiertos posible y conducir de forma tranquila y sosegada ajust\u00e1ndonos a las normas de las v\u00edas y siempre a la velocidad recomendada para evitar poner en peligro a los peque\u00f1os si hay alg\u00fan problema en la v\u00eda<\/strong>.<\/p>\n\n\n\n<p>Debemos tener mucho cuidado con los adelantamientos ya que las normas han cambiado y ahora no se permite la posibilidad de rebasar en 20 kil\u00f3metros por hora en el adelantamiento, lo que puede hacer que esta maniobra se alargue en exceso. El sentido com\u00fan nos indicar\u00e1 hacerla en zonas que no haya peligro o hacerlas algo m\u00e1s ligero si representa un peligro.<\/p>\n\n\n\n<h2 class=\"wp-block-heading\"><span class=\"ez-toc-section\" id=\"Parar_cada_dos_horas_al_menos\"><\/span>Parar cada dos horas al menos<span class=\"ez-toc-section-end\"><\/span><\/h2>\n\n\n\n<p>Con los peque\u00f1os <strong>ser\u00e1 normal parar varias veces en viajes largos, ya que ellos se aburren, marean y tienen sus necesidades. Cada dos horas o cuando se estime es un buen momento para parar, estirar las piernas ir al ba\u00f1o, descansar y comer algo, esto es recomendable para todos as\u00ed viajaremos de una forma m\u00e1s tranquila y segura. Si son beb\u00e9s es recomendable darles pecho o la leche de f\u00f3rmula<\/strong>.<\/p>\n\n\n\n<p>Se pueden planificar estas paradas en lugares seguros, de descanso o que tengan parques para los peques.<\/p>\n\n\n\n<h2 class=\"wp-block-heading\"><span class=\"ez-toc-section\" id=\"Poner_una_temperatura_adecuada\"><\/span>Poner una temperatura adecuada<span class=\"ez-toc-section-end\"><\/span><\/h2>\n\n\n\n<p><strong>Para circular de la mejor manera posible debemos manejar un rango de temperaturas comprendidas entre 21 y 23 grados, que son las id\u00f3neas. Ya que mucho calor da sue\u00f1o, mareo y empa\u00f1a los cristales y con mucho fr\u00edo podemos coger problemas de garganta e incluso alg\u00fan catarro.<\/strong><\/p>\n\n\n\n<p>Debemos viajar con ropa c\u00f3moda, ligera, transpirable que ayudar\u00e1 a un mayor confort durante el viaje y evitar los abrigos ya que dan mucho calor, sensaci\u00f3n de agobio y limitan los movimientos sobre todo para viajes largos. Tambi\u00e9n interfieren en los sistemas de retenci\u00f3n como los cinturones y las sillitas haciendo que puedan perder eficiencia si resbalan.<\/p>\n\n\n\n<p>Si necesitas m\u00e1s consejos para <a href=\"https:\/\/www.lacestitadelbebe.es\/blog\/preparar-los-viajes-con-los-peques-y-bebes\/\">viajar con beb\u00e9s en el coche<\/a> aqu\u00ed os dejamos m\u00e1s consejos, sobretodo id con los deberos hechos, mucha precauci\u00f3n y paciencia y parar a menudo en viajes largos. Esperamos que vaya todo bien, disfrut\u00e9is de vuestras vacaciones de Semana Santa y nos volvemos a leer en unos d\u00edas! Hasta la pr\u00f3xima!<\/p>\n","protected":false},"excerpt":{"rendered":"<p>Estamos ya en plena Semana Santa y seguro que a todos nos pasa por la cabeza hacer un viaje o una escapa para salir de la rutina y recargar pilas en familia. Si ten\u00e9is beb\u00e9s en casa o peques tendr\u00e9is que tener unas cuantas precauciones que os dejamos desde el blog de La Cestita del &#8230; <a title=\"Consejos para viajar con beb\u00e9s y peques esta Semana Santa\" class=\"read-more\" href=\"https:\/\/www.lacestitadelbebe.es\/blog\/consejos-para-viajar-con-bebes-y-peques-esta-semana-santa\/\" aria-label=\"Leer m\u00e1s sobre Consejos para viajar con beb\u00e9s y peques esta Semana Santa\">Leer m\u00e1s<\/a><\/p>\n","protected":false},"author":1,"featured_media":2773,"comment_status":"open","ping_status":"open","sticky":false,"template":"","format":"standard","meta":{"_exactmetrics_skip_tracking":false,"_exactmetrics_sitenote_active":false,"_exactmetrics_sitenote_note":"","_exactmetrics_sitenote_category":0,"footnotes":""},"categories":[89,78,102,82,225],"tags":[592],"class_list":["post-3662","post","type-post","status-publish","format-standard","has-post-thumbnail","hentry","category-aprendizaje-y-estimulacion","category-bebes","category-cuidados","category-maternidad","category-viajes-bebe","tag-viajando-bebe"],"yoast_head":"<!-- This site is optimized with the Yoast SEO plugin v27.4 - https:\/\/yoast.com\/product\/yoast-seo-wordpress\/ -->\n<title>Consejos para viajar con beb\u00e9s y peques esta Semana Santa<\/title>\n<meta name=\"description\" content=\"Desde el Blog de La Cestita del Beb\u00e9 os dejamos unos consejos para viajar de forma segura con los peques durante esta Semana Santa!\" \/>\n<meta name=\"robots\" content=\"index, follow, max-snippet:-1, max-image-preview:large, max-video-preview:-1\" \/>\n<link rel=\"canonical\" href=\"https:\/\/www.lacestitadelbebe.es\/blog\/consejos-para-viajar-con-bebes-y-peques-esta-semana-santa\/\" \/>\n<meta property=\"og:locale\" content=\"es_ES\" \/>\n<meta property=\"og:type\" content=\"article\" \/>\n<meta property=\"og:title\" content=\"Consejos para viajar con beb\u00e9s y peques esta Semana Santa\" \/>\n<meta property=\"og:description\" content=\"Desde el Blog de La Cestita del Beb\u00e9 os dejamos unos consejos para viajar de forma segura con los peques durante esta Semana Santa!\" \/>\n<meta property=\"og:url\" content=\"https:\/\/www.lacestitadelbebe.es\/blog\/consejos-para-viajar-con-bebes-y-peques-esta-semana-santa\/\" \/>\n<meta property=\"og:site_name\" content=\"Blog la Cestita del Beb\u00e9\" \/>\n<meta property=\"article:publisher\" content=\"https:\/\/www.facebook.com\/lacestitadelbebe.es\" \/>\n<meta property=\"article:published_time\" content=\"2022-04-13T05:11:43+00:00\" \/>\n<meta property=\"article:modified_time\" content=\"2024-01-31T10:52:22+00:00\" \/>\n<meta property=\"og:image\" content=\"https:\/\/www.lacestitadelbebe.es\/blog\/wp-content\/uploads\/2020\/11\/Sillas-de-paseo-ligeras-la-mejor-forma-de-viajar-con-un-bebe-scaled.jpg\" \/>\n\t<meta property=\"og:image:width\" content=\"485\" \/>\n\t<meta property=\"og:image:height\" content=\"324\" \/>\n\t<meta property=\"og:image:type\" content=\"image\/jpeg\" \/>\n<meta name=\"author\" content=\"La Cestita\" \/>\n<meta name=\"twitter:card\" content=\"summary_large_image\" \/>\n<meta name=\"twitter:creator\" content=\"@LaCestitaBebe\" \/>\n<meta name=\"twitter:site\" content=\"@LaCestitaBebe\" \/>\n<meta name=\"twitter:label1\" content=\"Escrito por\" \/>\n\t<meta name=\"twitter:data1\" content=\"La Cestita\" \/>\n\t<meta name=\"twitter:label2\" content=\"Tiempo de lectura\" \/>\n\t<meta name=\"twitter:data2\" content=\"4 minutos\" \/>\n<script type=\"application\/ld+json\" class=\"yoast-schema-graph\">{\"@context\":\"https:\\\/\\\/schema.org\",\"@graph\":[{\"@type\":\"Article\",\"@id\":\"https:\\\/\\\/www.lacestitadelbebe.es\\\/blog\\\/consejos-para-viajar-con-bebes-y-peques-esta-semana-santa\\\/#article\",\"isPartOf\":{\"@id\":\"https:\\\/\\\/www.lacestitadelbebe.es\\\/blog\\\/consejos-para-viajar-con-bebes-y-peques-esta-semana-santa\\\/\"},\"author\":{\"name\":\"La Cestita\",\"@id\":\"https:\\\/\\\/www.lacestitadelbebe.es\\\/blog\\\/#\\\/schema\\\/person\\\/4302d1284b0024ab11dca99558de40b4\"},\"headline\":\"Consejos para viajar con beb\u00e9s y peques esta Semana Santa\",\"datePublished\":\"2022-04-13T05:11:43+00:00\",\"dateModified\":\"2024-01-31T10:52:22+00:00\",\"mainEntityOfPage\":{\"@id\":\"https:\\\/\\\/www.lacestitadelbebe.es\\\/blog\\\/consejos-para-viajar-con-bebes-y-peques-esta-semana-santa\\\/\"},\"wordCount\":769,\"commentCount\":0,\"publisher\":{\"@id\":\"https:\\\/\\\/www.lacestitadelbebe.es\\\/blog\\\/#organization\"},\"image\":{\"@id\":\"https:\\\/\\\/www.lacestitadelbebe.es\\\/blog\\\/consejos-para-viajar-con-bebes-y-peques-esta-semana-santa\\\/#primaryimage\"},\"thumbnailUrl\":\"https:\\\/\\\/www.lacestitadelbebe.es\\\/blog\\\/wp-content\\\/uploads\\\/2020\\\/11\\\/Sillas-de-paseo-ligeras-la-mejor-forma-de-viajar-con-un-bebe-scaled.jpg\",\"keywords\":[\"viajando beb\u00e9\"],\"articleSection\":[\"aprendizaje y estimulaci\u00f3n\",\"Beb\u00e9s\",\"cuidados\",\"maternidad\",\"viajes bebe\"],\"inLanguage\":\"es\",\"potentialAction\":[{\"@type\":\"CommentAction\",\"name\":\"Comment\",\"target\":[\"https:\\\/\\\/www.lacestitadelbebe.es\\\/blog\\\/consejos-para-viajar-con-bebes-y-peques-esta-semana-santa\\\/#respond\"]}]},{\"@type\":\"WebPage\",\"@id\":\"https:\\\/\\\/www.lacestitadelbebe.es\\\/blog\\\/consejos-para-viajar-con-bebes-y-peques-esta-semana-santa\\\/\",\"url\":\"https:\\\/\\\/www.lacestitadelbebe.es\\\/blog\\\/consejos-para-viajar-con-bebes-y-peques-esta-semana-santa\\\/\",\"name\":\"Consejos para viajar con beb\u00e9s y peques esta Semana Santa\",\"isPartOf\":{\"@id\":\"https:\\\/\\\/www.lacestitadelbebe.es\\\/blog\\\/#website\"},\"primaryImageOfPage\":{\"@id\":\"https:\\\/\\\/www.lacestitadelbebe.es\\\/blog\\\/consejos-para-viajar-con-bebes-y-peques-esta-semana-santa\\\/#primaryimage\"},\"image\":{\"@id\":\"https:\\\/\\\/www.lacestitadelbebe.es\\\/blog\\\/consejos-para-viajar-con-bebes-y-peques-esta-semana-santa\\\/#primaryimage\"},\"thumbnailUrl\":\"https:\\\/\\\/www.lacestitadelbebe.es\\\/blog\\\/wp-content\\\/uploads\\\/2020\\\/11\\\/Sillas-de-paseo-ligeras-la-mejor-forma-de-viajar-con-un-bebe-scaled.jpg\",\"datePublished\":\"2022-04-13T05:11:43+00:00\",\"dateModified\":\"2024-01-31T10:52:22+00:00\",\"description\":\"Desde el Blog de La Cestita del Beb\u00e9 os dejamos unos consejos para viajar de forma segura con los peques durante esta Semana Santa!\",\"breadcrumb\":{\"@id\":\"https:\\\/\\\/www.lacestitadelbebe.es\\\/blog\\\/consejos-para-viajar-con-bebes-y-peques-esta-semana-santa\\\/#breadcrumb\"},\"inLanguage\":\"es\",\"potentialAction\":[{\"@type\":\"ReadAction\",\"target\":[\"https:\\\/\\\/www.lacestitadelbebe.es\\\/blog\\\/consejos-para-viajar-con-bebes-y-peques-esta-semana-santa\\\/\"]}]},{\"@type\":\"ImageObject\",\"inLanguage\":\"es\",\"@id\":\"https:\\\/\\\/www.lacestitadelbebe.es\\\/blog\\\/consejos-para-viajar-con-bebes-y-peques-esta-semana-santa\\\/#primaryimage\",\"url\":\"https:\\\/\\\/www.lacestitadelbebe.es\\\/blog\\\/wp-content\\\/uploads\\\/2020\\\/11\\\/Sillas-de-paseo-ligeras-la-mejor-forma-de-viajar-con-un-bebe-scaled.jpg\",\"contentUrl\":\"https:\\\/\\\/www.lacestitadelbebe.es\\\/blog\\\/wp-content\\\/uploads\\\/2020\\\/11\\\/Sillas-de-paseo-ligeras-la-mejor-forma-de-viajar-con-un-bebe-scaled.jpg\",\"width\":485,\"height\":324},{\"@type\":\"BreadcrumbList\",\"@id\":\"https:\\\/\\\/www.lacestitadelbebe.es\\\/blog\\\/consejos-para-viajar-con-bebes-y-peques-esta-semana-santa\\\/#breadcrumb\",\"itemListElement\":[{\"@type\":\"ListItem\",\"position\":1,\"name\":\"Portada\",\"item\":\"https:\\\/\\\/www.lacestitadelbebe.es\\\/blog\\\/\"},{\"@type\":\"ListItem\",\"position\":2,\"name\":\"Consejos para viajar con beb\u00e9s y peques esta Semana Santa\"}]},{\"@type\":\"WebSite\",\"@id\":\"https:\\\/\\\/www.lacestitadelbebe.es\\\/blog\\\/#website\",\"url\":\"https:\\\/\\\/www.lacestitadelbebe.es\\\/blog\\\/\",\"name\":\"Blog la Cestita del Beb\u00e9\",\"description\":\"Hablamos de todo lo relacionado con beb\u00e9s\",\"publisher\":{\"@id\":\"https:\\\/\\\/www.lacestitadelbebe.es\\\/blog\\\/#organization\"},\"potentialAction\":[{\"@type\":\"SearchAction\",\"target\":{\"@type\":\"EntryPoint\",\"urlTemplate\":\"https:\\\/\\\/www.lacestitadelbebe.es\\\/blog\\\/?s={search_term_string}\"},\"query-input\":{\"@type\":\"PropertyValueSpecification\",\"valueRequired\":true,\"valueName\":\"search_term_string\"}}],\"inLanguage\":\"es\"},{\"@type\":\"Organization\",\"@id\":\"https:\\\/\\\/www.lacestitadelbebe.es\\\/blog\\\/#organization\",\"name\":\"La Cestita del Beb\u00e9\",\"url\":\"https:\\\/\\\/www.lacestitadelbebe.es\\\/blog\\\/\",\"logo\":{\"@type\":\"ImageObject\",\"inLanguage\":\"es\",\"@id\":\"https:\\\/\\\/www.lacestitadelbebe.es\\\/blog\\\/#\\\/schema\\\/logo\\\/image\\\/\",\"url\":\"https:\\\/\\\/www.lacestitadelbebe.es\\\/blog\\\/wp-content\\\/uploads\\\/2017\\\/10\\\/la_cestita_del_bebe_blog.png\",\"contentUrl\":\"https:\\\/\\\/www.lacestitadelbebe.es\\\/blog\\\/wp-content\\\/uploads\\\/2017\\\/10\\\/la_cestita_del_bebe_blog.png\",\"width\":375,\"height\":70,\"caption\":\"La Cestita del Beb\u00e9\"},\"image\":{\"@id\":\"https:\\\/\\\/www.lacestitadelbebe.es\\\/blog\\\/#\\\/schema\\\/logo\\\/image\\\/\"},\"sameAs\":[\"https:\\\/\\\/www.facebook.com\\\/lacestitadelbebe.es\",\"https:\\\/\\\/x.com\\\/LaCestitaBebe\"]},{\"@type\":\"Person\",\"@id\":\"https:\\\/\\\/www.lacestitadelbebe.es\\\/blog\\\/#\\\/schema\\\/person\\\/4302d1284b0024ab11dca99558de40b4\",\"name\":\"La Cestita\",\"image\":{\"@type\":\"ImageObject\",\"inLanguage\":\"es\",\"@id\":\"https:\\\/\\\/secure.gravatar.com\\\/avatar\\\/533b503d3fc1781cdd76eacd2aa8f68348cdb3201605fe5b4616e6032a228068?s=96&d=mm&r=g\",\"url\":\"https:\\\/\\\/secure.gravatar.com\\\/avatar\\\/533b503d3fc1781cdd76eacd2aa8f68348cdb3201605fe5b4616e6032a228068?s=96&d=mm&r=g\",\"contentUrl\":\"https:\\\/\\\/secure.gravatar.com\\\/avatar\\\/533b503d3fc1781cdd76eacd2aa8f68348cdb3201605fe5b4616e6032a228068?s=96&d=mm&r=g\",\"caption\":\"La Cestita\"},\"sameAs\":[\"https:\\\/\\\/www.lacestitadelbebe.es\"]}]}<\/script>\n<!-- \/ Yoast SEO plugin. -->","yoast_head_json":{"title":"Consejos para viajar con beb\u00e9s y peques esta Semana Santa","description":"Desde el Blog de La Cestita del Beb\u00e9 os dejamos unos consejos para viajar de forma segura con los peques durante esta Semana Santa!","robots":{"index":"index","follow":"follow","max-snippet":"max-snippet:-1","max-image-preview":"max-image-preview:large","max-video-preview":"max-video-preview:-1"},"canonical":"https:\/\/www.lacestitadelbebe.es\/blog\/consejos-para-viajar-con-bebes-y-peques-esta-semana-santa\/","og_locale":"es_ES","og_type":"article","og_title":"Consejos para viajar con beb\u00e9s y peques esta Semana Santa","og_description":"Desde el Blog de La Cestita del Beb\u00e9 os dejamos unos consejos para viajar de forma segura con los peques durante esta Semana Santa!","og_url":"https:\/\/www.lacestitadelbebe.es\/blog\/consejos-para-viajar-con-bebes-y-peques-esta-semana-santa\/","og_site_name":"Blog la Cestita del Beb\u00e9","article_publisher":"https:\/\/www.facebook.com\/lacestitadelbebe.es","article_published_time":"2022-04-13T05:11:43+00:00","article_modified_time":"2024-01-31T10:52:22+00:00","og_image":[{"width":485,"height":324,"url":"https:\/\/www.lacestitadelbebe.es\/blog\/wp-content\/uploads\/2020\/11\/Sillas-de-paseo-ligeras-la-mejor-forma-de-viajar-con-un-bebe-scaled.jpg","type":"image\/jpeg"}],"author":"La Cestita","twitter_card":"summary_large_image","twitter_creator":"@LaCestitaBebe","twitter_site":"@LaCestitaBebe","twitter_misc":{"Escrito por":"La Cestita","Tiempo de lectura":"4 minutos"},"schema":{"@context":"https:\/\/schema.org","@graph":[{"@type":"Article","@id":"https:\/\/www.lacestitadelbebe.es\/blog\/consejos-para-viajar-con-bebes-y-peques-esta-semana-santa\/#article","isPartOf":{"@id":"https:\/\/www.lacestitadelbebe.es\/blog\/consejos-para-viajar-con-bebes-y-peques-esta-semana-santa\/"},"author":{"name":"La Cestita","@id":"https:\/\/www.lacestitadelbebe.es\/blog\/#\/schema\/person\/4302d1284b0024ab11dca99558de40b4"},"headline":"Consejos para viajar con beb\u00e9s y peques esta Semana Santa","datePublished":"2022-04-13T05:11:43+00:00","dateModified":"2024-01-31T10:52:22+00:00","mainEntityOfPage":{"@id":"https:\/\/www.lacestitadelbebe.es\/blog\/consejos-para-viajar-con-bebes-y-peques-esta-semana-santa\/"},"wordCount":769,"commentCount":0,"publisher":{"@id":"https:\/\/www.lacestitadelbebe.es\/blog\/#organization"},"image":{"@id":"https:\/\/www.lacestitadelbebe.es\/blog\/consejos-para-viajar-con-bebes-y-peques-esta-semana-santa\/#primaryimage"},"thumbnailUrl":"https:\/\/www.lacestitadelbebe.es\/blog\/wp-content\/uploads\/2020\/11\/Sillas-de-paseo-ligeras-la-mejor-forma-de-viajar-con-un-bebe-scaled.jpg","keywords":["viajando beb\u00e9"],"articleSection":["aprendizaje y estimulaci\u00f3n","Beb\u00e9s","cuidados","maternidad","viajes bebe"],"inLanguage":"es","potentialAction":[{"@type":"CommentAction","name":"Comment","target":["https:\/\/www.lacestitadelbebe.es\/blog\/consejos-para-viajar-con-bebes-y-peques-esta-semana-santa\/#respond"]}]},{"@type":"WebPage","@id":"https:\/\/www.lacestitadelbebe.es\/blog\/consejos-para-viajar-con-bebes-y-peques-esta-semana-santa\/","url":"https:\/\/www.lacestitadelbebe.es\/blog\/consejos-para-viajar-con-bebes-y-peques-esta-semana-santa\/","name":"Consejos para viajar con beb\u00e9s y peques esta Semana Santa","isPartOf":{"@id":"https:\/\/www.lacestitadelbebe.es\/blog\/#website"},"primaryImageOfPage":{"@id":"https:\/\/www.lacestitadelbebe.es\/blog\/consejos-para-viajar-con-bebes-y-peques-esta-semana-santa\/#primaryimage"},"image":{"@id":"https:\/\/www.lacestitadelbebe.es\/blog\/consejos-para-viajar-con-bebes-y-peques-esta-semana-santa\/#primaryimage"},"thumbnailUrl":"https:\/\/www.lacestitadelbebe.es\/blog\/wp-content\/uploads\/2020\/11\/Sillas-de-paseo-ligeras-la-mejor-forma-de-viajar-con-un-bebe-scaled.jpg","datePublished":"2022-04-13T05:11:43+00:00","dateModified":"2024-01-31T10:52:22+00:00","description":"Desde el Blog de La Cestita del Beb\u00e9 os dejamos unos consejos para viajar de forma segura con los peques durante esta Semana Santa!","breadcrumb":{"@id":"https:\/\/www.lacestitadelbebe.es\/blog\/consejos-para-viajar-con-bebes-y-peques-esta-semana-santa\/#breadcrumb"},"inLanguage":"es","potentialAction":[{"@type":"ReadAction","target":["https:\/\/www.lacestitadelbebe.es\/blog\/consejos-para-viajar-con-bebes-y-peques-esta-semana-santa\/"]}]},{"@type":"ImageObject","inLanguage":"es","@id":"https:\/\/www.lacestitadelbebe.es\/blog\/consejos-para-viajar-con-bebes-y-peques-esta-semana-santa\/#primaryimage","url":"https:\/\/www.lacestitadelbebe.es\/blog\/wp-content\/uploads\/2020\/11\/Sillas-de-paseo-ligeras-la-mejor-forma-de-viajar-con-un-bebe-scaled.jpg","contentUrl":"https:\/\/www.lacestitadelbebe.es\/blog\/wp-content\/uploads\/2020\/11\/Sillas-de-paseo-ligeras-la-mejor-forma-de-viajar-con-un-bebe-scaled.jpg","width":485,"height":324},{"@type":"BreadcrumbList","@id":"https:\/\/www.lacestitadelbebe.es\/blog\/consejos-para-viajar-con-bebes-y-peques-esta-semana-santa\/#breadcrumb","itemListElement":[{"@type":"ListItem","position":1,"name":"Portada","item":"https:\/\/www.lacestitadelbebe.es\/blog\/"},{"@type":"ListItem","position":2,"name":"Consejos para viajar con beb\u00e9s y peques esta Semana Santa"}]},{"@type":"WebSite","@id":"https:\/\/www.lacestitadelbebe.es\/blog\/#website","url":"https:\/\/www.lacestitadelbebe.es\/blog\/","name":"Blog la Cestita del Beb\u00e9","description":"Hablamos de todo lo relacionado con beb\u00e9s","publisher":{"@id":"https:\/\/www.lacestitadelbebe.es\/blog\/#organization"},"potentialAction":[{"@type":"SearchAction","target":{"@type":"EntryPoint","urlTemplate":"https:\/\/www.lacestitadelbebe.es\/blog\/?s={search_term_string}"},"query-input":{"@type":"PropertyValueSpecification","valueRequired":true,"valueName":"search_term_string"}}],"inLanguage":"es"},{"@type":"Organization","@id":"https:\/\/www.lacestitadelbebe.es\/blog\/#organization","name":"La Cestita del Beb\u00e9","url":"https:\/\/www.lacestitadelbebe.es\/blog\/","logo":{"@type":"ImageObject","inLanguage":"es","@id":"https:\/\/www.lacestitadelbebe.es\/blog\/#\/schema\/logo\/image\/","url":"https:\/\/www.lacestitadelbebe.es\/blog\/wp-content\/uploads\/2017\/10\/la_cestita_del_bebe_blog.png","contentUrl":"https:\/\/www.lacestitadelbebe.es\/blog\/wp-content\/uploads\/2017\/10\/la_cestita_del_bebe_blog.png","width":375,"height":70,"caption":"La Cestita del Beb\u00e9"},"image":{"@id":"https:\/\/www.lacestitadelbebe.es\/blog\/#\/schema\/logo\/image\/"},"sameAs":["https:\/\/www.facebook.com\/lacestitadelbebe.es","https:\/\/x.com\/LaCestitaBebe"]},{"@type":"Person","@id":"https:\/\/www.lacestitadelbebe.es\/blog\/#\/schema\/person\/4302d1284b0024ab11dca99558de40b4","name":"La Cestita","image":{"@type":"ImageObject","inLanguage":"es","@id":"https:\/\/secure.gravatar.com\/avatar\/533b503d3fc1781cdd76eacd2aa8f68348cdb3201605fe5b4616e6032a228068?s=96&d=mm&r=g","url":"https:\/\/secure.gravatar.com\/avatar\/533b503d3fc1781cdd76eacd2aa8f68348cdb3201605fe5b4616e6032a228068?s=96&d=mm&r=g","contentUrl":"https:\/\/secure.gravatar.com\/avatar\/533b503d3fc1781cdd76eacd2aa8f68348cdb3201605fe5b4616e6032a228068?s=96&d=mm&r=g","caption":"La Cestita"},"sameAs":["https:\/\/www.lacestitadelbebe.es"]}]}},"_links":{"self":[{"href":"https:\/\/www.lacestitadelbebe.es\/blog\/wp-json\/wp\/v2\/posts\/3662","targetHints":{"allow":["GET"]}}],"collection":[{"href":"https:\/\/www.lacestitadelbebe.es\/blog\/wp-json\/wp\/v2\/posts"}],"about":[{"href":"https:\/\/www.lacestitadelbebe.es\/blog\/wp-json\/wp\/v2\/types\/post"}],"author":[{"embeddable":true,"href":"https:\/\/www.lacestitadelbebe.es\/blog\/wp-json\/wp\/v2\/users\/1"}],"replies":[{"embeddable":true,"href":"https:\/\/www.lacestitadelbebe.es\/blog\/wp-json\/wp\/v2\/comments?post=3662"}],"version-history":[{"count":2,"href":"https:\/\/www.lacestitadelbebe.es\/blog\/wp-json\/wp\/v2\/posts\/3662\/revisions"}],"predecessor-version":[{"id":4588,"href":"https:\/\/www.lacestitadelbebe.es\/blog\/wp-json\/wp\/v2\/posts\/3662\/revisions\/4588"}],"wp:featuredmedia":[{"embeddable":true,"href":"https:\/\/www.lacestitadelbebe.es\/blog\/wp-json\/wp\/v2\/media\/2773"}],"wp:attachment":[{"href":"https:\/\/www.lacestitadelbebe.es\/blog\/wp-json\/wp\/v2\/media?parent=3662"}],"wp:term":[{"taxonomy":"category","embeddable":true,"href":"https:\/\/www.lacestitadelbebe.es\/blog\/wp-json\/wp\/v2\/categories?post=3662"},{"taxonomy":"post_tag","embeddable":true,"href":"https:\/\/www.lacestitadelbebe.es\/blog\/wp-json\/wp\/v2\/tags?post=3662"}],"curies":[{"name":"wp","href":"https:\/\/api.w.org\/{rel}","templated":true}]}}