{"id":3522,"date":"2021-12-01T05:50:42","date_gmt":"2021-12-01T05:50:42","guid":{"rendered":"https:\/\/www.lacestitadelbebe.es\/blog\/?p=3522"},"modified":"2021-12-01T05:50:43","modified_gmt":"2021-12-01T05:50:43","slug":"cuidados-para-que-la-piel-del-culito-del-bebe-este-perfecta","status":"publish","type":"post","link":"https:\/\/www.lacestitadelbebe.es\/blog\/cuidados-para-que-la-piel-del-culito-del-bebe-este-perfecta\/","title":{"rendered":"Cuidados para que la piel del culito del beb\u00e9 est\u00e9 perfecta"},"content":{"rendered":"\n<p>Llega el fr\u00edo y con este tiempo todos sabemos que la piel sufre m\u00e1s en esta \u00e9poca. Hoy desde el blog de La Cestita del Beb\u00e9 vamos a hablar como cuidar la piel de nuestro apreciado beb\u00e9 y m\u00e1s espec\u00edficamente la del culito, para hacer bueno el dicho tan suave como el culito de un beb\u00e9.<\/p><div id=\"ez-toc-container\" class=\"ez-toc-v2_0_82_2 ez-toc-wrap-center counter-hierarchy ez-toc-counter ez-toc-custom ez-toc-container-direction\">\n<div class=\"ez-toc-title-container\">\n<p class=\"ez-toc-title\" style=\"cursor:inherit\">Contenidos<\/p>\n<span class=\"ez-toc-title-toggle\"><a href=\"#\" class=\"ez-toc-pull-right ez-toc-btn ez-toc-btn-xs ez-toc-btn-default ez-toc-toggle\" aria-label=\"Alternar tabla de contenidos\"><span class=\"ez-toc-js-icon-con\"><span class=\"\"><span class=\"eztoc-hide\" style=\"display:none;\">Toggle<\/span><span class=\"ez-toc-icon-toggle-span\"><svg style=\"fill: #222222;color:#222222\" xmlns=\"http:\/\/www.w3.org\/2000\/svg\" class=\"list-377408\" width=\"20px\" height=\"20px\" viewBox=\"0 0 24 24\" fill=\"none\"><path d=\"M6 6H4v2h2V6zm14 0H8v2h12V6zM4 11h2v2H4v-2zm16 0H8v2h12v-2zM4 16h2v2H4v-2zm16 0H8v2h12v-2z\" fill=\"currentColor\"><\/path><\/svg><svg style=\"fill: #222222;color:#222222\" class=\"arrow-unsorted-368013\" xmlns=\"http:\/\/www.w3.org\/2000\/svg\" width=\"10px\" height=\"10px\" viewBox=\"0 0 24 24\" version=\"1.2\" baseProfile=\"tiny\"><path d=\"M18.2 9.3l-6.2-6.3-6.2 6.3c-.2.2-.3.4-.3.7s.1.5.3.7c.2.2.4.3.7.3h11c.3 0 .5-.1.7-.3.2-.2.3-.5.3-.7s-.1-.5-.3-.7zM5.8 14.7l6.2 6.3 6.2-6.3c.2-.2.3-.5.3-.7s-.1-.5-.3-.7c-.2-.2-.4-.3-.7-.3h-11c-.3 0-.5.1-.7.3-.2.2-.3.5-.3.7s.1.5.3.7z\"\/><\/svg><\/span><\/span><\/span><\/a><\/span><\/div>\n<nav><ul class='ez-toc-list ez-toc-list-level-1 eztoc-toggle-hide-by-default' ><li class='ez-toc-page-1 ez-toc-heading-level-2'><a class=\"ez-toc-link ez-toc-heading-1\" href=\"https:\/\/www.lacestitadelbebe.es\/blog\/cuidados-para-que-la-piel-del-culito-del-bebe-este-perfecta\/#1-_Cambiar_el_panal_regularmente\" >1.- Cambiar el pa\u00f1al regularmente<\/a><\/li><li class='ez-toc-page-1 ez-toc-heading-level-2'><a class=\"ez-toc-link ez-toc-heading-2\" href=\"https:\/\/www.lacestitadelbebe.es\/blog\/cuidados-para-que-la-piel-del-culito-del-bebe-este-perfecta\/#2-_Utilizar_productos_BIO\" >2.- Utilizar productos BIO<\/a><\/li><li class='ez-toc-page-1 ez-toc-heading-level-2'><a class=\"ez-toc-link ez-toc-heading-3\" href=\"https:\/\/www.lacestitadelbebe.es\/blog\/cuidados-para-que-la-piel-del-culito-del-bebe-este-perfecta\/#3-_Revisar_los_deshechos\" >3.- Revisar los deshechos<\/a><\/li><li class='ez-toc-page-1 ez-toc-heading-level-2'><a class=\"ez-toc-link ez-toc-heading-4\" href=\"https:\/\/www.lacestitadelbebe.es\/blog\/cuidados-para-que-la-piel-del-culito-del-bebe-este-perfecta\/#4-_La_limpieza_es_muy_importante\" >4.- La limpieza es muy importante<\/a><\/li><\/ul><\/nav><\/div>\n\n\n\n\n<div class=\"wp-block-image\"><figure class=\"aligncenter size-large\"><img decoding=\"async\" width=\"1024\" height=\"683\" data-src=\"https:\/\/www.lacestitadelbebe.es\/blog\/wp-content\/uploads\/2021\/11\/Cuidados-para-que-la-piel-del-culito-del-bebe-este-perfecta_LaCestitadelBebe-1024x683.jpg\" alt=\"\" class=\"wp-image-3523 lazyload\" data-srcset=\"https:\/\/www.lacestitadelbebe.es\/blog\/wp-content\/uploads\/2021\/11\/Cuidados-para-que-la-piel-del-culito-del-bebe-este-perfecta_LaCestitadelBebe-1024x683.jpg 1024w, https:\/\/www.lacestitadelbebe.es\/blog\/wp-content\/uploads\/2021\/11\/Cuidados-para-que-la-piel-del-culito-del-bebe-este-perfecta_LaCestitadelBebe-300x200.jpg 300w, https:\/\/www.lacestitadelbebe.es\/blog\/wp-content\/uploads\/2021\/11\/Cuidados-para-que-la-piel-del-culito-del-bebe-este-perfecta_LaCestitadelBebe-768x512.jpg 768w, https:\/\/www.lacestitadelbebe.es\/blog\/wp-content\/uploads\/2021\/11\/Cuidados-para-que-la-piel-del-culito-del-bebe-este-perfecta_LaCestitadelBebe-scaled.jpg 485w\" data-sizes=\"(max-width: 1024px) 100vw, 1024px\" src=\"data:image\/svg+xml;base64,PHN2ZyB3aWR0aD0iMSIgaGVpZ2h0PSIxIiB4bWxucz0iaHR0cDovL3d3dy53My5vcmcvMjAwMC9zdmciPjwvc3ZnPg==\" style=\"--smush-placeholder-width: 1024px; --smush-placeholder-aspect-ratio: 1024\/683;\" \/><figcaption>Algunos de los b\u00e1sicos de reci\u00e9n nacidos<\/figcaption><\/figure><\/div>\n\n\n\n<p>Lo primero que debemos recordar es que <strong>la piel de los beb\u00e9s es m\u00e1s suave y fina que la nuestra, por lo tanto m\u00e1s sensible. Adem\u00e1s hay otro factor que juega en su contra para que se irrite y es que su PH es m\u00e1s elevado<\/strong>, as\u00ed que para su cuidado deberemos seguir unos buenos h\u00e1bitos de higiene y contar con productos para el cuidado de la piel del beb\u00e9.<\/p>\n\n\n\n<p>Los padres y madres siempre nos estamos preocupando por nuestro beb\u00e9 al que queremos que siempre est\u00e9 en perfecto estado y por tanto la higiene es uno de los principales factores a tener en cuenta. Pero bien <strong>por fr\u00edo, por la ropa, pa\u00f1al, y la propia piel del beb\u00e9 puede sufrir diversos problemas, como eccema producido por alergia, dermatitis del pa\u00f1al, rojeces<\/strong>, etc. As\u00ed que os vamos a dejar una serie de recomendaciones y tips para que el culito de vuestro beb\u00e9 est\u00e9 perfecto. Nuestros consejos:<\/p>\n\n\n\n<h2 class=\"wp-block-heading\"><span class=\"ez-toc-section\" id=\"1-_Cambiar_el_panal_regularmente\"><\/span>1.- Cambiar el pa\u00f1al regularmente<span class=\"ez-toc-section-end\"><\/span><\/h2>\n\n\n\n<p>Lo mejor es no esperar mucho, o <strong>revisarlo y si presenta heces u orina se debe retirar lo antes posible, ya que el contacto con los desechos puede acabar provocando afecciones como irritaciones en la zona<\/strong>. Ahora hay pa\u00f1ales muy buenos, nosotros recomendamos marcas como dodot, chelino o huggies, son de calidad y nosotros mismos los hemos usado.<\/p>\n\n\n\n<h2 class=\"wp-block-heading\"><span class=\"ez-toc-section\" id=\"2-_Utilizar_productos_BIO\"><\/span>2.- Utilizar productos BIO<span class=\"ez-toc-section-end\"><\/span><\/h2>\n\n\n\n<p>Como hemos comentado anteriormente la piel de los beb\u00e9s es muy delicada. Es mucho m\u00e1s fina y sensible que la nuestra, as\u00ed que debemos mimarla todo lo que nos sea posible.<\/p>\n\n\n\n<p>Su nivel de PH junto a que es m\u00e1s fina y por tanto poseen menor protecci\u00f3n har\u00e1 que <strong>pongamos especial cuidado en los productos que usemos para su limpieza y cuidados<\/strong>. Por tanto<strong>, no deberemos usar productos con alcohol, fragancias, parabenos ni jabones. Para el cuidado y la limpieza de la zona<\/strong>, nosotros por experiencia recomendamos <a href=\"https:\/\/lacestitadelbebe.es\/es\/dermo-e-higiene-del-bebe\/1092-set-bienvenido-bebe-de-weleda-cambiador-de-regalo-.html\">productos BIO de la marca weleda<\/a> y tambi\u00e9n mustela suelen ser buenos.<\/p>\n\n\n\n<h2 class=\"wp-block-heading\"><span class=\"ez-toc-section\" id=\"3-_Revisar_los_deshechos\"><\/span>3.- Revisar los deshechos<span class=\"ez-toc-section-end\"><\/span><\/h2>\n\n\n\n<p>La alimentaci\u00f3n es muy importante para su correcto desarrollo y crecimiento, ya que tambi\u00e9n alteran la acidez de las heces. <strong>Siempre es recomendable dar alimentos que favorezcan el tr\u00e1nsito y sean lo m\u00e1s naturales posibles, si a la hora de cambiar el pa\u00f1al vemos que sus heces son de color blanco, negro o rojo es conveniente acudir al pediatra para consultarlo<\/strong>.<\/p>\n\n\n\n<h2 class=\"wp-block-heading\"><span class=\"ez-toc-section\" id=\"4-_La_limpieza_es_muy_importante\"><\/span>4.- La limpieza es muy importante<span class=\"ez-toc-section-end\"><\/span><\/h2>\n\n\n\n<p>La higiene es muy importante en las zonas \u00edntimas en los beb\u00e9s todav\u00eda m\u00e1s, ya que su frecuencia de deposiciones es alta. As\u00ed que <strong>para limpiarla y mantenerla sana lo mejor es limpiar la zona siempre desde delante hac\u00eda atr\u00e1s, as\u00ed evitaremos posibles complicaciones e infecciones en la zona genital de los peque\u00f1os<\/strong>, aunque siempre las ni\u00f1as tienen mayor tendencia a estos problemas. Se pueden usar toallitas espec\u00edficas para ello y en el ba\u00f1o aplicar una esponja natural es lo mejor. No te pierdas nuestros <a href=\"https:\/\/www.lacestitadelbebe.es\/blog\/consejos-el-bano-del-bebe-en-invierno\/\">consejos para ba\u00f1ar al beb\u00e9 con fr\u00edo!<\/a><\/p>\n\n\n\n<p>Con estos pr\u00e1cticos consejos el culito de vuestro beb\u00e9 lucir\u00e1 perfecto y m\u00e1s en la \u00e9poca fr\u00eda, no teng\u00e1is miedo, si ten\u00e9is dudas o veis cualquier problema siempre pod\u00e9is consultar con vuestro pediatra.<\/p>\n\n\n\n<p>Esperando que disfrut\u00e9is con vuestros beb\u00e9s de estas navidades, <strong>en la tienda de La Cestita del Beb\u00e9 seguimos trabajando para ofrecer las primeras marcas de cuidados para reci\u00e9n nacido y por supuesto las utilizamos en nuestros regalos. Porque una <a href=\"https:\/\/lacestitadelbebe.es\/es\/6-canastillas-regalos-bebe\">canastilla de reci\u00e9n nacido para empresa<\/a> o un <a href=\"https:\/\/lacestitadelbebe.es\/es\/9-tarta-de-panales\">original pastel de pa\u00f1ales<\/a> son una de las mejores maneras de hacer regalos y detalles pr\u00e1cticos para los beb\u00e9s que encantar\u00e1n a la familia y el entorno<\/strong>. As\u00ed que cuidaros mucho y disfrutar con cuidado! Nos leemos en la pr\u00f3xima!<\/p>\n","protected":false},"excerpt":{"rendered":"<p>Llega el fr\u00edo y con este tiempo todos sabemos que la piel sufre m\u00e1s en esta \u00e9poca. Hoy desde el blog de La Cestita del Beb\u00e9 vamos a hablar como cuidar la piel de nuestro apreciado beb\u00e9 y m\u00e1s espec\u00edficamente la del culito, para hacer bueno el dicho tan suave como el culito de un &#8230; <a title=\"Cuidados para que la piel del culito del beb\u00e9 est\u00e9 perfecta\" class=\"read-more\" href=\"https:\/\/www.lacestitadelbebe.es\/blog\/cuidados-para-que-la-piel-del-culito-del-bebe-este-perfecta\/\" aria-label=\"Leer m\u00e1s sobre Cuidados para que la piel del culito del beb\u00e9 est\u00e9 perfecta\">Leer m\u00e1s<\/a><\/p>\n","protected":false},"author":1,"featured_media":3524,"comment_status":"open","ping_status":"open","sticky":false,"template":"","format":"standard","meta":{"_exactmetrics_skip_tracking":false,"_exactmetrics_sitenote_active":false,"_exactmetrics_sitenote_note":"","_exactmetrics_sitenote_category":0,"footnotes":""},"categories":[78,102,82],"tags":[557],"class_list":["post-3522","post","type-post","status-publish","format-standard","has-post-thumbnail","hentry","category-bebes","category-cuidados","category-maternidad","tag-cuidado-culito-bebe"],"yoast_head":"<!-- This site is optimized with the Yoast SEO plugin v27.4 - https:\/\/yoast.com\/product\/yoast-seo-wordpress\/ -->\n<title>Cuidados para que la piel del culito del beb\u00e9 est\u00e9 perfecta - LaCestitaBB<\/title>\n<meta name=\"description\" content=\"No te pierdas estos pr\u00e1cticos tips que te dejamos desde el blog de LaCestitadelBebe para que la piel del culito de tu beb\u00e9 luzca perfecta!\" \/>\n<meta name=\"robots\" content=\"index, follow, max-snippet:-1, max-image-preview:large, max-video-preview:-1\" \/>\n<link rel=\"canonical\" href=\"https:\/\/www.lacestitadelbebe.es\/blog\/cuidados-para-que-la-piel-del-culito-del-bebe-este-perfecta\/\" \/>\n<meta property=\"og:locale\" content=\"es_ES\" \/>\n<meta property=\"og:type\" content=\"article\" \/>\n<meta property=\"og:title\" content=\"Cuidados para que la piel del culito del beb\u00e9 est\u00e9 perfecta - LaCestitaBB\" \/>\n<meta property=\"og:description\" content=\"No te pierdas estos pr\u00e1cticos tips que te dejamos desde el blog de LaCestitadelBebe para que la piel del culito de tu beb\u00e9 luzca perfecta!\" \/>\n<meta property=\"og:url\" content=\"https:\/\/www.lacestitadelbebe.es\/blog\/cuidados-para-que-la-piel-del-culito-del-bebe-este-perfecta\/\" \/>\n<meta property=\"og:site_name\" content=\"Blog la Cestita del Beb\u00e9\" \/>\n<meta property=\"article:publisher\" content=\"https:\/\/www.facebook.com\/lacestitadelbebe.es\" \/>\n<meta property=\"article:published_time\" content=\"2021-12-01T05:50:42+00:00\" \/>\n<meta property=\"article:modified_time\" content=\"2021-12-01T05:50:43+00:00\" \/>\n<meta property=\"og:image\" content=\"https:\/\/www.lacestitadelbebe.es\/blog\/wp-content\/uploads\/2021\/11\/Cuidados-para-que-la-piel-del-culito-del-bebe-este-perfecta-scaled.jpg\" \/>\n\t<meta property=\"og:image:width\" content=\"438\" \/>\n\t<meta property=\"og:image:height\" content=\"350\" \/>\n\t<meta property=\"og:image:type\" content=\"image\/jpeg\" \/>\n<meta name=\"author\" content=\"La Cestita\" \/>\n<meta name=\"twitter:card\" content=\"summary_large_image\" \/>\n<meta name=\"twitter:creator\" content=\"@LaCestitaBebe\" \/>\n<meta name=\"twitter:site\" content=\"@LaCestitaBebe\" \/>\n<meta name=\"twitter:label1\" content=\"Escrito por\" \/>\n\t<meta name=\"twitter:data1\" content=\"La Cestita\" \/>\n\t<meta name=\"twitter:label2\" content=\"Tiempo de lectura\" \/>\n\t<meta name=\"twitter:data2\" content=\"4 minutos\" \/>\n<script type=\"application\/ld+json\" class=\"yoast-schema-graph\">{\"@context\":\"https:\\\/\\\/schema.org\",\"@graph\":[{\"@type\":\"Article\",\"@id\":\"https:\\\/\\\/www.lacestitadelbebe.es\\\/blog\\\/cuidados-para-que-la-piel-del-culito-del-bebe-este-perfecta\\\/#article\",\"isPartOf\":{\"@id\":\"https:\\\/\\\/www.lacestitadelbebe.es\\\/blog\\\/cuidados-para-que-la-piel-del-culito-del-bebe-este-perfecta\\\/\"},\"author\":{\"name\":\"La Cestita\",\"@id\":\"https:\\\/\\\/www.lacestitadelbebe.es\\\/blog\\\/#\\\/schema\\\/person\\\/4302d1284b0024ab11dca99558de40b4\"},\"headline\":\"Cuidados para que la piel del culito del beb\u00e9 est\u00e9 perfecta\",\"datePublished\":\"2021-12-01T05:50:42+00:00\",\"dateModified\":\"2021-12-01T05:50:43+00:00\",\"mainEntityOfPage\":{\"@id\":\"https:\\\/\\\/www.lacestitadelbebe.es\\\/blog\\\/cuidados-para-que-la-piel-del-culito-del-bebe-este-perfecta\\\/\"},\"wordCount\":732,\"commentCount\":0,\"publisher\":{\"@id\":\"https:\\\/\\\/www.lacestitadelbebe.es\\\/blog\\\/#organization\"},\"image\":{\"@id\":\"https:\\\/\\\/www.lacestitadelbebe.es\\\/blog\\\/cuidados-para-que-la-piel-del-culito-del-bebe-este-perfecta\\\/#primaryimage\"},\"thumbnailUrl\":\"https:\\\/\\\/www.lacestitadelbebe.es\\\/blog\\\/wp-content\\\/uploads\\\/2021\\\/11\\\/Cuidados-para-que-la-piel-del-culito-del-bebe-este-perfecta-scaled.jpg\",\"keywords\":[\"cuidado culito beb\u00e9\"],\"articleSection\":[\"Beb\u00e9s\",\"cuidados\",\"maternidad\"],\"inLanguage\":\"es\",\"potentialAction\":[{\"@type\":\"CommentAction\",\"name\":\"Comment\",\"target\":[\"https:\\\/\\\/www.lacestitadelbebe.es\\\/blog\\\/cuidados-para-que-la-piel-del-culito-del-bebe-este-perfecta\\\/#respond\"]}]},{\"@type\":\"WebPage\",\"@id\":\"https:\\\/\\\/www.lacestitadelbebe.es\\\/blog\\\/cuidados-para-que-la-piel-del-culito-del-bebe-este-perfecta\\\/\",\"url\":\"https:\\\/\\\/www.lacestitadelbebe.es\\\/blog\\\/cuidados-para-que-la-piel-del-culito-del-bebe-este-perfecta\\\/\",\"name\":\"Cuidados para que la piel del culito del beb\u00e9 est\u00e9 perfecta - LaCestitaBB\",\"isPartOf\":{\"@id\":\"https:\\\/\\\/www.lacestitadelbebe.es\\\/blog\\\/#website\"},\"primaryImageOfPage\":{\"@id\":\"https:\\\/\\\/www.lacestitadelbebe.es\\\/blog\\\/cuidados-para-que-la-piel-del-culito-del-bebe-este-perfecta\\\/#primaryimage\"},\"image\":{\"@id\":\"https:\\\/\\\/www.lacestitadelbebe.es\\\/blog\\\/cuidados-para-que-la-piel-del-culito-del-bebe-este-perfecta\\\/#primaryimage\"},\"thumbnailUrl\":\"https:\\\/\\\/www.lacestitadelbebe.es\\\/blog\\\/wp-content\\\/uploads\\\/2021\\\/11\\\/Cuidados-para-que-la-piel-del-culito-del-bebe-este-perfecta-scaled.jpg\",\"datePublished\":\"2021-12-01T05:50:42+00:00\",\"dateModified\":\"2021-12-01T05:50:43+00:00\",\"description\":\"No te pierdas estos pr\u00e1cticos tips que te dejamos desde el blog de LaCestitadelBebe para que la piel del culito de tu beb\u00e9 luzca perfecta!\",\"breadcrumb\":{\"@id\":\"https:\\\/\\\/www.lacestitadelbebe.es\\\/blog\\\/cuidados-para-que-la-piel-del-culito-del-bebe-este-perfecta\\\/#breadcrumb\"},\"inLanguage\":\"es\",\"potentialAction\":[{\"@type\":\"ReadAction\",\"target\":[\"https:\\\/\\\/www.lacestitadelbebe.es\\\/blog\\\/cuidados-para-que-la-piel-del-culito-del-bebe-este-perfecta\\\/\"]}]},{\"@type\":\"ImageObject\",\"inLanguage\":\"es\",\"@id\":\"https:\\\/\\\/www.lacestitadelbebe.es\\\/blog\\\/cuidados-para-que-la-piel-del-culito-del-bebe-este-perfecta\\\/#primaryimage\",\"url\":\"https:\\\/\\\/www.lacestitadelbebe.es\\\/blog\\\/wp-content\\\/uploads\\\/2021\\\/11\\\/Cuidados-para-que-la-piel-del-culito-del-bebe-este-perfecta-scaled.jpg\",\"contentUrl\":\"https:\\\/\\\/www.lacestitadelbebe.es\\\/blog\\\/wp-content\\\/uploads\\\/2021\\\/11\\\/Cuidados-para-que-la-piel-del-culito-del-bebe-este-perfecta-scaled.jpg\",\"width\":438,\"height\":350},{\"@type\":\"BreadcrumbList\",\"@id\":\"https:\\\/\\\/www.lacestitadelbebe.es\\\/blog\\\/cuidados-para-que-la-piel-del-culito-del-bebe-este-perfecta\\\/#breadcrumb\",\"itemListElement\":[{\"@type\":\"ListItem\",\"position\":1,\"name\":\"Portada\",\"item\":\"https:\\\/\\\/www.lacestitadelbebe.es\\\/blog\\\/\"},{\"@type\":\"ListItem\",\"position\":2,\"name\":\"Cuidados para que la piel del culito del beb\u00e9 est\u00e9 perfecta\"}]},{\"@type\":\"WebSite\",\"@id\":\"https:\\\/\\\/www.lacestitadelbebe.es\\\/blog\\\/#website\",\"url\":\"https:\\\/\\\/www.lacestitadelbebe.es\\\/blog\\\/\",\"name\":\"Blog la Cestita del Beb\u00e9\",\"description\":\"Hablamos de todo lo relacionado con beb\u00e9s\",\"publisher\":{\"@id\":\"https:\\\/\\\/www.lacestitadelbebe.es\\\/blog\\\/#organization\"},\"potentialAction\":[{\"@type\":\"SearchAction\",\"target\":{\"@type\":\"EntryPoint\",\"urlTemplate\":\"https:\\\/\\\/www.lacestitadelbebe.es\\\/blog\\\/?s={search_term_string}\"},\"query-input\":{\"@type\":\"PropertyValueSpecification\",\"valueRequired\":true,\"valueName\":\"search_term_string\"}}],\"inLanguage\":\"es\"},{\"@type\":\"Organization\",\"@id\":\"https:\\\/\\\/www.lacestitadelbebe.es\\\/blog\\\/#organization\",\"name\":\"La Cestita del Beb\u00e9\",\"url\":\"https:\\\/\\\/www.lacestitadelbebe.es\\\/blog\\\/\",\"logo\":{\"@type\":\"ImageObject\",\"inLanguage\":\"es\",\"@id\":\"https:\\\/\\\/www.lacestitadelbebe.es\\\/blog\\\/#\\\/schema\\\/logo\\\/image\\\/\",\"url\":\"https:\\\/\\\/www.lacestitadelbebe.es\\\/blog\\\/wp-content\\\/uploads\\\/2017\\\/10\\\/la_cestita_del_bebe_blog.png\",\"contentUrl\":\"https:\\\/\\\/www.lacestitadelbebe.es\\\/blog\\\/wp-content\\\/uploads\\\/2017\\\/10\\\/la_cestita_del_bebe_blog.png\",\"width\":375,\"height\":70,\"caption\":\"La Cestita del Beb\u00e9\"},\"image\":{\"@id\":\"https:\\\/\\\/www.lacestitadelbebe.es\\\/blog\\\/#\\\/schema\\\/logo\\\/image\\\/\"},\"sameAs\":[\"https:\\\/\\\/www.facebook.com\\\/lacestitadelbebe.es\",\"https:\\\/\\\/x.com\\\/LaCestitaBebe\"]},{\"@type\":\"Person\",\"@id\":\"https:\\\/\\\/www.lacestitadelbebe.es\\\/blog\\\/#\\\/schema\\\/person\\\/4302d1284b0024ab11dca99558de40b4\",\"name\":\"La Cestita\",\"image\":{\"@type\":\"ImageObject\",\"inLanguage\":\"es\",\"@id\":\"https:\\\/\\\/secure.gravatar.com\\\/avatar\\\/533b503d3fc1781cdd76eacd2aa8f68348cdb3201605fe5b4616e6032a228068?s=96&d=mm&r=g\",\"url\":\"https:\\\/\\\/secure.gravatar.com\\\/avatar\\\/533b503d3fc1781cdd76eacd2aa8f68348cdb3201605fe5b4616e6032a228068?s=96&d=mm&r=g\",\"contentUrl\":\"https:\\\/\\\/secure.gravatar.com\\\/avatar\\\/533b503d3fc1781cdd76eacd2aa8f68348cdb3201605fe5b4616e6032a228068?s=96&d=mm&r=g\",\"caption\":\"La Cestita\"},\"sameAs\":[\"https:\\\/\\\/www.lacestitadelbebe.es\"]}]}<\/script>\n<!-- \/ Yoast SEO plugin. -->","yoast_head_json":{"title":"Cuidados para que la piel del culito del beb\u00e9 est\u00e9 perfecta - LaCestitaBB","description":"No te pierdas estos pr\u00e1cticos tips que te dejamos desde el blog de LaCestitadelBebe para que la piel del culito de tu beb\u00e9 luzca perfecta!","robots":{"index":"index","follow":"follow","max-snippet":"max-snippet:-1","max-image-preview":"max-image-preview:large","max-video-preview":"max-video-preview:-1"},"canonical":"https:\/\/www.lacestitadelbebe.es\/blog\/cuidados-para-que-la-piel-del-culito-del-bebe-este-perfecta\/","og_locale":"es_ES","og_type":"article","og_title":"Cuidados para que la piel del culito del beb\u00e9 est\u00e9 perfecta - LaCestitaBB","og_description":"No te pierdas estos pr\u00e1cticos tips que te dejamos desde el blog de LaCestitadelBebe para que la piel del culito de tu beb\u00e9 luzca perfecta!","og_url":"https:\/\/www.lacestitadelbebe.es\/blog\/cuidados-para-que-la-piel-del-culito-del-bebe-este-perfecta\/","og_site_name":"Blog la Cestita del Beb\u00e9","article_publisher":"https:\/\/www.facebook.com\/lacestitadelbebe.es","article_published_time":"2021-12-01T05:50:42+00:00","article_modified_time":"2021-12-01T05:50:43+00:00","og_image":[{"width":438,"height":350,"url":"https:\/\/www.lacestitadelbebe.es\/blog\/wp-content\/uploads\/2021\/11\/Cuidados-para-que-la-piel-del-culito-del-bebe-este-perfecta-scaled.jpg","type":"image\/jpeg"}],"author":"La Cestita","twitter_card":"summary_large_image","twitter_creator":"@LaCestitaBebe","twitter_site":"@LaCestitaBebe","twitter_misc":{"Escrito por":"La Cestita","Tiempo de lectura":"4 minutos"},"schema":{"@context":"https:\/\/schema.org","@graph":[{"@type":"Article","@id":"https:\/\/www.lacestitadelbebe.es\/blog\/cuidados-para-que-la-piel-del-culito-del-bebe-este-perfecta\/#article","isPartOf":{"@id":"https:\/\/www.lacestitadelbebe.es\/blog\/cuidados-para-que-la-piel-del-culito-del-bebe-este-perfecta\/"},"author":{"name":"La Cestita","@id":"https:\/\/www.lacestitadelbebe.es\/blog\/#\/schema\/person\/4302d1284b0024ab11dca99558de40b4"},"headline":"Cuidados para que la piel del culito del beb\u00e9 est\u00e9 perfecta","datePublished":"2021-12-01T05:50:42+00:00","dateModified":"2021-12-01T05:50:43+00:00","mainEntityOfPage":{"@id":"https:\/\/www.lacestitadelbebe.es\/blog\/cuidados-para-que-la-piel-del-culito-del-bebe-este-perfecta\/"},"wordCount":732,"commentCount":0,"publisher":{"@id":"https:\/\/www.lacestitadelbebe.es\/blog\/#organization"},"image":{"@id":"https:\/\/www.lacestitadelbebe.es\/blog\/cuidados-para-que-la-piel-del-culito-del-bebe-este-perfecta\/#primaryimage"},"thumbnailUrl":"https:\/\/www.lacestitadelbebe.es\/blog\/wp-content\/uploads\/2021\/11\/Cuidados-para-que-la-piel-del-culito-del-bebe-este-perfecta-scaled.jpg","keywords":["cuidado culito beb\u00e9"],"articleSection":["Beb\u00e9s","cuidados","maternidad"],"inLanguage":"es","potentialAction":[{"@type":"CommentAction","name":"Comment","target":["https:\/\/www.lacestitadelbebe.es\/blog\/cuidados-para-que-la-piel-del-culito-del-bebe-este-perfecta\/#respond"]}]},{"@type":"WebPage","@id":"https:\/\/www.lacestitadelbebe.es\/blog\/cuidados-para-que-la-piel-del-culito-del-bebe-este-perfecta\/","url":"https:\/\/www.lacestitadelbebe.es\/blog\/cuidados-para-que-la-piel-del-culito-del-bebe-este-perfecta\/","name":"Cuidados para que la piel del culito del beb\u00e9 est\u00e9 perfecta - LaCestitaBB","isPartOf":{"@id":"https:\/\/www.lacestitadelbebe.es\/blog\/#website"},"primaryImageOfPage":{"@id":"https:\/\/www.lacestitadelbebe.es\/blog\/cuidados-para-que-la-piel-del-culito-del-bebe-este-perfecta\/#primaryimage"},"image":{"@id":"https:\/\/www.lacestitadelbebe.es\/blog\/cuidados-para-que-la-piel-del-culito-del-bebe-este-perfecta\/#primaryimage"},"thumbnailUrl":"https:\/\/www.lacestitadelbebe.es\/blog\/wp-content\/uploads\/2021\/11\/Cuidados-para-que-la-piel-del-culito-del-bebe-este-perfecta-scaled.jpg","datePublished":"2021-12-01T05:50:42+00:00","dateModified":"2021-12-01T05:50:43+00:00","description":"No te pierdas estos pr\u00e1cticos tips que te dejamos desde el blog de LaCestitadelBebe para que la piel del culito de tu beb\u00e9 luzca perfecta!","breadcrumb":{"@id":"https:\/\/www.lacestitadelbebe.es\/blog\/cuidados-para-que-la-piel-del-culito-del-bebe-este-perfecta\/#breadcrumb"},"inLanguage":"es","potentialAction":[{"@type":"ReadAction","target":["https:\/\/www.lacestitadelbebe.es\/blog\/cuidados-para-que-la-piel-del-culito-del-bebe-este-perfecta\/"]}]},{"@type":"ImageObject","inLanguage":"es","@id":"https:\/\/www.lacestitadelbebe.es\/blog\/cuidados-para-que-la-piel-del-culito-del-bebe-este-perfecta\/#primaryimage","url":"https:\/\/www.lacestitadelbebe.es\/blog\/wp-content\/uploads\/2021\/11\/Cuidados-para-que-la-piel-del-culito-del-bebe-este-perfecta-scaled.jpg","contentUrl":"https:\/\/www.lacestitadelbebe.es\/blog\/wp-content\/uploads\/2021\/11\/Cuidados-para-que-la-piel-del-culito-del-bebe-este-perfecta-scaled.jpg","width":438,"height":350},{"@type":"BreadcrumbList","@id":"https:\/\/www.lacestitadelbebe.es\/blog\/cuidados-para-que-la-piel-del-culito-del-bebe-este-perfecta\/#breadcrumb","itemListElement":[{"@type":"ListItem","position":1,"name":"Portada","item":"https:\/\/www.lacestitadelbebe.es\/blog\/"},{"@type":"ListItem","position":2,"name":"Cuidados para que la piel del culito del beb\u00e9 est\u00e9 perfecta"}]},{"@type":"WebSite","@id":"https:\/\/www.lacestitadelbebe.es\/blog\/#website","url":"https:\/\/www.lacestitadelbebe.es\/blog\/","name":"Blog la Cestita del Beb\u00e9","description":"Hablamos de todo lo relacionado con beb\u00e9s","publisher":{"@id":"https:\/\/www.lacestitadelbebe.es\/blog\/#organization"},"potentialAction":[{"@type":"SearchAction","target":{"@type":"EntryPoint","urlTemplate":"https:\/\/www.lacestitadelbebe.es\/blog\/?s={search_term_string}"},"query-input":{"@type":"PropertyValueSpecification","valueRequired":true,"valueName":"search_term_string"}}],"inLanguage":"es"},{"@type":"Organization","@id":"https:\/\/www.lacestitadelbebe.es\/blog\/#organization","name":"La Cestita del Beb\u00e9","url":"https:\/\/www.lacestitadelbebe.es\/blog\/","logo":{"@type":"ImageObject","inLanguage":"es","@id":"https:\/\/www.lacestitadelbebe.es\/blog\/#\/schema\/logo\/image\/","url":"https:\/\/www.lacestitadelbebe.es\/blog\/wp-content\/uploads\/2017\/10\/la_cestita_del_bebe_blog.png","contentUrl":"https:\/\/www.lacestitadelbebe.es\/blog\/wp-content\/uploads\/2017\/10\/la_cestita_del_bebe_blog.png","width":375,"height":70,"caption":"La Cestita del Beb\u00e9"},"image":{"@id":"https:\/\/www.lacestitadelbebe.es\/blog\/#\/schema\/logo\/image\/"},"sameAs":["https:\/\/www.facebook.com\/lacestitadelbebe.es","https:\/\/x.com\/LaCestitaBebe"]},{"@type":"Person","@id":"https:\/\/www.lacestitadelbebe.es\/blog\/#\/schema\/person\/4302d1284b0024ab11dca99558de40b4","name":"La Cestita","image":{"@type":"ImageObject","inLanguage":"es","@id":"https:\/\/secure.gravatar.com\/avatar\/533b503d3fc1781cdd76eacd2aa8f68348cdb3201605fe5b4616e6032a228068?s=96&d=mm&r=g","url":"https:\/\/secure.gravatar.com\/avatar\/533b503d3fc1781cdd76eacd2aa8f68348cdb3201605fe5b4616e6032a228068?s=96&d=mm&r=g","contentUrl":"https:\/\/secure.gravatar.com\/avatar\/533b503d3fc1781cdd76eacd2aa8f68348cdb3201605fe5b4616e6032a228068?s=96&d=mm&r=g","caption":"La Cestita"},"sameAs":["https:\/\/www.lacestitadelbebe.es"]}]}},"_links":{"self":[{"href":"https:\/\/www.lacestitadelbebe.es\/blog\/wp-json\/wp\/v2\/posts\/3522","targetHints":{"allow":["GET"]}}],"collection":[{"href":"https:\/\/www.lacestitadelbebe.es\/blog\/wp-json\/wp\/v2\/posts"}],"about":[{"href":"https:\/\/www.lacestitadelbebe.es\/blog\/wp-json\/wp\/v2\/types\/post"}],"author":[{"embeddable":true,"href":"https:\/\/www.lacestitadelbebe.es\/blog\/wp-json\/wp\/v2\/users\/1"}],"replies":[{"embeddable":true,"href":"https:\/\/www.lacestitadelbebe.es\/blog\/wp-json\/wp\/v2\/comments?post=3522"}],"version-history":[{"count":1,"href":"https:\/\/www.lacestitadelbebe.es\/blog\/wp-json\/wp\/v2\/posts\/3522\/revisions"}],"predecessor-version":[{"id":3525,"href":"https:\/\/www.lacestitadelbebe.es\/blog\/wp-json\/wp\/v2\/posts\/3522\/revisions\/3525"}],"wp:featuredmedia":[{"embeddable":true,"href":"https:\/\/www.lacestitadelbebe.es\/blog\/wp-json\/wp\/v2\/media\/3524"}],"wp:attachment":[{"href":"https:\/\/www.lacestitadelbebe.es\/blog\/wp-json\/wp\/v2\/media?parent=3522"}],"wp:term":[{"taxonomy":"category","embeddable":true,"href":"https:\/\/www.lacestitadelbebe.es\/blog\/wp-json\/wp\/v2\/categories?post=3522"},{"taxonomy":"post_tag","embeddable":true,"href":"https:\/\/www.lacestitadelbebe.es\/blog\/wp-json\/wp\/v2\/tags?post=3522"}],"curies":[{"name":"wp","href":"https:\/\/api.w.org\/{rel}","templated":true}]}}