{"id":2859,"date":"2020-12-21T13:02:06","date_gmt":"2020-12-21T13:02:06","guid":{"rendered":"https:\/\/www.lacestitadelbebe.es\/blog\/?p=2859"},"modified":"2020-12-21T13:02:55","modified_gmt":"2020-12-21T13:02:55","slug":"la-canastilla-del-bebe-y-la-ropa-para-recien-nacido-en-verano","status":"publish","type":"post","link":"https:\/\/www.lacestitadelbebe.es\/blog\/la-canastilla-del-bebe-y-la-ropa-para-recien-nacido-en-verano\/","title":{"rendered":"La canastilla del beb\u00e9 y la ropa para reci\u00e9n nacido en verano"},"content":{"rendered":"\n<p><em>Si est\u00e1s embarazada y esperas tener a tu beb\u00e9 para el verano, debes saber que tanto t\u00fa como tu beb\u00e9 son privilegiados, ya que las temperaturas agradables que se disfrutan durante esa temporada te permitir\u00e1 sentirte m\u00e1s c\u00f3moda y relajada para darle los cuidados a tu reci\u00e9n nacido.<\/em><\/p><div id=\"ez-toc-container\" class=\"ez-toc-v2_0_82_2 ez-toc-wrap-center counter-hierarchy ez-toc-counter ez-toc-custom ez-toc-container-direction\">\n<div class=\"ez-toc-title-container\">\n<p class=\"ez-toc-title\" style=\"cursor:inherit\">Contenidos<\/p>\n<span class=\"ez-toc-title-toggle\"><a href=\"#\" class=\"ez-toc-pull-right ez-toc-btn ez-toc-btn-xs ez-toc-btn-default ez-toc-toggle\" aria-label=\"Alternar tabla de contenidos\"><span class=\"ez-toc-js-icon-con\"><span class=\"\"><span class=\"eztoc-hide\" style=\"display:none;\">Toggle<\/span><span class=\"ez-toc-icon-toggle-span\"><svg style=\"fill: #222222;color:#222222\" xmlns=\"http:\/\/www.w3.org\/2000\/svg\" class=\"list-377408\" width=\"20px\" height=\"20px\" viewBox=\"0 0 24 24\" fill=\"none\"><path d=\"M6 6H4v2h2V6zm14 0H8v2h12V6zM4 11h2v2H4v-2zm16 0H8v2h12v-2zM4 16h2v2H4v-2zm16 0H8v2h12v-2z\" fill=\"currentColor\"><\/path><\/svg><svg style=\"fill: #222222;color:#222222\" class=\"arrow-unsorted-368013\" xmlns=\"http:\/\/www.w3.org\/2000\/svg\" width=\"10px\" height=\"10px\" viewBox=\"0 0 24 24\" version=\"1.2\" baseProfile=\"tiny\"><path d=\"M18.2 9.3l-6.2-6.3-6.2 6.3c-.2.2-.3.4-.3.7s.1.5.3.7c.2.2.4.3.7.3h11c.3 0 .5-.1.7-.3.2-.2.3-.5.3-.7s-.1-.5-.3-.7zM5.8 14.7l6.2 6.3 6.2-6.3c.2-.2.3-.5.3-.7s-.1-.5-.3-.7c-.2-.2-.4-.3-.7-.3h-11c-.3 0-.5.1-.7.3-.2.2-.3.5-.3.7s.1.5.3.7z\"\/><\/svg><\/span><\/span><\/span><\/a><\/span><\/div>\n<nav><ul class='ez-toc-list ez-toc-list-level-1 eztoc-toggle-hide-by-default' ><li class='ez-toc-page-1 ez-toc-heading-level-2'><a class=\"ez-toc-link ez-toc-heading-1\" href=\"https:\/\/www.lacestitadelbebe.es\/blog\/la-canastilla-del-bebe-y-la-ropa-para-recien-nacido-en-verano\/#Sabanas_y_arrullos_para_bebes_que_nacen_en_verano\" >S\u00e1banas y arrullos para beb\u00e9s que nacen en verano<\/a><\/li><li class='ez-toc-page-1 ez-toc-heading-level-2'><a class=\"ez-toc-link ez-toc-heading-2\" href=\"https:\/\/www.lacestitadelbebe.es\/blog\/la-canastilla-del-bebe-y-la-ropa-para-recien-nacido-en-verano\/#Panales_biberones_y_mas_productos\" >Pa\u00f1ales, biberones y m\u00e1s productos<\/a><\/li><li class='ez-toc-page-1 ez-toc-heading-level-2'><a class=\"ez-toc-link ez-toc-heading-3\" href=\"https:\/\/www.lacestitadelbebe.es\/blog\/la-canastilla-del-bebe-y-la-ropa-para-recien-nacido-en-verano\/#La_ropa_adecuada_para_mama\" >La ropa adecuada para mam\u00e1<\/a><\/li><\/ul><\/nav><\/div>\n\n\n\n\n<div class=\"wp-block-image\"><figure class=\"aligncenter size-large\"><img decoding=\"async\" width=\"485\" height=\"322\" data-src=\"https:\/\/www.lacestitadelbebe.es\/blog\/wp-content\/uploads\/2020\/12\/La-canastilla-del-bebe-y-la-ropa-para-recien-nacido-en-verano-scaled.jpg\" alt=\"\" class=\"wp-image-2860 lazyload\" data-srcset=\"https:\/\/www.lacestitadelbebe.es\/blog\/wp-content\/uploads\/2020\/12\/La-canastilla-del-bebe-y-la-ropa-para-recien-nacido-en-verano-scaled.jpg 485w, https:\/\/www.lacestitadelbebe.es\/blog\/wp-content\/uploads\/2020\/12\/La-canastilla-del-bebe-y-la-ropa-para-recien-nacido-en-verano-300x199.jpg 300w, https:\/\/www.lacestitadelbebe.es\/blog\/wp-content\/uploads\/2020\/12\/La-canastilla-del-bebe-y-la-ropa-para-recien-nacido-en-verano-768x510.jpg 768w\" data-sizes=\"(max-width: 485px) 100vw, 485px\" src=\"data:image\/svg+xml;base64,PHN2ZyB3aWR0aD0iMSIgaGVpZ2h0PSIxIiB4bWxucz0iaHR0cDovL3d3dy53My5vcmcvMjAwMC9zdmciPjwvc3ZnPg==\" style=\"--smush-placeholder-width: 485px; --smush-placeholder-aspect-ratio: 485\/322;\" \/><\/figure><\/div>\n\n\n\n<p>Podr\u00e1s tener la oportunidad de lucir ropa fresca, tanto t\u00fa como tu peque\u00f1o, dar paseos con el coche e incluso amamantar al aire libre. <a href=\"https:\/\/www.bambooropainfantil.com\/\">Bamboo ropa reci\u00e9n nacido y premam\u00e1<\/a> tiene todo lo que necesitas para las tres etapas: antes, durante y despu\u00e9s del parto. Podr\u00e1s escoger entre <strong>c\u00f3modos camisones y vestidos para ti y la ropa m\u00e1s adecuada y oportuna para el peque\u00f1\u00edn.<\/strong><\/p>\n\n\n\n<p>Si eres la futura mam\u00e1 o quieres hacer un obsequio a un familiar que se encuentra en la dulce espera, preparar una linda canastilla es un detalle que todos sabr\u00e1n apreciar y valorar. Lo importante en este caso es que se trate de un conjunto de <strong>productos y art\u00edculos completos y adaptados a la temporada<\/strong>. Ya que hablamos del verano hay algunos factores que se deben tener en cuenta:<\/p>\n\n\n\n<ul class=\"wp-block-list\"><li>Ropa fresca y de colores pasteles<\/li><li>S\u00e1banas para la cuna que sean ligeras<\/li><li>Pa\u00f1ales, cremas y biberones<\/li><li>Productos de cuidados especiales para ni\u00f1os que nacen en verano<\/li><\/ul>\n\n\n\n<p>La <a href=\"https:\/\/www.bambooropainfantil.com\/comprar-para-bebe\/jubon-con-polaina\/\">primera puesta verano<\/a> es una de los atuendos m\u00e1s especiales, sobre todo si se trata de la que usar\u00e1 al salir del hospital. Por lo tanto, una excelente idea son los bodies de algod\u00f3n, conjuntos de camiseta y pantalones cortos o los vestidos de tirante para las peque\u00f1as. <strong>Los gorros de verano tambi\u00e9n son art\u00edculos adecuados para obsequiar al beb\u00e9.<\/strong><\/p>\n\n\n\n<p>Lo importante es que todo su jaguar sea fresco y ligero, pero aun as\u00ed, conviene cubrir la cabecita para regular toda su temperatura corporal. Asimismo, es importante colocarle medias frescas.<\/p>\n\n\n\n<h2 class=\"wp-block-heading\"><span class=\"ez-toc-section\" id=\"Sabanas_y_arrullos_para_bebes_que_nacen_en_verano\"><\/span>S\u00e1banas y arrullos para beb\u00e9s que nacen en verano<span class=\"ez-toc-section-end\"><\/span><\/h2>\n\n\n\n<p>En la canastilla del beb\u00e9 se recomienda tambi\u00e9n incluir algunos productos para la cuna, as\u00ed que es importante saber con anticipaci\u00f3n si el peque\u00f1o dormir\u00e1 en un colecho, mois\u00e9s, cuna u otro para comprar las s\u00e1banas que mejor se ajusten.<\/p>\n\n\n\n<p>Por lo pronto, <strong>ser\u00e1 suficiente con un par de juegos de s\u00e1bana para la cuna y otra para el cochecito<\/strong>. Por otro lado, el <a href=\"https:\/\/www.bambooropainfantil.com\/comprar-para-bebe\/arrullos\/\">Arrullo bebe verano<\/a> debe ser fresco, por lo que no podemos cohibirnos a la hora de mimarlo. Este producto nos permitir\u00e1 proteger al beb\u00e9 de los cambios bruscos de temperatura, adem\u00e1s, es importante tener en cuenta que mientras est\u00e9 muy peque\u00f1o es preferible mantenerlo abrigado, pero recuerda que no puede ser demasiado.<\/p>\n\n\n\n<p>Otros elementos importantes a tener en cuenta para incluir en la canastilla son las peque\u00f1as toallas que nos permiten limpiar cualquier bocanada de leche (muy com\u00fan y frecuente) as\u00ed como gasas y baberos.<\/p>\n\n\n\n<h2 class=\"wp-block-heading\"><span class=\"ez-toc-section\" id=\"Panales_biberones_y_mas_productos\"><\/span>Pa\u00f1ales, biberones y m\u00e1s productos<span class=\"ez-toc-section-end\"><\/span><\/h2>\n\n\n\n<p>Uno de los productos m\u00e1s importantes para los cuidados del beb\u00e9 son los de higiene. As\u00ed que en este set de cosas \u00fatiles se deben incluir<strong> los pa\u00f1ales, jab\u00f3n especial, cremas y los biberones<\/strong>. Si vas a a\u00f1adir colonias ten presente que estas no contengan alcohol.<\/p>\n\n\n\n<p>En cuanto a cepillos, deben ser muy suaves y alg\u00fan tipo de aceite estar\u00e1 muy bien para mantener su delicada piel bien hidratada. Lo ideal es incluir algunas gotas en la ba\u00f1era y darle unos relajantes masajes durante el ba\u00f1o.<\/p>\n\n\n\n<h2 class=\"wp-block-heading\"><span class=\"ez-toc-section\" id=\"La_ropa_adecuada_para_mama\"><\/span>La ropa adecuada para mam\u00e1<span class=\"ez-toc-section-end\"><\/span><\/h2>\n\n\n\n<p>Los primeros meses la atenci\u00f3n estar\u00e1 centrada en el beb\u00e9, pero mam\u00e1 debe estar lo suficientemente c\u00f3moda para ofrecer todos los cuidados que necesita su hijo, por lo que no podemos olvidar el <a href=\"https:\/\/www.bambooropainfantil.com\/comprar-para-bebe\/camisones-de-lactancia\/\">camis\u00f3n lactancia verano<\/a>. Es una de las prendas m\u00e1s <strong>c\u00f3modas e imprescindibles<\/strong> que una madre debe tener.<\/p>\n\n\n\n<p>La lactancia es un acto de amor perfectamente creado por la naturaleza y sentirnos a gusto en su plenitud es esencial. Bien si lo haces en privado o quieres disfrutar del aire libre mientras alimentas a tu hijo, estos camisones te aportan mucha comodidad y estilo. Recuerda que <strong>la leche materna es el mejor alimento para tu hijo<\/strong>, contiene todos los nutrientes y vitaminas que necesita. Ni siquiera ser\u00e1 necesario darle agua a tu peque\u00f1o, ya que esta maravillosa leche, lo tiene todo<\/p>\n","protected":false},"excerpt":{"rendered":"<p>Si est\u00e1s embarazada y esperas tener a tu beb\u00e9 para el verano, debes saber que tanto t\u00fa como tu beb\u00e9 son privilegiados, ya que las temperaturas agradables que se disfrutan durante esa temporada te permitir\u00e1 sentirte m\u00e1s c\u00f3moda y relajada para darle los cuidados a tu reci\u00e9n nacido. Podr\u00e1s tener la oportunidad de lucir ropa &#8230; <a title=\"La canastilla del beb\u00e9 y la ropa para reci\u00e9n nacido en verano\" class=\"read-more\" href=\"https:\/\/www.lacestitadelbebe.es\/blog\/la-canastilla-del-bebe-y-la-ropa-para-recien-nacido-en-verano\/\" aria-label=\"Leer m\u00e1s sobre La canastilla del beb\u00e9 y la ropa para reci\u00e9n nacido en verano\">Leer m\u00e1s<\/a><\/p>\n","protected":false},"author":1,"featured_media":2861,"comment_status":"open","ping_status":"open","sticky":false,"template":"","format":"standard","meta":{"_exactmetrics_skip_tracking":false,"_exactmetrics_sitenote_active":false,"_exactmetrics_sitenote_note":"","_exactmetrics_sitenote_category":0,"footnotes":""},"categories":[425,78,102,106,82,140],"tags":[],"class_list":["post-2859","post","type-post","status-publish","format-standard","has-post-thumbnail","hentry","category-babyshower","category-bebes","category-cuidados","category-embarazo","category-maternidad","category-regalos"],"yoast_head":"<!-- This site is optimized with the Yoast SEO plugin v27.4 - https:\/\/yoast.com\/product\/yoast-seo-wordpress\/ -->\n<title>La canastilla del beb\u00e9 y la ropa para reci\u00e9n nacido en verano<\/title>\n<meta name=\"description\" content=\"Elegir bien los productos para el beb\u00e9 y de calidad no tiene porque estar re\u00f1ida con altos precios, no te pierdas nuestra selecci\u00f3n para t\u00ed!\" \/>\n<meta name=\"robots\" content=\"index, follow, max-snippet:-1, max-image-preview:large, max-video-preview:-1\" \/>\n<link rel=\"canonical\" href=\"https:\/\/www.lacestitadelbebe.es\/blog\/la-canastilla-del-bebe-y-la-ropa-para-recien-nacido-en-verano\/\" \/>\n<meta property=\"og:locale\" content=\"es_ES\" \/>\n<meta property=\"og:type\" content=\"article\" \/>\n<meta property=\"og:title\" content=\"La canastilla del beb\u00e9 y la ropa para reci\u00e9n nacido en verano\" \/>\n<meta property=\"og:description\" content=\"Elegir bien los productos para el beb\u00e9 y de calidad no tiene porque estar re\u00f1ida con altos precios, no te pierdas nuestra selecci\u00f3n para t\u00ed!\" \/>\n<meta property=\"og:url\" content=\"https:\/\/www.lacestitadelbebe.es\/blog\/la-canastilla-del-bebe-y-la-ropa-para-recien-nacido-en-verano\/\" \/>\n<meta property=\"og:site_name\" content=\"Blog la Cestita del Beb\u00e9\" \/>\n<meta property=\"article:publisher\" content=\"https:\/\/www.facebook.com\/lacestitadelbebe.es\" \/>\n<meta property=\"article:published_time\" content=\"2020-12-21T13:02:06+00:00\" \/>\n<meta property=\"article:modified_time\" content=\"2020-12-21T13:02:55+00:00\" \/>\n<meta property=\"og:image\" content=\"https:\/\/www.lacestitadelbebe.es\/blog\/wp-content\/uploads\/2020\/12\/La-canastilla-del-bebe-y-la-ropa-para-recien-nacido-en-verano_LaCestitadelBb-scaled.jpg\" \/>\n\t<meta property=\"og:image:width\" content=\"485\" \/>\n\t<meta property=\"og:image:height\" content=\"323\" \/>\n\t<meta property=\"og:image:type\" content=\"image\/jpeg\" \/>\n<meta name=\"author\" content=\"La Cestita\" \/>\n<meta name=\"twitter:card\" content=\"summary_large_image\" \/>\n<meta name=\"twitter:creator\" content=\"@LaCestitaBebe\" \/>\n<meta name=\"twitter:site\" content=\"@LaCestitaBebe\" \/>\n<meta name=\"twitter:label1\" content=\"Escrito por\" \/>\n\t<meta name=\"twitter:data1\" content=\"La Cestita\" \/>\n\t<meta name=\"twitter:label2\" content=\"Tiempo de lectura\" \/>\n\t<meta name=\"twitter:data2\" content=\"4 minutos\" \/>\n<script type=\"application\/ld+json\" class=\"yoast-schema-graph\">{\"@context\":\"https:\\\/\\\/schema.org\",\"@graph\":[{\"@type\":\"Article\",\"@id\":\"https:\\\/\\\/www.lacestitadelbebe.es\\\/blog\\\/la-canastilla-del-bebe-y-la-ropa-para-recien-nacido-en-verano\\\/#article\",\"isPartOf\":{\"@id\":\"https:\\\/\\\/www.lacestitadelbebe.es\\\/blog\\\/la-canastilla-del-bebe-y-la-ropa-para-recien-nacido-en-verano\\\/\"},\"author\":{\"name\":\"La Cestita\",\"@id\":\"https:\\\/\\\/www.lacestitadelbebe.es\\\/blog\\\/#\\\/schema\\\/person\\\/4302d1284b0024ab11dca99558de40b4\"},\"headline\":\"La canastilla del beb\u00e9 y la ropa para reci\u00e9n nacido en verano\",\"datePublished\":\"2020-12-21T13:02:06+00:00\",\"dateModified\":\"2020-12-21T13:02:55+00:00\",\"mainEntityOfPage\":{\"@id\":\"https:\\\/\\\/www.lacestitadelbebe.es\\\/blog\\\/la-canastilla-del-bebe-y-la-ropa-para-recien-nacido-en-verano\\\/\"},\"wordCount\":748,\"commentCount\":0,\"publisher\":{\"@id\":\"https:\\\/\\\/www.lacestitadelbebe.es\\\/blog\\\/#organization\"},\"image\":{\"@id\":\"https:\\\/\\\/www.lacestitadelbebe.es\\\/blog\\\/la-canastilla-del-bebe-y-la-ropa-para-recien-nacido-en-verano\\\/#primaryimage\"},\"thumbnailUrl\":\"https:\\\/\\\/www.lacestitadelbebe.es\\\/blog\\\/wp-content\\\/uploads\\\/2020\\\/12\\\/La-canastilla-del-bebe-y-la-ropa-para-recien-nacido-en-verano_LaCestitadelBb-scaled.jpg\",\"articleSection\":[\"babyshower\",\"Beb\u00e9s\",\"cuidados\",\"embarazo\",\"maternidad\",\"regalos\"],\"inLanguage\":\"es\",\"potentialAction\":[{\"@type\":\"CommentAction\",\"name\":\"Comment\",\"target\":[\"https:\\\/\\\/www.lacestitadelbebe.es\\\/blog\\\/la-canastilla-del-bebe-y-la-ropa-para-recien-nacido-en-verano\\\/#respond\"]}]},{\"@type\":\"WebPage\",\"@id\":\"https:\\\/\\\/www.lacestitadelbebe.es\\\/blog\\\/la-canastilla-del-bebe-y-la-ropa-para-recien-nacido-en-verano\\\/\",\"url\":\"https:\\\/\\\/www.lacestitadelbebe.es\\\/blog\\\/la-canastilla-del-bebe-y-la-ropa-para-recien-nacido-en-verano\\\/\",\"name\":\"La canastilla del beb\u00e9 y la ropa para reci\u00e9n nacido en verano\",\"isPartOf\":{\"@id\":\"https:\\\/\\\/www.lacestitadelbebe.es\\\/blog\\\/#website\"},\"primaryImageOfPage\":{\"@id\":\"https:\\\/\\\/www.lacestitadelbebe.es\\\/blog\\\/la-canastilla-del-bebe-y-la-ropa-para-recien-nacido-en-verano\\\/#primaryimage\"},\"image\":{\"@id\":\"https:\\\/\\\/www.lacestitadelbebe.es\\\/blog\\\/la-canastilla-del-bebe-y-la-ropa-para-recien-nacido-en-verano\\\/#primaryimage\"},\"thumbnailUrl\":\"https:\\\/\\\/www.lacestitadelbebe.es\\\/blog\\\/wp-content\\\/uploads\\\/2020\\\/12\\\/La-canastilla-del-bebe-y-la-ropa-para-recien-nacido-en-verano_LaCestitadelBb-scaled.jpg\",\"datePublished\":\"2020-12-21T13:02:06+00:00\",\"dateModified\":\"2020-12-21T13:02:55+00:00\",\"description\":\"Elegir bien los productos para el beb\u00e9 y de calidad no tiene porque estar re\u00f1ida con altos precios, no te pierdas nuestra selecci\u00f3n para t\u00ed!\",\"breadcrumb\":{\"@id\":\"https:\\\/\\\/www.lacestitadelbebe.es\\\/blog\\\/la-canastilla-del-bebe-y-la-ropa-para-recien-nacido-en-verano\\\/#breadcrumb\"},\"inLanguage\":\"es\",\"potentialAction\":[{\"@type\":\"ReadAction\",\"target\":[\"https:\\\/\\\/www.lacestitadelbebe.es\\\/blog\\\/la-canastilla-del-bebe-y-la-ropa-para-recien-nacido-en-verano\\\/\"]}]},{\"@type\":\"ImageObject\",\"inLanguage\":\"es\",\"@id\":\"https:\\\/\\\/www.lacestitadelbebe.es\\\/blog\\\/la-canastilla-del-bebe-y-la-ropa-para-recien-nacido-en-verano\\\/#primaryimage\",\"url\":\"https:\\\/\\\/www.lacestitadelbebe.es\\\/blog\\\/wp-content\\\/uploads\\\/2020\\\/12\\\/La-canastilla-del-bebe-y-la-ropa-para-recien-nacido-en-verano_LaCestitadelBb-scaled.jpg\",\"contentUrl\":\"https:\\\/\\\/www.lacestitadelbebe.es\\\/blog\\\/wp-content\\\/uploads\\\/2020\\\/12\\\/La-canastilla-del-bebe-y-la-ropa-para-recien-nacido-en-verano_LaCestitadelBb-scaled.jpg\",\"width\":485,\"height\":323},{\"@type\":\"BreadcrumbList\",\"@id\":\"https:\\\/\\\/www.lacestitadelbebe.es\\\/blog\\\/la-canastilla-del-bebe-y-la-ropa-para-recien-nacido-en-verano\\\/#breadcrumb\",\"itemListElement\":[{\"@type\":\"ListItem\",\"position\":1,\"name\":\"Portada\",\"item\":\"https:\\\/\\\/www.lacestitadelbebe.es\\\/blog\\\/\"},{\"@type\":\"ListItem\",\"position\":2,\"name\":\"La canastilla del beb\u00e9 y la ropa para reci\u00e9n nacido en verano\"}]},{\"@type\":\"WebSite\",\"@id\":\"https:\\\/\\\/www.lacestitadelbebe.es\\\/blog\\\/#website\",\"url\":\"https:\\\/\\\/www.lacestitadelbebe.es\\\/blog\\\/\",\"name\":\"Blog la Cestita del Beb\u00e9\",\"description\":\"Hablamos de todo lo relacionado con beb\u00e9s\",\"publisher\":{\"@id\":\"https:\\\/\\\/www.lacestitadelbebe.es\\\/blog\\\/#organization\"},\"potentialAction\":[{\"@type\":\"SearchAction\",\"target\":{\"@type\":\"EntryPoint\",\"urlTemplate\":\"https:\\\/\\\/www.lacestitadelbebe.es\\\/blog\\\/?s={search_term_string}\"},\"query-input\":{\"@type\":\"PropertyValueSpecification\",\"valueRequired\":true,\"valueName\":\"search_term_string\"}}],\"inLanguage\":\"es\"},{\"@type\":\"Organization\",\"@id\":\"https:\\\/\\\/www.lacestitadelbebe.es\\\/blog\\\/#organization\",\"name\":\"La Cestita del Beb\u00e9\",\"url\":\"https:\\\/\\\/www.lacestitadelbebe.es\\\/blog\\\/\",\"logo\":{\"@type\":\"ImageObject\",\"inLanguage\":\"es\",\"@id\":\"https:\\\/\\\/www.lacestitadelbebe.es\\\/blog\\\/#\\\/schema\\\/logo\\\/image\\\/\",\"url\":\"https:\\\/\\\/www.lacestitadelbebe.es\\\/blog\\\/wp-content\\\/uploads\\\/2017\\\/10\\\/la_cestita_del_bebe_blog.png\",\"contentUrl\":\"https:\\\/\\\/www.lacestitadelbebe.es\\\/blog\\\/wp-content\\\/uploads\\\/2017\\\/10\\\/la_cestita_del_bebe_blog.png\",\"width\":375,\"height\":70,\"caption\":\"La Cestita del Beb\u00e9\"},\"image\":{\"@id\":\"https:\\\/\\\/www.lacestitadelbebe.es\\\/blog\\\/#\\\/schema\\\/logo\\\/image\\\/\"},\"sameAs\":[\"https:\\\/\\\/www.facebook.com\\\/lacestitadelbebe.es\",\"https:\\\/\\\/x.com\\\/LaCestitaBebe\"]},{\"@type\":\"Person\",\"@id\":\"https:\\\/\\\/www.lacestitadelbebe.es\\\/blog\\\/#\\\/schema\\\/person\\\/4302d1284b0024ab11dca99558de40b4\",\"name\":\"La Cestita\",\"image\":{\"@type\":\"ImageObject\",\"inLanguage\":\"es\",\"@id\":\"https:\\\/\\\/secure.gravatar.com\\\/avatar\\\/533b503d3fc1781cdd76eacd2aa8f68348cdb3201605fe5b4616e6032a228068?s=96&d=mm&r=g\",\"url\":\"https:\\\/\\\/secure.gravatar.com\\\/avatar\\\/533b503d3fc1781cdd76eacd2aa8f68348cdb3201605fe5b4616e6032a228068?s=96&d=mm&r=g\",\"contentUrl\":\"https:\\\/\\\/secure.gravatar.com\\\/avatar\\\/533b503d3fc1781cdd76eacd2aa8f68348cdb3201605fe5b4616e6032a228068?s=96&d=mm&r=g\",\"caption\":\"La Cestita\"},\"sameAs\":[\"https:\\\/\\\/www.lacestitadelbebe.es\"]}]}<\/script>\n<!-- \/ Yoast SEO plugin. -->","yoast_head_json":{"title":"La canastilla del beb\u00e9 y la ropa para reci\u00e9n nacido en verano","description":"Elegir bien los productos para el beb\u00e9 y de calidad no tiene porque estar re\u00f1ida con altos precios, no te pierdas nuestra selecci\u00f3n para t\u00ed!","robots":{"index":"index","follow":"follow","max-snippet":"max-snippet:-1","max-image-preview":"max-image-preview:large","max-video-preview":"max-video-preview:-1"},"canonical":"https:\/\/www.lacestitadelbebe.es\/blog\/la-canastilla-del-bebe-y-la-ropa-para-recien-nacido-en-verano\/","og_locale":"es_ES","og_type":"article","og_title":"La canastilla del beb\u00e9 y la ropa para reci\u00e9n nacido en verano","og_description":"Elegir bien los productos para el beb\u00e9 y de calidad no tiene porque estar re\u00f1ida con altos precios, no te pierdas nuestra selecci\u00f3n para t\u00ed!","og_url":"https:\/\/www.lacestitadelbebe.es\/blog\/la-canastilla-del-bebe-y-la-ropa-para-recien-nacido-en-verano\/","og_site_name":"Blog la Cestita del Beb\u00e9","article_publisher":"https:\/\/www.facebook.com\/lacestitadelbebe.es","article_published_time":"2020-12-21T13:02:06+00:00","article_modified_time":"2020-12-21T13:02:55+00:00","og_image":[{"width":485,"height":323,"url":"https:\/\/www.lacestitadelbebe.es\/blog\/wp-content\/uploads\/2020\/12\/La-canastilla-del-bebe-y-la-ropa-para-recien-nacido-en-verano_LaCestitadelBb-scaled.jpg","type":"image\/jpeg"}],"author":"La Cestita","twitter_card":"summary_large_image","twitter_creator":"@LaCestitaBebe","twitter_site":"@LaCestitaBebe","twitter_misc":{"Escrito por":"La Cestita","Tiempo de lectura":"4 minutos"},"schema":{"@context":"https:\/\/schema.org","@graph":[{"@type":"Article","@id":"https:\/\/www.lacestitadelbebe.es\/blog\/la-canastilla-del-bebe-y-la-ropa-para-recien-nacido-en-verano\/#article","isPartOf":{"@id":"https:\/\/www.lacestitadelbebe.es\/blog\/la-canastilla-del-bebe-y-la-ropa-para-recien-nacido-en-verano\/"},"author":{"name":"La Cestita","@id":"https:\/\/www.lacestitadelbebe.es\/blog\/#\/schema\/person\/4302d1284b0024ab11dca99558de40b4"},"headline":"La canastilla del beb\u00e9 y la ropa para reci\u00e9n nacido en verano","datePublished":"2020-12-21T13:02:06+00:00","dateModified":"2020-12-21T13:02:55+00:00","mainEntityOfPage":{"@id":"https:\/\/www.lacestitadelbebe.es\/blog\/la-canastilla-del-bebe-y-la-ropa-para-recien-nacido-en-verano\/"},"wordCount":748,"commentCount":0,"publisher":{"@id":"https:\/\/www.lacestitadelbebe.es\/blog\/#organization"},"image":{"@id":"https:\/\/www.lacestitadelbebe.es\/blog\/la-canastilla-del-bebe-y-la-ropa-para-recien-nacido-en-verano\/#primaryimage"},"thumbnailUrl":"https:\/\/www.lacestitadelbebe.es\/blog\/wp-content\/uploads\/2020\/12\/La-canastilla-del-bebe-y-la-ropa-para-recien-nacido-en-verano_LaCestitadelBb-scaled.jpg","articleSection":["babyshower","Beb\u00e9s","cuidados","embarazo","maternidad","regalos"],"inLanguage":"es","potentialAction":[{"@type":"CommentAction","name":"Comment","target":["https:\/\/www.lacestitadelbebe.es\/blog\/la-canastilla-del-bebe-y-la-ropa-para-recien-nacido-en-verano\/#respond"]}]},{"@type":"WebPage","@id":"https:\/\/www.lacestitadelbebe.es\/blog\/la-canastilla-del-bebe-y-la-ropa-para-recien-nacido-en-verano\/","url":"https:\/\/www.lacestitadelbebe.es\/blog\/la-canastilla-del-bebe-y-la-ropa-para-recien-nacido-en-verano\/","name":"La canastilla del beb\u00e9 y la ropa para reci\u00e9n nacido en verano","isPartOf":{"@id":"https:\/\/www.lacestitadelbebe.es\/blog\/#website"},"primaryImageOfPage":{"@id":"https:\/\/www.lacestitadelbebe.es\/blog\/la-canastilla-del-bebe-y-la-ropa-para-recien-nacido-en-verano\/#primaryimage"},"image":{"@id":"https:\/\/www.lacestitadelbebe.es\/blog\/la-canastilla-del-bebe-y-la-ropa-para-recien-nacido-en-verano\/#primaryimage"},"thumbnailUrl":"https:\/\/www.lacestitadelbebe.es\/blog\/wp-content\/uploads\/2020\/12\/La-canastilla-del-bebe-y-la-ropa-para-recien-nacido-en-verano_LaCestitadelBb-scaled.jpg","datePublished":"2020-12-21T13:02:06+00:00","dateModified":"2020-12-21T13:02:55+00:00","description":"Elegir bien los productos para el beb\u00e9 y de calidad no tiene porque estar re\u00f1ida con altos precios, no te pierdas nuestra selecci\u00f3n para t\u00ed!","breadcrumb":{"@id":"https:\/\/www.lacestitadelbebe.es\/blog\/la-canastilla-del-bebe-y-la-ropa-para-recien-nacido-en-verano\/#breadcrumb"},"inLanguage":"es","potentialAction":[{"@type":"ReadAction","target":["https:\/\/www.lacestitadelbebe.es\/blog\/la-canastilla-del-bebe-y-la-ropa-para-recien-nacido-en-verano\/"]}]},{"@type":"ImageObject","inLanguage":"es","@id":"https:\/\/www.lacestitadelbebe.es\/blog\/la-canastilla-del-bebe-y-la-ropa-para-recien-nacido-en-verano\/#primaryimage","url":"https:\/\/www.lacestitadelbebe.es\/blog\/wp-content\/uploads\/2020\/12\/La-canastilla-del-bebe-y-la-ropa-para-recien-nacido-en-verano_LaCestitadelBb-scaled.jpg","contentUrl":"https:\/\/www.lacestitadelbebe.es\/blog\/wp-content\/uploads\/2020\/12\/La-canastilla-del-bebe-y-la-ropa-para-recien-nacido-en-verano_LaCestitadelBb-scaled.jpg","width":485,"height":323},{"@type":"BreadcrumbList","@id":"https:\/\/www.lacestitadelbebe.es\/blog\/la-canastilla-del-bebe-y-la-ropa-para-recien-nacido-en-verano\/#breadcrumb","itemListElement":[{"@type":"ListItem","position":1,"name":"Portada","item":"https:\/\/www.lacestitadelbebe.es\/blog\/"},{"@type":"ListItem","position":2,"name":"La canastilla del beb\u00e9 y la ropa para reci\u00e9n nacido en verano"}]},{"@type":"WebSite","@id":"https:\/\/www.lacestitadelbebe.es\/blog\/#website","url":"https:\/\/www.lacestitadelbebe.es\/blog\/","name":"Blog la Cestita del Beb\u00e9","description":"Hablamos de todo lo relacionado con beb\u00e9s","publisher":{"@id":"https:\/\/www.lacestitadelbebe.es\/blog\/#organization"},"potentialAction":[{"@type":"SearchAction","target":{"@type":"EntryPoint","urlTemplate":"https:\/\/www.lacestitadelbebe.es\/blog\/?s={search_term_string}"},"query-input":{"@type":"PropertyValueSpecification","valueRequired":true,"valueName":"search_term_string"}}],"inLanguage":"es"},{"@type":"Organization","@id":"https:\/\/www.lacestitadelbebe.es\/blog\/#organization","name":"La Cestita del Beb\u00e9","url":"https:\/\/www.lacestitadelbebe.es\/blog\/","logo":{"@type":"ImageObject","inLanguage":"es","@id":"https:\/\/www.lacestitadelbebe.es\/blog\/#\/schema\/logo\/image\/","url":"https:\/\/www.lacestitadelbebe.es\/blog\/wp-content\/uploads\/2017\/10\/la_cestita_del_bebe_blog.png","contentUrl":"https:\/\/www.lacestitadelbebe.es\/blog\/wp-content\/uploads\/2017\/10\/la_cestita_del_bebe_blog.png","width":375,"height":70,"caption":"La Cestita del Beb\u00e9"},"image":{"@id":"https:\/\/www.lacestitadelbebe.es\/blog\/#\/schema\/logo\/image\/"},"sameAs":["https:\/\/www.facebook.com\/lacestitadelbebe.es","https:\/\/x.com\/LaCestitaBebe"]},{"@type":"Person","@id":"https:\/\/www.lacestitadelbebe.es\/blog\/#\/schema\/person\/4302d1284b0024ab11dca99558de40b4","name":"La Cestita","image":{"@type":"ImageObject","inLanguage":"es","@id":"https:\/\/secure.gravatar.com\/avatar\/533b503d3fc1781cdd76eacd2aa8f68348cdb3201605fe5b4616e6032a228068?s=96&d=mm&r=g","url":"https:\/\/secure.gravatar.com\/avatar\/533b503d3fc1781cdd76eacd2aa8f68348cdb3201605fe5b4616e6032a228068?s=96&d=mm&r=g","contentUrl":"https:\/\/secure.gravatar.com\/avatar\/533b503d3fc1781cdd76eacd2aa8f68348cdb3201605fe5b4616e6032a228068?s=96&d=mm&r=g","caption":"La Cestita"},"sameAs":["https:\/\/www.lacestitadelbebe.es"]}]}},"_links":{"self":[{"href":"https:\/\/www.lacestitadelbebe.es\/blog\/wp-json\/wp\/v2\/posts\/2859","targetHints":{"allow":["GET"]}}],"collection":[{"href":"https:\/\/www.lacestitadelbebe.es\/blog\/wp-json\/wp\/v2\/posts"}],"about":[{"href":"https:\/\/www.lacestitadelbebe.es\/blog\/wp-json\/wp\/v2\/types\/post"}],"author":[{"embeddable":true,"href":"https:\/\/www.lacestitadelbebe.es\/blog\/wp-json\/wp\/v2\/users\/1"}],"replies":[{"embeddable":true,"href":"https:\/\/www.lacestitadelbebe.es\/blog\/wp-json\/wp\/v2\/comments?post=2859"}],"version-history":[{"count":2,"href":"https:\/\/www.lacestitadelbebe.es\/blog\/wp-json\/wp\/v2\/posts\/2859\/revisions"}],"predecessor-version":[{"id":2863,"href":"https:\/\/www.lacestitadelbebe.es\/blog\/wp-json\/wp\/v2\/posts\/2859\/revisions\/2863"}],"wp:featuredmedia":[{"embeddable":true,"href":"https:\/\/www.lacestitadelbebe.es\/blog\/wp-json\/wp\/v2\/media\/2861"}],"wp:attachment":[{"href":"https:\/\/www.lacestitadelbebe.es\/blog\/wp-json\/wp\/v2\/media?parent=2859"}],"wp:term":[{"taxonomy":"category","embeddable":true,"href":"https:\/\/www.lacestitadelbebe.es\/blog\/wp-json\/wp\/v2\/categories?post=2859"},{"taxonomy":"post_tag","embeddable":true,"href":"https:\/\/www.lacestitadelbebe.es\/blog\/wp-json\/wp\/v2\/tags?post=2859"}],"curies":[{"name":"wp","href":"https:\/\/api.w.org\/{rel}","templated":true}]}}