{"id":2799,"date":"2020-11-24T05:42:46","date_gmt":"2020-11-24T05:42:46","guid":{"rendered":"https:\/\/www.lacestitadelbebe.es\/blog\/?p=2799"},"modified":"2020-11-24T05:42:49","modified_gmt":"2020-11-24T05:42:49","slug":"los-hermanitos-y-los-celos","status":"publish","type":"post","link":"https:\/\/www.lacestitadelbebe.es\/blog\/los-hermanitos-y-los-celos\/","title":{"rendered":"Los hermanitos y los celos"},"content":{"rendered":"\n<p>La navidad es \u00e9poca de diversi\u00f3n y regalos, estar en familia, este at\u00edpico a\u00f1o lo que se pueda, pero si son varios hermanos en casa, es l\u00f3gico que con los juguetes surjan los t\u00edpicos celos. As\u00ed que para tener la fiesta en paz, desde el blog de <a href=\"https:\/\/www.lacestitadelbebe.es\">LaCestitadelBebe.es <\/a>vamos a afrontar este importante asunto que suele crear roces entre herman@s, los dichosos celos.<\/p><div id=\"ez-toc-container\" class=\"ez-toc-v2_0_82_2 ez-toc-wrap-center counter-hierarchy ez-toc-counter ez-toc-custom ez-toc-container-direction\">\n<div class=\"ez-toc-title-container\">\n<p class=\"ez-toc-title\" style=\"cursor:inherit\">Contenidos<\/p>\n<span class=\"ez-toc-title-toggle\"><a href=\"#\" class=\"ez-toc-pull-right ez-toc-btn ez-toc-btn-xs ez-toc-btn-default ez-toc-toggle\" aria-label=\"Alternar tabla de contenidos\"><span class=\"ez-toc-js-icon-con\"><span class=\"\"><span class=\"eztoc-hide\" style=\"display:none;\">Toggle<\/span><span class=\"ez-toc-icon-toggle-span\"><svg style=\"fill: #222222;color:#222222\" xmlns=\"http:\/\/www.w3.org\/2000\/svg\" class=\"list-377408\" width=\"20px\" height=\"20px\" viewBox=\"0 0 24 24\" fill=\"none\"><path d=\"M6 6H4v2h2V6zm14 0H8v2h12V6zM4 11h2v2H4v-2zm16 0H8v2h12v-2zM4 16h2v2H4v-2zm16 0H8v2h12v-2z\" fill=\"currentColor\"><\/path><\/svg><svg style=\"fill: #222222;color:#222222\" class=\"arrow-unsorted-368013\" xmlns=\"http:\/\/www.w3.org\/2000\/svg\" width=\"10px\" height=\"10px\" viewBox=\"0 0 24 24\" version=\"1.2\" baseProfile=\"tiny\"><path d=\"M18.2 9.3l-6.2-6.3-6.2 6.3c-.2.2-.3.4-.3.7s.1.5.3.7c.2.2.4.3.7.3h11c.3 0 .5-.1.7-.3.2-.2.3-.5.3-.7s-.1-.5-.3-.7zM5.8 14.7l6.2 6.3 6.2-6.3c.2-.2.3-.5.3-.7s-.1-.5-.3-.7c-.2-.2-.4-.3-.7-.3h-11c-.3 0-.5.1-.7.3-.2.2-.3.5-.3.7s.1.5.3.7z\"\/><\/svg><\/span><\/span><\/span><\/a><\/span><\/div>\n<nav><ul class='ez-toc-list ez-toc-list-level-1 eztoc-toggle-hide-by-default' ><li class='ez-toc-page-1 ez-toc-heading-level-2'><a class=\"ez-toc-link ez-toc-heading-1\" href=\"https:\/\/www.lacestitadelbebe.es\/blog\/los-hermanitos-y-los-celos\/#Manifestando_los_celos\" >Manifestando los celos<\/a><\/li><li class='ez-toc-page-1 ez-toc-heading-level-2'><a class=\"ez-toc-link ez-toc-heading-2\" href=\"https:\/\/www.lacestitadelbebe.es\/blog\/los-hermanitos-y-los-celos\/#Disgusto_y_aburrimiento\" >Disgusto y aburrimiento<\/a><\/li><li class='ez-toc-page-1 ez-toc-heading-level-2'><a class=\"ez-toc-link ez-toc-heading-3\" href=\"https:\/\/www.lacestitadelbebe.es\/blog\/los-hermanitos-y-los-celos\/#Regresiones_en_el_comportamiento\" >Regresiones en el comportamiento<\/a><\/li><li class='ez-toc-page-1 ez-toc-heading-level-2'><a class=\"ez-toc-link ez-toc-heading-4\" href=\"https:\/\/www.lacestitadelbebe.es\/blog\/los-hermanitos-y-los-celos\/#No_duermen_bien\" >No duermen bien<\/a><\/li><li class='ez-toc-page-1 ez-toc-heading-level-2'><a class=\"ez-toc-link ez-toc-heading-5\" href=\"https:\/\/www.lacestitadelbebe.es\/blog\/los-hermanitos-y-los-celos\/#Inapetencia\" >Inapetencia<\/a><\/li><li class='ez-toc-page-1 ez-toc-heading-level-2'><a class=\"ez-toc-link ez-toc-heading-6\" href=\"https:\/\/www.lacestitadelbebe.es\/blog\/los-hermanitos-y-los-celos\/#Irritables_e_inquietos\" >Irritables e inquietos<\/a><\/li><\/ul><\/nav><\/div>\n\n\n\n\n<div class=\"wp-block-image\"><figure class=\"aligncenter size-large\"><img decoding=\"async\" width=\"267\" height=\"189\" data-src=\"https:\/\/www.lacestitadelbebe.es\/blog\/wp-content\/uploads\/2020\/11\/Los-hermanitos-y-los-celos.jpg\" alt=\"\" class=\"wp-image-2800 lazyload\" src=\"data:image\/svg+xml;base64,PHN2ZyB3aWR0aD0iMSIgaGVpZ2h0PSIxIiB4bWxucz0iaHR0cDovL3d3dy53My5vcmcvMjAwMC9zdmciPjwvc3ZnPg==\" style=\"--smush-placeholder-width: 267px; --smush-placeholder-aspect-ratio: 267\/189;\" \/><figcaption>Dos hermanos disfrutando<\/figcaption><\/figure><\/div>\n\n\n\n<p>Y es que cuando un&nbsp;<strong>nuevo miembro hace acto de presencia en la familia se desatan cantidad de alegr\u00eda y buenas emociones creando algo de estr\u00e9s entre los flamantes pap\u00e1s y mam\u00e1s<\/strong>. Pero&nbsp;<strong>sobretodo afecta a la posici\u00f3n del hasta ahora mimado que sienten como su reinado pasa a un segundo plano en pos del nuev@ beb\u00e9<\/strong>. La mayor\u00eda de las veces no ser\u00e1 as\u00ed, pero ese sentimiento se hace patente cuando todas las miradas, sonrisas y arrumacos van hac\u00eda los m\u00e1s peque\u00f1@s.<\/p>\n\n\n\n<p>Con la llegada de un nuevo beb\u00e9 las alegr\u00edas, y la ilusi\u00f3n dan rienda suelta a la festividad, pero tambi\u00e9n teniendo presente que son nuevos retos para todos y la convivencia. Ya que&nbsp;<strong>los celos har\u00e1n acto de presencia desde que los mayores sientan una p\u00e9rdida de privilegios o atenci\u00f3n en favor del reci\u00e9n llegado<\/strong>.<\/p>\n\n\n\n<p>En algunas ocasiones estos sentimientos se pueden gestar incluso antes del embarazo, muchas veces nos hacemos preguntas como \u201c\u00bfPodremos querer a los dos por igual?\u201d o tenemos cargas de conciencia en nuestra mente y no saber estar a la altura de sus exigencias.<\/p>\n\n\n\n<p>De esta manera con la nueva recepci\u00f3n del beb\u00e9 puede haber una gran cantidad de emociones, algunas diferentes y puede ser que encontradas, as\u00ed que ser\u00e1 nuestra responsabilidad saber y tratar a toda la familia de la mejor manera posible.<\/p>\n\n\n\n<h2 class=\"wp-block-heading\"><span class=\"ez-toc-section\" id=\"Manifestando_los_celos\"><\/span><strong>Manifestando los celos<\/strong><span class=\"ez-toc-section-end\"><\/span><\/h2>\n\n\n\n<p>Este sentimiento en los ni\u00f1os suele manifestarse de manera natural, y&nbsp;<strong>es perfectamente normal que se hagan patentes en cuanto la familia reciba nuevos miembros. Eso s\u00ed estamos hablando de ni\u00f1os, si los hermanos ya son m\u00e1s mayores este sentimiento no se mostrar\u00e1<\/strong>. En caso de que suceda siempre debemos dejarlos que se expresen con total naturalidad y as\u00ed tenerlo en cuenta para gestionarlo correctamente.<\/p>\n\n\n\n<p>Otras veces&nbsp;<strong>los celos en los ni\u00f1os no se muestran de las formas m\u00e1s llamativas que creemos o asociamos principalmente como las rabietas, nervios y enfados, lloros. Ser\u00e1 aconsejable seguir un poco de cerca el comportamiento de los herman@s para ver que es el de siempre y siguen su correcta evoluci\u00f3n<\/strong>. Es decir, no aparecen cambios en la rutina o se alteran de una forma que pueda pasar m\u00e1s inadvertida, esto depender\u00e1 del car\u00e1cter de los ni\u00f1os.<\/p>\n\n\n\n<h2 class=\"wp-block-heading\"><span class=\"ez-toc-section\" id=\"Disgusto_y_aburrimiento\"><\/span><strong>Disgusto y aburrimiento<\/strong><span class=\"ez-toc-section-end\"><\/span><\/h2>\n\n\n\n<p>Esta puede ser una de esas conductas que no se muestran en forma de lloros, y es que los&nbsp;<strong>ni\u00f1os se muestran ap\u00e1ticos y sin ganas de hacer nada<\/strong>. Esta situaci\u00f3n se caracteriza&nbsp;<strong>por una repentina perdida de inter\u00e9s por jugar, ya no tienen ganas de hacer y compartir planes y actividades<\/strong>. Lo que antes les atra\u00eda, ahora parece no gustarles nada&nbsp; ni despertar ni gota de inter\u00e9s. Cuando se presenta esta situaci\u00f3n&nbsp;<strong>debemos abordarla con tranquilidad y de la forma m\u00e1s r\u00e1pida posible para volver a reconectar con los ni\u00f1os y recobrar la viveza y ganas de compartir y jugar de nuevo<\/strong>&nbsp;para volver a encaminar todo de la forma correcta e id\u00f3nea, como antes.<\/p>\n\n\n\n<p>Podemos adaptarnos y buscar la manera de que el beb\u00e9 no sea el centro existencial, es decir, podemos dejar al beb\u00e9 un rato con alg\u00fan familiar y&nbsp;<strong>dedicar tiempo en exclusiva a nuestro hij@ como antes para que recobre el inter\u00e9s. Se puede salir a jugar un rato al parque, al cine, ver la tele o jugar con ellos a su juego favorito, un ba\u00f1o o ver fotos de cuando eran peque\u00f1os, es decir algo en familia como antes, de esta forma ver\u00e1 que no ha sido excluido y as\u00ed recuperar el inter\u00e9s y motivaci\u00f3n al ver su roll en la familia<\/strong>. Esto no es otra cosa que buscar activar de nuevo la motivaci\u00f3n perdida junto a la ilusi\u00f3n partiendo de nuestra propia motivaci\u00f3n y mostr\u00e1ndola de forma ilusionante.<\/p>\n\n\n\n<h2 class=\"wp-block-heading\"><span class=\"ez-toc-section\" id=\"Regresiones_en_el_comportamiento\"><\/span><strong>Regresiones en el comportamiento<\/strong><span class=\"ez-toc-section-end\"><\/span><\/h2>\n\n\n\n<p>Otro de los indicios que pueden darse por los celos es&nbsp;<strong>que habiendo alcanzo un hito de madurez, como ir al ba\u00f1o solos, dejar el chupete o comer solos, ante la llegada de un herman@ puede ser que vuelvan a hacerse pipi encima o en la cama o bien popo<\/strong>. Tambi\u00e9n esta conducta se puede manifestar en cualquier otro avance que deja de serlo, como volver a querer el chupete o que le demos de comer nosotros de nuevo, cuando ellos ya eran completamente aut\u00f3nomos en estas tareas. Estas conductas son las normales y habituales y que nos pueden volver a estresar y generar inseguridad y dudas pregunt\u00e1ndonos que hemos hecho mal frente a esta situaci\u00f3n. Como todo,&nbsp;<strong>debemos centrarnos en el problema y no buscar la culpa, as\u00ed que tenemos que hacer entender a los peque\u00f1os que ellos son los mayores y son el ejemplo a seguir por sus herman@ peque\u00f1os. De esta manera debemos buscar de recuperar la rutina y la armon\u00eda antes conseguida en sus conductas<\/strong>.<\/p>\n\n\n\n<p>Todos queremos pertenecer a un grupo, en este caso en la familia, sentirse parte de ella y que son queridos y respetados. Por ello&nbsp;<strong>es muy positivo y tenemos que mostrarle nuestro afecto y pertenencia a la familia, ofreci\u00e9ndoles su lugar, espacio y nuevo roll, mostr\u00e1ndoles m\u00e1s atenci\u00f3n y escuchando sus problemas e inquietudes<\/strong>. De esta forma conseguiremos aplicar m\u00e1s los celos y se sentir\u00e1n m\u00e1s queridos y reconfortados en el hogar.<\/p>\n\n\n\n<p><strong>Lo que nunca debemos hacer ante todo es mostrar enfado y amenazar con alguna clase de castigo o bien ofrecer premios<\/strong>. Ya que sino afectaremos al transcurso natural de este proceso y pueden buscar premios a la hora de hacer las cosas bien y no es el mejor ejemplo a seguir ni lo que queremos.<\/p>\n\n\n\n<h2 class=\"wp-block-heading\"><span class=\"ez-toc-section\" id=\"No_duermen_bien\"><\/span><strong>No duermen bien<\/strong><span class=\"ez-toc-section-end\"><\/span><\/h2>\n\n\n\n<p>La llegada del nuevo miembro puede alterar incluso el sue\u00f1o de los herman@s mayores, alterando horarios, ritmos y rutinas.&nbsp;<strong>Cuando se altera su rutina es f\u00e1cil que pierdan su ritmo que llevan habitualmente y es posible que necesiten descansar m\u00e1s de lo que hac\u00edan antes, puede ser que vuelvan a retomar la siesta si en su d\u00eda la dejaron<\/strong>.<\/p>\n\n\n\n<p>Los motivos est\u00e1n claros que es por celos y envidias&nbsp;<strong>propiciadas por que el beb\u00e9 duerma con nosotros en nuestra habitaci\u00f3n y el no, o bien no le dediquemos tanto tiempo como antes perdiendo costumbres como los masajes o leer cuentos antes de dormir<\/strong>.<\/p>\n\n\n\n<p><strong>Estas conversaciones de cama para abrirse y hablar por la noche son muy importantes, ya que es cuando m\u00e1s se suelen compartir secretos, contar an\u00e9cdotas o miedos de cosas que han sucedido a lo largo del d\u00eda y no se han tenido tiempo de hablar<\/strong>. Tambi\u00e9n es importante mostrarnos receptivos y ofrecer caricias para que se calmen y se sientan igual de queridos que antes de la llegada del beb\u00e9.<\/p>\n\n\n\n<h2 class=\"wp-block-heading\"><span class=\"ez-toc-section\" id=\"Inapetencia\"><\/span><strong>Inapetencia<\/strong><span class=\"ez-toc-section-end\"><\/span><\/h2>\n\n\n\n<p>Aqu\u00ed estamos frente a otras de las conductas que pueden aparecer con la llegada del nuev@ a la familia, la falta de apetito puede denotar tambi\u00e9n celos y que pueden acabar por hacernos perder los nervios.<\/p>\n\n\n\n<p><strong>No debemos enfadarnos ni presionar ante estas situaciones<\/strong>, si bien es cierto que los pap\u00e1s y mam\u00e1s siempre queremos que coman abundantemente porque esto es signo de salud. Pero nada m\u00e1s lejos de la realidad,&nbsp;<strong>ellos saben mucho mejor que nosotros lo que tienen que comer. Lo mejor es dejarles la comida como siempre u ofrecerla de otra forma variando la presentaci\u00f3n y condimentos<\/strong>.<\/p>\n\n\n\n<p>Esta es otra de esas situaciones naturales que es perfectamente comprensible y que por suerte no tardar\u00e1 mucho en desaparecer<strong>, si lo hablamos todo correctamente, practican ejercicio habitualmente y les dedicamos su tiempo no habr\u00e1 problemas en este sentido o se mitigar\u00e1n de forma r\u00e1pida<\/strong>. Si el problema persistiera durante semanas y no vemos signos evidentes de problemas causados por esta situaci\u00f3n debemos asistir al pediatra o nutricionista para ver la mejor manera de afrontar el problema, pero por norma general no suele durar m\u00e1s de unas pocas semanas.<\/p>\n\n\n\n<h2 class=\"wp-block-heading\"><span class=\"ez-toc-section\" id=\"Irritables_e_inquietos\"><\/span><strong>Irritables e inquietos<\/strong><span class=\"ez-toc-section-end\"><\/span><\/h2>\n\n\n\n<p>Es una de las situaciones principales y habituales que se dan en cualquier familia con la llegada de un nuevo beb\u00e9, as\u00ed que el enfado y la irritabilidad puede ser constante durante una temporada.<\/p>\n\n\n\n<p><strong>Se trata de una de las conductas m\u00e1s comunes que se experimentan ante esta nueva situaci\u00f3n<\/strong>, y como todas las anteriores es un proceso natural que tendr\u00e1n que aprender a ir gestionando, siempre mostrando nuestro apoyo y hablando sobre ello.<\/p>\n\n\n\n<p>As\u00ed que nos vuelve a tocar realizar esas tareas de psicolog\u00eda, para&nbsp;<strong>mostrarle que les seguimos queriendo igual, cosas van a cambiar, pero su roll en la familia es el mismo e incluso va a salir reforzado como el ejemplo a seguir<\/strong>. De esta forma lo normal es que se vaya mitigando esa forma de llamar la atenci\u00f3n mediante rabietas, y comentar que aunque se pasen, tambi\u00e9n es normal que vuelvan a sentirse as\u00ed ante cualquier situaci\u00f3n frente al beb\u00e9 en el que se sientan vulnerables o menos atendidos por nuestra parte.<\/p>\n\n\n\n<p><strong>Ante este proceso lo mejor es mostrarse tranquilos, emplear psicolog\u00eda y buenas maneras para gestionar estas situaciones, ya que esta etapa es la que m\u00e1s durar\u00e1<\/strong>&nbsp;y es probable que dure desde semanas a meses o incluso a\u00f1os en los casos m\u00e1s severos.<\/p>\n\n\n\n<p>As\u00ed que cuanto m\u00e1s sepamos del tema mejor para ver que todas estas conductas que llevan los herman@s mayores es principalmente para reivindicarse y llamar la atenci\u00f3n en busca de ese afecto que creen perdido. Por lo tanto nuestro principal consejo es&nbsp;<strong>dedicarles tambi\u00e9n mucho tiempo para que no se sientan desplazados junto al nuevo miembro para favorecer el apego. Manteniendo siempre una actitud abierta y sana para que nos comenten cualquier inconveniente y poder resolverlo de la mejor forma posible<\/strong>. No debemos perder los nervios y tratarlos con m\u00e1s calma, amor y mimo y ayudarles a estar relajados y dormir bien.<\/p>\n\n\n\n<p>Para acabar como es habitual en nosotros os recordamos que seguimos <em>ofreciendo los mejores regalos para beb\u00e9s reci\u00e9n nacidos, personalizados y con importantes descuentos. As\u00ed podr\u00e9is disfrutar de <strong>vuestra canastilla de beb\u00e9 y tarta de pa\u00f1ales con bordados con descuentos nunca vistos! Recordad que en lo que queda de mes tenemos descuentos adicionales del 10% del Black Friday con el c\u00f3digo <\/strong><\/em><strong><em>BlackF20<\/em><\/strong>, as\u00ed que corre que vuelan! Cuidaros mucho con el fr\u00edo, nos leemos en la pr\u00f3xima!<\/p>\n","protected":false},"excerpt":{"rendered":"<p>La navidad es \u00e9poca de diversi\u00f3n y regalos, estar en familia, este at\u00edpico a\u00f1o lo que se pueda, pero si son varios hermanos en casa, es l\u00f3gico que con los juguetes surjan los t\u00edpicos celos. As\u00ed que para tener la fiesta en paz, desde el blog de LaCestitadelBebe.es vamos a afrontar este importante asunto que &#8230; <a title=\"Los hermanitos y los celos\" class=\"read-more\" href=\"https:\/\/www.lacestitadelbebe.es\/blog\/los-hermanitos-y-los-celos\/\" aria-label=\"Leer m\u00e1s sobre Los hermanitos y los celos\">Leer m\u00e1s<\/a><\/p>\n","protected":false},"author":1,"featured_media":2801,"comment_status":"open","ping_status":"open","sticky":false,"template":"","format":"standard","meta":{"_exactmetrics_skip_tracking":false,"_exactmetrics_sitenote_active":false,"_exactmetrics_sitenote_note":"","_exactmetrics_sitenote_category":0,"footnotes":""},"categories":[89,78,102,455,82],"tags":[],"class_list":["post-2799","post","type-post","status-publish","format-standard","has-post-thumbnail","hentry","category-aprendizaje-y-estimulacion","category-bebes","category-cuidados","category-educacion","category-maternidad"],"yoast_head":"<!-- This site is optimized with the Yoast SEO plugin v27.5 - https:\/\/yoast.com\/product\/yoast-seo-wordpress\/ -->\n<title>Los hermanitos y los celos - Blog La Cestita del Beb\u00e9<\/title>\n<meta name=\"description\" content=\"Desde el blog de La Cestita del Beb\u00e9 vamos a ver como se manifiestan los celos entre los herman@s y que podemos hacer para que se lleven bien\" \/>\n<meta name=\"robots\" content=\"index, follow, max-snippet:-1, max-image-preview:large, max-video-preview:-1\" \/>\n<link rel=\"canonical\" href=\"https:\/\/www.lacestitadelbebe.es\/blog\/los-hermanitos-y-los-celos\/\" \/>\n<meta property=\"og:locale\" content=\"es_ES\" \/>\n<meta property=\"og:type\" content=\"article\" \/>\n<meta property=\"og:title\" content=\"Los hermanitos y los celos - Blog La Cestita del Beb\u00e9\" \/>\n<meta property=\"og:description\" content=\"Desde el blog de La Cestita del Beb\u00e9 vamos a ver como se manifiestan los celos entre los herman@s y que podemos hacer para que se lleven bien\" \/>\n<meta property=\"og:url\" content=\"https:\/\/www.lacestitadelbebe.es\/blog\/los-hermanitos-y-los-celos\/\" \/>\n<meta property=\"og:site_name\" content=\"Blog la Cestita del Beb\u00e9\" \/>\n<meta property=\"article:publisher\" content=\"https:\/\/www.facebook.com\/lacestitadelbebe.es\" \/>\n<meta property=\"article:published_time\" content=\"2020-11-24T05:42:46+00:00\" \/>\n<meta property=\"article:modified_time\" content=\"2020-11-24T05:42:49+00:00\" \/>\n<meta property=\"og:image\" content=\"https:\/\/www.lacestitadelbebe.es\/blog\/wp-content\/uploads\/2020\/11\/Los-hermanitos-y-los-celos-La-Cestita-del-Bebe-scaled.jpg\" \/>\n\t<meta property=\"og:image:width\" content=\"485\" \/>\n\t<meta property=\"og:image:height\" content=\"323\" \/>\n\t<meta property=\"og:image:type\" content=\"image\/jpeg\" \/>\n<meta name=\"author\" content=\"La Cestita\" \/>\n<meta name=\"twitter:card\" content=\"summary_large_image\" \/>\n<meta name=\"twitter:creator\" content=\"@LaCestitaBebe\" \/>\n<meta name=\"twitter:site\" content=\"@LaCestitaBebe\" \/>\n<meta name=\"twitter:label1\" content=\"Escrito por\" \/>\n\t<meta name=\"twitter:data1\" content=\"La Cestita\" \/>\n\t<meta name=\"twitter:label2\" content=\"Tiempo de lectura\" \/>\n\t<meta name=\"twitter:data2\" content=\"9 minutos\" \/>\n<script type=\"application\/ld+json\" class=\"yoast-schema-graph\">{\"@context\":\"https:\\\/\\\/schema.org\",\"@graph\":[{\"@type\":\"Article\",\"@id\":\"https:\\\/\\\/www.lacestitadelbebe.es\\\/blog\\\/los-hermanitos-y-los-celos\\\/#article\",\"isPartOf\":{\"@id\":\"https:\\\/\\\/www.lacestitadelbebe.es\\\/blog\\\/los-hermanitos-y-los-celos\\\/\"},\"author\":{\"name\":\"La Cestita\",\"@id\":\"https:\\\/\\\/www.lacestitadelbebe.es\\\/blog\\\/#\\\/schema\\\/person\\\/4302d1284b0024ab11dca99558de40b4\"},\"headline\":\"Los hermanitos y los celos\",\"datePublished\":\"2020-11-24T05:42:46+00:00\",\"dateModified\":\"2020-11-24T05:42:49+00:00\",\"mainEntityOfPage\":{\"@id\":\"https:\\\/\\\/www.lacestitadelbebe.es\\\/blog\\\/los-hermanitos-y-los-celos\\\/\"},\"wordCount\":1875,\"commentCount\":0,\"publisher\":{\"@id\":\"https:\\\/\\\/www.lacestitadelbebe.es\\\/blog\\\/#organization\"},\"image\":{\"@id\":\"https:\\\/\\\/www.lacestitadelbebe.es\\\/blog\\\/los-hermanitos-y-los-celos\\\/#primaryimage\"},\"thumbnailUrl\":\"https:\\\/\\\/www.lacestitadelbebe.es\\\/blog\\\/wp-content\\\/uploads\\\/2020\\\/11\\\/Los-hermanitos-y-los-celos-La-Cestita-del-Bebe-scaled.jpg\",\"articleSection\":[\"aprendizaje y estimulaci\u00f3n\",\"Beb\u00e9s\",\"cuidados\",\"educaci\u00f3n\",\"maternidad\"],\"inLanguage\":\"es\",\"potentialAction\":[{\"@type\":\"CommentAction\",\"name\":\"Comment\",\"target\":[\"https:\\\/\\\/www.lacestitadelbebe.es\\\/blog\\\/los-hermanitos-y-los-celos\\\/#respond\"]}]},{\"@type\":\"WebPage\",\"@id\":\"https:\\\/\\\/www.lacestitadelbebe.es\\\/blog\\\/los-hermanitos-y-los-celos\\\/\",\"url\":\"https:\\\/\\\/www.lacestitadelbebe.es\\\/blog\\\/los-hermanitos-y-los-celos\\\/\",\"name\":\"Los hermanitos y los celos - Blog La Cestita del Beb\u00e9\",\"isPartOf\":{\"@id\":\"https:\\\/\\\/www.lacestitadelbebe.es\\\/blog\\\/#website\"},\"primaryImageOfPage\":{\"@id\":\"https:\\\/\\\/www.lacestitadelbebe.es\\\/blog\\\/los-hermanitos-y-los-celos\\\/#primaryimage\"},\"image\":{\"@id\":\"https:\\\/\\\/www.lacestitadelbebe.es\\\/blog\\\/los-hermanitos-y-los-celos\\\/#primaryimage\"},\"thumbnailUrl\":\"https:\\\/\\\/www.lacestitadelbebe.es\\\/blog\\\/wp-content\\\/uploads\\\/2020\\\/11\\\/Los-hermanitos-y-los-celos-La-Cestita-del-Bebe-scaled.jpg\",\"datePublished\":\"2020-11-24T05:42:46+00:00\",\"dateModified\":\"2020-11-24T05:42:49+00:00\",\"description\":\"Desde el blog de La Cestita del Beb\u00e9 vamos a ver como se manifiestan los celos entre los herman@s y que podemos hacer para que se lleven bien\",\"breadcrumb\":{\"@id\":\"https:\\\/\\\/www.lacestitadelbebe.es\\\/blog\\\/los-hermanitos-y-los-celos\\\/#breadcrumb\"},\"inLanguage\":\"es\",\"potentialAction\":[{\"@type\":\"ReadAction\",\"target\":[\"https:\\\/\\\/www.lacestitadelbebe.es\\\/blog\\\/los-hermanitos-y-los-celos\\\/\"]}]},{\"@type\":\"ImageObject\",\"inLanguage\":\"es\",\"@id\":\"https:\\\/\\\/www.lacestitadelbebe.es\\\/blog\\\/los-hermanitos-y-los-celos\\\/#primaryimage\",\"url\":\"https:\\\/\\\/www.lacestitadelbebe.es\\\/blog\\\/wp-content\\\/uploads\\\/2020\\\/11\\\/Los-hermanitos-y-los-celos-La-Cestita-del-Bebe-scaled.jpg\",\"contentUrl\":\"https:\\\/\\\/www.lacestitadelbebe.es\\\/blog\\\/wp-content\\\/uploads\\\/2020\\\/11\\\/Los-hermanitos-y-los-celos-La-Cestita-del-Bebe-scaled.jpg\",\"width\":485,\"height\":323},{\"@type\":\"BreadcrumbList\",\"@id\":\"https:\\\/\\\/www.lacestitadelbebe.es\\\/blog\\\/los-hermanitos-y-los-celos\\\/#breadcrumb\",\"itemListElement\":[{\"@type\":\"ListItem\",\"position\":1,\"name\":\"Portada\",\"item\":\"https:\\\/\\\/www.lacestitadelbebe.es\\\/blog\\\/\"},{\"@type\":\"ListItem\",\"position\":2,\"name\":\"Los hermanitos y los celos\"}]},{\"@type\":\"WebSite\",\"@id\":\"https:\\\/\\\/www.lacestitadelbebe.es\\\/blog\\\/#website\",\"url\":\"https:\\\/\\\/www.lacestitadelbebe.es\\\/blog\\\/\",\"name\":\"Blog la Cestita del Beb\u00e9\",\"description\":\"Hablamos de todo lo relacionado con beb\u00e9s\",\"publisher\":{\"@id\":\"https:\\\/\\\/www.lacestitadelbebe.es\\\/blog\\\/#organization\"},\"potentialAction\":[{\"@type\":\"SearchAction\",\"target\":{\"@type\":\"EntryPoint\",\"urlTemplate\":\"https:\\\/\\\/www.lacestitadelbebe.es\\\/blog\\\/?s={search_term_string}\"},\"query-input\":{\"@type\":\"PropertyValueSpecification\",\"valueRequired\":true,\"valueName\":\"search_term_string\"}}],\"inLanguage\":\"es\"},{\"@type\":\"Organization\",\"@id\":\"https:\\\/\\\/www.lacestitadelbebe.es\\\/blog\\\/#organization\",\"name\":\"La Cestita del Beb\u00e9\",\"url\":\"https:\\\/\\\/www.lacestitadelbebe.es\\\/blog\\\/\",\"logo\":{\"@type\":\"ImageObject\",\"inLanguage\":\"es\",\"@id\":\"https:\\\/\\\/www.lacestitadelbebe.es\\\/blog\\\/#\\\/schema\\\/logo\\\/image\\\/\",\"url\":\"https:\\\/\\\/www.lacestitadelbebe.es\\\/blog\\\/wp-content\\\/uploads\\\/2017\\\/10\\\/la_cestita_del_bebe_blog.png\",\"contentUrl\":\"https:\\\/\\\/www.lacestitadelbebe.es\\\/blog\\\/wp-content\\\/uploads\\\/2017\\\/10\\\/la_cestita_del_bebe_blog.png\",\"width\":375,\"height\":70,\"caption\":\"La Cestita del Beb\u00e9\"},\"image\":{\"@id\":\"https:\\\/\\\/www.lacestitadelbebe.es\\\/blog\\\/#\\\/schema\\\/logo\\\/image\\\/\"},\"sameAs\":[\"https:\\\/\\\/www.facebook.com\\\/lacestitadelbebe.es\",\"https:\\\/\\\/x.com\\\/LaCestitaBebe\"]},{\"@type\":\"Person\",\"@id\":\"https:\\\/\\\/www.lacestitadelbebe.es\\\/blog\\\/#\\\/schema\\\/person\\\/4302d1284b0024ab11dca99558de40b4\",\"name\":\"La Cestita\",\"image\":{\"@type\":\"ImageObject\",\"inLanguage\":\"es\",\"@id\":\"https:\\\/\\\/secure.gravatar.com\\\/avatar\\\/533b503d3fc1781cdd76eacd2aa8f68348cdb3201605fe5b4616e6032a228068?s=96&d=mm&r=g\",\"url\":\"https:\\\/\\\/secure.gravatar.com\\\/avatar\\\/533b503d3fc1781cdd76eacd2aa8f68348cdb3201605fe5b4616e6032a228068?s=96&d=mm&r=g\",\"contentUrl\":\"https:\\\/\\\/secure.gravatar.com\\\/avatar\\\/533b503d3fc1781cdd76eacd2aa8f68348cdb3201605fe5b4616e6032a228068?s=96&d=mm&r=g\",\"caption\":\"La Cestita\"},\"sameAs\":[\"https:\\\/\\\/www.lacestitadelbebe.es\"]}]}<\/script>\n<!-- \/ Yoast SEO plugin. -->","yoast_head_json":{"title":"Los hermanitos y los celos - Blog La Cestita del Beb\u00e9","description":"Desde el blog de La Cestita del Beb\u00e9 vamos a ver como se manifiestan los celos entre los herman@s y que podemos hacer para que se lleven bien","robots":{"index":"index","follow":"follow","max-snippet":"max-snippet:-1","max-image-preview":"max-image-preview:large","max-video-preview":"max-video-preview:-1"},"canonical":"https:\/\/www.lacestitadelbebe.es\/blog\/los-hermanitos-y-los-celos\/","og_locale":"es_ES","og_type":"article","og_title":"Los hermanitos y los celos - Blog La Cestita del Beb\u00e9","og_description":"Desde el blog de La Cestita del Beb\u00e9 vamos a ver como se manifiestan los celos entre los herman@s y que podemos hacer para que se lleven bien","og_url":"https:\/\/www.lacestitadelbebe.es\/blog\/los-hermanitos-y-los-celos\/","og_site_name":"Blog la Cestita del Beb\u00e9","article_publisher":"https:\/\/www.facebook.com\/lacestitadelbebe.es","article_published_time":"2020-11-24T05:42:46+00:00","article_modified_time":"2020-11-24T05:42:49+00:00","og_image":[{"width":485,"height":323,"url":"https:\/\/www.lacestitadelbebe.es\/blog\/wp-content\/uploads\/2020\/11\/Los-hermanitos-y-los-celos-La-Cestita-del-Bebe-scaled.jpg","type":"image\/jpeg"}],"author":"La Cestita","twitter_card":"summary_large_image","twitter_creator":"@LaCestitaBebe","twitter_site":"@LaCestitaBebe","twitter_misc":{"Escrito por":"La Cestita","Tiempo de lectura":"9 minutos"},"schema":{"@context":"https:\/\/schema.org","@graph":[{"@type":"Article","@id":"https:\/\/www.lacestitadelbebe.es\/blog\/los-hermanitos-y-los-celos\/#article","isPartOf":{"@id":"https:\/\/www.lacestitadelbebe.es\/blog\/los-hermanitos-y-los-celos\/"},"author":{"name":"La Cestita","@id":"https:\/\/www.lacestitadelbebe.es\/blog\/#\/schema\/person\/4302d1284b0024ab11dca99558de40b4"},"headline":"Los hermanitos y los celos","datePublished":"2020-11-24T05:42:46+00:00","dateModified":"2020-11-24T05:42:49+00:00","mainEntityOfPage":{"@id":"https:\/\/www.lacestitadelbebe.es\/blog\/los-hermanitos-y-los-celos\/"},"wordCount":1875,"commentCount":0,"publisher":{"@id":"https:\/\/www.lacestitadelbebe.es\/blog\/#organization"},"image":{"@id":"https:\/\/www.lacestitadelbebe.es\/blog\/los-hermanitos-y-los-celos\/#primaryimage"},"thumbnailUrl":"https:\/\/www.lacestitadelbebe.es\/blog\/wp-content\/uploads\/2020\/11\/Los-hermanitos-y-los-celos-La-Cestita-del-Bebe-scaled.jpg","articleSection":["aprendizaje y estimulaci\u00f3n","Beb\u00e9s","cuidados","educaci\u00f3n","maternidad"],"inLanguage":"es","potentialAction":[{"@type":"CommentAction","name":"Comment","target":["https:\/\/www.lacestitadelbebe.es\/blog\/los-hermanitos-y-los-celos\/#respond"]}]},{"@type":"WebPage","@id":"https:\/\/www.lacestitadelbebe.es\/blog\/los-hermanitos-y-los-celos\/","url":"https:\/\/www.lacestitadelbebe.es\/blog\/los-hermanitos-y-los-celos\/","name":"Los hermanitos y los celos - Blog La Cestita del Beb\u00e9","isPartOf":{"@id":"https:\/\/www.lacestitadelbebe.es\/blog\/#website"},"primaryImageOfPage":{"@id":"https:\/\/www.lacestitadelbebe.es\/blog\/los-hermanitos-y-los-celos\/#primaryimage"},"image":{"@id":"https:\/\/www.lacestitadelbebe.es\/blog\/los-hermanitos-y-los-celos\/#primaryimage"},"thumbnailUrl":"https:\/\/www.lacestitadelbebe.es\/blog\/wp-content\/uploads\/2020\/11\/Los-hermanitos-y-los-celos-La-Cestita-del-Bebe-scaled.jpg","datePublished":"2020-11-24T05:42:46+00:00","dateModified":"2020-11-24T05:42:49+00:00","description":"Desde el blog de La Cestita del Beb\u00e9 vamos a ver como se manifiestan los celos entre los herman@s y que podemos hacer para que se lleven bien","breadcrumb":{"@id":"https:\/\/www.lacestitadelbebe.es\/blog\/los-hermanitos-y-los-celos\/#breadcrumb"},"inLanguage":"es","potentialAction":[{"@type":"ReadAction","target":["https:\/\/www.lacestitadelbebe.es\/blog\/los-hermanitos-y-los-celos\/"]}]},{"@type":"ImageObject","inLanguage":"es","@id":"https:\/\/www.lacestitadelbebe.es\/blog\/los-hermanitos-y-los-celos\/#primaryimage","url":"https:\/\/www.lacestitadelbebe.es\/blog\/wp-content\/uploads\/2020\/11\/Los-hermanitos-y-los-celos-La-Cestita-del-Bebe-scaled.jpg","contentUrl":"https:\/\/www.lacestitadelbebe.es\/blog\/wp-content\/uploads\/2020\/11\/Los-hermanitos-y-los-celos-La-Cestita-del-Bebe-scaled.jpg","width":485,"height":323},{"@type":"BreadcrumbList","@id":"https:\/\/www.lacestitadelbebe.es\/blog\/los-hermanitos-y-los-celos\/#breadcrumb","itemListElement":[{"@type":"ListItem","position":1,"name":"Portada","item":"https:\/\/www.lacestitadelbebe.es\/blog\/"},{"@type":"ListItem","position":2,"name":"Los hermanitos y los celos"}]},{"@type":"WebSite","@id":"https:\/\/www.lacestitadelbebe.es\/blog\/#website","url":"https:\/\/www.lacestitadelbebe.es\/blog\/","name":"Blog la Cestita del Beb\u00e9","description":"Hablamos de todo lo relacionado con beb\u00e9s","publisher":{"@id":"https:\/\/www.lacestitadelbebe.es\/blog\/#organization"},"potentialAction":[{"@type":"SearchAction","target":{"@type":"EntryPoint","urlTemplate":"https:\/\/www.lacestitadelbebe.es\/blog\/?s={search_term_string}"},"query-input":{"@type":"PropertyValueSpecification","valueRequired":true,"valueName":"search_term_string"}}],"inLanguage":"es"},{"@type":"Organization","@id":"https:\/\/www.lacestitadelbebe.es\/blog\/#organization","name":"La Cestita del Beb\u00e9","url":"https:\/\/www.lacestitadelbebe.es\/blog\/","logo":{"@type":"ImageObject","inLanguage":"es","@id":"https:\/\/www.lacestitadelbebe.es\/blog\/#\/schema\/logo\/image\/","url":"https:\/\/www.lacestitadelbebe.es\/blog\/wp-content\/uploads\/2017\/10\/la_cestita_del_bebe_blog.png","contentUrl":"https:\/\/www.lacestitadelbebe.es\/blog\/wp-content\/uploads\/2017\/10\/la_cestita_del_bebe_blog.png","width":375,"height":70,"caption":"La Cestita del Beb\u00e9"},"image":{"@id":"https:\/\/www.lacestitadelbebe.es\/blog\/#\/schema\/logo\/image\/"},"sameAs":["https:\/\/www.facebook.com\/lacestitadelbebe.es","https:\/\/x.com\/LaCestitaBebe"]},{"@type":"Person","@id":"https:\/\/www.lacestitadelbebe.es\/blog\/#\/schema\/person\/4302d1284b0024ab11dca99558de40b4","name":"La Cestita","image":{"@type":"ImageObject","inLanguage":"es","@id":"https:\/\/secure.gravatar.com\/avatar\/533b503d3fc1781cdd76eacd2aa8f68348cdb3201605fe5b4616e6032a228068?s=96&d=mm&r=g","url":"https:\/\/secure.gravatar.com\/avatar\/533b503d3fc1781cdd76eacd2aa8f68348cdb3201605fe5b4616e6032a228068?s=96&d=mm&r=g","contentUrl":"https:\/\/secure.gravatar.com\/avatar\/533b503d3fc1781cdd76eacd2aa8f68348cdb3201605fe5b4616e6032a228068?s=96&d=mm&r=g","caption":"La Cestita"},"sameAs":["https:\/\/www.lacestitadelbebe.es"]}]}},"_links":{"self":[{"href":"https:\/\/www.lacestitadelbebe.es\/blog\/wp-json\/wp\/v2\/posts\/2799","targetHints":{"allow":["GET"]}}],"collection":[{"href":"https:\/\/www.lacestitadelbebe.es\/blog\/wp-json\/wp\/v2\/posts"}],"about":[{"href":"https:\/\/www.lacestitadelbebe.es\/blog\/wp-json\/wp\/v2\/types\/post"}],"author":[{"embeddable":true,"href":"https:\/\/www.lacestitadelbebe.es\/blog\/wp-json\/wp\/v2\/users\/1"}],"replies":[{"embeddable":true,"href":"https:\/\/www.lacestitadelbebe.es\/blog\/wp-json\/wp\/v2\/comments?post=2799"}],"version-history":[{"count":1,"href":"https:\/\/www.lacestitadelbebe.es\/blog\/wp-json\/wp\/v2\/posts\/2799\/revisions"}],"predecessor-version":[{"id":2802,"href":"https:\/\/www.lacestitadelbebe.es\/blog\/wp-json\/wp\/v2\/posts\/2799\/revisions\/2802"}],"wp:featuredmedia":[{"embeddable":true,"href":"https:\/\/www.lacestitadelbebe.es\/blog\/wp-json\/wp\/v2\/media\/2801"}],"wp:attachment":[{"href":"https:\/\/www.lacestitadelbebe.es\/blog\/wp-json\/wp\/v2\/media?parent=2799"}],"wp:term":[{"taxonomy":"category","embeddable":true,"href":"https:\/\/www.lacestitadelbebe.es\/blog\/wp-json\/wp\/v2\/categories?post=2799"},{"taxonomy":"post_tag","embeddable":true,"href":"https:\/\/www.lacestitadelbebe.es\/blog\/wp-json\/wp\/v2\/tags?post=2799"}],"curies":[{"name":"wp","href":"https:\/\/api.w.org\/{rel}","templated":true}]}}