{"id":2341,"date":"2020-05-06T05:55:17","date_gmt":"2020-05-06T05:55:17","guid":{"rendered":"https:\/\/www.lacestitadelbebe.es\/blog\/?p=2341"},"modified":"2022-03-09T12:48:04","modified_gmt":"2022-03-09T12:48:04","slug":"movimientos-por-reflejo-en-los-bebes","status":"publish","type":"post","link":"https:\/\/www.lacestitadelbebe.es\/blog\/movimientos-por-reflejo-en-los-bebes\/","title":{"rendered":"Reflejo de Galant: Movimientos por reflejos en los beb\u00e9s"},"content":{"rendered":"\n<p>A estas alturas parece que la cuarentena poco a poco se va eliminando y el calor ya hace acto de presencia. Hoy hemos decidido hablar sobre los <strong>reflejos en los beb\u00e9s<\/strong>, el conocido reflejo de Galant. <\/p><div id=\"ez-toc-container\" class=\"ez-toc-v2_0_82_2 ez-toc-wrap-center counter-hierarchy ez-toc-counter ez-toc-custom ez-toc-container-direction\">\n<div class=\"ez-toc-title-container\">\n<p class=\"ez-toc-title\" style=\"cursor:inherit\">Contenidos<\/p>\n<span class=\"ez-toc-title-toggle\"><a href=\"#\" class=\"ez-toc-pull-right ez-toc-btn ez-toc-btn-xs ez-toc-btn-default ez-toc-toggle\" aria-label=\"Alternar tabla de contenidos\"><span class=\"ez-toc-js-icon-con\"><span class=\"\"><span class=\"eztoc-hide\" style=\"display:none;\">Toggle<\/span><span class=\"ez-toc-icon-toggle-span\"><svg style=\"fill: #222222;color:#222222\" xmlns=\"http:\/\/www.w3.org\/2000\/svg\" class=\"list-377408\" width=\"20px\" height=\"20px\" viewBox=\"0 0 24 24\" fill=\"none\"><path d=\"M6 6H4v2h2V6zm14 0H8v2h12V6zM4 11h2v2H4v-2zm16 0H8v2h12v-2zM4 16h2v2H4v-2zm16 0H8v2h12v-2z\" fill=\"currentColor\"><\/path><\/svg><svg style=\"fill: #222222;color:#222222\" class=\"arrow-unsorted-368013\" xmlns=\"http:\/\/www.w3.org\/2000\/svg\" width=\"10px\" height=\"10px\" viewBox=\"0 0 24 24\" version=\"1.2\" baseProfile=\"tiny\"><path d=\"M18.2 9.3l-6.2-6.3-6.2 6.3c-.2.2-.3.4-.3.7s.1.5.3.7c.2.2.4.3.7.3h11c.3 0 .5-.1.7-.3.2-.2.3-.5.3-.7s-.1-.5-.3-.7zM5.8 14.7l6.2 6.3 6.2-6.3c.2-.2.3-.5.3-.7s-.1-.5-.3-.7c-.2-.2-.4-.3-.7-.3h-11c-.3 0-.5.1-.7.3-.2.2-.3.5-.3.7s.1.5.3.7z\"\/><\/svg><\/span><\/span><\/span><\/a><\/span><\/div>\n<nav><ul class='ez-toc-list ez-toc-list-level-1 eztoc-toggle-hide-by-default' ><li class='ez-toc-page-1 ez-toc-heading-level-2'><a class=\"ez-toc-link ez-toc-heading-1\" href=\"https:\/\/www.lacestitadelbebe.es\/blog\/movimientos-por-reflejo-en-los-bebes\/#Reacciones_primitivas\" >Reacciones primitivas<\/a><ul class='ez-toc-list-level-3' ><li class='ez-toc-heading-level-3'><a class=\"ez-toc-link ez-toc-heading-2\" href=\"https:\/\/www.lacestitadelbebe.es\/blog\/movimientos-por-reflejo-en-los-bebes\/#Incurvacion_del_tronco_o_reflejo_de_Galant\" >Incurvaci\u00f3n del tronco o reflejo de Galant<\/a><\/li><li class='ez-toc-page-1 ez-toc-heading-level-3'><a class=\"ez-toc-link ez-toc-heading-3\" href=\"https:\/\/www.lacestitadelbebe.es\/blog\/movimientos-por-reflejo-en-los-bebes\/#Reflejo_tonico_del_cuello\" >Reflejo t\u00f3nico del cuello<\/a><\/li><li class='ez-toc-page-1 ez-toc-heading-level-3'><a class=\"ez-toc-link ez-toc-heading-4\" href=\"https:\/\/www.lacestitadelbebe.es\/blog\/movimientos-por-reflejo-en-los-bebes\/#Reflejo_de_busqueda_u_hociqueo\" >Reflejo de b\u00fasqueda u hociqueo<\/a><\/li><li class='ez-toc-page-1 ez-toc-heading-level-3'><a class=\"ez-toc-link ez-toc-heading-5\" href=\"https:\/\/www.lacestitadelbebe.es\/blog\/movimientos-por-reflejo-en-los-bebes\/#Reflejo_de_paracaidas\" >Reflejo de paraca\u00eddas<\/a><\/li><li class='ez-toc-page-1 ez-toc-heading-level-3'><a class=\"ez-toc-link ez-toc-heading-6\" href=\"https:\/\/www.lacestitadelbebe.es\/blog\/movimientos-por-reflejo-en-los-bebes\/#Reflejo_de_prension\" >Reflejo de prensi\u00f3n<\/a><\/li><\/ul><\/li><li class='ez-toc-page-1 ez-toc-heading-level-2'><a class=\"ez-toc-link ez-toc-heading-7\" href=\"https:\/\/www.lacestitadelbebe.es\/blog\/movimientos-por-reflejo-en-los-bebes\/#%C2%BFY_porque_se_les_denomina_primitivos\" >\u00bfY porque se les denomina primitivos?<\/a><\/li><li class='ez-toc-page-1 ez-toc-heading-level-2'><a class=\"ez-toc-link ez-toc-heading-8\" href=\"https:\/\/www.lacestitadelbebe.es\/blog\/movimientos-por-reflejo-en-los-bebes\/#%C2%BFA_que_edad_dejamos_de_mostrarlos\" >\u00bfA qu\u00e9 edad dejamos de mostrarlos?<\/a><\/li><\/ul><\/nav><\/div>\n\n\n\n\n<p>De esta forma, veremos c\u00f3mo algunas veces hemos pensado que ellos interaccionaban con nosotros pero se trataban en realizada de movimientos reflejos que tenemos desde siempre frente a determinadas situaciones.<\/p>\n\n\n\n<div class=\"wp-block-image\"><figure class=\"aligncenter size-large\"><img decoding=\"async\" width=\"1024\" height=\"684\" data-src=\"https:\/\/www.lacestitadelbebe.es\/blog\/wp-content\/uploads\/2020\/05\/bebe-1024x684.jpeg\" alt=\"Reflejo de Galant: Movimientos por reflejos en los beb\u00e9s\" class=\"wp-image-2342 lazyload\" data-srcset=\"https:\/\/www.lacestitadelbebe.es\/blog\/wp-content\/uploads\/2020\/05\/bebe-1024x684.jpeg 1024w, https:\/\/www.lacestitadelbebe.es\/blog\/wp-content\/uploads\/2020\/05\/bebe-300x200.jpeg 300w, https:\/\/www.lacestitadelbebe.es\/blog\/wp-content\/uploads\/2020\/05\/bebe-768x513.jpeg 768w, https:\/\/www.lacestitadelbebe.es\/blog\/wp-content\/uploads\/2020\/05\/bebe-1536x1025.jpeg 1536w, https:\/\/www.lacestitadelbebe.es\/blog\/wp-content\/uploads\/2020\/05\/bebe-scaled.jpeg 485w\" data-sizes=\"(max-width: 1024px) 100vw, 1024px\" src=\"data:image\/svg+xml;base64,PHN2ZyB3aWR0aD0iMSIgaGVpZ2h0PSIxIiB4bWxucz0iaHR0cDovL3d3dy53My5vcmcvMjAwMC9zdmciPjwvc3ZnPg==\" style=\"--smush-placeholder-width: 1024px; --smush-placeholder-aspect-ratio: 1024\/684;\" \/><figcaption>Reflejo de Galant: Movimientos por reflejos en los beb\u00e9s<\/figcaption><\/figure><\/div>\n\n\n\n<h2 class=\"wp-block-heading\"><span class=\"ez-toc-section\" id=\"Reacciones_primitivas\"><\/span><strong>Reacciones primitivas<\/strong><span class=\"ez-toc-section-end\"><\/span><\/h2>\n\n\n\n<p>Los beb\u00e9s reci\u00e9n nacidos son encantadores y tiernos, son nuestros mini yo. Sus sentidos a excepci\u00f3n del o\u00eddo y el olfato est\u00e1n lejos de estar plenamente desarrollados, pero&nbsp;<strong>al nacer conservamos unas respuestas primitivas, los reflejos del beb\u00e9<\/strong>.<\/p>\n\n\n\n<p>Estos reflejos primitivos o tambi\u00e9n llamados arcaicos,&nbsp;<strong>se dan normalmente como respuestas motrices de los reci\u00e9n nacidos para hacer frente a la presencia de determinados est\u00edmulos<\/strong>. Cabe destacar que estos reflejos&nbsp;<strong>primarios van desapareciendo con el paso del tiempo<\/strong>&nbsp;y en los adultos no se dan. Se suelen dar en los beb\u00e9s porque&nbsp;<strong>ayudan a la supervivencia, los m\u00e1s destacables son el de succi\u00f3n para tomar alimento, el de presi\u00f3n palmar, el de moro os sobresalto y el de la marcha<\/strong>.<\/p>\n\n\n\n<p>Tambi\u00e9n existen otros tipos de reflejos en los beb\u00e9s:<\/p>\n\n\n\n<h3 class=\"wp-block-heading\"><span class=\"ez-toc-section\" id=\"Incurvacion_del_tronco_o_reflejo_de_Galant\"><\/span><strong>Incurvaci\u00f3n del tronco o reflejo de Galant<\/strong><span class=\"ez-toc-section-end\"><\/span><\/h3>\n\n\n\n<p>El reflejo de Galant se suele presentar cuando se le aplican golpecitos suaves o caricias a lo largo de un lado de la columna mientras est\u00e1n boca abajo. La reacci\u00f3n es tender a girar las caderas al lado donde le est\u00e1n tocando.<\/p>\n\n\n\n<h3 class=\"wp-block-heading\"><span class=\"ez-toc-section\" id=\"Reflejo_tonico_del_cuello\"><\/span><strong>Reflejo t\u00f3nico del cuello<\/strong><span class=\"ez-toc-section-end\"><\/span><\/h3>\n\n\n\n<p>Se presenta cuando al beb\u00e9 que est\u00e1 relajado y acostado boca arriba se le mueve la cabeza hac\u00eda un lado. El brazo en ese lado se suele extender derecho m\u00e1s lejos del cuerpo y con la mano casi abierta, mientras que la mano del otro brazo se cierra apretando el pu\u00f1o. Al girar la cara y cabeza se invierte la posici\u00f3n, tambi\u00e9n a este movimiento y pose se le llama <a href=\"https:\/\/medlineplus.gov\/spanish\/ency\/article\/003292.htm\" target=\"_blank\" rel=\"noreferrer noopener\">movimiento del esgrimista<\/a>.<\/p>\n\n\n\n<h3 class=\"wp-block-heading\"><span class=\"ez-toc-section\" id=\"Reflejo_de_busqueda_u_hociqueo\"><\/span><strong>Reflejo de b\u00fasqueda u hociqueo<\/strong><span class=\"ez-toc-section-end\"><\/span><\/h3>\n\n\n\n<p>Este reflejo aparece con la caricia en la mejilla del beb\u00e9. La respuesta ser\u00e1 girar o ladear la cabeza hac\u00eda ese lado estimulado y a la vez comenzar\u00e1 a hacer movimientos de succi\u00f3n con la boca.<\/p>\n\n\n\n<h3 class=\"wp-block-heading\"><span class=\"ez-toc-section\" id=\"Reflejo_de_paracaidas\"><\/span><strong>Reflejo de paraca\u00eddas<\/strong><span class=\"ez-toc-section-end\"><\/span><\/h3>\n\n\n\n<p>Se presenta en beb\u00e9s m\u00e1s crecido y se da cuando est\u00e1n sostenidos en una posici\u00f3n erguida y luego se rota su cuerpo r\u00e1pidamente con la cara hac\u00eda adelante, de la misma forma que si cayera. Su reacci\u00f3n ser\u00e1 extender los brazos hac\u00eda delante con la intenci\u00f3n de interrumpir la ca\u00edda.<\/p>\n\n\n\n<h3 class=\"wp-block-heading\"><span class=\"ez-toc-section\" id=\"Reflejo_de_prension\"><\/span><strong>Reflejo de prensi\u00f3n<\/strong><span class=\"ez-toc-section-end\"><\/span><\/h3>\n\n\n\n<p>Este es el t\u00edpico reflejo que se da cuando se pone el dedo en la palma abierta de la mano del beb\u00e9. El reflejo cerrar\u00e1 la mano y apretar\u00e1 para que no se escape.<\/p>\n\n\n\n<p>Aqu\u00ed os dejamos algunos de los ejemplos de reflejos que duran hasta la edad adulta.<\/p>\n\n\n\n<ul class=\"wp-block-list\"><li><strong>Reflejo de la tos<\/strong>, se produce la tos por estimulaci\u00f3n de la v\u00eda respiratoria.<\/li><li><strong>Reflejo nauseas<\/strong>, produce arcadas cuando se estimula la garganta o parte posterior de la boca.<\/li><li><strong>Reflejo del estornudo<\/strong>, se producen estornudos cuando las v\u00edas nasales se irritan o hay alg\u00fan agente externo.<\/li><li><strong>Reflejo del bostezo<\/strong>, se produce para oxigenar el cuerpo.<\/li><li><strong>Reflejo de parpadeo<\/strong>, se produce parpadeo y lagrimeo con el contacto o cu\u00e1ndo se somete la vista a luces fuertes.<\/li><\/ul>\n\n\n\n<p>Volviendo al beb\u00e9, cabe recordar que el reci\u00e9n nacido est\u00e1 en pleno desarrollo y crecimiento, mejorando d\u00eda a d\u00eda, al igual que su sistema nervioso.&nbsp;<strong>Nacemos con un cerebro y sistema nervioso que va madurando durante los primeros a\u00f1os de vida<\/strong>. Podemos ver que los movimientos de los beb\u00e9s reci\u00e9n nacidos son muy diferente a los de los adultos, ya que se&nbsp;<strong>tratan de movimientos m\u00e1s espont\u00e1neos, inducidos y en la mayor\u00eda de las veces por reflejo. Conforme el beb\u00e9 vaya creciendo sus sistema ir\u00e1 evolucionando<\/strong>&nbsp;y mejorando pareci\u00e9ndose m\u00e1s al de los adultos y por tanto sus movimientos.<\/p>\n\n\n\n<p>Una parte importante de estos movimientos se deben a los reflejos primitivos, dando&nbsp;<strong>respuesta a los est\u00edmulos exteriores recibidos<\/strong>, as\u00ed los beb\u00e9s siempre responden de esa misma forma. Estas respuestas vienen generadas de una de las zonas m\u00e1s profundas y complejas del cerebro.<\/p>\n\n\n\n<h2 class=\"wp-block-heading\"><span class=\"ez-toc-section\" id=\"%C2%BFY_porque_se_les_denomina_primitivos\"><\/span><strong>\u00bfY porque se les denomina primitivos?<\/strong><span class=\"ez-toc-section-end\"><\/span><\/h2>\n\n\n\n<p>Este nombre viene de unos estudios de hace a\u00f1os, cuando los vieron, estudiaron y describieron&nbsp;<strong>pensaban que ven\u00edan provocados por las zonas del cerebro que menos evoluci\u00f3n ten\u00edan. Tambi\u00e9n es de destacar que muchos expertos los han reflejado como respuestas adaptativas para facilitar nuestra supervivencia desde nuestros antepasados<\/strong>. As\u00ed, el reflejo de presi\u00f3n o agarre facilita la sujeci\u00f3n con la madre al igual que otras especias de la naturaleza como los monos. El reflejo de succi\u00f3n claramente est\u00e1 orientado a la alimentaci\u00f3n y por tanto supervivencia.<\/p>\n\n\n\n<p>Estas primitivas respuestas se han estudiado y se ha podido comprobar que&nbsp;<strong>suelen aparecer entre la semana 28 y 32 en el desarrollo del feto<\/strong>, de esta forma, muchos ni\u00f1os que nacen antes de tiempo de gestaci\u00f3n, o prematuros ya los presentan al nacer.<\/p>\n\n\n\n<h2 class=\"wp-block-heading\"><span class=\"ez-toc-section\" id=\"%C2%BFA_que_edad_dejamos_de_mostrarlos\"><\/span><strong>\u00bfA qu\u00e9 edad dejamos de mostrarlos?<\/strong><span class=\"ez-toc-section-end\"><\/span><\/h2>\n\n\n\n<p>Como hemos indicado los reflejos suelen ir desapareciendo conforma el beb\u00e9 crece<strong>, su persistencia tras los 10 primeros meses de edad, suele ser una mala se\u00f1al&nbsp;<\/strong>y generalmente se asocian a beb\u00e9s con lesiones cerebrales y una mala evoluci\u00f3n. Se suelen acompa\u00f1ar con otros indicios que indican a los pap\u00e1s, mam\u00e1s y m\u00e9dicos que algo m\u00e1s grave sucede.<\/p>\n\n\n\n<p>Como decimos&nbsp;<strong>siempre para una correcta evoluci\u00f3n y crecimiento del beb\u00e9 necesita est\u00edmulos, pero sobretodo sentirse seguro y protegido. Esta protecci\u00f3n de no sentirse arropado, de satisfacer su hambre siempre se cubre con la madre<\/strong>. Los pap\u00e1s podr\u00e1n y deber\u00e1n ir interactuando con el beb\u00e9 para su correcto desarrollo y aprendizaje, conforme mejoren el resto de sentidos los reflejos dejar\u00e1n paso a ese peque\u00f1a replica de pap\u00e1 y mam\u00e1 que se mover\u00e1 con m\u00e1s consciencia y autonom\u00eda como los adultos.<\/p>\n\n\n\n<p>Como siempre antes de acabar os dejamos con <strong>nuestras novedades en la web de <\/strong><a href=\"https:\/\/lacestitadelbebe.es\/es\/\"><strong>regalos para beb\u00e9s online<\/strong><\/a>. Seguimos trabajando duro para <strong>realizar las entregas en 24h de nuestras <\/strong><a href=\"https:\/\/lacestitadelbebe.es\/es\/6-canastillas-regalos-bebe\"><strong>canastillas bebe<\/strong><\/a><strong> o tu <\/strong><a href=\"https:\/\/lacestitadelbebe.es\/es\/9-tartas-de-panales\"><strong>tarta de pa\u00f1ales<\/strong><\/a><strong> para que puedas personalizarlas a tu modo<\/strong>. Recordad que los <strong>detalles de boda, bautizo y comuni\u00f3n est\u00e1n disponibles y con un 5% de descuento en toda la web<\/strong>. As\u00ed que poned a prueba vuestros reflejos, porque vuelan!<\/p>\n","protected":false},"excerpt":{"rendered":"<p>A estas alturas parece que la cuarentena poco a poco se va eliminando y el calor ya hace acto de presencia. Hoy hemos decidido hablar sobre los reflejos en los beb\u00e9s, el conocido reflejo de Galant. De esta forma, veremos c\u00f3mo algunas veces hemos pensado que ellos interaccionaban con nosotros pero se trataban en realizada &#8230; <a title=\"Reflejo de Galant: Movimientos por reflejos en los beb\u00e9s\" class=\"read-more\" href=\"https:\/\/www.lacestitadelbebe.es\/blog\/movimientos-por-reflejo-en-los-bebes\/\" aria-label=\"Leer m\u00e1s sobre Reflejo de Galant: Movimientos por reflejos en los beb\u00e9s\">Leer m\u00e1s<\/a><\/p>\n","protected":false},"author":1,"featured_media":2343,"comment_status":"open","ping_status":"open","sticky":false,"template":"","format":"standard","meta":{"_exactmetrics_skip_tracking":false,"_exactmetrics_sitenote_active":false,"_exactmetrics_sitenote_note":"","_exactmetrics_sitenote_category":0,"footnotes":""},"categories":[89,78,102,82],"tags":[],"class_list":["post-2341","post","type-post","status-publish","format-standard","has-post-thumbnail","hentry","category-aprendizaje-y-estimulacion","category-bebes","category-cuidados","category-maternidad"],"yoast_head":"<!-- This site is optimized with the Yoast SEO plugin v27.5 - https:\/\/yoast.com\/product\/yoast-seo-wordpress\/ -->\n<title>Reflejo de Galant: Movimientos por reflejos en los beb\u00e9s<\/title>\n<meta name=\"description\" content=\"Hemos decidido hablar sobre los reflejos en los beb\u00e9s y el conocido Reflejo de Galant, tambi\u00e9n llamado reflejo de incurvaci\u00f3n del tronco.\" \/>\n<meta name=\"robots\" content=\"index, follow, max-snippet:-1, max-image-preview:large, max-video-preview:-1\" \/>\n<link rel=\"canonical\" href=\"https:\/\/www.lacestitadelbebe.es\/blog\/movimientos-por-reflejo-en-los-bebes\/\" \/>\n<meta property=\"og:locale\" content=\"es_ES\" \/>\n<meta property=\"og:type\" content=\"article\" \/>\n<meta property=\"og:title\" content=\"Reflejo de Galant: Movimientos por reflejos en los beb\u00e9s\" \/>\n<meta property=\"og:description\" content=\"Hemos decidido hablar sobre los reflejos en los beb\u00e9s y el conocido Reflejo de Galant, tambi\u00e9n llamado reflejo de incurvaci\u00f3n del tronco.\" \/>\n<meta property=\"og:url\" content=\"https:\/\/www.lacestitadelbebe.es\/blog\/movimientos-por-reflejo-en-los-bebes\/\" \/>\n<meta property=\"og:site_name\" content=\"Blog la Cestita del Beb\u00e9\" \/>\n<meta property=\"article:publisher\" content=\"https:\/\/www.facebook.com\/lacestitadelbebe.es\" \/>\n<meta property=\"article:published_time\" content=\"2020-05-06T05:55:17+00:00\" \/>\n<meta property=\"article:modified_time\" content=\"2022-03-09T12:48:04+00:00\" \/>\n<meta property=\"og:image\" content=\"https:\/\/www.lacestitadelbebe.es\/blog\/wp-content\/uploads\/2020\/05\/baby-1426631_640-scaled.jpg\" \/>\n\t<meta property=\"og:image:width\" content=\"485\" \/>\n\t<meta property=\"og:image:height\" content=\"323\" \/>\n\t<meta property=\"og:image:type\" content=\"image\/jpeg\" \/>\n<meta name=\"author\" content=\"La Cestita\" \/>\n<meta name=\"twitter:card\" content=\"summary_large_image\" \/>\n<meta name=\"twitter:creator\" content=\"@LaCestitaBebe\" \/>\n<meta name=\"twitter:site\" content=\"@LaCestitaBebe\" \/>\n<meta name=\"twitter:label1\" content=\"Escrito por\" \/>\n\t<meta name=\"twitter:data1\" content=\"La Cestita\" \/>\n\t<meta name=\"twitter:label2\" content=\"Tiempo de lectura\" \/>\n\t<meta name=\"twitter:data2\" content=\"6 minutos\" \/>\n<script type=\"application\/ld+json\" class=\"yoast-schema-graph\">{\"@context\":\"https:\\\/\\\/schema.org\",\"@graph\":[{\"@type\":\"Article\",\"@id\":\"https:\\\/\\\/www.lacestitadelbebe.es\\\/blog\\\/movimientos-por-reflejo-en-los-bebes\\\/#article\",\"isPartOf\":{\"@id\":\"https:\\\/\\\/www.lacestitadelbebe.es\\\/blog\\\/movimientos-por-reflejo-en-los-bebes\\\/\"},\"author\":{\"name\":\"La Cestita\",\"@id\":\"https:\\\/\\\/www.lacestitadelbebe.es\\\/blog\\\/#\\\/schema\\\/person\\\/4302d1284b0024ab11dca99558de40b4\"},\"headline\":\"Reflejo de Galant: Movimientos por reflejos en los beb\u00e9s\",\"datePublished\":\"2020-05-06T05:55:17+00:00\",\"dateModified\":\"2022-03-09T12:48:04+00:00\",\"mainEntityOfPage\":{\"@id\":\"https:\\\/\\\/www.lacestitadelbebe.es\\\/blog\\\/movimientos-por-reflejo-en-los-bebes\\\/\"},\"wordCount\":1161,\"commentCount\":0,\"publisher\":{\"@id\":\"https:\\\/\\\/www.lacestitadelbebe.es\\\/blog\\\/#organization\"},\"image\":{\"@id\":\"https:\\\/\\\/www.lacestitadelbebe.es\\\/blog\\\/movimientos-por-reflejo-en-los-bebes\\\/#primaryimage\"},\"thumbnailUrl\":\"https:\\\/\\\/www.lacestitadelbebe.es\\\/blog\\\/wp-content\\\/uploads\\\/2020\\\/05\\\/baby-1426631_640-scaled.jpg\",\"articleSection\":[\"aprendizaje y estimulaci\u00f3n\",\"Beb\u00e9s\",\"cuidados\",\"maternidad\"],\"inLanguage\":\"es\",\"potentialAction\":[{\"@type\":\"CommentAction\",\"name\":\"Comment\",\"target\":[\"https:\\\/\\\/www.lacestitadelbebe.es\\\/blog\\\/movimientos-por-reflejo-en-los-bebes\\\/#respond\"]}]},{\"@type\":\"WebPage\",\"@id\":\"https:\\\/\\\/www.lacestitadelbebe.es\\\/blog\\\/movimientos-por-reflejo-en-los-bebes\\\/\",\"url\":\"https:\\\/\\\/www.lacestitadelbebe.es\\\/blog\\\/movimientos-por-reflejo-en-los-bebes\\\/\",\"name\":\"Reflejo de Galant: Movimientos por reflejos en los beb\u00e9s\",\"isPartOf\":{\"@id\":\"https:\\\/\\\/www.lacestitadelbebe.es\\\/blog\\\/#website\"},\"primaryImageOfPage\":{\"@id\":\"https:\\\/\\\/www.lacestitadelbebe.es\\\/blog\\\/movimientos-por-reflejo-en-los-bebes\\\/#primaryimage\"},\"image\":{\"@id\":\"https:\\\/\\\/www.lacestitadelbebe.es\\\/blog\\\/movimientos-por-reflejo-en-los-bebes\\\/#primaryimage\"},\"thumbnailUrl\":\"https:\\\/\\\/www.lacestitadelbebe.es\\\/blog\\\/wp-content\\\/uploads\\\/2020\\\/05\\\/baby-1426631_640-scaled.jpg\",\"datePublished\":\"2020-05-06T05:55:17+00:00\",\"dateModified\":\"2022-03-09T12:48:04+00:00\",\"description\":\"Hemos decidido hablar sobre los reflejos en los beb\u00e9s y el conocido Reflejo de Galant, tambi\u00e9n llamado reflejo de incurvaci\u00f3n del tronco.\",\"breadcrumb\":{\"@id\":\"https:\\\/\\\/www.lacestitadelbebe.es\\\/blog\\\/movimientos-por-reflejo-en-los-bebes\\\/#breadcrumb\"},\"inLanguage\":\"es\",\"potentialAction\":[{\"@type\":\"ReadAction\",\"target\":[\"https:\\\/\\\/www.lacestitadelbebe.es\\\/blog\\\/movimientos-por-reflejo-en-los-bebes\\\/\"]}]},{\"@type\":\"ImageObject\",\"inLanguage\":\"es\",\"@id\":\"https:\\\/\\\/www.lacestitadelbebe.es\\\/blog\\\/movimientos-por-reflejo-en-los-bebes\\\/#primaryimage\",\"url\":\"https:\\\/\\\/www.lacestitadelbebe.es\\\/blog\\\/wp-content\\\/uploads\\\/2020\\\/05\\\/baby-1426631_640-scaled.jpg\",\"contentUrl\":\"https:\\\/\\\/www.lacestitadelbebe.es\\\/blog\\\/wp-content\\\/uploads\\\/2020\\\/05\\\/baby-1426631_640-scaled.jpg\",\"width\":485,\"height\":323,\"caption\":\"Reflejo de Galant: Movimientos por reflejos en los beb\u00e9s\"},{\"@type\":\"BreadcrumbList\",\"@id\":\"https:\\\/\\\/www.lacestitadelbebe.es\\\/blog\\\/movimientos-por-reflejo-en-los-bebes\\\/#breadcrumb\",\"itemListElement\":[{\"@type\":\"ListItem\",\"position\":1,\"name\":\"Portada\",\"item\":\"https:\\\/\\\/www.lacestitadelbebe.es\\\/blog\\\/\"},{\"@type\":\"ListItem\",\"position\":2,\"name\":\"Reflejo de Galant: Movimientos por reflejos en los beb\u00e9s\"}]},{\"@type\":\"WebSite\",\"@id\":\"https:\\\/\\\/www.lacestitadelbebe.es\\\/blog\\\/#website\",\"url\":\"https:\\\/\\\/www.lacestitadelbebe.es\\\/blog\\\/\",\"name\":\"Blog la Cestita del Beb\u00e9\",\"description\":\"Hablamos de todo lo relacionado con beb\u00e9s\",\"publisher\":{\"@id\":\"https:\\\/\\\/www.lacestitadelbebe.es\\\/blog\\\/#organization\"},\"potentialAction\":[{\"@type\":\"SearchAction\",\"target\":{\"@type\":\"EntryPoint\",\"urlTemplate\":\"https:\\\/\\\/www.lacestitadelbebe.es\\\/blog\\\/?s={search_term_string}\"},\"query-input\":{\"@type\":\"PropertyValueSpecification\",\"valueRequired\":true,\"valueName\":\"search_term_string\"}}],\"inLanguage\":\"es\"},{\"@type\":\"Organization\",\"@id\":\"https:\\\/\\\/www.lacestitadelbebe.es\\\/blog\\\/#organization\",\"name\":\"La Cestita del Beb\u00e9\",\"url\":\"https:\\\/\\\/www.lacestitadelbebe.es\\\/blog\\\/\",\"logo\":{\"@type\":\"ImageObject\",\"inLanguage\":\"es\",\"@id\":\"https:\\\/\\\/www.lacestitadelbebe.es\\\/blog\\\/#\\\/schema\\\/logo\\\/image\\\/\",\"url\":\"https:\\\/\\\/www.lacestitadelbebe.es\\\/blog\\\/wp-content\\\/uploads\\\/2017\\\/10\\\/la_cestita_del_bebe_blog.png\",\"contentUrl\":\"https:\\\/\\\/www.lacestitadelbebe.es\\\/blog\\\/wp-content\\\/uploads\\\/2017\\\/10\\\/la_cestita_del_bebe_blog.png\",\"width\":375,\"height\":70,\"caption\":\"La Cestita del Beb\u00e9\"},\"image\":{\"@id\":\"https:\\\/\\\/www.lacestitadelbebe.es\\\/blog\\\/#\\\/schema\\\/logo\\\/image\\\/\"},\"sameAs\":[\"https:\\\/\\\/www.facebook.com\\\/lacestitadelbebe.es\",\"https:\\\/\\\/x.com\\\/LaCestitaBebe\"]},{\"@type\":\"Person\",\"@id\":\"https:\\\/\\\/www.lacestitadelbebe.es\\\/blog\\\/#\\\/schema\\\/person\\\/4302d1284b0024ab11dca99558de40b4\",\"name\":\"La Cestita\",\"image\":{\"@type\":\"ImageObject\",\"inLanguage\":\"es\",\"@id\":\"https:\\\/\\\/secure.gravatar.com\\\/avatar\\\/533b503d3fc1781cdd76eacd2aa8f68348cdb3201605fe5b4616e6032a228068?s=96&d=mm&r=g\",\"url\":\"https:\\\/\\\/secure.gravatar.com\\\/avatar\\\/533b503d3fc1781cdd76eacd2aa8f68348cdb3201605fe5b4616e6032a228068?s=96&d=mm&r=g\",\"contentUrl\":\"https:\\\/\\\/secure.gravatar.com\\\/avatar\\\/533b503d3fc1781cdd76eacd2aa8f68348cdb3201605fe5b4616e6032a228068?s=96&d=mm&r=g\",\"caption\":\"La Cestita\"},\"sameAs\":[\"https:\\\/\\\/www.lacestitadelbebe.es\"]}]}<\/script>\n<!-- \/ Yoast SEO plugin. -->","yoast_head_json":{"title":"Reflejo de Galant: Movimientos por reflejos en los beb\u00e9s","description":"Hemos decidido hablar sobre los reflejos en los beb\u00e9s y el conocido Reflejo de Galant, tambi\u00e9n llamado reflejo de incurvaci\u00f3n del tronco.","robots":{"index":"index","follow":"follow","max-snippet":"max-snippet:-1","max-image-preview":"max-image-preview:large","max-video-preview":"max-video-preview:-1"},"canonical":"https:\/\/www.lacestitadelbebe.es\/blog\/movimientos-por-reflejo-en-los-bebes\/","og_locale":"es_ES","og_type":"article","og_title":"Reflejo de Galant: Movimientos por reflejos en los beb\u00e9s","og_description":"Hemos decidido hablar sobre los reflejos en los beb\u00e9s y el conocido Reflejo de Galant, tambi\u00e9n llamado reflejo de incurvaci\u00f3n del tronco.","og_url":"https:\/\/www.lacestitadelbebe.es\/blog\/movimientos-por-reflejo-en-los-bebes\/","og_site_name":"Blog la Cestita del Beb\u00e9","article_publisher":"https:\/\/www.facebook.com\/lacestitadelbebe.es","article_published_time":"2020-05-06T05:55:17+00:00","article_modified_time":"2022-03-09T12:48:04+00:00","og_image":[{"width":485,"height":323,"url":"https:\/\/www.lacestitadelbebe.es\/blog\/wp-content\/uploads\/2020\/05\/baby-1426631_640-scaled.jpg","type":"image\/jpeg"}],"author":"La Cestita","twitter_card":"summary_large_image","twitter_creator":"@LaCestitaBebe","twitter_site":"@LaCestitaBebe","twitter_misc":{"Escrito por":"La Cestita","Tiempo de lectura":"6 minutos"},"schema":{"@context":"https:\/\/schema.org","@graph":[{"@type":"Article","@id":"https:\/\/www.lacestitadelbebe.es\/blog\/movimientos-por-reflejo-en-los-bebes\/#article","isPartOf":{"@id":"https:\/\/www.lacestitadelbebe.es\/blog\/movimientos-por-reflejo-en-los-bebes\/"},"author":{"name":"La Cestita","@id":"https:\/\/www.lacestitadelbebe.es\/blog\/#\/schema\/person\/4302d1284b0024ab11dca99558de40b4"},"headline":"Reflejo de Galant: Movimientos por reflejos en los beb\u00e9s","datePublished":"2020-05-06T05:55:17+00:00","dateModified":"2022-03-09T12:48:04+00:00","mainEntityOfPage":{"@id":"https:\/\/www.lacestitadelbebe.es\/blog\/movimientos-por-reflejo-en-los-bebes\/"},"wordCount":1161,"commentCount":0,"publisher":{"@id":"https:\/\/www.lacestitadelbebe.es\/blog\/#organization"},"image":{"@id":"https:\/\/www.lacestitadelbebe.es\/blog\/movimientos-por-reflejo-en-los-bebes\/#primaryimage"},"thumbnailUrl":"https:\/\/www.lacestitadelbebe.es\/blog\/wp-content\/uploads\/2020\/05\/baby-1426631_640-scaled.jpg","articleSection":["aprendizaje y estimulaci\u00f3n","Beb\u00e9s","cuidados","maternidad"],"inLanguage":"es","potentialAction":[{"@type":"CommentAction","name":"Comment","target":["https:\/\/www.lacestitadelbebe.es\/blog\/movimientos-por-reflejo-en-los-bebes\/#respond"]}]},{"@type":"WebPage","@id":"https:\/\/www.lacestitadelbebe.es\/blog\/movimientos-por-reflejo-en-los-bebes\/","url":"https:\/\/www.lacestitadelbebe.es\/blog\/movimientos-por-reflejo-en-los-bebes\/","name":"Reflejo de Galant: Movimientos por reflejos en los beb\u00e9s","isPartOf":{"@id":"https:\/\/www.lacestitadelbebe.es\/blog\/#website"},"primaryImageOfPage":{"@id":"https:\/\/www.lacestitadelbebe.es\/blog\/movimientos-por-reflejo-en-los-bebes\/#primaryimage"},"image":{"@id":"https:\/\/www.lacestitadelbebe.es\/blog\/movimientos-por-reflejo-en-los-bebes\/#primaryimage"},"thumbnailUrl":"https:\/\/www.lacestitadelbebe.es\/blog\/wp-content\/uploads\/2020\/05\/baby-1426631_640-scaled.jpg","datePublished":"2020-05-06T05:55:17+00:00","dateModified":"2022-03-09T12:48:04+00:00","description":"Hemos decidido hablar sobre los reflejos en los beb\u00e9s y el conocido Reflejo de Galant, tambi\u00e9n llamado reflejo de incurvaci\u00f3n del tronco.","breadcrumb":{"@id":"https:\/\/www.lacestitadelbebe.es\/blog\/movimientos-por-reflejo-en-los-bebes\/#breadcrumb"},"inLanguage":"es","potentialAction":[{"@type":"ReadAction","target":["https:\/\/www.lacestitadelbebe.es\/blog\/movimientos-por-reflejo-en-los-bebes\/"]}]},{"@type":"ImageObject","inLanguage":"es","@id":"https:\/\/www.lacestitadelbebe.es\/blog\/movimientos-por-reflejo-en-los-bebes\/#primaryimage","url":"https:\/\/www.lacestitadelbebe.es\/blog\/wp-content\/uploads\/2020\/05\/baby-1426631_640-scaled.jpg","contentUrl":"https:\/\/www.lacestitadelbebe.es\/blog\/wp-content\/uploads\/2020\/05\/baby-1426631_640-scaled.jpg","width":485,"height":323,"caption":"Reflejo de Galant: Movimientos por reflejos en los beb\u00e9s"},{"@type":"BreadcrumbList","@id":"https:\/\/www.lacestitadelbebe.es\/blog\/movimientos-por-reflejo-en-los-bebes\/#breadcrumb","itemListElement":[{"@type":"ListItem","position":1,"name":"Portada","item":"https:\/\/www.lacestitadelbebe.es\/blog\/"},{"@type":"ListItem","position":2,"name":"Reflejo de Galant: Movimientos por reflejos en los beb\u00e9s"}]},{"@type":"WebSite","@id":"https:\/\/www.lacestitadelbebe.es\/blog\/#website","url":"https:\/\/www.lacestitadelbebe.es\/blog\/","name":"Blog la Cestita del Beb\u00e9","description":"Hablamos de todo lo relacionado con beb\u00e9s","publisher":{"@id":"https:\/\/www.lacestitadelbebe.es\/blog\/#organization"},"potentialAction":[{"@type":"SearchAction","target":{"@type":"EntryPoint","urlTemplate":"https:\/\/www.lacestitadelbebe.es\/blog\/?s={search_term_string}"},"query-input":{"@type":"PropertyValueSpecification","valueRequired":true,"valueName":"search_term_string"}}],"inLanguage":"es"},{"@type":"Organization","@id":"https:\/\/www.lacestitadelbebe.es\/blog\/#organization","name":"La Cestita del Beb\u00e9","url":"https:\/\/www.lacestitadelbebe.es\/blog\/","logo":{"@type":"ImageObject","inLanguage":"es","@id":"https:\/\/www.lacestitadelbebe.es\/blog\/#\/schema\/logo\/image\/","url":"https:\/\/www.lacestitadelbebe.es\/blog\/wp-content\/uploads\/2017\/10\/la_cestita_del_bebe_blog.png","contentUrl":"https:\/\/www.lacestitadelbebe.es\/blog\/wp-content\/uploads\/2017\/10\/la_cestita_del_bebe_blog.png","width":375,"height":70,"caption":"La Cestita del Beb\u00e9"},"image":{"@id":"https:\/\/www.lacestitadelbebe.es\/blog\/#\/schema\/logo\/image\/"},"sameAs":["https:\/\/www.facebook.com\/lacestitadelbebe.es","https:\/\/x.com\/LaCestitaBebe"]},{"@type":"Person","@id":"https:\/\/www.lacestitadelbebe.es\/blog\/#\/schema\/person\/4302d1284b0024ab11dca99558de40b4","name":"La Cestita","image":{"@type":"ImageObject","inLanguage":"es","@id":"https:\/\/secure.gravatar.com\/avatar\/533b503d3fc1781cdd76eacd2aa8f68348cdb3201605fe5b4616e6032a228068?s=96&d=mm&r=g","url":"https:\/\/secure.gravatar.com\/avatar\/533b503d3fc1781cdd76eacd2aa8f68348cdb3201605fe5b4616e6032a228068?s=96&d=mm&r=g","contentUrl":"https:\/\/secure.gravatar.com\/avatar\/533b503d3fc1781cdd76eacd2aa8f68348cdb3201605fe5b4616e6032a228068?s=96&d=mm&r=g","caption":"La Cestita"},"sameAs":["https:\/\/www.lacestitadelbebe.es"]}]}},"_links":{"self":[{"href":"https:\/\/www.lacestitadelbebe.es\/blog\/wp-json\/wp\/v2\/posts\/2341","targetHints":{"allow":["GET"]}}],"collection":[{"href":"https:\/\/www.lacestitadelbebe.es\/blog\/wp-json\/wp\/v2\/posts"}],"about":[{"href":"https:\/\/www.lacestitadelbebe.es\/blog\/wp-json\/wp\/v2\/types\/post"}],"author":[{"embeddable":true,"href":"https:\/\/www.lacestitadelbebe.es\/blog\/wp-json\/wp\/v2\/users\/1"}],"replies":[{"embeddable":true,"href":"https:\/\/www.lacestitadelbebe.es\/blog\/wp-json\/wp\/v2\/comments?post=2341"}],"version-history":[{"count":3,"href":"https:\/\/www.lacestitadelbebe.es\/blog\/wp-json\/wp\/v2\/posts\/2341\/revisions"}],"predecessor-version":[{"id":3631,"href":"https:\/\/www.lacestitadelbebe.es\/blog\/wp-json\/wp\/v2\/posts\/2341\/revisions\/3631"}],"wp:featuredmedia":[{"embeddable":true,"href":"https:\/\/www.lacestitadelbebe.es\/blog\/wp-json\/wp\/v2\/media\/2343"}],"wp:attachment":[{"href":"https:\/\/www.lacestitadelbebe.es\/blog\/wp-json\/wp\/v2\/media?parent=2341"}],"wp:term":[{"taxonomy":"category","embeddable":true,"href":"https:\/\/www.lacestitadelbebe.es\/blog\/wp-json\/wp\/v2\/categories?post=2341"},{"taxonomy":"post_tag","embeddable":true,"href":"https:\/\/www.lacestitadelbebe.es\/blog\/wp-json\/wp\/v2\/tags?post=2341"}],"curies":[{"name":"wp","href":"https:\/\/api.w.org\/{rel}","templated":true}]}}