{"id":2160,"date":"2020-02-15T08:13:20","date_gmt":"2020-02-15T08:13:20","guid":{"rendered":"https:\/\/www.lacestitadelbebe.es\/blog\/?p=2160"},"modified":"2020-05-20T07:48:21","modified_gmt":"2020-05-20T07:48:21","slug":"el-sentido-del-tacto-en-los-bebes","status":"publish","type":"post","link":"https:\/\/www.lacestitadelbebe.es\/blog\/el-sentido-del-tacto-en-los-bebes\/","title":{"rendered":"El tacto en los beb\u00e9s"},"content":{"rendered":"\n<p>Siguiendo el hilo de los sentidos, vamos a acabar con el \u00fatimo que nos queda, pero no por ello menos importante, cada uno es igual de importante que el otro para ayudarnos en nuestra vida y aprendizaje para relacionarnos en el entorno. Como es habitual desde el blog de <a href=\"https:\/\/lacestitadelbebe.es\">lacestitadelbebe.es<\/a> siempre intentamos ofreceros informaci\u00f3n importante para el conocimiento y correcta del tacto y estimulaci\u00f3n de los beb\u00e9s.<\/p><div id=\"ez-toc-container\" class=\"ez-toc-v2_0_82_2 ez-toc-wrap-center counter-hierarchy ez-toc-counter ez-toc-custom ez-toc-container-direction\">\n<div class=\"ez-toc-title-container\">\n<p class=\"ez-toc-title\" style=\"cursor:inherit\">Contenidos<\/p>\n<span class=\"ez-toc-title-toggle\"><a href=\"#\" class=\"ez-toc-pull-right ez-toc-btn ez-toc-btn-xs ez-toc-btn-default ez-toc-toggle\" aria-label=\"Alternar tabla de contenidos\"><span class=\"ez-toc-js-icon-con\"><span class=\"\"><span class=\"eztoc-hide\" style=\"display:none;\">Toggle<\/span><span class=\"ez-toc-icon-toggle-span\"><svg style=\"fill: #222222;color:#222222\" xmlns=\"http:\/\/www.w3.org\/2000\/svg\" class=\"list-377408\" width=\"20px\" height=\"20px\" viewBox=\"0 0 24 24\" fill=\"none\"><path d=\"M6 6H4v2h2V6zm14 0H8v2h12V6zM4 11h2v2H4v-2zm16 0H8v2h12v-2zM4 16h2v2H4v-2zm16 0H8v2h12v-2z\" fill=\"currentColor\"><\/path><\/svg><svg style=\"fill: #222222;color:#222222\" class=\"arrow-unsorted-368013\" xmlns=\"http:\/\/www.w3.org\/2000\/svg\" width=\"10px\" height=\"10px\" viewBox=\"0 0 24 24\" version=\"1.2\" baseProfile=\"tiny\"><path d=\"M18.2 9.3l-6.2-6.3-6.2 6.3c-.2.2-.3.4-.3.7s.1.5.3.7c.2.2.4.3.7.3h11c.3 0 .5-.1.7-.3.2-.2.3-.5.3-.7s-.1-.5-.3-.7zM5.8 14.7l6.2 6.3 6.2-6.3c.2-.2.3-.5.3-.7s-.1-.5-.3-.7c-.2-.2-.4-.3-.7-.3h-11c-.3 0-.5.1-.7.3-.2.2-.3.5-.3.7s.1.5.3.7z\"\/><\/svg><\/span><\/span><\/span><\/a><\/span><\/div>\n<nav><ul class='ez-toc-list ez-toc-list-level-1 eztoc-toggle-hide-by-default' ><li class='ez-toc-page-1 ez-toc-heading-level-2'><a class=\"ez-toc-link ez-toc-heading-1\" href=\"https:\/\/www.lacestitadelbebe.es\/blog\/el-sentido-del-tacto-en-los-bebes\/#Creando_lazos_afectivos\" >Creando lazos\nafectivos<\/a><\/li><li class='ez-toc-page-1 ez-toc-heading-level-2'><a class=\"ez-toc-link ez-toc-heading-2\" href=\"https:\/\/www.lacestitadelbebe.es\/blog\/el-sentido-del-tacto-en-los-bebes\/#Sintiendo\" >Sintiendo<\/a><\/li><li class='ez-toc-page-1 ez-toc-heading-level-2'><a class=\"ez-toc-link ez-toc-heading-3\" href=\"https:\/\/www.lacestitadelbebe.es\/blog\/el-sentido-del-tacto-en-los-bebes\/#Cuando_algo_no_va_bien\" >Cuando algo no va bien<\/a><\/li><li class='ez-toc-page-1 ez-toc-heading-level-2'><a class=\"ez-toc-link ez-toc-heading-4\" href=\"https:\/\/www.lacestitadelbebe.es\/blog\/el-sentido-del-tacto-en-los-bebes\/#El_tacto_de_sus_manos\" >El tacto de sus manos<\/a><\/li><li class='ez-toc-page-1 ez-toc-heading-level-2'><a class=\"ez-toc-link ez-toc-heading-5\" href=\"https:\/\/www.lacestitadelbebe.es\/blog\/el-sentido-del-tacto-en-los-bebes\/#Mantener_el_contacto\" >Mantener el contacto<\/a><\/li><li class='ez-toc-page-1 ez-toc-heading-level-2'><a class=\"ez-toc-link ez-toc-heading-6\" href=\"https:\/\/www.lacestitadelbebe.es\/blog\/el-sentido-del-tacto-en-los-bebes\/#Tacto_si_pero_con_cuidado\" >Tacto s\u00ed, pero con\ncuidado<\/a><\/li><\/ul><\/nav><\/div>\n\n\n\n\n<div class=\"wp-block-image\"><figure class=\"aligncenter size-large\"><img decoding=\"async\" width=\"485\" height=\"324\" data-src=\"https:\/\/www.lacestitadelbebe.es\/blog\/wp-content\/uploads\/2020\/02\/babe-smile-newborn-small-child-scaled.jpg\" alt=\"nformaci\u00f3n importante para el conocimiento y del tacto y estimulaci\u00f3n de los beb\u00e9s.\" class=\"wp-image-2161 lazyload\" data-srcset=\"https:\/\/www.lacestitadelbebe.es\/blog\/wp-content\/uploads\/2020\/02\/babe-smile-newborn-small-child-scaled.jpg 485w, https:\/\/www.lacestitadelbebe.es\/blog\/wp-content\/uploads\/2020\/02\/babe-smile-newborn-small-child-300x200.jpg 300w, https:\/\/www.lacestitadelbebe.es\/blog\/wp-content\/uploads\/2020\/02\/babe-smile-newborn-small-child-768x512.jpg 768w\" data-sizes=\"(max-width: 485px) 100vw, 485px\" src=\"data:image\/svg+xml;base64,PHN2ZyB3aWR0aD0iMSIgaGVpZ2h0PSIxIiB4bWxucz0iaHR0cDovL3d3dy53My5vcmcvMjAwMC9zdmciPjwvc3ZnPg==\" style=\"--smush-placeholder-width: 485px; --smush-placeholder-aspect-ratio: 485\/324;\" \/><\/figure><\/div>\n\n\n\n<p>Sin m\u00e1s pre\u00e1mbulos\nvamos a ver este importante sentido, el tacto. <strong>Tras el parto es importante que el beb\u00e9 este en contacto con la mam\u00e1<\/strong>,\npiel con piel y as\u00ed se sienta arropa y seguro y con ganas de alimentarse. Este\ncontacto <strong>empieza a crear el afecto con\nla mam\u00e1, la siente, le da calor y mucha seguridad<\/strong>. Se le nota en la\nrespiraci\u00f3n y notan los latidos del coraz\u00f3n de la mam\u00e1. Es una de <strong>sus primeras experiencias fuera del vientre\nde la madre que le ayuda a estar tranquilo, ya que son sensaciones parecidas a\nlas que sent\u00eda cuando estaba dentro<\/strong>.<\/p>\n\n\n\n<p>Ser\u00e1 una experiencia\nbeneficiosa para ambos, beb\u00e9 y mam\u00e1s, ya que<strong>&nbsp;la progenitora tambi\u00e9n sufrir\u00e1\nel efecto tranquilizador de este afectivo contacto, acariciarlo y estar\ncontacto con tu beb\u00e9&nbsp;<\/strong>y compartir esos buenos momentos.<\/p>\n\n\n\n<p><strong>Tras el nacimiento, los beb\u00e9s ya tienen completamente desarrollado el\nsentido del tacto.&nbsp;<\/strong>Otro sentido que es muy importante para conocer el\nmundo y poder interactuar con \u00e9l, pero todav\u00eda no han tenido tiempo de llevar a\ncabo muchas experiencias. De hecho, antes de poder ver bien, los beb\u00e9s\ninteract\u00faan de forma fundamental con el tacto. Ya que en el momento de nacer\nellos pierden el contacto con su medio l\u00edquido en el que hallaba sumergido y es\nla primera vez que sufre esa sensaci\u00f3n de estar desnudo al estar en contacto\ncon el aire de fuera.<\/p>\n\n\n\n<p>De esta forma es\nprimordial que&nbsp;<strong>tras el nacimiento se lave y se seque correctamente su\npiel h\u00fameda, por normal general se realiza envolvi\u00e9ndolo con un suave arrullo\nque est\u00e1 preparado y calentado para que se encuentre a una temperatura templada\ncon un tejido de algod\u00f3<\/strong>n. De este modo deberemos ponerlo inmediatamente en\nlos brazos de mam\u00e1, favoreciendo el&nbsp;<strong>contacto con la piel de la madre,\nunido a su olor y voz que reconoce de inmediato<\/strong>. Este contacto es muy\nbeneficioso para el beb\u00e9 y le ayuda a estar m\u00e1s tranquilo, comer y dormir su\nprimer sue\u00f1o fuera del vientre.<\/p>\n\n\n\n<p>Tenemos que recordar\nque este proceso del contacto favorecer\u00e1 que el beb\u00e9 est\u00e9 m\u00e1s alerta, es decir\nm\u00e1s despierto. De esta forma&nbsp;<strong>los beb\u00e9s que est\u00e1n m\u00e1s en este estado\naprenden m\u00e1s r\u00e1pido<\/strong>, ampli\u00e1ndose mientras esta cerca de sus pap\u00e1s y mam\u00e1s y\nviendo la admiraci\u00f3n profesada por todas esas personas que lo quieren.<\/p>\n\n\n\n<h2 class=\"wp-block-heading\"><span class=\"ez-toc-section\" id=\"Creando_lazos_afectivos\"><\/span><strong>Creando lazos\nafectivos<\/strong><span class=\"ez-toc-section-end\"><\/span><\/h2>\n\n\n\n<p><strong>Los efectos del tacto&nbsp;<\/strong>son m\u00e1s profundos de lo que s\u00f3lo\nsignifica tocar la piel del beb\u00e9, le beneficia mucho mentalmente.&nbsp;<strong>Fomentando\nde esta forma sus seguridad y bienestar emocional<\/strong>.<\/p>\n\n\n\n<p>Como hemos comentado\nestar en brazos de su mam\u00e1 al beb\u00e9<strong>&nbsp;le confiere mucha seguridad, se\nsiente bien, reviviendo esa grata experiencia que sent\u00eda cuando estaba en el\n\u00fatero<\/strong>. De esta forma para obtener protecci\u00f3n, calor y alimento y de esta\nforma subsistir, depende de su mam\u00e1 y pap\u00e1. As\u00ed siempre&nbsp;<strong>buscar\u00e1 atraer\nla atenci\u00f3n mediante el llanto, que es su \u00fanica manera de quejarse o demandar\ncomida<\/strong>. Por esta regla cuando est\u00e1 en brazos se relaja, acepta caricias,\nalivia tensi\u00f3n come y no llora, est\u00e1 aprendiendo de estas nuevas experiencias y\nemociones.<\/p>\n\n\n\n<p><strong>Mediante el tacto recibimos gran cantidad de informaci\u00f3n y es de vital\nimportancia para el beb\u00e9<\/strong>, ya que como su vista no es muy buena se ayuda para\nlocalizar objetos y personas. La&nbsp;<strong>sensibilidad al dolor<\/strong>&nbsp;le\npermite saber lo que hace da\u00f1o y as\u00ed aprende a evitarlo. Lo mismo&nbsp;<strong>con\nel calor<\/strong>, mediante la sensibilidad sabe si hace fr\u00edo o calor o si un objeto\nest\u00e1 fresco o demasiado caliente y por lo tanto aprende de esta experiencia.\nPoco a poco con estas sensaciones y el aprendizaje de los movimientos ir\u00e1\naprendiendo a abrir y cerrar manos, patalear o ir gir\u00e1ndose.<\/p>\n\n\n\n<h2 class=\"wp-block-heading\"><span class=\"ez-toc-section\" id=\"Sintiendo\"><\/span><strong>Sintiendo<\/strong><span class=\"ez-toc-section-end\"><\/span><\/h2>\n\n\n\n<p><strong>El lenguaje corporal es muy importante en nuestra relaci\u00f3n con el mundo, de\nesta forma el beb\u00e9 nos mostrar\u00e1 si tiene fr\u00edo o calor<\/strong>. Por ejemplo un beb\u00e9\nque est\u00e9 convenientemente abrigado dormir\u00e1 m\u00e1s, alargando sus brazos y piernas\npara sep\u00e1ralos del cuerpo y as\u00ed disipar parte del calor corporal. Por el\ncontrario si siente fr\u00edo, es normal que tienda a despertarse m\u00e1s f\u00e1cilmente y\nmoverse m\u00e1s para generar calor.<strong>&nbsp;Siempre hay que evitar un exceso de\nabrigo ya que puede favorecer la muerte s\u00fabita del lactante o generar excesiva\nsensaci\u00f3n de sed<\/strong>, que puede llevarle a una h\u00edper alimentaci\u00f3n. La\nconsecuencia ser\u00e1 que &nbsp;aparezcan erupciones en la piel debido a una\nsudoraci\u00f3n mayor.<\/p>\n\n\n\n<p>Recientemente nuevos\nestudios indican que<strong>&nbsp;los beb\u00e9s pueden distinguir entre lo caliente y lo\nfr\u00edo y tener preferencias<\/strong>. Se realiz\u00f3 un experimento que consist\u00eda en\ncolocar un vaso caliente y un vaso fr\u00edo en la mejilla del beb\u00e9. La respuesta\nfue r\u00e1pida e instintiva, con el caliente se gir\u00f3 con la boca abierta buscando\nalimento, mientras que con el fr\u00edo no le agrado y retir\u00f3 la cara de su\ncontacto. De esta forma a los pocos d\u00edas de vida los beb\u00e9s van desarrollando y\nmejorando su sensibilidad t\u00e9rmica en las manos.<\/p>\n\n\n\n<h2 class=\"wp-block-heading\"><span class=\"ez-toc-section\" id=\"Cuando_algo_no_va_bien\"><\/span><strong>Cuando algo no va bien<\/strong><span class=\"ez-toc-section-end\"><\/span><\/h2>\n\n\n\n<p>Muchas veces por\ndistintos motivos el beb\u00e9 experimentar\u00e1 dolor, con el tiempo ir\u00e1 memorizando\ncada sensaci\u00f3n e ir vincul\u00e1ndola con lo que necesita. Pero por ahora s<strong>u\nforma de mostrar su malestar ser\u00e1 mediante el llanto<\/strong>, llorara m\u00e1s fuerte\ncon tu tono m\u00e1s grave que el que utiliza normalmente para pedir comida. En este\nsentido no nos quedar\u00e1 otra que&nbsp;<strong>tomarlo y darle contacto y afecto<\/strong>&nbsp;y\nsi sabemos que son por c\u00f3licos siempre podemos darle un ba\u00f1o calentito o bien\nun suave masaje en c\u00edrculos en su tripita.<\/p>\n\n\n\n<h2 class=\"wp-block-heading\"><span class=\"ez-toc-section\" id=\"El_tacto_de_sus_manos\"><\/span><strong>El tacto de sus manos<\/strong><span class=\"ez-toc-section-end\"><\/span><\/h2>\n\n\n\n<p>El beb\u00e9 ya formado en\nel vientre de su madre no para de moverse y est\u00e1 constantemente&nbsp;<strong>toc\u00e1ndose\ncon las manos el resto de partes de su cuerpo, la cara, cuerpo y piernas.<\/strong>&nbsp;Su\ncuriosidad le lleva tambi\u00e9n a tocar todo lo que hay a su alrededor dentro del\n\u00fatero y por supuesto el cord\u00f3n umbilical. Tras el nacimiento sigue alargando\nlos brazos para tocar las cosas de su alrededor, pero sigue dando palos de\nciego. As\u00ed que cuando agarra algo es por el reflejo, como cuando os coge el\ndedo con su manita.<\/p>\n\n\n\n<p>Conforme crece y tras\nlas diez primeras semanas ya ser\u00e1 capaz de distinguir todo lo que pase por sus\nmanos. Y&nbsp;<strong>es a partir de los tres meses cuando comienzan a desarrollar\nsu capacidad prensil<\/strong>&nbsp;de verdad con sus manitas.&nbsp;<strong>Los beb\u00e9s\ntender\u00e1n a chupar todo, de esta forma van descubriendo nuevas cosas y adem\u00e1s se\ncalman chup\u00e1ndose las manos o los dedos<\/strong>, sobre todo cuando empiezan con la\ndentici\u00f3n y por tanto con excesiva salivaci\u00f3n.<\/p>\n\n\n\n<h2 class=\"wp-block-heading\"><span class=\"ez-toc-section\" id=\"Mantener_el_contacto\"><\/span><strong>Mantener el contacto<\/strong><span class=\"ez-toc-section-end\"><\/span><\/h2>\n\n\n\n<p>En el caso de tu beb\u00e9\nhaya sido prematuro,&nbsp;<strong>el tacto para ellos es un est\u00edmulo genial que les\nayuda para aumentar de peso m\u00e1s r\u00e1pidamente. Fomentando que coman m\u00e1s y mejor y\nadem\u00e1s se reduzca su estr\u00e9s<\/strong>.<\/p>\n\n\n\n<p>Tambi\u00e9n les ir\u00e1 genial\ndarles suaves masajes no tiene por qu\u00e9 ser tras el ba\u00f1o. Les reduce el estr\u00e9s\ncalm\u00e1ndolos, favorecen la salud emocional y adem\u00e1s mejora la relaci\u00f3n entre la\nmam\u00e1 y el beb\u00e9 fomentando el apego.<\/p>\n\n\n\n<h2 class=\"wp-block-heading\"><span class=\"ez-toc-section\" id=\"Tacto_si_pero_con_cuidado\"><\/span><strong>Tacto s\u00ed, pero con\ncuidado<\/strong><span class=\"ez-toc-section-end\"><\/span><\/h2>\n\n\n\n<p>Y es que a medida que\nel beb\u00e9 va creciendo, va aprendiendo a ir canalizando y regulando sus sensaciones\ny a elegir lo que mejor se adapta a sus necesidades.&nbsp;<strong>Las caricias y el\ncontacto suave son muy favorables, ahora el ser\u00e1 qui\u00e9n lo busque moviendo\nbrazos y piernas mediante excitaci\u00f3n o el llanto<\/strong>. As\u00ed el contacto&nbsp;<strong>les\nsumir\u00e1 en un estado de bienestar que mostrar\u00e1n mediante gorgoritos e incluso\nmediante sonrisas<\/strong>.<\/p>\n\n\n\n<p>Mediante el tacto, ya\nconocer\u00e1 formas, texturas, dureza, temperatura eligiendo siempre lo que ellos\nprefieren y haci\u00e9ndolo saber, para futuras ocasiones.<\/p>\n\n\n\n<p>Para acabar si quer\u00e9is\nhacer regalos para beb\u00e9s con tacto, nada mejor que personalizar y <strong>crear tu <\/strong><a href=\"https:\/\/lacestitadelbebe.es\/es\/9-tartas-de-panales\"><strong>tarta de pa\u00f1ales empresa<\/strong><\/a><strong> o tu <\/strong><a href=\"https:\/\/lacestitadelbebe.es\/es\/6-canastillas-regalos-bebe\"><strong>canastilla beb\u00e9 para hospital<\/strong><\/a><strong>. Ya que contamos con una amplia variedad de productos y regalos para\nsorprender donde nos digas en 24h o para <\/strong><a href=\"https:\/\/lacestitadelbebe.es\/es\/253-regalos-baby-shower\"><strong>celebrar una original baby shower<\/strong><\/a><strong> <\/strong>por todo lo alto. Como es habitual <strong>empieza\nla temporada de las BBC, bautizos, bodas y comuniones, por ello, os dejamos los\nmejores y m\u00e1s baratos detalles de boda, bautizo y comuni\u00f3n<\/strong>! Sed felices y\nhasta la pr\u00f3xima!<\/p>\n","protected":false},"excerpt":{"rendered":"<p>Siguiendo el hilo de los sentidos, vamos a acabar con el \u00fatimo que nos queda, pero no por ello menos importante, cada uno es igual de importante que el otro para ayudarnos en nuestra vida y aprendizaje para relacionarnos en el entorno. Como es habitual desde el blog de lacestitadelbebe.es siempre intentamos ofreceros informaci\u00f3n importante &#8230; <a title=\"El tacto en los beb\u00e9s\" class=\"read-more\" href=\"https:\/\/www.lacestitadelbebe.es\/blog\/el-sentido-del-tacto-en-los-bebes\/\" aria-label=\"Leer m\u00e1s sobre El tacto en los beb\u00e9s\">Leer m\u00e1s<\/a><\/p>\n","protected":false},"author":1,"featured_media":2162,"comment_status":"open","ping_status":"open","sticky":false,"template":"","format":"standard","meta":{"_exactmetrics_skip_tracking":false,"_exactmetrics_sitenote_active":false,"_exactmetrics_sitenote_note":"","_exactmetrics_sitenote_category":0,"footnotes":""},"categories":[89,78,102,82],"tags":[],"class_list":["post-2160","post","type-post","status-publish","format-standard","has-post-thumbnail","hentry","category-aprendizaje-y-estimulacion","category-bebes","category-cuidados","category-maternidad"],"yoast_head":"<!-- This site is optimized with the Yoast SEO plugin v27.4 - https:\/\/yoast.com\/product\/yoast-seo-wordpress\/ -->\n<title>Al tacto con tacto un importante sentido en los beb\u00e9s<\/title>\n<meta name=\"description\" content=\"Informaci\u00f3n importante para el conocimiento y del tacto y estimulaci\u00f3n de los beb\u00e9s. Tras el parto es importante que el beb\u00e9 este en contacto con la mam\u00e1.\" \/>\n<meta name=\"robots\" content=\"index, follow, max-snippet:-1, max-image-preview:large, max-video-preview:-1\" \/>\n<link rel=\"canonical\" href=\"https:\/\/www.lacestitadelbebe.es\/blog\/el-sentido-del-tacto-en-los-bebes\/\" \/>\n<meta property=\"og:locale\" content=\"es_ES\" \/>\n<meta property=\"og:type\" content=\"article\" \/>\n<meta property=\"og:title\" content=\"Al tacto con tacto un importante sentido en los beb\u00e9s\" \/>\n<meta property=\"og:description\" content=\"Informaci\u00f3n importante para el conocimiento y del tacto y estimulaci\u00f3n de los beb\u00e9s. Tras el parto es importante que el beb\u00e9 este en contacto con la mam\u00e1.\" \/>\n<meta property=\"og:url\" content=\"https:\/\/www.lacestitadelbebe.es\/blog\/el-sentido-del-tacto-en-los-bebes\/\" \/>\n<meta property=\"og:site_name\" content=\"Blog la Cestita del Beb\u00e9\" \/>\n<meta property=\"article:publisher\" content=\"https:\/\/www.facebook.com\/lacestitadelbebe.es\" \/>\n<meta property=\"article:published_time\" content=\"2020-02-15T08:13:20+00:00\" \/>\n<meta property=\"article:modified_time\" content=\"2020-05-20T07:48:21+00:00\" \/>\n<meta property=\"og:image\" content=\"https:\/\/www.lacestitadelbebe.es\/blog\/wp-content\/uploads\/2020\/02\/baby-hands-holding-hands-caring-hands-scaled.jpg\" \/>\n\t<meta property=\"og:image:width\" content=\"485\" \/>\n\t<meta property=\"og:image:height\" content=\"324\" \/>\n\t<meta property=\"og:image:type\" content=\"image\/jpeg\" \/>\n<meta name=\"author\" content=\"La Cestita\" \/>\n<meta name=\"twitter:card\" content=\"summary_large_image\" \/>\n<meta name=\"twitter:creator\" content=\"@LaCestitaBebe\" \/>\n<meta name=\"twitter:site\" content=\"@LaCestitaBebe\" \/>\n<meta name=\"twitter:label1\" content=\"Escrito por\" \/>\n\t<meta name=\"twitter:data1\" content=\"La Cestita\" \/>\n\t<meta name=\"twitter:label2\" content=\"Tiempo de lectura\" \/>\n\t<meta name=\"twitter:data2\" content=\"8 minutos\" \/>\n<script type=\"application\/ld+json\" class=\"yoast-schema-graph\">{\"@context\":\"https:\\\/\\\/schema.org\",\"@graph\":[{\"@type\":\"Article\",\"@id\":\"https:\\\/\\\/www.lacestitadelbebe.es\\\/blog\\\/el-sentido-del-tacto-en-los-bebes\\\/#article\",\"isPartOf\":{\"@id\":\"https:\\\/\\\/www.lacestitadelbebe.es\\\/blog\\\/el-sentido-del-tacto-en-los-bebes\\\/\"},\"author\":{\"name\":\"La Cestita\",\"@id\":\"https:\\\/\\\/www.lacestitadelbebe.es\\\/blog\\\/#\\\/schema\\\/person\\\/4302d1284b0024ab11dca99558de40b4\"},\"headline\":\"El tacto en los beb\u00e9s\",\"datePublished\":\"2020-02-15T08:13:20+00:00\",\"dateModified\":\"2020-05-20T07:48:21+00:00\",\"mainEntityOfPage\":{\"@id\":\"https:\\\/\\\/www.lacestitadelbebe.es\\\/blog\\\/el-sentido-del-tacto-en-los-bebes\\\/\"},\"wordCount\":1560,\"commentCount\":0,\"publisher\":{\"@id\":\"https:\\\/\\\/www.lacestitadelbebe.es\\\/blog\\\/#organization\"},\"image\":{\"@id\":\"https:\\\/\\\/www.lacestitadelbebe.es\\\/blog\\\/el-sentido-del-tacto-en-los-bebes\\\/#primaryimage\"},\"thumbnailUrl\":\"https:\\\/\\\/www.lacestitadelbebe.es\\\/blog\\\/wp-content\\\/uploads\\\/2020\\\/02\\\/baby-hands-holding-hands-caring-hands-scaled.jpg\",\"articleSection\":[\"aprendizaje y estimulaci\u00f3n\",\"Beb\u00e9s\",\"cuidados\",\"maternidad\"],\"inLanguage\":\"es\",\"potentialAction\":[{\"@type\":\"CommentAction\",\"name\":\"Comment\",\"target\":[\"https:\\\/\\\/www.lacestitadelbebe.es\\\/blog\\\/el-sentido-del-tacto-en-los-bebes\\\/#respond\"]}]},{\"@type\":\"WebPage\",\"@id\":\"https:\\\/\\\/www.lacestitadelbebe.es\\\/blog\\\/el-sentido-del-tacto-en-los-bebes\\\/\",\"url\":\"https:\\\/\\\/www.lacestitadelbebe.es\\\/blog\\\/el-sentido-del-tacto-en-los-bebes\\\/\",\"name\":\"Al tacto con tacto un importante sentido en los beb\u00e9s\",\"isPartOf\":{\"@id\":\"https:\\\/\\\/www.lacestitadelbebe.es\\\/blog\\\/#website\"},\"primaryImageOfPage\":{\"@id\":\"https:\\\/\\\/www.lacestitadelbebe.es\\\/blog\\\/el-sentido-del-tacto-en-los-bebes\\\/#primaryimage\"},\"image\":{\"@id\":\"https:\\\/\\\/www.lacestitadelbebe.es\\\/blog\\\/el-sentido-del-tacto-en-los-bebes\\\/#primaryimage\"},\"thumbnailUrl\":\"https:\\\/\\\/www.lacestitadelbebe.es\\\/blog\\\/wp-content\\\/uploads\\\/2020\\\/02\\\/baby-hands-holding-hands-caring-hands-scaled.jpg\",\"datePublished\":\"2020-02-15T08:13:20+00:00\",\"dateModified\":\"2020-05-20T07:48:21+00:00\",\"description\":\"Informaci\u00f3n importante para el conocimiento y del tacto y estimulaci\u00f3n de los beb\u00e9s. Tras el parto es importante que el beb\u00e9 este en contacto con la mam\u00e1.\",\"breadcrumb\":{\"@id\":\"https:\\\/\\\/www.lacestitadelbebe.es\\\/blog\\\/el-sentido-del-tacto-en-los-bebes\\\/#breadcrumb\"},\"inLanguage\":\"es\",\"potentialAction\":[{\"@type\":\"ReadAction\",\"target\":[\"https:\\\/\\\/www.lacestitadelbebe.es\\\/blog\\\/el-sentido-del-tacto-en-los-bebes\\\/\"]}]},{\"@type\":\"ImageObject\",\"inLanguage\":\"es\",\"@id\":\"https:\\\/\\\/www.lacestitadelbebe.es\\\/blog\\\/el-sentido-del-tacto-en-los-bebes\\\/#primaryimage\",\"url\":\"https:\\\/\\\/www.lacestitadelbebe.es\\\/blog\\\/wp-content\\\/uploads\\\/2020\\\/02\\\/baby-hands-holding-hands-caring-hands-scaled.jpg\",\"contentUrl\":\"https:\\\/\\\/www.lacestitadelbebe.es\\\/blog\\\/wp-content\\\/uploads\\\/2020\\\/02\\\/baby-hands-holding-hands-caring-hands-scaled.jpg\",\"width\":485,\"height\":324,\"caption\":\"nformaci\u00f3n importante para el conocimiento y del tacto y estimulaci\u00f3n de los beb\u00e9s.\"},{\"@type\":\"BreadcrumbList\",\"@id\":\"https:\\\/\\\/www.lacestitadelbebe.es\\\/blog\\\/el-sentido-del-tacto-en-los-bebes\\\/#breadcrumb\",\"itemListElement\":[{\"@type\":\"ListItem\",\"position\":1,\"name\":\"Portada\",\"item\":\"https:\\\/\\\/www.lacestitadelbebe.es\\\/blog\\\/\"},{\"@type\":\"ListItem\",\"position\":2,\"name\":\"El tacto en los beb\u00e9s\"}]},{\"@type\":\"WebSite\",\"@id\":\"https:\\\/\\\/www.lacestitadelbebe.es\\\/blog\\\/#website\",\"url\":\"https:\\\/\\\/www.lacestitadelbebe.es\\\/blog\\\/\",\"name\":\"Blog la Cestita del Beb\u00e9\",\"description\":\"Hablamos de todo lo relacionado con beb\u00e9s\",\"publisher\":{\"@id\":\"https:\\\/\\\/www.lacestitadelbebe.es\\\/blog\\\/#organization\"},\"potentialAction\":[{\"@type\":\"SearchAction\",\"target\":{\"@type\":\"EntryPoint\",\"urlTemplate\":\"https:\\\/\\\/www.lacestitadelbebe.es\\\/blog\\\/?s={search_term_string}\"},\"query-input\":{\"@type\":\"PropertyValueSpecification\",\"valueRequired\":true,\"valueName\":\"search_term_string\"}}],\"inLanguage\":\"es\"},{\"@type\":\"Organization\",\"@id\":\"https:\\\/\\\/www.lacestitadelbebe.es\\\/blog\\\/#organization\",\"name\":\"La Cestita del Beb\u00e9\",\"url\":\"https:\\\/\\\/www.lacestitadelbebe.es\\\/blog\\\/\",\"logo\":{\"@type\":\"ImageObject\",\"inLanguage\":\"es\",\"@id\":\"https:\\\/\\\/www.lacestitadelbebe.es\\\/blog\\\/#\\\/schema\\\/logo\\\/image\\\/\",\"url\":\"https:\\\/\\\/www.lacestitadelbebe.es\\\/blog\\\/wp-content\\\/uploads\\\/2017\\\/10\\\/la_cestita_del_bebe_blog.png\",\"contentUrl\":\"https:\\\/\\\/www.lacestitadelbebe.es\\\/blog\\\/wp-content\\\/uploads\\\/2017\\\/10\\\/la_cestita_del_bebe_blog.png\",\"width\":375,\"height\":70,\"caption\":\"La Cestita del Beb\u00e9\"},\"image\":{\"@id\":\"https:\\\/\\\/www.lacestitadelbebe.es\\\/blog\\\/#\\\/schema\\\/logo\\\/image\\\/\"},\"sameAs\":[\"https:\\\/\\\/www.facebook.com\\\/lacestitadelbebe.es\",\"https:\\\/\\\/x.com\\\/LaCestitaBebe\"]},{\"@type\":\"Person\",\"@id\":\"https:\\\/\\\/www.lacestitadelbebe.es\\\/blog\\\/#\\\/schema\\\/person\\\/4302d1284b0024ab11dca99558de40b4\",\"name\":\"La Cestita\",\"image\":{\"@type\":\"ImageObject\",\"inLanguage\":\"es\",\"@id\":\"https:\\\/\\\/secure.gravatar.com\\\/avatar\\\/533b503d3fc1781cdd76eacd2aa8f68348cdb3201605fe5b4616e6032a228068?s=96&d=mm&r=g\",\"url\":\"https:\\\/\\\/secure.gravatar.com\\\/avatar\\\/533b503d3fc1781cdd76eacd2aa8f68348cdb3201605fe5b4616e6032a228068?s=96&d=mm&r=g\",\"contentUrl\":\"https:\\\/\\\/secure.gravatar.com\\\/avatar\\\/533b503d3fc1781cdd76eacd2aa8f68348cdb3201605fe5b4616e6032a228068?s=96&d=mm&r=g\",\"caption\":\"La Cestita\"},\"sameAs\":[\"https:\\\/\\\/www.lacestitadelbebe.es\"]}]}<\/script>\n<!-- \/ Yoast SEO plugin. -->","yoast_head_json":{"title":"Al tacto con tacto un importante sentido en los beb\u00e9s","description":"Informaci\u00f3n importante para el conocimiento y del tacto y estimulaci\u00f3n de los beb\u00e9s. Tras el parto es importante que el beb\u00e9 este en contacto con la mam\u00e1.","robots":{"index":"index","follow":"follow","max-snippet":"max-snippet:-1","max-image-preview":"max-image-preview:large","max-video-preview":"max-video-preview:-1"},"canonical":"https:\/\/www.lacestitadelbebe.es\/blog\/el-sentido-del-tacto-en-los-bebes\/","og_locale":"es_ES","og_type":"article","og_title":"Al tacto con tacto un importante sentido en los beb\u00e9s","og_description":"Informaci\u00f3n importante para el conocimiento y del tacto y estimulaci\u00f3n de los beb\u00e9s. Tras el parto es importante que el beb\u00e9 este en contacto con la mam\u00e1.","og_url":"https:\/\/www.lacestitadelbebe.es\/blog\/el-sentido-del-tacto-en-los-bebes\/","og_site_name":"Blog la Cestita del Beb\u00e9","article_publisher":"https:\/\/www.facebook.com\/lacestitadelbebe.es","article_published_time":"2020-02-15T08:13:20+00:00","article_modified_time":"2020-05-20T07:48:21+00:00","og_image":[{"width":485,"height":324,"url":"https:\/\/www.lacestitadelbebe.es\/blog\/wp-content\/uploads\/2020\/02\/baby-hands-holding-hands-caring-hands-scaled.jpg","type":"image\/jpeg"}],"author":"La Cestita","twitter_card":"summary_large_image","twitter_creator":"@LaCestitaBebe","twitter_site":"@LaCestitaBebe","twitter_misc":{"Escrito por":"La Cestita","Tiempo de lectura":"8 minutos"},"schema":{"@context":"https:\/\/schema.org","@graph":[{"@type":"Article","@id":"https:\/\/www.lacestitadelbebe.es\/blog\/el-sentido-del-tacto-en-los-bebes\/#article","isPartOf":{"@id":"https:\/\/www.lacestitadelbebe.es\/blog\/el-sentido-del-tacto-en-los-bebes\/"},"author":{"name":"La Cestita","@id":"https:\/\/www.lacestitadelbebe.es\/blog\/#\/schema\/person\/4302d1284b0024ab11dca99558de40b4"},"headline":"El tacto en los beb\u00e9s","datePublished":"2020-02-15T08:13:20+00:00","dateModified":"2020-05-20T07:48:21+00:00","mainEntityOfPage":{"@id":"https:\/\/www.lacestitadelbebe.es\/blog\/el-sentido-del-tacto-en-los-bebes\/"},"wordCount":1560,"commentCount":0,"publisher":{"@id":"https:\/\/www.lacestitadelbebe.es\/blog\/#organization"},"image":{"@id":"https:\/\/www.lacestitadelbebe.es\/blog\/el-sentido-del-tacto-en-los-bebes\/#primaryimage"},"thumbnailUrl":"https:\/\/www.lacestitadelbebe.es\/blog\/wp-content\/uploads\/2020\/02\/baby-hands-holding-hands-caring-hands-scaled.jpg","articleSection":["aprendizaje y estimulaci\u00f3n","Beb\u00e9s","cuidados","maternidad"],"inLanguage":"es","potentialAction":[{"@type":"CommentAction","name":"Comment","target":["https:\/\/www.lacestitadelbebe.es\/blog\/el-sentido-del-tacto-en-los-bebes\/#respond"]}]},{"@type":"WebPage","@id":"https:\/\/www.lacestitadelbebe.es\/blog\/el-sentido-del-tacto-en-los-bebes\/","url":"https:\/\/www.lacestitadelbebe.es\/blog\/el-sentido-del-tacto-en-los-bebes\/","name":"Al tacto con tacto un importante sentido en los beb\u00e9s","isPartOf":{"@id":"https:\/\/www.lacestitadelbebe.es\/blog\/#website"},"primaryImageOfPage":{"@id":"https:\/\/www.lacestitadelbebe.es\/blog\/el-sentido-del-tacto-en-los-bebes\/#primaryimage"},"image":{"@id":"https:\/\/www.lacestitadelbebe.es\/blog\/el-sentido-del-tacto-en-los-bebes\/#primaryimage"},"thumbnailUrl":"https:\/\/www.lacestitadelbebe.es\/blog\/wp-content\/uploads\/2020\/02\/baby-hands-holding-hands-caring-hands-scaled.jpg","datePublished":"2020-02-15T08:13:20+00:00","dateModified":"2020-05-20T07:48:21+00:00","description":"Informaci\u00f3n importante para el conocimiento y del tacto y estimulaci\u00f3n de los beb\u00e9s. Tras el parto es importante que el beb\u00e9 este en contacto con la mam\u00e1.","breadcrumb":{"@id":"https:\/\/www.lacestitadelbebe.es\/blog\/el-sentido-del-tacto-en-los-bebes\/#breadcrumb"},"inLanguage":"es","potentialAction":[{"@type":"ReadAction","target":["https:\/\/www.lacestitadelbebe.es\/blog\/el-sentido-del-tacto-en-los-bebes\/"]}]},{"@type":"ImageObject","inLanguage":"es","@id":"https:\/\/www.lacestitadelbebe.es\/blog\/el-sentido-del-tacto-en-los-bebes\/#primaryimage","url":"https:\/\/www.lacestitadelbebe.es\/blog\/wp-content\/uploads\/2020\/02\/baby-hands-holding-hands-caring-hands-scaled.jpg","contentUrl":"https:\/\/www.lacestitadelbebe.es\/blog\/wp-content\/uploads\/2020\/02\/baby-hands-holding-hands-caring-hands-scaled.jpg","width":485,"height":324,"caption":"nformaci\u00f3n importante para el conocimiento y del tacto y estimulaci\u00f3n de los beb\u00e9s."},{"@type":"BreadcrumbList","@id":"https:\/\/www.lacestitadelbebe.es\/blog\/el-sentido-del-tacto-en-los-bebes\/#breadcrumb","itemListElement":[{"@type":"ListItem","position":1,"name":"Portada","item":"https:\/\/www.lacestitadelbebe.es\/blog\/"},{"@type":"ListItem","position":2,"name":"El tacto en los beb\u00e9s"}]},{"@type":"WebSite","@id":"https:\/\/www.lacestitadelbebe.es\/blog\/#website","url":"https:\/\/www.lacestitadelbebe.es\/blog\/","name":"Blog la Cestita del Beb\u00e9","description":"Hablamos de todo lo relacionado con beb\u00e9s","publisher":{"@id":"https:\/\/www.lacestitadelbebe.es\/blog\/#organization"},"potentialAction":[{"@type":"SearchAction","target":{"@type":"EntryPoint","urlTemplate":"https:\/\/www.lacestitadelbebe.es\/blog\/?s={search_term_string}"},"query-input":{"@type":"PropertyValueSpecification","valueRequired":true,"valueName":"search_term_string"}}],"inLanguage":"es"},{"@type":"Organization","@id":"https:\/\/www.lacestitadelbebe.es\/blog\/#organization","name":"La Cestita del Beb\u00e9","url":"https:\/\/www.lacestitadelbebe.es\/blog\/","logo":{"@type":"ImageObject","inLanguage":"es","@id":"https:\/\/www.lacestitadelbebe.es\/blog\/#\/schema\/logo\/image\/","url":"https:\/\/www.lacestitadelbebe.es\/blog\/wp-content\/uploads\/2017\/10\/la_cestita_del_bebe_blog.png","contentUrl":"https:\/\/www.lacestitadelbebe.es\/blog\/wp-content\/uploads\/2017\/10\/la_cestita_del_bebe_blog.png","width":375,"height":70,"caption":"La Cestita del Beb\u00e9"},"image":{"@id":"https:\/\/www.lacestitadelbebe.es\/blog\/#\/schema\/logo\/image\/"},"sameAs":["https:\/\/www.facebook.com\/lacestitadelbebe.es","https:\/\/x.com\/LaCestitaBebe"]},{"@type":"Person","@id":"https:\/\/www.lacestitadelbebe.es\/blog\/#\/schema\/person\/4302d1284b0024ab11dca99558de40b4","name":"La Cestita","image":{"@type":"ImageObject","inLanguage":"es","@id":"https:\/\/secure.gravatar.com\/avatar\/533b503d3fc1781cdd76eacd2aa8f68348cdb3201605fe5b4616e6032a228068?s=96&d=mm&r=g","url":"https:\/\/secure.gravatar.com\/avatar\/533b503d3fc1781cdd76eacd2aa8f68348cdb3201605fe5b4616e6032a228068?s=96&d=mm&r=g","contentUrl":"https:\/\/secure.gravatar.com\/avatar\/533b503d3fc1781cdd76eacd2aa8f68348cdb3201605fe5b4616e6032a228068?s=96&d=mm&r=g","caption":"La Cestita"},"sameAs":["https:\/\/www.lacestitadelbebe.es"]}]}},"_links":{"self":[{"href":"https:\/\/www.lacestitadelbebe.es\/blog\/wp-json\/wp\/v2\/posts\/2160","targetHints":{"allow":["GET"]}}],"collection":[{"href":"https:\/\/www.lacestitadelbebe.es\/blog\/wp-json\/wp\/v2\/posts"}],"about":[{"href":"https:\/\/www.lacestitadelbebe.es\/blog\/wp-json\/wp\/v2\/types\/post"}],"author":[{"embeddable":true,"href":"https:\/\/www.lacestitadelbebe.es\/blog\/wp-json\/wp\/v2\/users\/1"}],"replies":[{"embeddable":true,"href":"https:\/\/www.lacestitadelbebe.es\/blog\/wp-json\/wp\/v2\/comments?post=2160"}],"version-history":[{"count":2,"href":"https:\/\/www.lacestitadelbebe.es\/blog\/wp-json\/wp\/v2\/posts\/2160\/revisions"}],"predecessor-version":[{"id":2418,"href":"https:\/\/www.lacestitadelbebe.es\/blog\/wp-json\/wp\/v2\/posts\/2160\/revisions\/2418"}],"wp:featuredmedia":[{"embeddable":true,"href":"https:\/\/www.lacestitadelbebe.es\/blog\/wp-json\/wp\/v2\/media\/2162"}],"wp:attachment":[{"href":"https:\/\/www.lacestitadelbebe.es\/blog\/wp-json\/wp\/v2\/media?parent=2160"}],"wp:term":[{"taxonomy":"category","embeddable":true,"href":"https:\/\/www.lacestitadelbebe.es\/blog\/wp-json\/wp\/v2\/categories?post=2160"},{"taxonomy":"post_tag","embeddable":true,"href":"https:\/\/www.lacestitadelbebe.es\/blog\/wp-json\/wp\/v2\/tags?post=2160"}],"curies":[{"name":"wp","href":"https:\/\/api.w.org\/{rel}","templated":true}]}}