{"id":2148,"date":"2020-02-08T08:23:08","date_gmt":"2020-02-08T08:23:08","guid":{"rendered":"https:\/\/www.lacestitadelbebe.es\/blog\/?p=2148"},"modified":"2020-05-21T07:58:46","modified_gmt":"2020-05-21T07:58:46","slug":"regalos-y-estimulacion-oido-bebe","status":"publish","type":"post","link":"https:\/\/www.lacestitadelbebe.es\/blog\/regalos-y-estimulacion-oido-bebe\/","title":{"rendered":"Regalos y estimulaci\u00f3n o\u00eddo del beb\u00e9"},"content":{"rendered":"\n<p>Prosiguiendo el tema de los sentidos en el blog de <a href=\"https:\/\/lacestitadelbebe.es\/es\/\">lacestitadelbebe.es<\/a>, vamos a por el o\u00eddo. Se trata de otro importante sentido que nos permite relacionarnos con el medio y estar alertas desde beb\u00e9s, es de vital importancia casi como la vista. Vamos a hablar de la <strong>estimulaci\u00f3n o\u00eddo del beb\u00e9<\/strong> sin m\u00e1s pre\u00e1mbulos.<\/p><div id=\"ez-toc-container\" class=\"ez-toc-v2_0_82_2 ez-toc-wrap-center counter-hierarchy ez-toc-counter ez-toc-custom ez-toc-container-direction\">\n<div class=\"ez-toc-title-container\">\n<p class=\"ez-toc-title\" style=\"cursor:inherit\">Contenidos<\/p>\n<span class=\"ez-toc-title-toggle\"><a href=\"#\" class=\"ez-toc-pull-right ez-toc-btn ez-toc-btn-xs ez-toc-btn-default ez-toc-toggle\" aria-label=\"Alternar tabla de contenidos\"><span class=\"ez-toc-js-icon-con\"><span class=\"\"><span class=\"eztoc-hide\" style=\"display:none;\">Toggle<\/span><span class=\"ez-toc-icon-toggle-span\"><svg style=\"fill: #222222;color:#222222\" xmlns=\"http:\/\/www.w3.org\/2000\/svg\" class=\"list-377408\" width=\"20px\" height=\"20px\" viewBox=\"0 0 24 24\" fill=\"none\"><path d=\"M6 6H4v2h2V6zm14 0H8v2h12V6zM4 11h2v2H4v-2zm16 0H8v2h12v-2zM4 16h2v2H4v-2zm16 0H8v2h12v-2z\" fill=\"currentColor\"><\/path><\/svg><svg style=\"fill: #222222;color:#222222\" class=\"arrow-unsorted-368013\" xmlns=\"http:\/\/www.w3.org\/2000\/svg\" width=\"10px\" height=\"10px\" viewBox=\"0 0 24 24\" version=\"1.2\" baseProfile=\"tiny\"><path d=\"M18.2 9.3l-6.2-6.3-6.2 6.3c-.2.2-.3.4-.3.7s.1.5.3.7c.2.2.4.3.7.3h11c.3 0 .5-.1.7-.3.2-.2.3-.5.3-.7s-.1-.5-.3-.7zM5.8 14.7l6.2 6.3 6.2-6.3c.2-.2.3-.5.3-.7s-.1-.5-.3-.7c-.2-.2-.4-.3-.7-.3h-11c-.3 0-.5.1-.7.3-.2.2-.3.5-.3.7s.1.5.3.7z\"\/><\/svg><\/span><\/span><\/span><\/a><\/span><\/div>\n<nav><ul class='ez-toc-list ez-toc-list-level-1 eztoc-toggle-hide-by-default' ><li class='ez-toc-page-1 ez-toc-heading-level-2'><a class=\"ez-toc-link ez-toc-heading-1\" href=\"https:\/\/www.lacestitadelbebe.es\/blog\/regalos-y-estimulacion-oido-bebe\/#De_que_forma_se_desarrolla_el_oido_y_cuando_lo_hace\" >De qu\u00e9 forma se\ndesarrolla el o\u00eddo y cuando lo hace<\/a><\/li><li class='ez-toc-page-1 ez-toc-heading-level-2'><a class=\"ez-toc-link ez-toc-heading-2\" href=\"https:\/\/www.lacestitadelbebe.es\/blog\/regalos-y-estimulacion-oido-bebe\/#Nuestra_vigilancia_y_seguimiento\" >Nuestra vigilancia y\nseguimiento<\/a><\/li><li class='ez-toc-page-1 ez-toc-heading-level-2'><a class=\"ez-toc-link ez-toc-heading-3\" href=\"https:\/\/www.lacestitadelbebe.es\/blog\/regalos-y-estimulacion-oido-bebe\/#Problemas_en_el_oido\" >Problemas en el o\u00eddo<\/a><\/li><li class='ez-toc-page-1 ez-toc-heading-level-2'><a class=\"ez-toc-link ez-toc-heading-4\" href=\"https:\/\/www.lacestitadelbebe.es\/blog\/regalos-y-estimulacion-oido-bebe\/#Regalos_que_estimulan_al_bebe\" >Regalos que estimulan al beb\u00e9<\/a><\/li><\/ul><\/nav><\/div>\n\n\n\n\n<figure class=\"wp-block-gallery columns-1 is-cropped wp-block-gallery-1 is-layout-flex wp-block-gallery-is-layout-flex\"><ul class=\"blocks-gallery-grid\"><li class=\"blocks-gallery-item\"><figure><img decoding=\"async\" width=\"1024\" height=\"683\" data-src=\"https:\/\/www.lacestitadelbebe.es\/blog\/wp-content\/uploads\/2020\/02\/recien_nacido_oido-1024x683.jpg\" alt=\"\" data-id=\"2152\" data-full-url=\"https:\/\/www.lacestitadelbebe.es\/blog\/wp-content\/uploads\/2020\/02\/recien_nacido_oido-scaled.jpg\" data-link=\"https:\/\/www.lacestitadelbebe.es\/blog\/regalos-y-estimulacion-oido-bebe\/recien_nacido_oido\/\" class=\"wp-image-2152 lazyload\" data-srcset=\"https:\/\/www.lacestitadelbebe.es\/blog\/wp-content\/uploads\/2020\/02\/recien_nacido_oido-1024x683.jpg 1024w, https:\/\/www.lacestitadelbebe.es\/blog\/wp-content\/uploads\/2020\/02\/recien_nacido_oido-300x200.jpg 300w, https:\/\/www.lacestitadelbebe.es\/blog\/wp-content\/uploads\/2020\/02\/recien_nacido_oido-768x512.jpg 768w, https:\/\/www.lacestitadelbebe.es\/blog\/wp-content\/uploads\/2020\/02\/recien_nacido_oido-scaled.jpg 485w\" data-sizes=\"(max-width: 1024px) 100vw, 1024px\" src=\"data:image\/svg+xml;base64,PHN2ZyB3aWR0aD0iMSIgaGVpZ2h0PSIxIiB4bWxucz0iaHR0cDovL3d3dy53My5vcmcvMjAwMC9zdmciPjwvc3ZnPg==\" style=\"--smush-placeholder-width: 1024px; --smush-placeholder-aspect-ratio: 1024\/683;\" \/><\/figure><\/li><\/ul><\/figure>\n\n\n\n<p><strong>Los o\u00eddos como hemos comentado anteriormente\nson de vital importancia para que los seres humanos podamos procesar gran parte\nde la informaci\u00f3n que nos rodea<\/strong>. Es un sentido que cobra especial\nrelevancia, sobretodo porque este debe de estar bien, para que se desarrolle\ncorrectamente en el beb\u00e9, ya que <strong>el\naprendizaje del lenguaje est\u00e1 correlacionando de una forma directa<\/strong>. As\u00ed\nmediante <strong>los sonidos desde que somos\nbeb\u00e9s se estimulan las partes implicadas en el cerebro permitiendo el\naprendizaje del habla<\/strong> desde el nacimiento. De esta forma, si hay cualquier\nproblema de o\u00eddo lo mejor es identificarlo y tratarlo lo antes posible para que\nel beb\u00e9 no se quede regazado en el aprendizaje.<\/p>\n\n\n\n<p>Por todo esto tras el\nnacimiento, al poco tiempo, <strong>los m\u00e9dicos\no el pediatra les realizar\u00e1n unas pruebas de audici\u00f3n a los peque\u00f1os<\/strong>. A\npartir de aqu\u00ed, en las revisiones se le ir\u00e1n mirando diversos par\u00e1metros pero\ntambi\u00e9n la evoluci\u00f3n de sus o\u00eddos.<\/p>\n\n\n\n<h2 class=\"wp-block-heading\"><span class=\"ez-toc-section\" id=\"De_que_forma_se_desarrolla_el_oido_y_cuando_lo_hace\"><\/span><strong>De qu\u00e9 forma se\ndesarrolla el o\u00eddo y cuando lo hace<\/strong><span class=\"ez-toc-section-end\"><\/span><\/h2>\n\n\n\n<p>Nuestro o\u00eddo interno\nse va desarrollando conforma vamos creciendo en forma de embri\u00f3n y ya&nbsp;<strong>est\u00e1\ncompletamente desarrolla a las 20 semanas del embarazo<\/strong>. De esta forma todos\nlos beb\u00e9s ya nacen con el o\u00eddo totalmente desarrollado y en perfecto estado. O\ndicho de otra manera vuestros peque\u00f1os ya est\u00e1n listos para escuchar, explorar\ny aprender de este estimulante mundo que nos rodea. Incluso&nbsp;<strong>pueden\nescuchar m\u00fasica o voces estando en la tripa de mam\u00e1 durante el embarazo<\/strong>.<\/p>\n\n\n\n<p>Respecto al\ndesarrollo, este sentido ir\u00e1 mejorando como todos conforme los beb\u00e9s vayan\ncreciendo. Desde&nbsp;<strong>los primeros d\u00edas ellos prestan mucha atenci\u00f3n a las\nvoces que les rodean, especialmente a las m\u00e1s agudas<\/strong>. As\u00ed poco a poco se\nir\u00e1n familiarizando con las m\u00e1s escuchadas, asust\u00e1ndoles en caso de recibir\nsonidos fuertes o inesperados.<\/p>\n\n\n\n<p>Matizamos que depende\nde la personalidad y forma de ser su respuesta frente a los est\u00edmulos recibidos\npor este canal ser\u00e1 diferente<strong>. Los beb\u00e9s m\u00e1s sensibles se mostrar\u00e1n\nnerviosos frente a cualquier ruido que no le parezca normal y por el contrario\nlos beb\u00e9s m\u00e1s calmos y tranquilos se los tomaran de una forma m\u00e1s relajada sin\nmolestarles tanto<\/strong>.<\/p>\n\n\n\n<p>Conforme vayan\ncreciendo y&nbsp;<strong>alrededor de los dos meses de edad, en su mayor\u00eda los\npeque\u00f1@s ya prestan con especial atenci\u00f3n los sonidos y voces m\u00e1s familiares<\/strong>&nbsp;que\nles rodean, tambi\u00e9n es probable que empiecen a hacer sonidos y muecas con la\nboca. No debemos preocuparnos si mientras llevas una conversaci\u00f3n con el\npeque\u00f1o \u00e9l no te mira o mira hacia otro lugar, es completamente normal que se\ndistraiga con cualquier cosa a esa edad. Debemos consultar al m\u00e9dico en el caso\nde que no haya forma de que responda a los est\u00edmulos de nuestra voz o no se\nsobresalt\u00f3 o llore frente a ruidos fortuitos.<\/p>\n\n\n\n<p><strong>A partir de los 4 meses los beb\u00e9s ya empiezan a ir mejorando su o\u00eddo y ya\nson capaces de m\u00e1s o menos poder determinar y ubicar de donde procede el sonido<\/strong>. As\u00ed poco a poco ir\u00e1\nintentando imitarlos cuando cumpla los 6 meses de edad.<\/p>\n\n\n\n<p>Ser\u00e1 ya&nbsp;<strong>cuando\ncumplan los 8 meses de edad cuando empiecen a mostrar algunos sonidos,\nbalbuceos y tonos de voz<\/strong>, en forma de balbuceos, aunque esto var\u00eda de unos\nbeb\u00e9s a otros, en algunos puede ser m\u00e1s tarde y es complementa mente normal.\nCuando&nbsp;<strong>cumplan 12 meses podr\u00e1 ir diciendo m\u00e1s o menos sus primeras\npalabras como pa-pa y ma-ma<\/strong>, ya reconocer\u00e1 su nombre y ser\u00e1 normal que al\nllamarlo se gire para prestar atenci\u00f3n. En esta etapa su cerebro ya empezar\u00e1 a\notorgar significado a los sonidos y los ir\u00e1 vinculando con cosas f\u00edsicas.<\/p>\n\n\n\n<p>En esta etapa el o\u00eddo\nde nuestros peque\u00f1os ya estar\u00e1 en plenas facultades para recibir toda la\ninformaci\u00f3n y est\u00edmulos y as\u00ed poder interactuar, aprender y comunicarse con el\nmundo que le rodea.<\/p>\n\n\n\n<h2 class=\"wp-block-heading\"><span class=\"ez-toc-section\" id=\"Nuestra_vigilancia_y_seguimiento\"><\/span><strong>Nuestra vigilancia y\nseguimiento<\/strong><span class=\"ez-toc-section-end\"><\/span><\/h2>\n\n\n\n<p>Por nuestra siempre\npodemos estar atentos, es muy dif\u00edcil prevenir las p\u00e9rdidas de audici\u00f3n en\nni\u00f1os y ni\u00f1as tan peque\u00f1as, siempre&nbsp;<strong>se pueden seguir una serie de\nsencillas pautas para que est\u00e9n lo m\u00e1s sanos posibles<\/strong>:<\/p>\n\n\n\n<ul class=\"wp-block-list\"><li>Debemos de revis\u00e1rselos los o\u00eddos una vez a la semana, para&nbsp;<strong>eliminar      restos de suciedad y cera que est\u00e9n a la vista<\/strong>.<\/li><li><strong>No  debemos ponemos nada en los o\u00eddos<\/strong>, incluyendo todo tipo de tapones de algod\u00f3n, que no son necesarios todav\u00eda en edades tan tempranas.<\/li><li>Tambi\u00e9n nuestro deber&nbsp;<strong>mantenerlos lo m\u00e1s sanos posible y con buena alimentaci\u00f3n fortaleciendo sus sistema inmune que le ayudar\u00e1 a que no coja ninguna infecci\u00f3n de o\u00eddos<\/strong>, previni\u00e9ndolas de esta forma.<\/li><li>Debemos impulsar el desarrollo del beb\u00e9 en todo lo que est\u00e9 en nuestra mano, por ejemplo&nbsp;<strong>podemos ir exponi\u00e9ndolos a nuevos sonidos<\/strong>, siempre protegi\u00e9ndolos de los sonidos y ruidos muy altos y prolongados.&nbsp;<strong>Siempre respetando un todo que se nos pueda escuchar hablando de forma natural<\/strong>.<\/li><li><strong>Podemos ir habl\u00e1ndole y leyendo de forma pausada y vocalizando todo lo que podemos para que los sonidos sean los m\u00e1s claros posible<\/strong>. Cuando antes los estimulemos mejor ser\u00e1 aunque no entiendan lo que escuchan. As\u00ed se van habituando al habla, voces, tonos y expresiones.&nbsp;<strong>Mejorando as\u00ed su capacidades, aprendizaje y v\u00ednculos y apego con vosotros<\/strong>.<\/li><li>No teng\u00e1is miedo de&nbsp;<strong>explorar nuevos medios y est\u00edmulos como las      canciones<\/strong>, pod\u00e9is cantarle en la cuna y ponerle m\u00fasica relajante      infantil o cl\u00e1sica que ofrece muchos beneficios en los beb\u00e9s.<\/li><li>Tenemos que tener en cuenta que son beb\u00e9s y su nivel de saturaci\u00f3n es bajo, es  decir, se suelen cansar r\u00e1pido, as\u00ed&nbsp;<strong>que no es necesario que      tampoco estemos bombardeando constantemente con palabras al beb\u00e9 y respectar sus pausas<\/strong>. Si vemos que est\u00e1 mirando fijamente lo que estamos haciendo y muestra inter\u00e9s podemos explicarle lo que estamos haciendo. De esta forma estar\u00e1n m\u00e1s receptivos y centrados para una mejor estimulaci\u00f3n y aprendizaje.<\/li><li>Es muy positivo que nos fijemos y estemos atentos a&nbsp;<strong>los sonidos y      est\u00edmulos que m\u00e1s le llaman la atenci\u00f3n, para poder hacer hincapi\u00e9 en ellos y poder explic\u00e1rselos<\/strong>&nbsp;con m\u00e1s detenimiento y as\u00ed      explic\u00e1rselo para que ayuden a comprender su entorno. Tenemos que tener en cuenta que ellos tambi\u00e9n intentan expresarse y debemos hacer pausas para que ellos lo escuchen y hagan sus gestos.<\/li><li>Cuando los beb\u00e9s&nbsp;<strong>cumplan los cinco meses, mostrar\u00e1n m\u00e1s inter\u00e9s por el  lenguaje y comenzar\u00e1n a mirarnos a la boca y a los ojos<\/strong>, as\u00ed      intentar\u00e1n aprender e imitarnos con esto.<\/li><\/ul>\n\n\n\n<h2 class=\"wp-block-heading\"><span class=\"ez-toc-section\" id=\"Problemas_en_el_oido\"><\/span><strong>Problemas en el o\u00eddo<\/strong><span class=\"ez-toc-section-end\"><\/span><\/h2>\n\n\n\n<p>La mayor\u00eda de los\nbeb\u00e9s y ni\u00f1os suelen tener un o\u00eddo excelente,&nbsp;<strong>es poco probable que\npresenten problemas<\/strong>, pero como todo en esta vida siempre puede pasar\ncualquier cosa que les afecte. La mayor parte de problemas&nbsp;<strong>suelen venir\nde nacimiento, si fue un nacimiento prematuro, sufrieron falta de ox\u00edgeno o\nalguna infecci\u00f3n o incluso por alguna malformaci\u00f3n<\/strong>.<\/p>\n\n\n\n<p>En&nbsp;<strong>las\nfamilias que cuenten con un historial de problemas o p\u00e9rdidas de audici\u00f3n\npueden tener m\u00e1s probabilidades<\/strong>&nbsp;de sufrir de estos problemas, el\nm\u00e9dico os preguntar\u00e1. Pero esto es m\u00e1s dif\u00edcil ya que las p\u00e9rdidas pueden venir\npor estar expuestos a focos fuertes de ruido o m\u00fasica alta durante largos\nlapsos de tiempo.<br>\n<br>\nDebemos tener en cuenta&nbsp;<strong>que si no se inmutan o se despiertan cuando duermen\nfrente a ruidos externos, como el tel\u00e9fono, gritos, ladridos o m\u00fasica, puede\nser perfectamente normal ya que necesitan dormir muchas horas y pueden estar\ndemasiado cansados<\/strong>.<\/p>\n\n\n\n<p>Normalmente los padres\ny personas que estamos constantemente con los peque\u00f1os somos los primeros que\ndetectaremos cualquier problema o est\u00e1 muy distra\u00eddos debemos acudir al m\u00e9dico\npara una revisi\u00f3n y un examen de audici\u00f3n.<\/p>\n\n\n\n<h2 class=\"wp-block-heading\"><span class=\"ez-toc-section\" id=\"Regalos_que_estimulan_al_bebe\"><\/span><strong>Regalos que estimulan al beb\u00e9<\/strong> <span class=\"ez-toc-section-end\"><\/span><\/h2>\n\n\n\n<p>Teniendo en cuenta todo lo anterior y <strong>lo importante que es la estimulaci\u00f3n de los sentidos a edades tempranas<\/strong>. Por eso, nosotros <strong>desde un punto de vista pedag\u00f3gico siempre elaboramos nuestros regalos de beb\u00e9 teniendo en cuenta la correcta estimulaci\u00f3n de los sentidos<\/strong>. As\u00ed, <strong>incluimos sonajeros, peluches, detalles con olores y visuales para que tu <\/strong><a href=\"https:\/\/lacestitadelbebe.es\/es\/6-canastillas-regalos-bebe\"><strong>canastilla bebe farmacia<\/strong><\/a><strong> y <\/strong><a href=\"https:\/\/lacestitadelbebe.es\/es\/9-tartas-de-panales\"><strong>tarta de pa\u00f1ales estimulante<\/strong><\/a><strong> sean perfectas y como vosotros quer\u00e1is pudiendo elegir productos de calidad<\/strong>. De esta forma tanto si son regalos de empresa, como detalles nacimiento o<a href=\"https:\/\/lacestitadelbebe.es\/es\/253-regalos-baby-shower\"><strong>regalos ideales para baby showers<\/strong><\/a><strong> siempre ser\u00e1n perfectos y \u00fanicos<\/strong>. Tampoco pod\u00e9is dejar pasar nuestros <strong>estimulantes detalles de boda, bautizo y comuni\u00f3n<\/strong> que empieza la temporada. As\u00ed que ser felices y nos vemos en la pr\u00f3xima!<br><br><\/p>\n","protected":false},"excerpt":{"rendered":"<p>Prosiguiendo el tema de los sentidos en el blog de lacestitadelbebe.es, vamos a por el o\u00eddo. Se trata de otro importante sentido que nos permite relacionarnos con el medio y estar alertas desde beb\u00e9s, es de vital importancia casi como la vista. Vamos a hablar de la estimulaci\u00f3n o\u00eddo del beb\u00e9 sin m\u00e1s pre\u00e1mbulos. Los &#8230; <a title=\"Regalos y estimulaci\u00f3n o\u00eddo del beb\u00e9\" class=\"read-more\" href=\"https:\/\/www.lacestitadelbebe.es\/blog\/regalos-y-estimulacion-oido-bebe\/\" aria-label=\"Leer m\u00e1s sobre Regalos y estimulaci\u00f3n o\u00eddo del beb\u00e9\">Leer m\u00e1s<\/a><\/p>\n","protected":false},"author":1,"featured_media":2150,"comment_status":"open","ping_status":"open","sticky":false,"template":"","format":"standard","meta":{"_exactmetrics_skip_tracking":false,"_exactmetrics_sitenote_active":false,"_exactmetrics_sitenote_note":"","_exactmetrics_sitenote_category":0,"footnotes":""},"categories":[89,78,102,82],"tags":[],"class_list":["post-2148","post","type-post","status-publish","format-standard","has-post-thumbnail","hentry","category-aprendizaje-y-estimulacion","category-bebes","category-cuidados","category-maternidad"],"yoast_head":"<!-- This site is optimized with the Yoast SEO plugin v27.5 - https:\/\/yoast.com\/product\/yoast-seo-wordpress\/ -->\n<title>Regalos y estimulaci\u00f3n para el oido del bebe - Blog La Cestita del Beb\u00e9<\/title>\n<meta name=\"description\" content=\"Desde el blog de La Cestita del Beb\u00e9 os dejamos una serie de consejos y regalos para estimular el sentido del oido del beb\u00e9 de una manera efectiva!\" \/>\n<meta name=\"robots\" content=\"index, follow, max-snippet:-1, max-image-preview:large, max-video-preview:-1\" \/>\n<link rel=\"canonical\" href=\"https:\/\/www.lacestitadelbebe.es\/blog\/regalos-y-estimulacion-oido-bebe\/\" \/>\n<meta property=\"og:locale\" content=\"es_ES\" \/>\n<meta property=\"og:type\" content=\"article\" \/>\n<meta property=\"og:title\" content=\"Regalos y estimulaci\u00f3n para el oido del bebe - Blog La Cestita del Beb\u00e9\" \/>\n<meta property=\"og:description\" content=\"Desde el blog de La Cestita del Beb\u00e9 os dejamos una serie de consejos y regalos para estimular el sentido del oido del beb\u00e9 de una manera efectiva!\" \/>\n<meta property=\"og:url\" content=\"https:\/\/www.lacestitadelbebe.es\/blog\/regalos-y-estimulacion-oido-bebe\/\" \/>\n<meta property=\"og:site_name\" content=\"Blog la Cestita del Beb\u00e9\" \/>\n<meta property=\"article:publisher\" content=\"https:\/\/www.facebook.com\/lacestitadelbebe.es\" \/>\n<meta property=\"article:published_time\" content=\"2020-02-08T08:23:08+00:00\" \/>\n<meta property=\"article:modified_time\" content=\"2020-05-21T07:58:46+00:00\" \/>\n<meta property=\"og:image\" content=\"https:\/\/www.lacestitadelbebe.es\/blog\/wp-content\/uploads\/2020\/02\/baby-428395_640-1-scaled.jpg\" \/>\n\t<meta property=\"og:image:width\" content=\"485\" \/>\n\t<meta property=\"og:image:height\" content=\"322\" \/>\n\t<meta property=\"og:image:type\" content=\"image\/jpeg\" \/>\n<meta name=\"author\" content=\"La Cestita\" \/>\n<meta name=\"twitter:card\" content=\"summary_large_image\" \/>\n<meta name=\"twitter:creator\" content=\"@LaCestitaBebe\" \/>\n<meta name=\"twitter:site\" content=\"@LaCestitaBebe\" \/>\n<meta name=\"twitter:label1\" content=\"Escrito por\" \/>\n\t<meta name=\"twitter:data1\" content=\"La Cestita\" \/>\n\t<meta name=\"twitter:label2\" content=\"Tiempo de lectura\" \/>\n\t<meta name=\"twitter:data2\" content=\"8 minutos\" \/>\n<script type=\"application\/ld+json\" class=\"yoast-schema-graph\">{\"@context\":\"https:\\\/\\\/schema.org\",\"@graph\":[{\"@type\":\"Article\",\"@id\":\"https:\\\/\\\/www.lacestitadelbebe.es\\\/blog\\\/regalos-y-estimulacion-oido-bebe\\\/#article\",\"isPartOf\":{\"@id\":\"https:\\\/\\\/www.lacestitadelbebe.es\\\/blog\\\/regalos-y-estimulacion-oido-bebe\\\/\"},\"author\":{\"name\":\"La Cestita\",\"@id\":\"https:\\\/\\\/www.lacestitadelbebe.es\\\/blog\\\/#\\\/schema\\\/person\\\/4302d1284b0024ab11dca99558de40b4\"},\"headline\":\"Regalos y estimulaci\u00f3n o\u00eddo del beb\u00e9\",\"datePublished\":\"2020-02-08T08:23:08+00:00\",\"dateModified\":\"2020-05-21T07:58:46+00:00\",\"mainEntityOfPage\":{\"@id\":\"https:\\\/\\\/www.lacestitadelbebe.es\\\/blog\\\/regalos-y-estimulacion-oido-bebe\\\/\"},\"wordCount\":1598,\"commentCount\":0,\"publisher\":{\"@id\":\"https:\\\/\\\/www.lacestitadelbebe.es\\\/blog\\\/#organization\"},\"image\":{\"@id\":\"https:\\\/\\\/www.lacestitadelbebe.es\\\/blog\\\/regalos-y-estimulacion-oido-bebe\\\/#primaryimage\"},\"thumbnailUrl\":\"https:\\\/\\\/www.lacestitadelbebe.es\\\/blog\\\/wp-content\\\/uploads\\\/2020\\\/02\\\/baby-428395_640-1-scaled.jpg\",\"articleSection\":[\"aprendizaje y estimulaci\u00f3n\",\"Beb\u00e9s\",\"cuidados\",\"maternidad\"],\"inLanguage\":\"es\",\"potentialAction\":[{\"@type\":\"CommentAction\",\"name\":\"Comment\",\"target\":[\"https:\\\/\\\/www.lacestitadelbebe.es\\\/blog\\\/regalos-y-estimulacion-oido-bebe\\\/#respond\"]}]},{\"@type\":\"WebPage\",\"@id\":\"https:\\\/\\\/www.lacestitadelbebe.es\\\/blog\\\/regalos-y-estimulacion-oido-bebe\\\/\",\"url\":\"https:\\\/\\\/www.lacestitadelbebe.es\\\/blog\\\/regalos-y-estimulacion-oido-bebe\\\/\",\"name\":\"Regalos y estimulaci\u00f3n para el oido del bebe - Blog La Cestita del Beb\u00e9\",\"isPartOf\":{\"@id\":\"https:\\\/\\\/www.lacestitadelbebe.es\\\/blog\\\/#website\"},\"primaryImageOfPage\":{\"@id\":\"https:\\\/\\\/www.lacestitadelbebe.es\\\/blog\\\/regalos-y-estimulacion-oido-bebe\\\/#primaryimage\"},\"image\":{\"@id\":\"https:\\\/\\\/www.lacestitadelbebe.es\\\/blog\\\/regalos-y-estimulacion-oido-bebe\\\/#primaryimage\"},\"thumbnailUrl\":\"https:\\\/\\\/www.lacestitadelbebe.es\\\/blog\\\/wp-content\\\/uploads\\\/2020\\\/02\\\/baby-428395_640-1-scaled.jpg\",\"datePublished\":\"2020-02-08T08:23:08+00:00\",\"dateModified\":\"2020-05-21T07:58:46+00:00\",\"description\":\"Desde el blog de La Cestita del Beb\u00e9 os dejamos una serie de consejos y regalos para estimular el sentido del oido del beb\u00e9 de una manera efectiva!\",\"breadcrumb\":{\"@id\":\"https:\\\/\\\/www.lacestitadelbebe.es\\\/blog\\\/regalos-y-estimulacion-oido-bebe\\\/#breadcrumb\"},\"inLanguage\":\"es\",\"potentialAction\":[{\"@type\":\"ReadAction\",\"target\":[\"https:\\\/\\\/www.lacestitadelbebe.es\\\/blog\\\/regalos-y-estimulacion-oido-bebe\\\/\"]}]},{\"@type\":\"ImageObject\",\"inLanguage\":\"es\",\"@id\":\"https:\\\/\\\/www.lacestitadelbebe.es\\\/blog\\\/regalos-y-estimulacion-oido-bebe\\\/#primaryimage\",\"url\":\"https:\\\/\\\/www.lacestitadelbebe.es\\\/blog\\\/wp-content\\\/uploads\\\/2020\\\/02\\\/baby-428395_640-1-scaled.jpg\",\"contentUrl\":\"https:\\\/\\\/www.lacestitadelbebe.es\\\/blog\\\/wp-content\\\/uploads\\\/2020\\\/02\\\/baby-428395_640-1-scaled.jpg\",\"width\":485,\"height\":322,\"caption\":\"estimulaci\u00f3n o\u00eddo del beb\u00e9\"},{\"@type\":\"BreadcrumbList\",\"@id\":\"https:\\\/\\\/www.lacestitadelbebe.es\\\/blog\\\/regalos-y-estimulacion-oido-bebe\\\/#breadcrumb\",\"itemListElement\":[{\"@type\":\"ListItem\",\"position\":1,\"name\":\"Portada\",\"item\":\"https:\\\/\\\/www.lacestitadelbebe.es\\\/blog\\\/\"},{\"@type\":\"ListItem\",\"position\":2,\"name\":\"Regalos y estimulaci\u00f3n o\u00eddo del beb\u00e9\"}]},{\"@type\":\"WebSite\",\"@id\":\"https:\\\/\\\/www.lacestitadelbebe.es\\\/blog\\\/#website\",\"url\":\"https:\\\/\\\/www.lacestitadelbebe.es\\\/blog\\\/\",\"name\":\"Blog la Cestita del Beb\u00e9\",\"description\":\"Hablamos de todo lo relacionado con beb\u00e9s\",\"publisher\":{\"@id\":\"https:\\\/\\\/www.lacestitadelbebe.es\\\/blog\\\/#organization\"},\"potentialAction\":[{\"@type\":\"SearchAction\",\"target\":{\"@type\":\"EntryPoint\",\"urlTemplate\":\"https:\\\/\\\/www.lacestitadelbebe.es\\\/blog\\\/?s={search_term_string}\"},\"query-input\":{\"@type\":\"PropertyValueSpecification\",\"valueRequired\":true,\"valueName\":\"search_term_string\"}}],\"inLanguage\":\"es\"},{\"@type\":\"Organization\",\"@id\":\"https:\\\/\\\/www.lacestitadelbebe.es\\\/blog\\\/#organization\",\"name\":\"La Cestita del Beb\u00e9\",\"url\":\"https:\\\/\\\/www.lacestitadelbebe.es\\\/blog\\\/\",\"logo\":{\"@type\":\"ImageObject\",\"inLanguage\":\"es\",\"@id\":\"https:\\\/\\\/www.lacestitadelbebe.es\\\/blog\\\/#\\\/schema\\\/logo\\\/image\\\/\",\"url\":\"https:\\\/\\\/www.lacestitadelbebe.es\\\/blog\\\/wp-content\\\/uploads\\\/2017\\\/10\\\/la_cestita_del_bebe_blog.png\",\"contentUrl\":\"https:\\\/\\\/www.lacestitadelbebe.es\\\/blog\\\/wp-content\\\/uploads\\\/2017\\\/10\\\/la_cestita_del_bebe_blog.png\",\"width\":375,\"height\":70,\"caption\":\"La Cestita del Beb\u00e9\"},\"image\":{\"@id\":\"https:\\\/\\\/www.lacestitadelbebe.es\\\/blog\\\/#\\\/schema\\\/logo\\\/image\\\/\"},\"sameAs\":[\"https:\\\/\\\/www.facebook.com\\\/lacestitadelbebe.es\",\"https:\\\/\\\/x.com\\\/LaCestitaBebe\"]},{\"@type\":\"Person\",\"@id\":\"https:\\\/\\\/www.lacestitadelbebe.es\\\/blog\\\/#\\\/schema\\\/person\\\/4302d1284b0024ab11dca99558de40b4\",\"name\":\"La Cestita\",\"image\":{\"@type\":\"ImageObject\",\"inLanguage\":\"es\",\"@id\":\"https:\\\/\\\/secure.gravatar.com\\\/avatar\\\/533b503d3fc1781cdd76eacd2aa8f68348cdb3201605fe5b4616e6032a228068?s=96&d=mm&r=g\",\"url\":\"https:\\\/\\\/secure.gravatar.com\\\/avatar\\\/533b503d3fc1781cdd76eacd2aa8f68348cdb3201605fe5b4616e6032a228068?s=96&d=mm&r=g\",\"contentUrl\":\"https:\\\/\\\/secure.gravatar.com\\\/avatar\\\/533b503d3fc1781cdd76eacd2aa8f68348cdb3201605fe5b4616e6032a228068?s=96&d=mm&r=g\",\"caption\":\"La Cestita\"},\"sameAs\":[\"https:\\\/\\\/www.lacestitadelbebe.es\"]}]}<\/script>\n<!-- \/ Yoast SEO plugin. -->","yoast_head_json":{"title":"Regalos y estimulaci\u00f3n para el oido del bebe - Blog La Cestita del Beb\u00e9","description":"Desde el blog de La Cestita del Beb\u00e9 os dejamos una serie de consejos y regalos para estimular el sentido del oido del beb\u00e9 de una manera efectiva!","robots":{"index":"index","follow":"follow","max-snippet":"max-snippet:-1","max-image-preview":"max-image-preview:large","max-video-preview":"max-video-preview:-1"},"canonical":"https:\/\/www.lacestitadelbebe.es\/blog\/regalos-y-estimulacion-oido-bebe\/","og_locale":"es_ES","og_type":"article","og_title":"Regalos y estimulaci\u00f3n para el oido del bebe - Blog La Cestita del Beb\u00e9","og_description":"Desde el blog de La Cestita del Beb\u00e9 os dejamos una serie de consejos y regalos para estimular el sentido del oido del beb\u00e9 de una manera efectiva!","og_url":"https:\/\/www.lacestitadelbebe.es\/blog\/regalos-y-estimulacion-oido-bebe\/","og_site_name":"Blog la Cestita del Beb\u00e9","article_publisher":"https:\/\/www.facebook.com\/lacestitadelbebe.es","article_published_time":"2020-02-08T08:23:08+00:00","article_modified_time":"2020-05-21T07:58:46+00:00","og_image":[{"width":485,"height":322,"url":"https:\/\/www.lacestitadelbebe.es\/blog\/wp-content\/uploads\/2020\/02\/baby-428395_640-1-scaled.jpg","type":"image\/jpeg"}],"author":"La Cestita","twitter_card":"summary_large_image","twitter_creator":"@LaCestitaBebe","twitter_site":"@LaCestitaBebe","twitter_misc":{"Escrito por":"La Cestita","Tiempo de lectura":"8 minutos"},"schema":{"@context":"https:\/\/schema.org","@graph":[{"@type":"Article","@id":"https:\/\/www.lacestitadelbebe.es\/blog\/regalos-y-estimulacion-oido-bebe\/#article","isPartOf":{"@id":"https:\/\/www.lacestitadelbebe.es\/blog\/regalos-y-estimulacion-oido-bebe\/"},"author":{"name":"La Cestita","@id":"https:\/\/www.lacestitadelbebe.es\/blog\/#\/schema\/person\/4302d1284b0024ab11dca99558de40b4"},"headline":"Regalos y estimulaci\u00f3n o\u00eddo del beb\u00e9","datePublished":"2020-02-08T08:23:08+00:00","dateModified":"2020-05-21T07:58:46+00:00","mainEntityOfPage":{"@id":"https:\/\/www.lacestitadelbebe.es\/blog\/regalos-y-estimulacion-oido-bebe\/"},"wordCount":1598,"commentCount":0,"publisher":{"@id":"https:\/\/www.lacestitadelbebe.es\/blog\/#organization"},"image":{"@id":"https:\/\/www.lacestitadelbebe.es\/blog\/regalos-y-estimulacion-oido-bebe\/#primaryimage"},"thumbnailUrl":"https:\/\/www.lacestitadelbebe.es\/blog\/wp-content\/uploads\/2020\/02\/baby-428395_640-1-scaled.jpg","articleSection":["aprendizaje y estimulaci\u00f3n","Beb\u00e9s","cuidados","maternidad"],"inLanguage":"es","potentialAction":[{"@type":"CommentAction","name":"Comment","target":["https:\/\/www.lacestitadelbebe.es\/blog\/regalos-y-estimulacion-oido-bebe\/#respond"]}]},{"@type":"WebPage","@id":"https:\/\/www.lacestitadelbebe.es\/blog\/regalos-y-estimulacion-oido-bebe\/","url":"https:\/\/www.lacestitadelbebe.es\/blog\/regalos-y-estimulacion-oido-bebe\/","name":"Regalos y estimulaci\u00f3n para el oido del bebe - Blog La Cestita del Beb\u00e9","isPartOf":{"@id":"https:\/\/www.lacestitadelbebe.es\/blog\/#website"},"primaryImageOfPage":{"@id":"https:\/\/www.lacestitadelbebe.es\/blog\/regalos-y-estimulacion-oido-bebe\/#primaryimage"},"image":{"@id":"https:\/\/www.lacestitadelbebe.es\/blog\/regalos-y-estimulacion-oido-bebe\/#primaryimage"},"thumbnailUrl":"https:\/\/www.lacestitadelbebe.es\/blog\/wp-content\/uploads\/2020\/02\/baby-428395_640-1-scaled.jpg","datePublished":"2020-02-08T08:23:08+00:00","dateModified":"2020-05-21T07:58:46+00:00","description":"Desde el blog de La Cestita del Beb\u00e9 os dejamos una serie de consejos y regalos para estimular el sentido del oido del beb\u00e9 de una manera efectiva!","breadcrumb":{"@id":"https:\/\/www.lacestitadelbebe.es\/blog\/regalos-y-estimulacion-oido-bebe\/#breadcrumb"},"inLanguage":"es","potentialAction":[{"@type":"ReadAction","target":["https:\/\/www.lacestitadelbebe.es\/blog\/regalos-y-estimulacion-oido-bebe\/"]}]},{"@type":"ImageObject","inLanguage":"es","@id":"https:\/\/www.lacestitadelbebe.es\/blog\/regalos-y-estimulacion-oido-bebe\/#primaryimage","url":"https:\/\/www.lacestitadelbebe.es\/blog\/wp-content\/uploads\/2020\/02\/baby-428395_640-1-scaled.jpg","contentUrl":"https:\/\/www.lacestitadelbebe.es\/blog\/wp-content\/uploads\/2020\/02\/baby-428395_640-1-scaled.jpg","width":485,"height":322,"caption":"estimulaci\u00f3n o\u00eddo del beb\u00e9"},{"@type":"BreadcrumbList","@id":"https:\/\/www.lacestitadelbebe.es\/blog\/regalos-y-estimulacion-oido-bebe\/#breadcrumb","itemListElement":[{"@type":"ListItem","position":1,"name":"Portada","item":"https:\/\/www.lacestitadelbebe.es\/blog\/"},{"@type":"ListItem","position":2,"name":"Regalos y estimulaci\u00f3n o\u00eddo del beb\u00e9"}]},{"@type":"WebSite","@id":"https:\/\/www.lacestitadelbebe.es\/blog\/#website","url":"https:\/\/www.lacestitadelbebe.es\/blog\/","name":"Blog la Cestita del Beb\u00e9","description":"Hablamos de todo lo relacionado con beb\u00e9s","publisher":{"@id":"https:\/\/www.lacestitadelbebe.es\/blog\/#organization"},"potentialAction":[{"@type":"SearchAction","target":{"@type":"EntryPoint","urlTemplate":"https:\/\/www.lacestitadelbebe.es\/blog\/?s={search_term_string}"},"query-input":{"@type":"PropertyValueSpecification","valueRequired":true,"valueName":"search_term_string"}}],"inLanguage":"es"},{"@type":"Organization","@id":"https:\/\/www.lacestitadelbebe.es\/blog\/#organization","name":"La Cestita del Beb\u00e9","url":"https:\/\/www.lacestitadelbebe.es\/blog\/","logo":{"@type":"ImageObject","inLanguage":"es","@id":"https:\/\/www.lacestitadelbebe.es\/blog\/#\/schema\/logo\/image\/","url":"https:\/\/www.lacestitadelbebe.es\/blog\/wp-content\/uploads\/2017\/10\/la_cestita_del_bebe_blog.png","contentUrl":"https:\/\/www.lacestitadelbebe.es\/blog\/wp-content\/uploads\/2017\/10\/la_cestita_del_bebe_blog.png","width":375,"height":70,"caption":"La Cestita del Beb\u00e9"},"image":{"@id":"https:\/\/www.lacestitadelbebe.es\/blog\/#\/schema\/logo\/image\/"},"sameAs":["https:\/\/www.facebook.com\/lacestitadelbebe.es","https:\/\/x.com\/LaCestitaBebe"]},{"@type":"Person","@id":"https:\/\/www.lacestitadelbebe.es\/blog\/#\/schema\/person\/4302d1284b0024ab11dca99558de40b4","name":"La Cestita","image":{"@type":"ImageObject","inLanguage":"es","@id":"https:\/\/secure.gravatar.com\/avatar\/533b503d3fc1781cdd76eacd2aa8f68348cdb3201605fe5b4616e6032a228068?s=96&d=mm&r=g","url":"https:\/\/secure.gravatar.com\/avatar\/533b503d3fc1781cdd76eacd2aa8f68348cdb3201605fe5b4616e6032a228068?s=96&d=mm&r=g","contentUrl":"https:\/\/secure.gravatar.com\/avatar\/533b503d3fc1781cdd76eacd2aa8f68348cdb3201605fe5b4616e6032a228068?s=96&d=mm&r=g","caption":"La Cestita"},"sameAs":["https:\/\/www.lacestitadelbebe.es"]}]}},"_links":{"self":[{"href":"https:\/\/www.lacestitadelbebe.es\/blog\/wp-json\/wp\/v2\/posts\/2148","targetHints":{"allow":["GET"]}}],"collection":[{"href":"https:\/\/www.lacestitadelbebe.es\/blog\/wp-json\/wp\/v2\/posts"}],"about":[{"href":"https:\/\/www.lacestitadelbebe.es\/blog\/wp-json\/wp\/v2\/types\/post"}],"author":[{"embeddable":true,"href":"https:\/\/www.lacestitadelbebe.es\/blog\/wp-json\/wp\/v2\/users\/1"}],"replies":[{"embeddable":true,"href":"https:\/\/www.lacestitadelbebe.es\/blog\/wp-json\/wp\/v2\/comments?post=2148"}],"version-history":[{"count":3,"href":"https:\/\/www.lacestitadelbebe.es\/blog\/wp-json\/wp\/v2\/posts\/2148\/revisions"}],"predecessor-version":[{"id":2420,"href":"https:\/\/www.lacestitadelbebe.es\/blog\/wp-json\/wp\/v2\/posts\/2148\/revisions\/2420"}],"wp:featuredmedia":[{"embeddable":true,"href":"https:\/\/www.lacestitadelbebe.es\/blog\/wp-json\/wp\/v2\/media\/2150"}],"wp:attachment":[{"href":"https:\/\/www.lacestitadelbebe.es\/blog\/wp-json\/wp\/v2\/media?parent=2148"}],"wp:term":[{"taxonomy":"category","embeddable":true,"href":"https:\/\/www.lacestitadelbebe.es\/blog\/wp-json\/wp\/v2\/categories?post=2148"},{"taxonomy":"post_tag","embeddable":true,"href":"https:\/\/www.lacestitadelbebe.es\/blog\/wp-json\/wp\/v2\/tags?post=2148"}],"curies":[{"name":"wp","href":"https:\/\/api.w.org\/{rel}","templated":true}]}}