{"id":2134,"date":"2020-02-01T08:26:40","date_gmt":"2020-02-01T08:26:40","guid":{"rendered":"https:\/\/www.lacestitadelbebe.es\/blog\/?p=2134"},"modified":"2020-05-22T07:30:51","modified_gmt":"2020-05-22T07:30:51","slug":"la-vision-en-los-bebes","status":"publish","type":"post","link":"https:\/\/www.lacestitadelbebe.es\/blog\/la-vision-en-los-bebes\/","title":{"rendered":"La visi\u00f3n en los beb\u00e9s"},"content":{"rendered":"\n<p>En este art\u00edculo hemos decidido dedicarlo a uno de los sentidos m\u00e1s importantes que <strong>tenemos para ver c\u00f3mo se desarrolla la vista en nuestros beb\u00e9s<\/strong>. Desde el <a href=\"https:\/\/www.lacestitadelbebe.es\/blog\/\">blog de lacestitadelbebe.es<\/a> os ofrecemos esta informaci\u00f3n para que pod\u00e1is estimular de una forma m\u00e1s correcta el aprendizaje de vuestro beb\u00e9 y los avances sean m\u00e1s r\u00e1pidos.<\/p><div id=\"ez-toc-container\" class=\"ez-toc-v2_0_82_2 ez-toc-wrap-center counter-hierarchy ez-toc-counter ez-toc-custom ez-toc-container-direction\">\n<div class=\"ez-toc-title-container\">\n<p class=\"ez-toc-title\" style=\"cursor:inherit\">Contenidos<\/p>\n<span class=\"ez-toc-title-toggle\"><a href=\"#\" class=\"ez-toc-pull-right ez-toc-btn ez-toc-btn-xs ez-toc-btn-default ez-toc-toggle\" aria-label=\"Alternar tabla de contenidos\"><span class=\"ez-toc-js-icon-con\"><span class=\"\"><span class=\"eztoc-hide\" style=\"display:none;\">Toggle<\/span><span class=\"ez-toc-icon-toggle-span\"><svg style=\"fill: #222222;color:#222222\" xmlns=\"http:\/\/www.w3.org\/2000\/svg\" class=\"list-377408\" width=\"20px\" height=\"20px\" viewBox=\"0 0 24 24\" fill=\"none\"><path d=\"M6 6H4v2h2V6zm14 0H8v2h12V6zM4 11h2v2H4v-2zm16 0H8v2h12v-2zM4 16h2v2H4v-2zm16 0H8v2h12v-2z\" fill=\"currentColor\"><\/path><\/svg><svg style=\"fill: #222222;color:#222222\" class=\"arrow-unsorted-368013\" xmlns=\"http:\/\/www.w3.org\/2000\/svg\" width=\"10px\" height=\"10px\" viewBox=\"0 0 24 24\" version=\"1.2\" baseProfile=\"tiny\"><path d=\"M18.2 9.3l-6.2-6.3-6.2 6.3c-.2.2-.3.4-.3.7s.1.5.3.7c.2.2.4.3.7.3h11c.3 0 .5-.1.7-.3.2-.2.3-.5.3-.7s-.1-.5-.3-.7zM5.8 14.7l6.2 6.3 6.2-6.3c.2-.2.3-.5.3-.7s-.1-.5-.3-.7c-.2-.2-.4-.3-.7-.3h-11c-.3 0-.5.1-.7.3-.2.2-.3.5-.3.7s.1.5.3.7z\"\/><\/svg><\/span><\/span><\/span><\/a><\/span><\/div>\n<nav><ul class='ez-toc-list ez-toc-list-level-1 eztoc-toggle-hide-by-default' ><li class='ez-toc-page-1 ez-toc-heading-level-2'><a class=\"ez-toc-link ez-toc-heading-1\" href=\"https:\/\/www.lacestitadelbebe.es\/blog\/la-vision-en-los-bebes\/#Cruce_de_miradas\" >Cruce de miradas<\/a><\/li><li class='ez-toc-page-1 ez-toc-heading-level-2'><a class=\"ez-toc-link ez-toc-heading-2\" href=\"https:\/\/www.lacestitadelbebe.es\/blog\/la-vision-en-los-bebes\/#La_cercania_les_da_seguridad\" >La cercan\u00eda les da\nseguridad<\/a><\/li><li class='ez-toc-page-1 ez-toc-heading-level-2'><a class=\"ez-toc-link ez-toc-heading-3\" href=\"https:\/\/www.lacestitadelbebe.es\/blog\/la-vision-en-los-bebes\/#Asimilando_y_aprendiendo\" >Asimilando y\naprendiendo<\/a><\/li><li class='ez-toc-page-1 ez-toc-heading-level-2'><a class=\"ez-toc-link ez-toc-heading-4\" href=\"https:\/\/www.lacestitadelbebe.es\/blog\/la-vision-en-los-bebes\/#Estimulando_la_vision_del_bebe\" >Estimulando la visi\u00f3n del beb\u00e9<\/a><\/li><li class='ez-toc-page-1 ez-toc-heading-level-2'><a class=\"ez-toc-link ez-toc-heading-5\" href=\"https:\/\/www.lacestitadelbebe.es\/blog\/la-vision-en-los-bebes\/#Adquiriendo_agudeza_visual\" >Adquiriendo agudeza\nvisual<\/a><\/li><li class='ez-toc-page-1 ez-toc-heading-level-2'><a class=\"ez-toc-link ez-toc-heading-6\" href=\"https:\/\/www.lacestitadelbebe.es\/blog\/la-vision-en-los-bebes\/#Mejoras_en_la_coordinacion\" >Mejoras en la\ncoordinaci\u00f3n<\/a><\/li><\/ul><\/nav><\/div>\n\n\n\n\n<div class=\"wp-block-image\"><figure class=\"aligncenter size-large\"><img decoding=\"async\" width=\"485\" height=\"254\" data-src=\"https:\/\/www.lacestitadelbebe.es\/blog\/wp-content\/uploads\/2020\/02\/human-body-part-body-part-portrait-close-up-human-eye-eye-human-face-scaled.jpg\" alt=\"visi\u00f3n en los beb\u00e9s\" class=\"wp-image-2135 lazyload\" data-srcset=\"https:\/\/www.lacestitadelbebe.es\/blog\/wp-content\/uploads\/2020\/02\/human-body-part-body-part-portrait-close-up-human-eye-eye-human-face-scaled.jpg 485w, https:\/\/www.lacestitadelbebe.es\/blog\/wp-content\/uploads\/2020\/02\/human-body-part-body-part-portrait-close-up-human-eye-eye-human-face-300x157.jpg 300w, https:\/\/www.lacestitadelbebe.es\/blog\/wp-content\/uploads\/2020\/02\/human-body-part-body-part-portrait-close-up-human-eye-eye-human-face-768x402.jpg 768w\" data-sizes=\"(max-width: 485px) 100vw, 485px\" src=\"data:image\/svg+xml;base64,PHN2ZyB3aWR0aD0iMSIgaGVpZ2h0PSIxIiB4bWxucz0iaHR0cDovL3d3dy53My5vcmcvMjAwMC9zdmciPjwvc3ZnPg==\" style=\"--smush-placeholder-width: 485px; --smush-placeholder-aspect-ratio: 485\/254;\" \/><\/figure><\/div>\n\n\n\n<p><strong>Cuando llega un reci\u00e9n nacido al mundo sus principales\nprioridades son la mam\u00e1s y la leche, es el instinto de supervivencia<\/strong>. Los pap\u00e1s y las\nmam\u00e1s estar\u00e1n emocionados viendo al beb\u00e9 entre sus brazos, fij\u00e1ndoos en sus\ndetalles y su olor. <strong>Los beb\u00e9s tambi\u00e9n\nobservan pero su visi\u00f3n todav\u00eda no est\u00e1 desarrollada y es muy borrosa. S\u00f3lo ven\nformas borrosas y siluetas, acentuando su olfato y o\u00eddo<\/strong> que es lo\nprincipalmente vinculara a los pap\u00e1s y mam\u00e1s. Al estar juntos se ir\u00e1\nfortaleciendo ese gran v\u00ednculo afectivo entre beb\u00e9 y mam\u00e1, el cual viene ya\ndesarrollado desde el vientre y la gestaci\u00f3n.<\/p>\n\n\n\n<h2 class=\"wp-block-heading\"><span class=\"ez-toc-section\" id=\"Cruce_de_miradas\"><\/span><strong>Cruce de miradas<\/strong><span class=\"ez-toc-section-end\"><\/span><\/h2>\n\n\n\n<p><strong>Los reci\u00e9n nacidos y\nbeb\u00e9s siempre buscan el contacto visual con su m\u00e1s desde el momento de ver la\nluz, si bien es cierto que los primeros d\u00edas tendr\u00e1 los ojos bastante tiempo\ncerrados. Pero no te preocupes te reconocer\u00e1 m\u00e1s por el olfato y el sonido de\ntu voz<\/strong>. Al principio el contacto visual ser\u00e1 breve, ya que su nivel de alerta y\nconcentraci\u00f3n son bajos y estar\u00e1n cansados. Entra dentro de lo normal que\nbizquee ya querr\u00e1 verte la cara lo antes posible y pondr\u00e1 mucho empe\u00f1o en ello.<\/p>\n\n\n\n<p><strong>Dentro de la limitada\npercepci\u00f3n del beb\u00e9 el intuir los rostros es su mayor necesidad<\/strong>, ver\u00e1n ojos\nbrillantes, con el contraste que crear\u00e1 tu boca de color m\u00e1s oscuro y el\ncabello ser\u00e1 el marco que acabar\u00e1 de estimular su visi\u00f3n perif\u00e9rica.&nbsp;<strong>Tu\ncara tiene todos los rasgos visuales que le encantan a tu beb\u00e9<\/strong>, sino los\nmovimientos de sus diversas partes y detalles. Ellos mantendr\u00e1n los ojos fijos\nen vosotras y rec\u00edprocamente le devolv\u00e9is la llamada incrementando el v\u00ednculo\nafectivo como hemos comentado antes.<\/p>\n\n\n\n<p>Este importante sentido\nen todos nosotros, la vista,&nbsp;<strong>aunque tras el nacimiento este borroso,\nsiempre est\u00e1 en sinton\u00eda con la necesidad de tener cerca a la persona m\u00e1s\nimportante para \u00e9l, la que lo alimenta y protege<\/strong>. De esta forma puede ver\ncon algo de claridad objetos situados a no m\u00e1s de 30 cent\u00edmetros de su campo de\nvisi\u00f3n y especialmente los contrastes de blanco y negro, por este motivo cuando\nestamos embarazadas nuestras areolas se oscurecen.<\/p>\n\n\n\n<h2 class=\"wp-block-heading\"><span class=\"ez-toc-section\" id=\"La_cercania_les_da_seguridad\"><\/span><strong>La cercan\u00eda les da\nseguridad<\/strong><span class=\"ez-toc-section-end\"><\/span><\/h2>\n\n\n\n<p>Nacemos programados\npara prestar atenci\u00f3n especialmente a las personas, porque es de estas de\nquienes aprenden realmente como interactuar en su nuevo mundo.&nbsp;<strong>Esta\nvisi\u00f3n tiene un fin, y es centrarse en las personas m\u00e1s cercanas y personales y\nobviar el resto que por ahora no le aporta nada y ser\u00eda abrumador procesar tal\ncantidad de informaci\u00f3n ya desde tan peque\u00f1@s y que no alcanzan a comprender<\/strong>.\nPor ahora hay suficiente luz y sonido a su alrededor para ir conociendo sobre\ntodo a la mam\u00e1 y poco a poco al resto de la familia.<\/p>\n\n\n\n<h2 class=\"wp-block-heading\"><span class=\"ez-toc-section\" id=\"Asimilando_y_aprendiendo\"><\/span><strong>Asimilando y\naprendiendo<\/strong><span class=\"ez-toc-section-end\"><\/span><\/h2>\n\n\n\n<p>Numerosos estudios de\nprestigiosos cient\u00edficos&nbsp;<strong>son un\u00e1nimes en el hecho de que los beb\u00e9s no\ns\u00f3lo pueden llegar a distinguir los rostros y adem\u00e1s mostrar preferencias entre\nellos, sino que adem\u00e1s son capaces de reconocer y comprender el parecido que\ntienen las caras de los dem\u00e1s con la suya propia<\/strong>. Este singular hecho\nresulta bastante asombro, ya que ellos no han visto su aspecto. Adem\u00e1s el\nestudio tambi\u00e9n muestra que&nbsp;<strong>nuestros h\u00e1bitos de aprendizaje suelen\nvenir dados tras observar a los dem\u00e1s y compararlos con nosotros mismos<\/strong>.\nPor eso en los beb\u00e9s y ni\u00f1os la imitaci\u00f3n suele ser una herramienta de\naprendizaje muy importante.<\/p>\n\n\n\n<p>As\u00ed cuando tu querido\nbeb\u00e9&nbsp;<strong>te mira la cara tiende a ver la suya, es un proceso llamado\n\u201creflejo\u201d y se considera un instrumento que tiene el beb\u00e9 para elevar la\nconsciencia<\/strong>&nbsp;que tiene de s\u00ed mismo sin verse en ning\u00fan otro sitio.<\/p>\n\n\n\n<h2 class=\"wp-block-heading\"><span class=\"ez-toc-section\" id=\"Estimulando_la_vision_del_bebe\"><\/span><strong>Estimulando la visi\u00f3n<\/strong> del beb\u00e9<span class=\"ez-toc-section-end\"><\/span><\/h2>\n\n\n\n<p>Conforme el beb\u00e9\ncrezca y su visi\u00f3n mejore, podr\u00e1 ir&nbsp;<strong>utilizando un espejo de verdad\ndonde pueda ver su reflejo que tanta gracia le har\u00e1<\/strong>. Los espejos ser\u00e1n sin\ncristal los venden de juguete o para colgar en la cuna o sal\u00f3n de juegos. De\nesta forma acabar\u00e1 comprobando que es su reflejo y es su imagen, as\u00ed reconocer\u00e1\nsu propia cara.<\/p>\n\n\n\n<p>Esta suele ser una de\nlas muchas formas que tenemos para que los beb\u00e9s estimulen y mejoren su visi\u00f3n\ny conciencia de s\u00ed mismos. Es de vital importancia porque la visi\u00f3n en estas\nedades tan tempranas requiere de est\u00edmulos para enfocarse y mejorar.&nbsp;<strong>Ya\nque al estar dentro del vientre, es el \u00fanico sentido que no ha recibido\nest\u00edmulos antes y est\u00e1 poco desarrollado<\/strong>.<\/p>\n\n\n\n<p><strong>Las experiencias\nayudan a mejorar la visi\u00f3n de los beb\u00e9s, perfeccionando su sistema cognitivo en\ncapacidades como la percepci\u00f3n espacial, observaci\u00f3n y coordinaci\u00f3n del cuerpo<\/strong>. A m\u00e1s variedad y\ncantidad de est\u00edmulos mejor y m\u00e1s r\u00e1pidos ser\u00e1 su desarrollo visual, de esta\nforma los contrastes y borrones ir\u00e1n dejando paso a los colores y rostros\ndefinidos mejorando su agudeza visual.<\/p>\n\n\n\n<p>De esta forma<strong>, tras\ndos meses de vida y percepci\u00f3n de est\u00edmulos, los beb\u00e9s ya podr\u00e1n ir diferenciando\nrostros, ya que captar\u00e1n m\u00e1s rasgos que hasta ahora eran imposibles de\ndiferenciar<\/strong>. Su concentraci\u00f3n visual mejorar\u00e1 y podr\u00e1 centrarse con m\u00e1s\ndetenimiento en el interior de las cosas. Ya le llaman la atenci\u00f3n sus manos,\nlos movimientos, los labios y muchas veces se quedar\u00e1 mirando en busca de alg\u00fan\nmovimiento o gesto en la cara de los pap\u00e1s y mam\u00e1s.<\/p>\n\n\n\n<p><strong>A partir de ahora es\ncuando empieza a fijarse en los juguetes y carruseles que hay colgando sobre la\ncuna<\/strong>. Les gusta observar con detenimiento los objetos que tiene grandes\ncontrastes como el blanco, el negro, rayas, estampados. As\u00ed el beb\u00e9 ya es capaz\nde discernir los colores y las formas con su cuerpo y ya se entretiene m\u00e1s con\nestos objetos y juguetes a los que antes casi pasaban desapercibidos.<\/p>\n\n\n\n<p>El objetivo no es\nmirar por mirar, aunque lo hagan por no aburrirse, tiene el fin de estimular su\nvisi\u00f3n lo m\u00e1ximo posible en busca de los detalles hasta ahora invisibles.&nbsp;<strong>Pero\ncomo todo reto en cuanto est\u00e9 superado dejar\u00e1 de atraer su atenci\u00f3n, cuando\neste momento llegue ser\u00e1 hora de un cambio<\/strong>.<\/p>\n\n\n\n<p>As\u00ed que cuando llegue\neste momento&nbsp;<strong>deberemos ofrecerles nuevos juguetes, nuevos est\u00edmulos que\nlos mantengan entretenidos<\/strong>, tambi\u00e9n podemos hacer nosotros gestos graciosos\ncon la cara para que les hagan gracia, pero el fin es seguir mejorando<\/p>\n\n\n\n<h2 class=\"wp-block-heading\"><span class=\"ez-toc-section\" id=\"Adquiriendo_agudeza_visual\"><\/span><strong>Adquiriendo agudeza\nvisual<\/strong><span class=\"ez-toc-section-end\"><\/span><\/h2>\n\n\n\n<p><strong>Ya a los tres meses de\nedad la visi\u00f3n de nuestro querido beb\u00e9 va a sufrir otra gran mejora, y es que\nahora sus dos ojitos van a aprender a trabajar juntos para mejorar el enfoque y\nla coordinaci\u00f3n<\/strong>. Hasta ahora su visi\u00f3n era poco n\u00edtida, en este punto ya a\u00f1adimos m\u00e1s\nnitidez fusionando la imagen en una sola de aspecto tridimensional.<\/p>\n\n\n\n<p>En este punto es\ndonde&nbsp;<strong>empiezan a experimentar la percepci\u00f3n de la profundidad,\nmovimiento y distancias, aqu\u00ed ya pueden seguir objetos en movimiento, ver su\nvelocidad e intuir trayectorias para incluso intentar anticiparse<\/strong>. As\u00ed\ncuando entremos a la habitaci\u00f3n no seguir\u00e1 con la mirada en cuando estemos\ndentro de su campo visual.<\/p>\n\n\n\n<h2 class=\"wp-block-heading\"><span class=\"ez-toc-section\" id=\"Mejoras_en_la_coordinacion\"><\/span><strong>Mejoras en la\ncoordinaci\u00f3n<\/strong><span class=\"ez-toc-section-end\"><\/span><\/h2>\n\n\n\n<p><strong>La agudeza visual de\nlos beb\u00e9s va unida de la mano con su desarrollo y crecimiento<\/strong>. En la etapa que\ncubre a partir de los tres meses, los beb\u00e9s ya tienen bastante control sobre\nsus brazos y manos como para ir dando golpes y palmados a objetos y juguetes\nque est\u00e9n en su per\u00edmetro. Aqu\u00ed ya percibe con casi total correcci\u00f3n todo el\nespectro de colores y brillos con lo cual mejora su punter\u00eda y agudeza visual.<\/p>\n\n\n\n<p><strong>Es en este punto\ncuando ya su visi\u00f3n empezar\u00e1 a ser la definitiva y que nos mostrar\u00e1 los rostros\nde las personas m\u00e1s queridas su mam\u00e1 y pap\u00e1<\/strong>, que tanto le quieren cuidan, protegen\ny alimentan.<\/p>\n\n\n\n<p>Esperamos a ver\naportado luz en este tema un poco oscuro, y antes de iros os recordamos que\nempieza <strong>la temporada de bautizos,\ncomuni\u00f3n y bodas. As\u00ed que no dejes escapar tu <\/strong><a href=\"https:\/\/lacestitadelbebe.es\/es\/171-detalles-de-boda\"><strong>detalles de boda exclusivos<\/strong><\/a><strong>, de comuni\u00f3n y bautizo al mejor precio<\/strong>. Tambi\u00e9n tenemos nuevos productos para\ntu <a href=\"https:\/\/lacestitadelbebe.es\/es\/6-canastillas-regalos-bebe\"><strong>canastilla beb\u00e9 empleados<\/strong><\/a><strong> o tu <\/strong><a href=\"https:\/\/lacestitadelbebe.es\/es\/9-tartas-de-panales\"><strong>tarta de pa\u00f1ales Disney<\/strong><\/a>, tanto para <strong>entregas particulares, empresas o bien para celebrar baby showers\noriginales<\/strong>! Cuidaros, nos vemos en la pr\u00f3xima!<\/p>\n","protected":false},"excerpt":{"rendered":"<p>En este art\u00edculo hemos decidido dedicarlo a uno de los sentidos m\u00e1s importantes que tenemos para ver c\u00f3mo se desarrolla la vista en nuestros beb\u00e9s. Desde el blog de lacestitadelbebe.es os ofrecemos esta informaci\u00f3n para que pod\u00e1is estimular de una forma m\u00e1s correcta el aprendizaje de vuestro beb\u00e9 y los avances sean m\u00e1s r\u00e1pidos. Cuando &#8230; <a title=\"La visi\u00f3n en los beb\u00e9s\" class=\"read-more\" href=\"https:\/\/www.lacestitadelbebe.es\/blog\/la-vision-en-los-bebes\/\" aria-label=\"Leer m\u00e1s sobre La visi\u00f3n en los beb\u00e9s\">Leer m\u00e1s<\/a><\/p>\n","protected":false},"author":1,"featured_media":2136,"comment_status":"open","ping_status":"open","sticky":false,"template":"","format":"standard","meta":{"_exactmetrics_skip_tracking":false,"_exactmetrics_sitenote_active":false,"_exactmetrics_sitenote_note":"","_exactmetrics_sitenote_category":0,"footnotes":""},"categories":[89,78,102,311,82,147],"tags":[440],"class_list":["post-2134","post","type-post","status-publish","format-standard","has-post-thumbnail","hentry","category-aprendizaje-y-estimulacion","category-bebes","category-cuidados","category-lactancia","category-maternidad","category-nacimientos-y-estadisticas","tag-vista"],"yoast_head":"<!-- This site is optimized with the Yoast SEO plugin v27.5 - https:\/\/yoast.com\/product\/yoast-seo-wordpress\/ -->\n<title>La visi\u00f3n en los beb\u00e9s reci\u00e9n nacidos. Consejos y lo que debes saber.<\/title>\n<meta name=\"description\" content=\"Los beb\u00e9s tambi\u00e9n observan pero su visi\u00f3n todav\u00eda no est\u00e1 desarrollada y es muy borrosa. S\u00f3lo ven formas borrosas y siluetas, acentuando su olfato y o\u00eddo.\" \/>\n<meta name=\"robots\" content=\"index, follow, max-snippet:-1, max-image-preview:large, max-video-preview:-1\" \/>\n<link rel=\"canonical\" href=\"https:\/\/www.lacestitadelbebe.es\/blog\/la-vision-en-los-bebes\/\" \/>\n<meta property=\"og:locale\" content=\"es_ES\" \/>\n<meta property=\"og:type\" content=\"article\" \/>\n<meta property=\"og:title\" content=\"La visi\u00f3n en los beb\u00e9s reci\u00e9n nacidos. Consejos y lo que debes saber.\" \/>\n<meta property=\"og:description\" content=\"Los beb\u00e9s tambi\u00e9n observan pero su visi\u00f3n todav\u00eda no est\u00e1 desarrollada y es muy borrosa. S\u00f3lo ven formas borrosas y siluetas, acentuando su olfato y o\u00eddo.\" \/>\n<meta property=\"og:url\" content=\"https:\/\/www.lacestitadelbebe.es\/blog\/la-vision-en-los-bebes\/\" \/>\n<meta property=\"og:site_name\" content=\"Blog la Cestita del Beb\u00e9\" \/>\n<meta property=\"article:publisher\" content=\"https:\/\/www.facebook.com\/lacestitadelbebe.es\" \/>\n<meta property=\"article:published_time\" content=\"2020-02-01T08:26:40+00:00\" \/>\n<meta property=\"article:modified_time\" content=\"2020-05-22T07:30:51+00:00\" \/>\n<meta property=\"og:image\" content=\"https:\/\/www.lacestitadelbebe.es\/blog\/wp-content\/uploads\/2020\/02\/ojos_bebe-scaled.jpg\" \/>\n\t<meta property=\"og:image:width\" content=\"485\" \/>\n\t<meta property=\"og:image:height\" content=\"341\" \/>\n\t<meta property=\"og:image:type\" content=\"image\/jpeg\" \/>\n<meta name=\"author\" content=\"La Cestita\" \/>\n<meta name=\"twitter:card\" content=\"summary_large_image\" \/>\n<meta name=\"twitter:creator\" content=\"@LaCestitaBebe\" \/>\n<meta name=\"twitter:site\" content=\"@LaCestitaBebe\" \/>\n<meta name=\"twitter:label1\" content=\"Escrito por\" \/>\n\t<meta name=\"twitter:data1\" content=\"La Cestita\" \/>\n\t<meta name=\"twitter:label2\" content=\"Tiempo de lectura\" \/>\n\t<meta name=\"twitter:data2\" content=\"8 minutos\" \/>\n<script type=\"application\/ld+json\" class=\"yoast-schema-graph\">{\"@context\":\"https:\\\/\\\/schema.org\",\"@graph\":[{\"@type\":\"Article\",\"@id\":\"https:\\\/\\\/www.lacestitadelbebe.es\\\/blog\\\/la-vision-en-los-bebes\\\/#article\",\"isPartOf\":{\"@id\":\"https:\\\/\\\/www.lacestitadelbebe.es\\\/blog\\\/la-vision-en-los-bebes\\\/\"},\"author\":{\"name\":\"La Cestita\",\"@id\":\"https:\\\/\\\/www.lacestitadelbebe.es\\\/blog\\\/#\\\/schema\\\/person\\\/4302d1284b0024ab11dca99558de40b4\"},\"headline\":\"La visi\u00f3n en los beb\u00e9s\",\"datePublished\":\"2020-02-01T08:26:40+00:00\",\"dateModified\":\"2020-05-22T07:30:51+00:00\",\"mainEntityOfPage\":{\"@id\":\"https:\\\/\\\/www.lacestitadelbebe.es\\\/blog\\\/la-vision-en-los-bebes\\\/\"},\"wordCount\":1548,\"commentCount\":0,\"publisher\":{\"@id\":\"https:\\\/\\\/www.lacestitadelbebe.es\\\/blog\\\/#organization\"},\"image\":{\"@id\":\"https:\\\/\\\/www.lacestitadelbebe.es\\\/blog\\\/la-vision-en-los-bebes\\\/#primaryimage\"},\"thumbnailUrl\":\"https:\\\/\\\/www.lacestitadelbebe.es\\\/blog\\\/wp-content\\\/uploads\\\/2020\\\/02\\\/ojos_bebe-scaled.jpg\",\"keywords\":[\"vista\"],\"articleSection\":[\"aprendizaje y estimulaci\u00f3n\",\"Beb\u00e9s\",\"cuidados\",\"lactancia\",\"maternidad\",\"nacimientos y estadisticas\"],\"inLanguage\":\"es\",\"potentialAction\":[{\"@type\":\"CommentAction\",\"name\":\"Comment\",\"target\":[\"https:\\\/\\\/www.lacestitadelbebe.es\\\/blog\\\/la-vision-en-los-bebes\\\/#respond\"]}]},{\"@type\":\"WebPage\",\"@id\":\"https:\\\/\\\/www.lacestitadelbebe.es\\\/blog\\\/la-vision-en-los-bebes\\\/\",\"url\":\"https:\\\/\\\/www.lacestitadelbebe.es\\\/blog\\\/la-vision-en-los-bebes\\\/\",\"name\":\"La visi\u00f3n en los beb\u00e9s reci\u00e9n nacidos. Consejos y lo que debes saber.\",\"isPartOf\":{\"@id\":\"https:\\\/\\\/www.lacestitadelbebe.es\\\/blog\\\/#website\"},\"primaryImageOfPage\":{\"@id\":\"https:\\\/\\\/www.lacestitadelbebe.es\\\/blog\\\/la-vision-en-los-bebes\\\/#primaryimage\"},\"image\":{\"@id\":\"https:\\\/\\\/www.lacestitadelbebe.es\\\/blog\\\/la-vision-en-los-bebes\\\/#primaryimage\"},\"thumbnailUrl\":\"https:\\\/\\\/www.lacestitadelbebe.es\\\/blog\\\/wp-content\\\/uploads\\\/2020\\\/02\\\/ojos_bebe-scaled.jpg\",\"datePublished\":\"2020-02-01T08:26:40+00:00\",\"dateModified\":\"2020-05-22T07:30:51+00:00\",\"description\":\"Los beb\u00e9s tambi\u00e9n observan pero su visi\u00f3n todav\u00eda no est\u00e1 desarrollada y es muy borrosa. S\u00f3lo ven formas borrosas y siluetas, acentuando su olfato y o\u00eddo.\",\"breadcrumb\":{\"@id\":\"https:\\\/\\\/www.lacestitadelbebe.es\\\/blog\\\/la-vision-en-los-bebes\\\/#breadcrumb\"},\"inLanguage\":\"es\",\"potentialAction\":[{\"@type\":\"ReadAction\",\"target\":[\"https:\\\/\\\/www.lacestitadelbebe.es\\\/blog\\\/la-vision-en-los-bebes\\\/\"]}]},{\"@type\":\"ImageObject\",\"inLanguage\":\"es\",\"@id\":\"https:\\\/\\\/www.lacestitadelbebe.es\\\/blog\\\/la-vision-en-los-bebes\\\/#primaryimage\",\"url\":\"https:\\\/\\\/www.lacestitadelbebe.es\\\/blog\\\/wp-content\\\/uploads\\\/2020\\\/02\\\/ojos_bebe-scaled.jpg\",\"contentUrl\":\"https:\\\/\\\/www.lacestitadelbebe.es\\\/blog\\\/wp-content\\\/uploads\\\/2020\\\/02\\\/ojos_bebe-scaled.jpg\",\"width\":485,\"height\":341,\"caption\":\"visi\u00f3n en los beb\u00e9s\"},{\"@type\":\"BreadcrumbList\",\"@id\":\"https:\\\/\\\/www.lacestitadelbebe.es\\\/blog\\\/la-vision-en-los-bebes\\\/#breadcrumb\",\"itemListElement\":[{\"@type\":\"ListItem\",\"position\":1,\"name\":\"Portada\",\"item\":\"https:\\\/\\\/www.lacestitadelbebe.es\\\/blog\\\/\"},{\"@type\":\"ListItem\",\"position\":2,\"name\":\"La visi\u00f3n en los beb\u00e9s\"}]},{\"@type\":\"WebSite\",\"@id\":\"https:\\\/\\\/www.lacestitadelbebe.es\\\/blog\\\/#website\",\"url\":\"https:\\\/\\\/www.lacestitadelbebe.es\\\/blog\\\/\",\"name\":\"Blog la Cestita del Beb\u00e9\",\"description\":\"Hablamos de todo lo relacionado con beb\u00e9s\",\"publisher\":{\"@id\":\"https:\\\/\\\/www.lacestitadelbebe.es\\\/blog\\\/#organization\"},\"potentialAction\":[{\"@type\":\"SearchAction\",\"target\":{\"@type\":\"EntryPoint\",\"urlTemplate\":\"https:\\\/\\\/www.lacestitadelbebe.es\\\/blog\\\/?s={search_term_string}\"},\"query-input\":{\"@type\":\"PropertyValueSpecification\",\"valueRequired\":true,\"valueName\":\"search_term_string\"}}],\"inLanguage\":\"es\"},{\"@type\":\"Organization\",\"@id\":\"https:\\\/\\\/www.lacestitadelbebe.es\\\/blog\\\/#organization\",\"name\":\"La Cestita del Beb\u00e9\",\"url\":\"https:\\\/\\\/www.lacestitadelbebe.es\\\/blog\\\/\",\"logo\":{\"@type\":\"ImageObject\",\"inLanguage\":\"es\",\"@id\":\"https:\\\/\\\/www.lacestitadelbebe.es\\\/blog\\\/#\\\/schema\\\/logo\\\/image\\\/\",\"url\":\"https:\\\/\\\/www.lacestitadelbebe.es\\\/blog\\\/wp-content\\\/uploads\\\/2017\\\/10\\\/la_cestita_del_bebe_blog.png\",\"contentUrl\":\"https:\\\/\\\/www.lacestitadelbebe.es\\\/blog\\\/wp-content\\\/uploads\\\/2017\\\/10\\\/la_cestita_del_bebe_blog.png\",\"width\":375,\"height\":70,\"caption\":\"La Cestita del Beb\u00e9\"},\"image\":{\"@id\":\"https:\\\/\\\/www.lacestitadelbebe.es\\\/blog\\\/#\\\/schema\\\/logo\\\/image\\\/\"},\"sameAs\":[\"https:\\\/\\\/www.facebook.com\\\/lacestitadelbebe.es\",\"https:\\\/\\\/x.com\\\/LaCestitaBebe\"]},{\"@type\":\"Person\",\"@id\":\"https:\\\/\\\/www.lacestitadelbebe.es\\\/blog\\\/#\\\/schema\\\/person\\\/4302d1284b0024ab11dca99558de40b4\",\"name\":\"La Cestita\",\"image\":{\"@type\":\"ImageObject\",\"inLanguage\":\"es\",\"@id\":\"https:\\\/\\\/secure.gravatar.com\\\/avatar\\\/533b503d3fc1781cdd76eacd2aa8f68348cdb3201605fe5b4616e6032a228068?s=96&d=mm&r=g\",\"url\":\"https:\\\/\\\/secure.gravatar.com\\\/avatar\\\/533b503d3fc1781cdd76eacd2aa8f68348cdb3201605fe5b4616e6032a228068?s=96&d=mm&r=g\",\"contentUrl\":\"https:\\\/\\\/secure.gravatar.com\\\/avatar\\\/533b503d3fc1781cdd76eacd2aa8f68348cdb3201605fe5b4616e6032a228068?s=96&d=mm&r=g\",\"caption\":\"La Cestita\"},\"sameAs\":[\"https:\\\/\\\/www.lacestitadelbebe.es\"]}]}<\/script>\n<!-- \/ Yoast SEO plugin. -->","yoast_head_json":{"title":"La visi\u00f3n en los beb\u00e9s reci\u00e9n nacidos. Consejos y lo que debes saber.","description":"Los beb\u00e9s tambi\u00e9n observan pero su visi\u00f3n todav\u00eda no est\u00e1 desarrollada y es muy borrosa. S\u00f3lo ven formas borrosas y siluetas, acentuando su olfato y o\u00eddo.","robots":{"index":"index","follow":"follow","max-snippet":"max-snippet:-1","max-image-preview":"max-image-preview:large","max-video-preview":"max-video-preview:-1"},"canonical":"https:\/\/www.lacestitadelbebe.es\/blog\/la-vision-en-los-bebes\/","og_locale":"es_ES","og_type":"article","og_title":"La visi\u00f3n en los beb\u00e9s reci\u00e9n nacidos. Consejos y lo que debes saber.","og_description":"Los beb\u00e9s tambi\u00e9n observan pero su visi\u00f3n todav\u00eda no est\u00e1 desarrollada y es muy borrosa. S\u00f3lo ven formas borrosas y siluetas, acentuando su olfato y o\u00eddo.","og_url":"https:\/\/www.lacestitadelbebe.es\/blog\/la-vision-en-los-bebes\/","og_site_name":"Blog la Cestita del Beb\u00e9","article_publisher":"https:\/\/www.facebook.com\/lacestitadelbebe.es","article_published_time":"2020-02-01T08:26:40+00:00","article_modified_time":"2020-05-22T07:30:51+00:00","og_image":[{"width":485,"height":341,"url":"https:\/\/www.lacestitadelbebe.es\/blog\/wp-content\/uploads\/2020\/02\/ojos_bebe-scaled.jpg","type":"image\/jpeg"}],"author":"La Cestita","twitter_card":"summary_large_image","twitter_creator":"@LaCestitaBebe","twitter_site":"@LaCestitaBebe","twitter_misc":{"Escrito por":"La Cestita","Tiempo de lectura":"8 minutos"},"schema":{"@context":"https:\/\/schema.org","@graph":[{"@type":"Article","@id":"https:\/\/www.lacestitadelbebe.es\/blog\/la-vision-en-los-bebes\/#article","isPartOf":{"@id":"https:\/\/www.lacestitadelbebe.es\/blog\/la-vision-en-los-bebes\/"},"author":{"name":"La Cestita","@id":"https:\/\/www.lacestitadelbebe.es\/blog\/#\/schema\/person\/4302d1284b0024ab11dca99558de40b4"},"headline":"La visi\u00f3n en los beb\u00e9s","datePublished":"2020-02-01T08:26:40+00:00","dateModified":"2020-05-22T07:30:51+00:00","mainEntityOfPage":{"@id":"https:\/\/www.lacestitadelbebe.es\/blog\/la-vision-en-los-bebes\/"},"wordCount":1548,"commentCount":0,"publisher":{"@id":"https:\/\/www.lacestitadelbebe.es\/blog\/#organization"},"image":{"@id":"https:\/\/www.lacestitadelbebe.es\/blog\/la-vision-en-los-bebes\/#primaryimage"},"thumbnailUrl":"https:\/\/www.lacestitadelbebe.es\/blog\/wp-content\/uploads\/2020\/02\/ojos_bebe-scaled.jpg","keywords":["vista"],"articleSection":["aprendizaje y estimulaci\u00f3n","Beb\u00e9s","cuidados","lactancia","maternidad","nacimientos y estadisticas"],"inLanguage":"es","potentialAction":[{"@type":"CommentAction","name":"Comment","target":["https:\/\/www.lacestitadelbebe.es\/blog\/la-vision-en-los-bebes\/#respond"]}]},{"@type":"WebPage","@id":"https:\/\/www.lacestitadelbebe.es\/blog\/la-vision-en-los-bebes\/","url":"https:\/\/www.lacestitadelbebe.es\/blog\/la-vision-en-los-bebes\/","name":"La visi\u00f3n en los beb\u00e9s reci\u00e9n nacidos. Consejos y lo que debes saber.","isPartOf":{"@id":"https:\/\/www.lacestitadelbebe.es\/blog\/#website"},"primaryImageOfPage":{"@id":"https:\/\/www.lacestitadelbebe.es\/blog\/la-vision-en-los-bebes\/#primaryimage"},"image":{"@id":"https:\/\/www.lacestitadelbebe.es\/blog\/la-vision-en-los-bebes\/#primaryimage"},"thumbnailUrl":"https:\/\/www.lacestitadelbebe.es\/blog\/wp-content\/uploads\/2020\/02\/ojos_bebe-scaled.jpg","datePublished":"2020-02-01T08:26:40+00:00","dateModified":"2020-05-22T07:30:51+00:00","description":"Los beb\u00e9s tambi\u00e9n observan pero su visi\u00f3n todav\u00eda no est\u00e1 desarrollada y es muy borrosa. S\u00f3lo ven formas borrosas y siluetas, acentuando su olfato y o\u00eddo.","breadcrumb":{"@id":"https:\/\/www.lacestitadelbebe.es\/blog\/la-vision-en-los-bebes\/#breadcrumb"},"inLanguage":"es","potentialAction":[{"@type":"ReadAction","target":["https:\/\/www.lacestitadelbebe.es\/blog\/la-vision-en-los-bebes\/"]}]},{"@type":"ImageObject","inLanguage":"es","@id":"https:\/\/www.lacestitadelbebe.es\/blog\/la-vision-en-los-bebes\/#primaryimage","url":"https:\/\/www.lacestitadelbebe.es\/blog\/wp-content\/uploads\/2020\/02\/ojos_bebe-scaled.jpg","contentUrl":"https:\/\/www.lacestitadelbebe.es\/blog\/wp-content\/uploads\/2020\/02\/ojos_bebe-scaled.jpg","width":485,"height":341,"caption":"visi\u00f3n en los beb\u00e9s"},{"@type":"BreadcrumbList","@id":"https:\/\/www.lacestitadelbebe.es\/blog\/la-vision-en-los-bebes\/#breadcrumb","itemListElement":[{"@type":"ListItem","position":1,"name":"Portada","item":"https:\/\/www.lacestitadelbebe.es\/blog\/"},{"@type":"ListItem","position":2,"name":"La visi\u00f3n en los beb\u00e9s"}]},{"@type":"WebSite","@id":"https:\/\/www.lacestitadelbebe.es\/blog\/#website","url":"https:\/\/www.lacestitadelbebe.es\/blog\/","name":"Blog la Cestita del Beb\u00e9","description":"Hablamos de todo lo relacionado con beb\u00e9s","publisher":{"@id":"https:\/\/www.lacestitadelbebe.es\/blog\/#organization"},"potentialAction":[{"@type":"SearchAction","target":{"@type":"EntryPoint","urlTemplate":"https:\/\/www.lacestitadelbebe.es\/blog\/?s={search_term_string}"},"query-input":{"@type":"PropertyValueSpecification","valueRequired":true,"valueName":"search_term_string"}}],"inLanguage":"es"},{"@type":"Organization","@id":"https:\/\/www.lacestitadelbebe.es\/blog\/#organization","name":"La Cestita del Beb\u00e9","url":"https:\/\/www.lacestitadelbebe.es\/blog\/","logo":{"@type":"ImageObject","inLanguage":"es","@id":"https:\/\/www.lacestitadelbebe.es\/blog\/#\/schema\/logo\/image\/","url":"https:\/\/www.lacestitadelbebe.es\/blog\/wp-content\/uploads\/2017\/10\/la_cestita_del_bebe_blog.png","contentUrl":"https:\/\/www.lacestitadelbebe.es\/blog\/wp-content\/uploads\/2017\/10\/la_cestita_del_bebe_blog.png","width":375,"height":70,"caption":"La Cestita del Beb\u00e9"},"image":{"@id":"https:\/\/www.lacestitadelbebe.es\/blog\/#\/schema\/logo\/image\/"},"sameAs":["https:\/\/www.facebook.com\/lacestitadelbebe.es","https:\/\/x.com\/LaCestitaBebe"]},{"@type":"Person","@id":"https:\/\/www.lacestitadelbebe.es\/blog\/#\/schema\/person\/4302d1284b0024ab11dca99558de40b4","name":"La Cestita","image":{"@type":"ImageObject","inLanguage":"es","@id":"https:\/\/secure.gravatar.com\/avatar\/533b503d3fc1781cdd76eacd2aa8f68348cdb3201605fe5b4616e6032a228068?s=96&d=mm&r=g","url":"https:\/\/secure.gravatar.com\/avatar\/533b503d3fc1781cdd76eacd2aa8f68348cdb3201605fe5b4616e6032a228068?s=96&d=mm&r=g","contentUrl":"https:\/\/secure.gravatar.com\/avatar\/533b503d3fc1781cdd76eacd2aa8f68348cdb3201605fe5b4616e6032a228068?s=96&d=mm&r=g","caption":"La Cestita"},"sameAs":["https:\/\/www.lacestitadelbebe.es"]}]}},"_links":{"self":[{"href":"https:\/\/www.lacestitadelbebe.es\/blog\/wp-json\/wp\/v2\/posts\/2134","targetHints":{"allow":["GET"]}}],"collection":[{"href":"https:\/\/www.lacestitadelbebe.es\/blog\/wp-json\/wp\/v2\/posts"}],"about":[{"href":"https:\/\/www.lacestitadelbebe.es\/blog\/wp-json\/wp\/v2\/types\/post"}],"author":[{"embeddable":true,"href":"https:\/\/www.lacestitadelbebe.es\/blog\/wp-json\/wp\/v2\/users\/1"}],"replies":[{"embeddable":true,"href":"https:\/\/www.lacestitadelbebe.es\/blog\/wp-json\/wp\/v2\/comments?post=2134"}],"version-history":[{"count":2,"href":"https:\/\/www.lacestitadelbebe.es\/blog\/wp-json\/wp\/v2\/posts\/2134\/revisions"}],"predecessor-version":[{"id":2430,"href":"https:\/\/www.lacestitadelbebe.es\/blog\/wp-json\/wp\/v2\/posts\/2134\/revisions\/2430"}],"wp:featuredmedia":[{"embeddable":true,"href":"https:\/\/www.lacestitadelbebe.es\/blog\/wp-json\/wp\/v2\/media\/2136"}],"wp:attachment":[{"href":"https:\/\/www.lacestitadelbebe.es\/blog\/wp-json\/wp\/v2\/media?parent=2134"}],"wp:term":[{"taxonomy":"category","embeddable":true,"href":"https:\/\/www.lacestitadelbebe.es\/blog\/wp-json\/wp\/v2\/categories?post=2134"},{"taxonomy":"post_tag","embeddable":true,"href":"https:\/\/www.lacestitadelbebe.es\/blog\/wp-json\/wp\/v2\/tags?post=2134"}],"curies":[{"name":"wp","href":"https:\/\/api.w.org\/{rel}","templated":true}]}}