{"id":1132,"date":"2018-09-19T14:12:06","date_gmt":"2018-09-19T14:12:06","guid":{"rendered":"https:\/\/www.lacestitadelbebe.es\/blog\/?p=1132"},"modified":"2018-09-19T14:12:06","modified_gmt":"2018-09-19T14:12:06","slug":"accidente-en-la-guarderia","status":"publish","type":"post","link":"https:\/\/www.lacestitadelbebe.es\/blog\/accidente-en-la-guarderia\/","title":{"rendered":"Accidente en la guarder\u00eda"},"content":{"rendered":"<p>Ya estamos acostumbr\u00e1ndonos poco a poco a la vuelta a la rutina, la vuelta al cole y la vuelta a la guarder\u00eda. En esta ocasi\u00f3n desde el blog de <a href=\"https:\/\/www.lacestitadelbebe.es\/es\">lacestitadelbebe.es<\/a> hemos decidido tratar un importante tema, los golpes y accidentes que pueden tener nuestros peques en los jardines de infancia.<\/p>\n<p><img decoding=\"async\" class=\"aligncenter size-full wp-image-1133 lazyload\" data-src=\"https:\/\/www.lacestitadelbebe.es\/blog\/wp-content\/uploads\/2018\/09\/kids-at-swing-1185902_960_720.jpg\" alt=\"\" width=\"960\" height=\"720\" data-srcset=\"https:\/\/www.lacestitadelbebe.es\/blog\/wp-content\/uploads\/2018\/09\/kids-at-swing-1185902_960_720.jpg 465w, https:\/\/www.lacestitadelbebe.es\/blog\/wp-content\/uploads\/2018\/09\/kids-at-swing-1185902_960_720-300x225.jpg 300w, https:\/\/www.lacestitadelbebe.es\/blog\/wp-content\/uploads\/2018\/09\/kids-at-swing-1185902_960_720-768x576.jpg 768w\" data-sizes=\"(max-width: 960px) 100vw, 960px\" src=\"data:image\/svg+xml;base64,PHN2ZyB3aWR0aD0iMSIgaGVpZ2h0PSIxIiB4bWxucz0iaHR0cDovL3d3dy53My5vcmcvMjAwMC9zdmciPjwvc3ZnPg==\" style=\"--smush-placeholder-width: 960px; --smush-placeholder-aspect-ratio: 960\/720;\" \/><\/p>\n<p>Este es uno de <strong>los principales temores que surgen en nuestras mentes a dejar a nuestros beb\u00e9s en la guarder\u00eda, y si tiene un accidente<\/strong>. En la mayor\u00eda de los casos los padres tenemos que dejar al beb\u00e9 en la guarder\u00eda. Es algo que nos parece dram\u00e1tico y la verdad es que nos atemoriza, ya que los primeros d\u00edas son todo llorar en cuanto nos ven alejarnos por la puerta.<\/p>\n<p>Por norma general no suelen ocurrir accidentes de gravedad, sino nos pensar\u00edamos en dejarlos aqu\u00ed y no con alg\u00fan familiar. Pero en caso de alg\u00fan golpe, incidente o accidente \u00bfc\u00f3mo act\u00faa el centro? Vamos a verlos.<\/p>\n<p><strong>Para estos casos hay protocolos ya elaborados seg\u00fan la gravedad del golpe y tambi\u00e9n depende de la comunidad aut\u00f3noma<\/strong>. Cada comunidad aut\u00f3noma ofrece en su p\u00e1gina web una gu\u00eda de prevenci\u00f3n de accidentes en Centros Escolares. Ayudan a tomar decisiones para que no se produzcan accidentes y c\u00f3mo reaccionar si suceden.<\/p>\n<p><strong>En accidentes leves o menor, como pueden ara\u00f1azos profundos, rozaduras o mordiscos entre los menores, son las educadoras o auxiliares quienes van a curar a los peque\u00f1os siguiendo normas b\u00e1sicas de higiene y por norma general se llaman a los padres<\/strong>. Ya que a lo mejor creen oportuno venir a buscar a los peque\u00f1os para quedarse m\u00e1s tranquilos. En caso de que el peque\u00f1o siga en el centro deber\u00e1 recibir una atenci\u00f3n constante y vigilancia si el accidente ha sido por golpe.<\/p>\n<p><strong>En caso de que el accidente haya producido una lesi\u00f3n m\u00e1s grave, se atiende r\u00e1pidamente al peque\u00f1o. Llamando a urgencias explicando lo ocurrido y se siguen las instrucciones hasta que llega el persona del equipo m\u00e9dico<\/strong>. Por norma general la persona que est\u00e1 a cargo del ni\u00f1o y la que ha visto como ha sucedido todo, ir\u00e1 dando informaci\u00f3n a los sanitarios. La directora del centro ser\u00e1 qui\u00e9n se ponga en contacto con los padres para contar lo ocurrido.<\/p>\n<p><strong>S\u00ed es necesario llevar al peque\u00f1o a un centro hospitalario y los padres todav\u00eda no han llegado, el peque\u00f1o ser\u00e1 acompa\u00f1ado por su profesora o auxiliar que haya visto lo ocurrido junto a otra persona del equipo directivo<\/strong>.<\/p>\n<p>Cuando ocurre un accidente sea de la gravedad que sea, <strong>los peque\u00f1os a la vuelta estar\u00e1n temerosos y con falta de confianza para volver a realizar acciones parecidas a las que estaba realizando cuando sufri\u00f3 el accidente<\/strong>. Tenemos que seguir insistiendo, esto <strong>es completamente normal y con el tiempo ir\u00e1 recuperando la confianza<\/strong>.<\/p>\n<p>Esperamos que con este art\u00edculo alg\u00fan padre se relaje un poco m\u00e1s, pero es normal tener miedo los primeros d\u00edas que se dejan los peques en el cole y guarder\u00eda. Conforme pasen los d\u00edas se ir\u00e1 haciendo normal y los temores se disipar\u00e1n.<\/p>\n<p>Antes de despedirnos <strong>nosotros tambi\u00e9n insistimos con nuestras nuevos detalles para nacimiento, nueva temporada para <a href=\"https:\/\/lacestitadelbebe.es\/es\/6-canastillas-regalos-bebe\">cestas para bebes<\/a>, <a href=\"https:\/\/lacestitadelbebe.es\/es\/9-tartas-de-panales\">tartas de pa\u00f1ales<\/a> y nuevos productos para que puedas crear tu <a href=\"https:\/\/lacestitadelbebe.es\/es\/6-canastillas-regalos-bebe\">canastilla bebe<\/a> a tu gustos y presupuestos<\/strong>! Feliz vuelta al cole!<\/p>\n","protected":false},"excerpt":{"rendered":"<p>Ya estamos acostumbr\u00e1ndonos poco a poco a la vuelta a la rutina, la vuelta al cole y la vuelta a la guarder\u00eda. En esta ocasi\u00f3n desde el blog de lacestitadelbebe.es hemos decidido tratar un importante tema, los golpes y accidentes que pueden tener nuestros peques en los jardines de infancia. Este es uno de los &#8230; <a title=\"Accidente en la guarder\u00eda\" class=\"read-more\" href=\"https:\/\/www.lacestitadelbebe.es\/blog\/accidente-en-la-guarderia\/\" aria-label=\"Leer m\u00e1s sobre Accidente en la guarder\u00eda\">Leer m\u00e1s<\/a><\/p>\n","protected":false},"author":1,"featured_media":1134,"comment_status":"open","ping_status":"open","sticky":false,"template":"","format":"standard","meta":{"_exactmetrics_skip_tracking":false,"_exactmetrics_sitenote_active":false,"_exactmetrics_sitenote_note":"","_exactmetrics_sitenote_category":0,"footnotes":""},"categories":[89,102],"tags":[347,348,349],"class_list":["post-1132","post","type-post","status-publish","format-standard","has-post-thumbnail","hentry","category-aprendizaje-y-estimulacion","category-cuidados","tag-accidentes-guarderia","tag-caidas-cole","tag-golpes-en-la-guarderia"],"yoast_head":"<!-- This site is optimized with the Yoast SEO plugin v27.5 - https:\/\/yoast.com\/product\/yoast-seo-wordpress\/ -->\n<title>Accidente en la guarder\u00eda - Blog la Cestita del Beb\u00e9<\/title>\n<meta name=\"description\" content=\"En esta ocasi\u00f3n vamos a hablar sobre los golpes y accidentes que nuestros peques pueden sufrir en la guarder\u00eda y como son los protocolos de asistencia.\" \/>\n<meta name=\"robots\" content=\"index, follow, max-snippet:-1, max-image-preview:large, max-video-preview:-1\" \/>\n<link rel=\"canonical\" href=\"https:\/\/www.lacestitadelbebe.es\/blog\/accidente-en-la-guarderia\/\" \/>\n<meta property=\"og:locale\" content=\"es_ES\" \/>\n<meta property=\"og:type\" content=\"article\" \/>\n<meta property=\"og:title\" content=\"Accidente en la guarder\u00eda - Blog la Cestita del Beb\u00e9\" \/>\n<meta property=\"og:description\" content=\"En esta ocasi\u00f3n vamos a hablar sobre los golpes y accidentes que nuestros peques pueden sufrir en la guarder\u00eda y como son los protocolos de asistencia.\" \/>\n<meta property=\"og:url\" content=\"https:\/\/www.lacestitadelbebe.es\/blog\/accidente-en-la-guarderia\/\" \/>\n<meta property=\"og:site_name\" content=\"Blog la Cestita del Beb\u00e9\" \/>\n<meta property=\"article:publisher\" content=\"https:\/\/www.facebook.com\/lacestitadelbebe.es\" \/>\n<meta property=\"article:published_time\" content=\"2018-09-19T14:12:06+00:00\" \/>\n<meta property=\"og:image\" content=\"https:\/\/www.lacestitadelbebe.es\/blog\/wp-content\/uploads\/2018\/09\/kindergarten_children_nursery_bag_bicycle_helmets_happy_door-943494.jpg\" \/>\n\t<meta property=\"og:image:width\" content=\"465\" \/>\n\t<meta property=\"og:image:height\" content=\"350\" \/>\n\t<meta property=\"og:image:type\" content=\"image\/jpeg\" \/>\n<meta name=\"author\" content=\"La Cestita\" \/>\n<meta name=\"twitter:card\" content=\"summary_large_image\" \/>\n<meta name=\"twitter:creator\" content=\"@LaCestitaBebe\" \/>\n<meta name=\"twitter:site\" content=\"@LaCestitaBebe\" \/>\n<meta name=\"twitter:label1\" content=\"Escrito por\" \/>\n\t<meta name=\"twitter:data1\" content=\"La Cestita\" \/>\n\t<meta name=\"twitter:label2\" content=\"Tiempo de lectura\" \/>\n\t<meta name=\"twitter:data2\" content=\"3 minutos\" \/>\n<script type=\"application\/ld+json\" class=\"yoast-schema-graph\">{\"@context\":\"https:\\\/\\\/schema.org\",\"@graph\":[{\"@type\":\"Article\",\"@id\":\"https:\\\/\\\/www.lacestitadelbebe.es\\\/blog\\\/accidente-en-la-guarderia\\\/#article\",\"isPartOf\":{\"@id\":\"https:\\\/\\\/www.lacestitadelbebe.es\\\/blog\\\/accidente-en-la-guarderia\\\/\"},\"author\":{\"name\":\"La Cestita\",\"@id\":\"https:\\\/\\\/www.lacestitadelbebe.es\\\/blog\\\/#\\\/schema\\\/person\\\/4302d1284b0024ab11dca99558de40b4\"},\"headline\":\"Accidente en la guarder\u00eda\",\"datePublished\":\"2018-09-19T14:12:06+00:00\",\"mainEntityOfPage\":{\"@id\":\"https:\\\/\\\/www.lacestitadelbebe.es\\\/blog\\\/accidente-en-la-guarderia\\\/\"},\"wordCount\":600,\"commentCount\":0,\"publisher\":{\"@id\":\"https:\\\/\\\/www.lacestitadelbebe.es\\\/blog\\\/#organization\"},\"image\":{\"@id\":\"https:\\\/\\\/www.lacestitadelbebe.es\\\/blog\\\/accidente-en-la-guarderia\\\/#primaryimage\"},\"thumbnailUrl\":\"https:\\\/\\\/www.lacestitadelbebe.es\\\/blog\\\/wp-content\\\/uploads\\\/2018\\\/09\\\/kindergarten_children_nursery_bag_bicycle_helmets_happy_door-943494.jpg\",\"keywords\":[\"accidentes guarder\u00eda\",\"ca\u00eddas cole\",\"golpes en la guarder\u00eda\"],\"articleSection\":[\"aprendizaje y estimulaci\u00f3n\",\"cuidados\"],\"inLanguage\":\"es\",\"potentialAction\":[{\"@type\":\"CommentAction\",\"name\":\"Comment\",\"target\":[\"https:\\\/\\\/www.lacestitadelbebe.es\\\/blog\\\/accidente-en-la-guarderia\\\/#respond\"]}]},{\"@type\":\"WebPage\",\"@id\":\"https:\\\/\\\/www.lacestitadelbebe.es\\\/blog\\\/accidente-en-la-guarderia\\\/\",\"url\":\"https:\\\/\\\/www.lacestitadelbebe.es\\\/blog\\\/accidente-en-la-guarderia\\\/\",\"name\":\"Accidente en la guarder\u00eda - Blog la Cestita del Beb\u00e9\",\"isPartOf\":{\"@id\":\"https:\\\/\\\/www.lacestitadelbebe.es\\\/blog\\\/#website\"},\"primaryImageOfPage\":{\"@id\":\"https:\\\/\\\/www.lacestitadelbebe.es\\\/blog\\\/accidente-en-la-guarderia\\\/#primaryimage\"},\"image\":{\"@id\":\"https:\\\/\\\/www.lacestitadelbebe.es\\\/blog\\\/accidente-en-la-guarderia\\\/#primaryimage\"},\"thumbnailUrl\":\"https:\\\/\\\/www.lacestitadelbebe.es\\\/blog\\\/wp-content\\\/uploads\\\/2018\\\/09\\\/kindergarten_children_nursery_bag_bicycle_helmets_happy_door-943494.jpg\",\"datePublished\":\"2018-09-19T14:12:06+00:00\",\"description\":\"En esta ocasi\u00f3n vamos a hablar sobre los golpes y accidentes que nuestros peques pueden sufrir en la guarder\u00eda y como son los protocolos de asistencia.\",\"breadcrumb\":{\"@id\":\"https:\\\/\\\/www.lacestitadelbebe.es\\\/blog\\\/accidente-en-la-guarderia\\\/#breadcrumb\"},\"inLanguage\":\"es\",\"potentialAction\":[{\"@type\":\"ReadAction\",\"target\":[\"https:\\\/\\\/www.lacestitadelbebe.es\\\/blog\\\/accidente-en-la-guarderia\\\/\"]}]},{\"@type\":\"ImageObject\",\"inLanguage\":\"es\",\"@id\":\"https:\\\/\\\/www.lacestitadelbebe.es\\\/blog\\\/accidente-en-la-guarderia\\\/#primaryimage\",\"url\":\"https:\\\/\\\/www.lacestitadelbebe.es\\\/blog\\\/wp-content\\\/uploads\\\/2018\\\/09\\\/kindergarten_children_nursery_bag_bicycle_helmets_happy_door-943494.jpg\",\"contentUrl\":\"https:\\\/\\\/www.lacestitadelbebe.es\\\/blog\\\/wp-content\\\/uploads\\\/2018\\\/09\\\/kindergarten_children_nursery_bag_bicycle_helmets_happy_door-943494.jpg\",\"width\":465,\"height\":350},{\"@type\":\"BreadcrumbList\",\"@id\":\"https:\\\/\\\/www.lacestitadelbebe.es\\\/blog\\\/accidente-en-la-guarderia\\\/#breadcrumb\",\"itemListElement\":[{\"@type\":\"ListItem\",\"position\":1,\"name\":\"Portada\",\"item\":\"https:\\\/\\\/www.lacestitadelbebe.es\\\/blog\\\/\"},{\"@type\":\"ListItem\",\"position\":2,\"name\":\"Accidente en la guarder\u00eda\"}]},{\"@type\":\"WebSite\",\"@id\":\"https:\\\/\\\/www.lacestitadelbebe.es\\\/blog\\\/#website\",\"url\":\"https:\\\/\\\/www.lacestitadelbebe.es\\\/blog\\\/\",\"name\":\"Blog la Cestita del Beb\u00e9\",\"description\":\"Hablamos de todo lo relacionado con beb\u00e9s\",\"publisher\":{\"@id\":\"https:\\\/\\\/www.lacestitadelbebe.es\\\/blog\\\/#organization\"},\"potentialAction\":[{\"@type\":\"SearchAction\",\"target\":{\"@type\":\"EntryPoint\",\"urlTemplate\":\"https:\\\/\\\/www.lacestitadelbebe.es\\\/blog\\\/?s={search_term_string}\"},\"query-input\":{\"@type\":\"PropertyValueSpecification\",\"valueRequired\":true,\"valueName\":\"search_term_string\"}}],\"inLanguage\":\"es\"},{\"@type\":\"Organization\",\"@id\":\"https:\\\/\\\/www.lacestitadelbebe.es\\\/blog\\\/#organization\",\"name\":\"La Cestita del Beb\u00e9\",\"url\":\"https:\\\/\\\/www.lacestitadelbebe.es\\\/blog\\\/\",\"logo\":{\"@type\":\"ImageObject\",\"inLanguage\":\"es\",\"@id\":\"https:\\\/\\\/www.lacestitadelbebe.es\\\/blog\\\/#\\\/schema\\\/logo\\\/image\\\/\",\"url\":\"https:\\\/\\\/www.lacestitadelbebe.es\\\/blog\\\/wp-content\\\/uploads\\\/2017\\\/10\\\/la_cestita_del_bebe_blog.png\",\"contentUrl\":\"https:\\\/\\\/www.lacestitadelbebe.es\\\/blog\\\/wp-content\\\/uploads\\\/2017\\\/10\\\/la_cestita_del_bebe_blog.png\",\"width\":375,\"height\":70,\"caption\":\"La Cestita del Beb\u00e9\"},\"image\":{\"@id\":\"https:\\\/\\\/www.lacestitadelbebe.es\\\/blog\\\/#\\\/schema\\\/logo\\\/image\\\/\"},\"sameAs\":[\"https:\\\/\\\/www.facebook.com\\\/lacestitadelbebe.es\",\"https:\\\/\\\/x.com\\\/LaCestitaBebe\"]},{\"@type\":\"Person\",\"@id\":\"https:\\\/\\\/www.lacestitadelbebe.es\\\/blog\\\/#\\\/schema\\\/person\\\/4302d1284b0024ab11dca99558de40b4\",\"name\":\"La Cestita\",\"image\":{\"@type\":\"ImageObject\",\"inLanguage\":\"es\",\"@id\":\"https:\\\/\\\/secure.gravatar.com\\\/avatar\\\/533b503d3fc1781cdd76eacd2aa8f68348cdb3201605fe5b4616e6032a228068?s=96&d=mm&r=g\",\"url\":\"https:\\\/\\\/secure.gravatar.com\\\/avatar\\\/533b503d3fc1781cdd76eacd2aa8f68348cdb3201605fe5b4616e6032a228068?s=96&d=mm&r=g\",\"contentUrl\":\"https:\\\/\\\/secure.gravatar.com\\\/avatar\\\/533b503d3fc1781cdd76eacd2aa8f68348cdb3201605fe5b4616e6032a228068?s=96&d=mm&r=g\",\"caption\":\"La Cestita\"},\"sameAs\":[\"https:\\\/\\\/www.lacestitadelbebe.es\"]}]}<\/script>\n<!-- \/ Yoast SEO plugin. -->","yoast_head_json":{"title":"Accidente en la guarder\u00eda - Blog la Cestita del Beb\u00e9","description":"En esta ocasi\u00f3n vamos a hablar sobre los golpes y accidentes que nuestros peques pueden sufrir en la guarder\u00eda y como son los protocolos de asistencia.","robots":{"index":"index","follow":"follow","max-snippet":"max-snippet:-1","max-image-preview":"max-image-preview:large","max-video-preview":"max-video-preview:-1"},"canonical":"https:\/\/www.lacestitadelbebe.es\/blog\/accidente-en-la-guarderia\/","og_locale":"es_ES","og_type":"article","og_title":"Accidente en la guarder\u00eda - Blog la Cestita del Beb\u00e9","og_description":"En esta ocasi\u00f3n vamos a hablar sobre los golpes y accidentes que nuestros peques pueden sufrir en la guarder\u00eda y como son los protocolos de asistencia.","og_url":"https:\/\/www.lacestitadelbebe.es\/blog\/accidente-en-la-guarderia\/","og_site_name":"Blog la Cestita del Beb\u00e9","article_publisher":"https:\/\/www.facebook.com\/lacestitadelbebe.es","article_published_time":"2018-09-19T14:12:06+00:00","og_image":[{"width":465,"height":350,"url":"https:\/\/www.lacestitadelbebe.es\/blog\/wp-content\/uploads\/2018\/09\/kindergarten_children_nursery_bag_bicycle_helmets_happy_door-943494.jpg","type":"image\/jpeg"}],"author":"La Cestita","twitter_card":"summary_large_image","twitter_creator":"@LaCestitaBebe","twitter_site":"@LaCestitaBebe","twitter_misc":{"Escrito por":"La Cestita","Tiempo de lectura":"3 minutos"},"schema":{"@context":"https:\/\/schema.org","@graph":[{"@type":"Article","@id":"https:\/\/www.lacestitadelbebe.es\/blog\/accidente-en-la-guarderia\/#article","isPartOf":{"@id":"https:\/\/www.lacestitadelbebe.es\/blog\/accidente-en-la-guarderia\/"},"author":{"name":"La Cestita","@id":"https:\/\/www.lacestitadelbebe.es\/blog\/#\/schema\/person\/4302d1284b0024ab11dca99558de40b4"},"headline":"Accidente en la guarder\u00eda","datePublished":"2018-09-19T14:12:06+00:00","mainEntityOfPage":{"@id":"https:\/\/www.lacestitadelbebe.es\/blog\/accidente-en-la-guarderia\/"},"wordCount":600,"commentCount":0,"publisher":{"@id":"https:\/\/www.lacestitadelbebe.es\/blog\/#organization"},"image":{"@id":"https:\/\/www.lacestitadelbebe.es\/blog\/accidente-en-la-guarderia\/#primaryimage"},"thumbnailUrl":"https:\/\/www.lacestitadelbebe.es\/blog\/wp-content\/uploads\/2018\/09\/kindergarten_children_nursery_bag_bicycle_helmets_happy_door-943494.jpg","keywords":["accidentes guarder\u00eda","ca\u00eddas cole","golpes en la guarder\u00eda"],"articleSection":["aprendizaje y estimulaci\u00f3n","cuidados"],"inLanguage":"es","potentialAction":[{"@type":"CommentAction","name":"Comment","target":["https:\/\/www.lacestitadelbebe.es\/blog\/accidente-en-la-guarderia\/#respond"]}]},{"@type":"WebPage","@id":"https:\/\/www.lacestitadelbebe.es\/blog\/accidente-en-la-guarderia\/","url":"https:\/\/www.lacestitadelbebe.es\/blog\/accidente-en-la-guarderia\/","name":"Accidente en la guarder\u00eda - Blog la Cestita del Beb\u00e9","isPartOf":{"@id":"https:\/\/www.lacestitadelbebe.es\/blog\/#website"},"primaryImageOfPage":{"@id":"https:\/\/www.lacestitadelbebe.es\/blog\/accidente-en-la-guarderia\/#primaryimage"},"image":{"@id":"https:\/\/www.lacestitadelbebe.es\/blog\/accidente-en-la-guarderia\/#primaryimage"},"thumbnailUrl":"https:\/\/www.lacestitadelbebe.es\/blog\/wp-content\/uploads\/2018\/09\/kindergarten_children_nursery_bag_bicycle_helmets_happy_door-943494.jpg","datePublished":"2018-09-19T14:12:06+00:00","description":"En esta ocasi\u00f3n vamos a hablar sobre los golpes y accidentes que nuestros peques pueden sufrir en la guarder\u00eda y como son los protocolos de asistencia.","breadcrumb":{"@id":"https:\/\/www.lacestitadelbebe.es\/blog\/accidente-en-la-guarderia\/#breadcrumb"},"inLanguage":"es","potentialAction":[{"@type":"ReadAction","target":["https:\/\/www.lacestitadelbebe.es\/blog\/accidente-en-la-guarderia\/"]}]},{"@type":"ImageObject","inLanguage":"es","@id":"https:\/\/www.lacestitadelbebe.es\/blog\/accidente-en-la-guarderia\/#primaryimage","url":"https:\/\/www.lacestitadelbebe.es\/blog\/wp-content\/uploads\/2018\/09\/kindergarten_children_nursery_bag_bicycle_helmets_happy_door-943494.jpg","contentUrl":"https:\/\/www.lacestitadelbebe.es\/blog\/wp-content\/uploads\/2018\/09\/kindergarten_children_nursery_bag_bicycle_helmets_happy_door-943494.jpg","width":465,"height":350},{"@type":"BreadcrumbList","@id":"https:\/\/www.lacestitadelbebe.es\/blog\/accidente-en-la-guarderia\/#breadcrumb","itemListElement":[{"@type":"ListItem","position":1,"name":"Portada","item":"https:\/\/www.lacestitadelbebe.es\/blog\/"},{"@type":"ListItem","position":2,"name":"Accidente en la guarder\u00eda"}]},{"@type":"WebSite","@id":"https:\/\/www.lacestitadelbebe.es\/blog\/#website","url":"https:\/\/www.lacestitadelbebe.es\/blog\/","name":"Blog la Cestita del Beb\u00e9","description":"Hablamos de todo lo relacionado con beb\u00e9s","publisher":{"@id":"https:\/\/www.lacestitadelbebe.es\/blog\/#organization"},"potentialAction":[{"@type":"SearchAction","target":{"@type":"EntryPoint","urlTemplate":"https:\/\/www.lacestitadelbebe.es\/blog\/?s={search_term_string}"},"query-input":{"@type":"PropertyValueSpecification","valueRequired":true,"valueName":"search_term_string"}}],"inLanguage":"es"},{"@type":"Organization","@id":"https:\/\/www.lacestitadelbebe.es\/blog\/#organization","name":"La Cestita del Beb\u00e9","url":"https:\/\/www.lacestitadelbebe.es\/blog\/","logo":{"@type":"ImageObject","inLanguage":"es","@id":"https:\/\/www.lacestitadelbebe.es\/blog\/#\/schema\/logo\/image\/","url":"https:\/\/www.lacestitadelbebe.es\/blog\/wp-content\/uploads\/2017\/10\/la_cestita_del_bebe_blog.png","contentUrl":"https:\/\/www.lacestitadelbebe.es\/blog\/wp-content\/uploads\/2017\/10\/la_cestita_del_bebe_blog.png","width":375,"height":70,"caption":"La Cestita del Beb\u00e9"},"image":{"@id":"https:\/\/www.lacestitadelbebe.es\/blog\/#\/schema\/logo\/image\/"},"sameAs":["https:\/\/www.facebook.com\/lacestitadelbebe.es","https:\/\/x.com\/LaCestitaBebe"]},{"@type":"Person","@id":"https:\/\/www.lacestitadelbebe.es\/blog\/#\/schema\/person\/4302d1284b0024ab11dca99558de40b4","name":"La Cestita","image":{"@type":"ImageObject","inLanguage":"es","@id":"https:\/\/secure.gravatar.com\/avatar\/533b503d3fc1781cdd76eacd2aa8f68348cdb3201605fe5b4616e6032a228068?s=96&d=mm&r=g","url":"https:\/\/secure.gravatar.com\/avatar\/533b503d3fc1781cdd76eacd2aa8f68348cdb3201605fe5b4616e6032a228068?s=96&d=mm&r=g","contentUrl":"https:\/\/secure.gravatar.com\/avatar\/533b503d3fc1781cdd76eacd2aa8f68348cdb3201605fe5b4616e6032a228068?s=96&d=mm&r=g","caption":"La Cestita"},"sameAs":["https:\/\/www.lacestitadelbebe.es"]}]}},"_links":{"self":[{"href":"https:\/\/www.lacestitadelbebe.es\/blog\/wp-json\/wp\/v2\/posts\/1132","targetHints":{"allow":["GET"]}}],"collection":[{"href":"https:\/\/www.lacestitadelbebe.es\/blog\/wp-json\/wp\/v2\/posts"}],"about":[{"href":"https:\/\/www.lacestitadelbebe.es\/blog\/wp-json\/wp\/v2\/types\/post"}],"author":[{"embeddable":true,"href":"https:\/\/www.lacestitadelbebe.es\/blog\/wp-json\/wp\/v2\/users\/1"}],"replies":[{"embeddable":true,"href":"https:\/\/www.lacestitadelbebe.es\/blog\/wp-json\/wp\/v2\/comments?post=1132"}],"version-history":[{"count":1,"href":"https:\/\/www.lacestitadelbebe.es\/blog\/wp-json\/wp\/v2\/posts\/1132\/revisions"}],"predecessor-version":[{"id":1135,"href":"https:\/\/www.lacestitadelbebe.es\/blog\/wp-json\/wp\/v2\/posts\/1132\/revisions\/1135"}],"wp:featuredmedia":[{"embeddable":true,"href":"https:\/\/www.lacestitadelbebe.es\/blog\/wp-json\/wp\/v2\/media\/1134"}],"wp:attachment":[{"href":"https:\/\/www.lacestitadelbebe.es\/blog\/wp-json\/wp\/v2\/media?parent=1132"}],"wp:term":[{"taxonomy":"category","embeddable":true,"href":"https:\/\/www.lacestitadelbebe.es\/blog\/wp-json\/wp\/v2\/categories?post=1132"},{"taxonomy":"post_tag","embeddable":true,"href":"https:\/\/www.lacestitadelbebe.es\/blog\/wp-json\/wp\/v2\/tags?post=1132"}],"curies":[{"name":"wp","href":"https:\/\/api.w.org\/{rel}","templated":true}]}}